{"id":1016,"date":"2013-07-03T13:26:20","date_gmt":"2013-07-03T11:26:20","guid":{"rendered":"http:\/\/editorialhijosdemuleyrubio.com\/?p=1016"},"modified":"2013-07-03T14:24:09","modified_gmt":"2013-07-03T12:24:09","slug":"fernando-arrabal-houellebecq","status":"publish","type":"post","link":"https:\/\/editorialhijosdemuleyrubio.com\/?p=1016","title":{"rendered":"Fernando Arrabal: \u00ab\u00a1Houellebecq!\u00bb"},"content":{"rendered":"<p><i><a href=\"http:\/\/editorialhijosdemuleyrubio.com\/wp-content\/uploads\/2013\/07\/houellebecq.jpeg\"><img loading=\"lazy\" decoding=\"async\" class=\"alignleft size-full wp-image-1018\" alt=\"houellebecq\" src=\"http:\/\/editorialhijosdemuleyrubio.com\/wp-content\/uploads\/2013\/07\/houellebecq.jpeg\" width=\"123\" height=\"175\" \/><\/a>\u00abLos dos que se cruzan, que se cruzan siempre con una precisi\u00f3n muy matem\u00e1tica, una regularidad muy desconcertante, una exactitud muy angustiosa, una puntualidad antipo\u00e9ticamente milim\u00e9trica, uno viniendo del Norte y el otro del Sur, los dos que se cruzan, digo, se cruzan\u00bb.<br \/>\n\u00d3scar Dom\u00ednguez. Les Deux qui se croisent. Par\u00eds, Fontaine, colecci\u00f3n La Edad de Oro. 1947)<\/i><\/p>\n<p>Un d\u00eda Arrabal y Houellebecq se cruzaron en la parisina rue Jouffroy d&#8217;Abbans; uno espa\u00f1ol de Melilla, zapador nato ante los obst\u00e1culos, siempre con el optimismo por bandera, capaz de remover las aguas m\u00e1s profundas del teatro del mundo; otro franc\u00e9s de la isla de Reuni\u00f3n, inveterado esc\u00e9ptico y con propensi\u00f3n al des\u00e1nimo, descriptor g\u00e9lido y fundador de la nueva corriente literaria que algunos bautizan ya como depresionismo, un \u00faltimo ismo al que agarrarse. Se encontraron junto al piano del Hotel Pavill\u00f3n Monceau, cerca de la casa del pintor Chirico; dialogaron y descubrieron que a los dos les atra\u00eda la isla de Lanzarote (Canarias), eran europeos nacidos en Africa, admiraban a Topor (1938-1997) y les apasionaba la c\u00e1mara. De aquellos polvos vinieron estos lodos: su amistad fructific\u00f3 con el tiempo y el azar objetivo del destino sorte\u00f3 las dificultades geogr\u00e1ficas y de comunicaci\u00f3n a lo largo y ancho del globo: cuando uno iba a Almer\u00eda, el otro ven\u00eda de Nueva York, uno paseaba por Jerusalen y el otro descansaba en Irlanda&#8230; Tambi\u00e9n de sus encuentros madrile\u00f1os y otros avatares trata este libro, que nace de esa fusi\u00f3n de ideas est\u00e9ticas, literarias y filos\u00f3ficas tan dispares que arrojan sabrosa fecundidad en ambos.\u00a0<!--more--><\/p>\n<p><span style=\"font-family: Arial, Helvetica, sans-serif;\"><b>INDICE<\/b><\/span><\/p>\n<p>&#8211;\u00a0El lenguaje del genio<\/p>\n<p>1-\u00a0La clonacion humana \u00bfes un tabu?\u00a0(Las part\u00edculas elementales)<\/p>\n<p>2-\u00a0\u00abAu milieu du monde\u00bb\u00a0(Lanzarote)<\/p>\n<p>3-\u00a0\u00a1Houellebecq!\u00a0(Plataforma)<\/p>\n<p>4-\u00a0\u00a1El proceso!<\/p>\n<p>5-\u00a0Escritor secreto en la ciudad del sol<\/p>\n<p>6-\u00a0La nocion de \u00abcompromiso pol\u00edtico\u00bb<\/p>\n<p>7-\u00a0Sexo, ciencia y religi\u00f3n<\/p>\n<p>8-\u00a0Cen\u00e1culos y bordeles<\/p>\n<p>9-\u00a0Augusto Comte y la carne de Clotilde<\/p>\n<p>10-\u00a0La enfermedad del mirto<\/p>\n<p>11-\u00a0Principio de indeterminaci\u00f3n y matem\u00e1tica de motivos<\/p>\n<p>&#8211;\u00a0Versi\u00f3n francesa<\/p>\n<p>&#8211;\u00a0\u00cdndice onom\u00e1stico<\/p>\n<p>&#8211; \u00cdndice hemerogr\u00e1fico<\/p>\n<p><span style=\"font-family: Arial, Helvetica, sans-serif; font-size: small;\"><a href=\"http:\/\/books.google.es\/books?id=IQeHBeJ91kwC&amp;printsec=frontcover&amp;hl=es#v=onepage&amp;q&amp;f=false\">Puede leer\u00a0un amplia extracto del libro en Google Books pinchando aqu\u00ed.<\/a><\/span><\/p>\n<p><strong>FICHA T\u00c9CNICA:<\/strong><\/p>\n<p><strong>Caract:<\/strong>\u00a0208 p\u00e1ginas. Encuadernaci\u00f3n en carton\u00e9. Con 15 ilustraciones sobre fotograf\u00edas de Luce Moreau, Michel Houellebecq y Fernando Arrabal y una l\u00e1mina arrabaliana conmemorativa: \u00abLa talibana\u00bb. Edici\u00f3n para bibli\u00f3filos con grabado original estampado en el taller de Said Messari sobre un dibujo de Arrabal (pedidos en la editorial y puntos de venta autorizados).<br \/>\n<strong>ISBN:\u00a0<\/strong>84-933033-0-5<br \/>\n<strong>Precio<\/strong>:\u00a035 euros<\/p>\n<p>&nbsp;<\/p>\n<p><span style=\"font-family: Arial, Helvetica, sans-serif; font-size: small;\"><b>EL AUTOR<\/b><br \/>\nComo aquellos \u00abcad\u00e1veres exquisitos\u00bb surrealistas con sus escandalosos mestizajes, este \u00a1Houellebecq! de Arrabal tiene algo de los dos y no es desde\u00f1able tampoco su fragancia maternal ni marital. Generacionalmente, FA y MH no son demasiado coet\u00e1neos pero esa promiscuidad con la que los dos se han relacionado produce un fen\u00f3meno quiz\u00e1s pataf\u00edsico por su excepcionalidad: a ambos se les entiende, descifra y descodifica mejor una vez conocida la literatura del otro. As\u00ed, la obra recorre el universo houellebecquiano de Arrabal y el sustrato arrabaliano de Houellebecq. Como no pod\u00eda ser de otra manera en estos dos escritores, tambi\u00e9n los g\u00e9neros y las artes se entremezclan en el libro: narrativa, prosa po\u00e9tica, entrevista, fotograf\u00eda, pintura&#8230; La pieza que se expone parece irrepresentable al igual que le ocurr\u00eda a Cervantes o a Ram\u00f3n, que nunca fueron considerados verdaderos poetas ni excelsos dramaturgos, pero Arrabal convierte el volumen en un original poema teatral con procedimientos y caminos poco convencionales que el lector debe descubrir e imaginar por s\u00ed mismo. Ese ha sido el mayor esfuerzo editorial que ha padecido el libro: facilitar el mayor n\u00famero posible de pistas al alcance para ayudar al tr\u00e1nsito apacible y provechoso por senderos l\u00facidos, sensuales y extraviados. Si se ha conseguido o no, y aunque el empe\u00f1o fuera generoso y la esperanza escasa, otros tienen ahora la palabra.<\/span><\/p>\n<p>&nbsp;<\/p>\n<p><span style=\"font-family: Arial, Helvetica, sans-serif; font-size: small;\"><b>EL PROLOGO<\/b><br \/>\n\u00abEl lenguaje del genio es una parte de su organismo e igualmente complicado. Los especialistas tratan de explicar esta alquimia misteriosa que, como una ni\u00f1a ciega y superdotada, maneja el escritor. Y se preguntan \u00f8cual es el secreto del ingenio genial del creador? Escribir para el autor genial es, en verdad, como conferenciar: introducirse en un espacio-tiempo ingenuo, ingenioso, genial o insignificante. El escritor asiste a la redacci\u00f3n de cada una de sus propias p\u00e1ginas con la misma atenci\u00f3n que el poeta oyendo su propia charla. Como si pronunciara o escribiera la p\u00e1gina el otro que lleva en sus adentros. Escribir o conferenciar es hablar, reir, llorar, bailar o actuar. Como drogado o excitado sensualmente, independientemente de s\u00ed mismo y de la preparaci\u00f3n escrita o del prop\u00f3sito inicial. Escribir o conferenciar es una meditaci\u00f3n ef\u00ccmera que oscila entre lo genial y lo pat\u00e9tico. El propio poeta se contempla conferenciando como si hablara sola su boca emitiendo sonidos. El escritor es un terreno con abono animal o natural que no sabe si va a dar setas venenosas o trufas deliciosas. Hasta lo m\u00e1s banal o nimio puede encerrar \u00a1tanto encanto y genio! Pero todo lo prueba: \u00a1existe el genio! el genio de tocar la ocarina o de dibujar en la oficina, el genio de lavar ropa o de cardar estopa, \u00a1Existe el genio! porque lo genial es \u00fanicamente y nada menos que la disposici\u00f3n para hacer algo. Por eso existe el genio de fabricar una silla o de ir a la trilla, el genio de estornudar o de levitar. Es el genio del hacedor&#8230; del poeta seg\u00fan los griegos. (&#8230;)\u00bb<\/span><\/p>\n<p>&nbsp;<\/p>\n<p><strong>VENTA DE LA EDICI\u00d3N PR\u00cdNCIPE (EN PAPEL)<\/strong><\/p>\n<p>&nbsp;<\/p>\n<p>En las principales librer\u00edas de toda Espa\u00f1a\u00a0<a href=\"http:\/\/www.firex21.com\/detalles.aspx?id=9788493303303\">(pedidos a trav\u00e9s de la distribuidora Firex 21)<\/a><\/p>\n<p>&nbsp;<\/p>\n<p>En las principales librer\u00edas virtuales de internet (para enviar por correo postal).<\/p>\n<p>&nbsp;<\/p>\n<p><strong>RESE\u00d1AS Y CR\u00cdTICAS:<\/strong><\/p>\n<p><a href=\"http:\/\/editorialhijosdemuleyrubio.com\/wp-content\/uploads\/2013\/07\/images3.jpeg\"><img loading=\"lazy\" decoding=\"async\" class=\"alignleft size-full wp-image-1105\" alt=\"images\" src=\"http:\/\/editorialhijosdemuleyrubio.com\/wp-content\/uploads\/2013\/07\/images3.jpeg\" width=\"275\" height=\"183\" \/><\/a><a href=\"http:\/\/editorialhijosdemuleyrubio.com\/wp-content\/uploads\/2013\/07\/DownloadedFile5.jpeg\"><img loading=\"lazy\" decoding=\"async\" class=\"alignleft size-full wp-image-1106\" alt=\"DownloadedFile\" src=\"http:\/\/editorialhijosdemuleyrubio.com\/wp-content\/uploads\/2013\/07\/DownloadedFile5.jpeg\" width=\"259\" height=\"194\" \/><\/a><\/p>\n<p>&nbsp;<\/p>\n<p>&nbsp;<\/p>\n<p>&nbsp;<\/p>\n<p>&nbsp;<\/p>\n<p>&nbsp;<\/p>\n<p>&nbsp;<\/p>\n<p>&nbsp;<\/p>\n<p><strong>LO MEJOR Y LO PEOR\u2028\u2028<\/strong><\/p>\n<p><strong>\u00a0<\/strong><\/p>\n<p><a href=\"http:\/\/editorialhijosdemuleyrubio.com\/wp-content\/uploads\/2013\/07\/The-New-York-Times-Breaking-News-World-News-Multimedia_1284369511805-1.jpg\"><img loading=\"lazy\" decoding=\"async\" class=\"alignleft size-medium wp-image-1027\" alt=\"The-New-York-Times-Breaking-News-World-News-Multimedia_1284369511805-1\" src=\"http:\/\/editorialhijosdemuleyrubio.com\/wp-content\/uploads\/2013\/07\/The-New-York-Times-Breaking-News-World-News-Multimedia_1284369511805-1-300x87.jpg\" width=\"300\" height=\"87\" srcset=\"https:\/\/editorialhijosdemuleyrubio.com\/wp-content\/uploads\/2013\/07\/The-New-York-Times-Breaking-News-World-News-Multimedia_1284369511805-1-300x87.jpg 300w, https:\/\/editorialhijosdemuleyrubio.com\/wp-content\/uploads\/2013\/07\/The-New-York-Times-Breaking-News-World-News-Multimedia_1284369511805-1.jpg 327w\" sizes=\"auto, (max-width: 300px) 100vw, 300px\" \/><\/a><\/p>\n<p>&nbsp;<\/p>\n<p>&nbsp;<\/p>\n<p>&nbsp;<\/p>\n<p>Lo que \u00e9l describe como su \u00abregalo a la provocaci\u00f3n\u00bb sigue dando sin embargo frutos: cinco libros sobre \u00e9l han sido publicados en Francia este oto\u00f1o, uno de ellos una hagiograf\u00eda por su amigo, el escritor espa\u00f1ol Fernando Arrabal, pero los dem\u00e1s menos amistosos, entre ellos el de Jean-Fran\u00e7ois Patricola acertadamente titulado \u00abHouellebecq, o la Provocaci\u00f3n Permanente\u00bb y el de Eric Naulleau \u00abSocorro! Houellebecq regresa\u00bb, que son ya por s\u00ed mismos \u00abbest seller\u00bb de la no ficci\u00f3n.<\/p>\n<p><em>What he describes as his \u00abgift for provocation,\u00bb however, continues to bear fruit: five books about him have been published here this fall, one hagiography by his friend, the Spanish writer Fernando Arrabal, but the others less friendly, among them Jean-Fran\u00e7ois Patricola&#8217;s aptly titled \u00abHouellebecq, or the Permanent Provocation\u00bb and Eric Naulleau&#8217;s \u00abHelp! Houellebecq Is Back,\u00bb itself already a nonfiction best seller.\u2028<\/em><\/p>\n<p><strong>Alain Riding. 10-9-05. The New York Times (USA)\u2028\u2028<\/strong><\/p>\n<p><a href=\"http:\/\/editorialhijosdemuleyrubio.com\/wp-content\/uploads\/2013\/07\/DownloadedFile.jpeg\"><img loading=\"lazy\" decoding=\"async\" class=\"alignleft size-full wp-image-1032\" alt=\"DownloadedFile\" src=\"http:\/\/editorialhijosdemuleyrubio.com\/wp-content\/uploads\/2013\/07\/DownloadedFile.jpeg\" width=\"181\" height=\"278\" \/><\/a><\/p>\n<p>Debo hacerle una confesi\u00f3n: el antecedente y la idea de esta conversaci\u00f3n surgi\u00f3 por una sorpresa: fue el d\u00eda que supe que usted publicar\u00eda, en este rentr\u00e8e (literaria), un libro sobre Houellebecq. Sab\u00eda que usted declar\u00f3 a su favor en el momento del est\u00fapido proceso que se le hab\u00eda levantado. Pero no ve\u00eda nada m\u00e1s, en su caso que conoce las prisiones franquistas, que una voluntad de defender la libertad de un escritor atacado por extra\u00f1os despreciadores de la blasfemia. No imaginaba que sus relaciones con \u00e9l pod\u00edan desembocar en un libro, que apuntala sus v\u00ednculo con \u00e9l de obra en obra. Le ve\u00eda demasiado alejado a uno del otro. No ve\u00eda como sus universos, que son para m\u00ed ant\u00edpodas, pod\u00edan entrar en contacto. Pens\u00e9 que val\u00eda la pena buscar razones y comprender esto, y por eso estoy en su casa hoy.<\/p>\n<p><em>Je dois vous faire un aveu : c&#8217;est la surprise qui m&#8217;a donn\u00e8 l&#8217;id\u00e8e de cet entretien, le jour o\u00fa j&#8217;ai appris que vous publieriez, cette rentr\u00e8e, un livre sur Houellebecq. Je savais que vous aviez t\u00e8moign\u00e8 en sa faveur lors du proc\u00e8s stupide qu&#8217;on lui a fait. Mais je ne voyais l rien d&#8217;autre, chez quelqu&#8217;un qui a connu les prisons franquistes, qu&#8217;une volont\u00e8 de d\u00e8fendre la libert\u00e8 d&#8217;un \u00e8crivain attaqu\u00e8 par d&#8217;\u00e8tranges contempteurs du blasph\u00e8me. Je n&#8217;imaginais pas que vos relations avec lui pouvaient d\u00e8boucher sur un livre, que c&#8217;\u00e8taient des relations d&#8217;\u0153uvre \u0153uvre. Je vous voyais trop \u00e8loign\u00e8s l&#8217;un de l&#8217;autre. Je ne voyais pas comment vos univers, qui sont pour moi des antipodes, pouvaient entrer en contact. J&#8217;ai pens\u00e8 qu&#8217;il valait la peine de chercher comprendre, et c&#8217;est pourquoi je suis chez vous aujourd&#8217;hui.\u2028<\/em><\/p>\n<p><strong>Florent Georgesco. \u00abLa Revue Litt\u00e9raire\u00bb septiembre 05. (FRA)\u2028\u2028<\/strong><\/p>\n<p><a href=\"http:\/\/editorialhijosdemuleyrubio.com\/wp-content\/uploads\/2013\/07\/DownloadedFile-1.jpeg\"><img loading=\"lazy\" decoding=\"async\" class=\"alignleft size-medium wp-image-1040\" alt=\"DownloadedFile-1\" src=\"http:\/\/editorialhijosdemuleyrubio.com\/wp-content\/uploads\/2013\/07\/DownloadedFile-1-300x63.jpeg\" width=\"300\" height=\"63\" srcset=\"https:\/\/editorialhijosdemuleyrubio.com\/wp-content\/uploads\/2013\/07\/DownloadedFile-1-300x63.jpeg 300w, https:\/\/editorialhijosdemuleyrubio.com\/wp-content\/uploads\/2013\/07\/DownloadedFile-1.jpeg 487w\" sizes=\"auto, (max-width: 300px) 100vw, 300px\" \/><\/a><\/p>\n<p>El 18 de agosto engalanaba a Le Cherche Midi un ditirambo de Houellebecq firmado por Fernando Arrabal, traducci\u00f3n expresa de una obra publicada en Espa\u00f1a en marzo bajo el t\u00edtulo \u00bb \u00a1Houellebecq! \u00ab. Autores ambos de libros sobre la isla de Lanzarote, el dramaturgo espa\u00f1ol y el novelista franc\u00e9s se conocieron en 1998 y les encanta discutir juntos sobre sexo y sobre ciencia (ver p\u00e1gina 66). \u00abSomos complementarios. El es rubio y yo soy moreno. El es muy bello, yo soy muy feo. Yo tengo un encanto loco, \u00e9l lo esconde \u00ab, se inflama Arrabal, que no teme poner a su amigo Houellebecq al nivel de los genios que frecuent\u00f3 no hace tanto, Andr\u00e9 Bret\u00f3n, Ionesco o Beckett. La clave del libro es un di\u00e1logo pataf\u00edsico entre ambos c\u00f3mplices, que, \u00a1ay! ha sido expurgado un poco\u00bb.<\/p>\n<p><em>Ce 18 aout parait au Cherche Midi un dithyrambe de Houellebecq sign\u00e9 par Fernando Arrabal, traduction expresse d\u00b4un ouvrage publi\u00e9 en Espagne au mois de mars sos le titre \u00ab\u00a1Houellebecq!\u00bb. Auteurs l\u00b4un et l\u00b4autre de livres sur l\u00b4ile de Lanzarote, le dramaturge espagnol et le romancier fran\u00e7ais se sont connus en 1988 et adorent discuter ensemble de sexe et de sciencie (voir page 66). \u00abNous sommes complem\u00e9ntaires. Il est blond et je suis brun. Il est tr\u00e8s beau, je suis tr\u00e8s moche. Moi, j\u00b4ai un charme fou, lui, il le cache\u00bb, s\u00b4enflamme Arrabal, qui ne craint pas de mettre son ami Houellebecq au rang des g\u00e9nies qu\u00b4il a nagu\u00e8re fr\u00e9quent\u00e9s, Andr\u00e9 Breton, Ionesco ou Beckett. Le clou du livre est un dialogue pataphysique entre les deux comp\u00e8res, qui, helas, a \u00e9t\u00e9 un peu expurg\u00e9.\u2028<\/em><\/p>\n<p><strong>Fran\u00e7ois Dufay. Le Point. 18-8-05. N\u00ba 1718. (FRA)\u2028<\/strong><\/p>\n<p><a href=\"http:\/\/editorialhijosdemuleyrubio.com\/wp-content\/uploads\/2013\/07\/DownloadedFile-2.jpeg\"><img loading=\"lazy\" decoding=\"async\" class=\"alignleft size-full wp-image-1033\" alt=\"DownloadedFile-2\" src=\"http:\/\/editorialhijosdemuleyrubio.com\/wp-content\/uploads\/2013\/07\/DownloadedFile-2.jpeg\" width=\"119\" height=\"59\" \/><\/a><\/p>\n<p>\u00abHouellebecq\u00bb de Arrabal es a la vez una radiograf\u00eda de la obra de Houellebecq y una fantas\u00eda literaria donde se reencuentran con el universo barroco del autor de Las Delicias del Jard\u00edn o La noche es tambi\u00e9n un sol.<\/p>\n<p>Dej\u00e0 paru en espagne et sur le point de sortir en Russie, aux Etats-Unis et en Italie, \u00abHouellebecq\u00bb contient des articles qu\u00b4Arrabal a \u00e9crits sur l\u00b4\u00e9crivain dans toutes sortes naux \u00e0 travers le monde, entrecoup\u00e9s d\u00b4arrabal consid\u00e9rations et aphorismes divers, burlesques \u00e7ants. C\u00b4est \u00e0 la fois une radioscopie de l\u00b4oeuvre de Houellebecq et une fantaisie litt\u00e9raire o\u00f9 l\u00b4on retrouverve et l\u00b4univers baroque de l\u00b4auteur des D\u00e9lices du Jardin ou de La nuit est aussi un soleil.<\/p>\n<p><strong>Christian Ferrand. Livres Hebdo. 10-6-05 \/ N\u00ba 605. (FRA)<\/strong><\/p>\n<p><a href=\"http:\/\/editorialhijosdemuleyrubio.com\/wp-content\/uploads\/2013\/07\/DownloadedFile-3.jpeg\"><img loading=\"lazy\" decoding=\"async\" class=\"alignleft size-medium wp-image-1029\" alt=\"DownloadedFile-3\" src=\"http:\/\/editorialhijosdemuleyrubio.com\/wp-content\/uploads\/2013\/07\/DownloadedFile-3-300x66.jpeg\" width=\"300\" height=\"66\" srcset=\"https:\/\/editorialhijosdemuleyrubio.com\/wp-content\/uploads\/2013\/07\/DownloadedFile-3-300x66.jpeg 300w, https:\/\/editorialhijosdemuleyrubio.com\/wp-content\/uploads\/2013\/07\/DownloadedFile-3.jpeg 476w\" sizes=\"auto, (max-width: 300px) 100vw, 300px\" \/><\/a><\/p>\n<p>\u00abSitu\u00e1ndose en el \u00abmundo de los libros\u00bb, culpable de no sabemos demasiado qu\u00e9 relaciones, Eric Naulleau considera que \u00abel fen\u00f3meno Houellebecq pod\u00eda nacer s\u00f3lo en un sistema cr\u00edtico desconectado de la evaluaci\u00f3n de los textos, donde los valores, fijados de antemano, son otorgados en primer lugar al cliente\u00bb. Pero que los partidarios de Houellebecq se calmen: pueden precipitarse sin peligro sobre \u00abHouellebecq\u00bb de Fernando Arrabal (*): Le Cherche Midi, traducci\u00f3n del espa\u00f1ol por el autor. Anotar tambien una entrevista concedida por Fernando Arrabal a \u00abLa Revue litt\u00e9raire\u00bb titulada \u00abHouellebecq y los para\u00edsos cient\u00edficos\u00bb. \u00e9d. L\u00e9o Scheer\u00bb.<\/p>\n<p>S&#8217;en prenant au \u00abMonde des livres\u00bb, coupable d&#8217;on ne sait trop quelles accointances, il estime que \u00able ph\u00e9nom\u00e8ne Houellebecq ne pouvait \u00e9clore que dans un syst\u00e8me critique d\u00e9connect\u00e9 de l&#8217;\u00e9valuation des textes. O\u00f9 les valeurs, fix\u00e9es par avance, sont attribu\u00e9es \u00e0 la t\u00eate du client.\u00bb Mais que les fans de Houellebecq se rassurent : ils peuvent se pr\u00e9cipiter sans danger sur le Houellebecq de Fernando Arrabal (5). Ou encore se procurer le hors-s\u00e9rie des Inrockuptibles qui lui est consacr\u00e9. (5) Le Cherche Midi, traduit de l&#8217;espagnol par l&#8217;auteur, 236 p., 13 \u20ac. A noter \u00e9galement, un entretien accord\u00e9 par Fernando Arrabal \u00e0 La Revue litt\u00e9raire intitul\u00e9 \u00abHouellebecq et le paradis scientifique\u00bb, \u00e9d. L\u00e9o Scheer, Septembre 2005, 12 \u20ac.<\/p>\n<p><strong>Franck Nouchi. Le Monde, 02.09.05 (FRA)<\/strong><\/p>\n<p><a href=\"http:\/\/editorialhijosdemuleyrubio.com\/wp-content\/uploads\/2013\/07\/images.jpeg\"><img loading=\"lazy\" decoding=\"async\" class=\"alignleft size-medium wp-image-1035\" alt=\"images\" src=\"http:\/\/editorialhijosdemuleyrubio.com\/wp-content\/uploads\/2013\/07\/images-300x65.jpeg\" width=\"300\" height=\"65\" srcset=\"https:\/\/editorialhijosdemuleyrubio.com\/wp-content\/uploads\/2013\/07\/images-300x65.jpeg 300w, https:\/\/editorialhijosdemuleyrubio.com\/wp-content\/uploads\/2013\/07\/images.jpeg 479w\" sizes=\"auto, (max-width: 300px) 100vw, 300px\" \/><\/a><\/p>\n<p>Michel Houellebecq se muestra en su nueva novela \u00bb La posibilidad de una isla\u00bb como un virtuoso del sexo, la ciencia ficci\u00f3n y los vicios de las sectas y ha producido con ello la sensaci\u00f3n del oto\u00f1o. Arrabal, a su amigo Houellebecq, le ha escrito una apolog\u00eda para salir r\u00e1pido en su ayuda&#8230;.<\/p>\n<p>Michel Houellebecq erz\u00e4hlt in seinem neuen Roman \u00abDie M\u00f6glichkeit einer Insel\u00bb virtuos von Sex, Science-Fiction und Sektenwahn &#8211; und liefert damit den Kn\u00fcller des Buchherbstes. Michel Houellebecq erz\u00e4hlt in seinem neuen Roman \u00abDie M\u00f6glichkeit einer Insel\u00bb &#8230; Arrabal seinem Freund Houellebecq mit einer Apologie zu Hilfe eilt.<\/p>\n<p><strong>Romain Leick. 22-8-05. Der Spiegel. (ALE)<\/strong><\/p>\n<p><a href=\"http:\/\/editorialhijosdemuleyrubio.com\/wp-content\/uploads\/2013\/07\/DownloadedFile-4.jpeg\"><img loading=\"lazy\" decoding=\"async\" class=\"alignleft size-medium wp-image-1037\" alt=\"DownloadedFile-4\" src=\"http:\/\/editorialhijosdemuleyrubio.com\/wp-content\/uploads\/2013\/07\/DownloadedFile-4-300x116.jpeg\" width=\"300\" height=\"116\" srcset=\"https:\/\/editorialhijosdemuleyrubio.com\/wp-content\/uploads\/2013\/07\/DownloadedFile-4-300x116.jpeg 300w, https:\/\/editorialhijosdemuleyrubio.com\/wp-content\/uploads\/2013\/07\/DownloadedFile-4.jpeg 361w\" sizes=\"auto, (max-width: 300px) 100vw, 300px\" \/><\/a><\/p>\n<p>Biograf\u00eda elogiosa de Arrabal por aqu\u00ed, libelo arisco y parcialmente injusto de otro, el hombre no deja indiferente desde \u00abPlataforma\u00bb. El hombre no descendi\u00f3, a pesar de su silencio largo, a pesar de su alejamiento. No descendi\u00f3 del pedestal a la vez fr\u00e1gil y macizo sobre el cual la \u00e9poca le coloc\u00f3, esta misma \u00e9poca que le fustiga tan duramente en sus novelas, no sin humor sin embargo, no sin finura, desagradable para algunos.<\/p>\n<p>Biographie \u00e9logieuse d&#8217;Arrabal par ici, pamphlet hargneux et partiellement injuste de l&#8217;autre, l&#8217;homme ne laisse pas indiff\u00e9rent, depuis Plateforme. L&#8217;homme n&#8217;est pas descendu, en d\u00e9pit de son long silence, en d\u00e9pit de son \u00e9loignement, n&#8217;est pas descendu du pi\u00e9destal \u00e0 la fois fragile et massif sur lequel l&#8217;\u00e9poque l&#8217;a plac\u00e9,\u2028cette \u00e9poque m\u00eame qu&#8217;il fustige si durement dans ses romans, non sans humour pourtant, non sans finesse, n&#8217;en d\u00e9plaise \u00e0 certains.<\/p>\n<p><strong>Lilian Massoulier. Lib\u00e9ration. 24-8-05 (FRA)<\/strong><\/p>\n<p><a href=\"http:\/\/editorialhijosdemuleyrubio.com\/wp-content\/uploads\/2013\/07\/DownloadedFile-5.jpeg\"><img loading=\"lazy\" decoding=\"async\" class=\"alignleft size-full wp-image-1036\" alt=\"DownloadedFile-5\" src=\"http:\/\/editorialhijosdemuleyrubio.com\/wp-content\/uploads\/2013\/07\/DownloadedFile-5.jpeg\" width=\"160\" height=\"160\" srcset=\"https:\/\/editorialhijosdemuleyrubio.com\/wp-content\/uploads\/2013\/07\/DownloadedFile-5.jpeg 160w, https:\/\/editorialhijosdemuleyrubio.com\/wp-content\/uploads\/2013\/07\/DownloadedFile-5-150x150.jpeg 150w\" sizes=\"auto, (max-width: 160px) 100vw, 160px\" \/><\/a><\/p>\n<p>\u00abEn septiembre, si no se desmiente, Arrabal publicar\u00e1 (en italiano) con la editorial Citylights su di\u00e1logo con Michel Houellebecq, nuevo frances maldito. Ahora, aqu\u00ed, se acompa\u00f1a a la luz de su esposa, que su prometido llama \u00abmi Dulcinea\u00bb.\u2028\u00bbIn settembre, per non smentirsi, con Citylights pubblicher\u00e0 un suo dialogo con Michel Houellebecq, il nuovo maudit francese. Ora, qui, si accompagna alla moglie Luce, che chiama \u00b3la mia fidanzata, la mia Dulcinea\u00bb.<\/p>\n<p><strong>Maria Serena Palieri. 06-05-2005. L\u00b4Unita (ITA)<\/strong><\/p>\n<p>&nbsp;<\/p>\n<p>&nbsp;<\/p>\n<p><a href=\"http:\/\/editorialhijosdemuleyrubio.com\/wp-content\/uploads\/2013\/07\/DownloadedFile-6.jpeg\"><img loading=\"lazy\" decoding=\"async\" class=\"alignleft size-full wp-image-1031\" alt=\"DownloadedFile-6\" src=\"http:\/\/editorialhijosdemuleyrubio.com\/wp-content\/uploads\/2013\/07\/DownloadedFile-6.jpeg\" width=\"128\" height=\"160\" \/><\/a><\/p>\n<p>Las Part\u00edculas Alimentarias: Como el \u00abC\u00f3digo Da Vinci\u00bb, la \u00faltima obra de Michel Houellebecq se saborea con un acompa\u00f1amiento de ex\u00e9gesis. No menos de cuatro libros forman parte de este gran show. Fernando Arrabal le consagra a su amigo un libro extra\u00f1o, h\u00edbrido y delirante, \u00abHouellebecq\u00bb (Le Cherche Midi), con poemas de ambos en facs\u00edmil, entrevistas descosidas sobre Dios, la ciencia, los dientes, los perros, la muerte, el amor&#8230;<\/p>\n<p>Particules Alimentaires: Comme Da Vinci Code, le dernier opus de Michel Houellebecq se d\u00e9guste avec un accompagnement d&#8217;ex\u00e9g\u00e8ses. Pas moins de quatre livres font partie de ce grand show. Fernando Arrabal consacre \u00e0 son ami un livre \u00e9trange, hybride et d\u00e9lirant, Houellebecq (Le Cherche Midi), avec po\u00e8mes de l&#8217;un et l&#8217;autre en fac-simil\u00e9, des entretiens d\u00e9cousus sur Dieu, la science, les dents, les chiens, la mort, l&#8217;amour&#8230;<\/p>\n<p><strong>Isabelle R\u00fcf. Le Temps 27-8-05 (SUIZA)<\/strong><\/p>\n<p>&nbsp;<\/p>\n<p><a href=\"http:\/\/editorialhijosdemuleyrubio.com\/wp-content\/uploads\/2013\/07\/DownloadedFile-7.jpeg\"><img loading=\"lazy\" decoding=\"async\" class=\"alignleft size-medium wp-image-1034\" alt=\"DownloadedFile-7\" src=\"http:\/\/editorialhijosdemuleyrubio.com\/wp-content\/uploads\/2013\/07\/DownloadedFile-7-300x103.jpeg\" width=\"300\" height=\"103\" srcset=\"https:\/\/editorialhijosdemuleyrubio.com\/wp-content\/uploads\/2013\/07\/DownloadedFile-7-300x103.jpeg 300w, https:\/\/editorialhijosdemuleyrubio.com\/wp-content\/uploads\/2013\/07\/DownloadedFile-7.jpeg 382w\" sizes=\"auto, (max-width: 300px) 100vw, 300px\" \/><\/a>Una edici\u00f3n de ficci\u00f3n constante: \u00a1A verificar cerca de uno de sus amigos ilustres! El cineasta y poeta Fernando Arrabal lo bosqueja (Houellebecq, Le Cherche Midi).\u2028Une \u00e9dition de fiction constante: \u00c0 v\u00e9rifier aupr\u00e8s d&#8217;un de ses illustres amis! Le cin\u00e9aste et po\u00e8te Fernando Arrabal l&#8217;a croqu\u00e9 (Houellebecq, Le Cherche Midi).<\/p>\n<p><strong>Massoutre, Guylaine. Le Devoir. 27-8-05 (CANADA)<\/strong><\/p>\n<p>&nbsp;<\/p>\n<p><a href=\"http:\/\/editorialhijosdemuleyrubio.com\/wp-content\/uploads\/2013\/06\/elpais1.gif\"><img loading=\"lazy\" decoding=\"async\" class=\"alignleft size-full wp-image-763\" alt=\"elpais\" src=\"http:\/\/editorialhijosdemuleyrubio.com\/wp-content\/uploads\/2013\/06\/elpais1.gif\" width=\"114\" height=\"23\" \/><\/a><\/p>\n<p>Michel Houellebecq puede presentarse a las cuatro de la madrugada en el domicilio parisiense de Fernando Arrabal. Para beber una copa, la \u00faltima, siempre la \u00faltima. Para tocar el piano a cuatro manos. Para hablar de ciencia. \u00abNos une el inter\u00e9s por la ciencia\u00bb, dice el dramaturgo y cineasta espa\u00f1ol, que ahora publica en Espa\u00f1a un libro sencillamente titulado \u00ab\u00a1Houellebecq!\u00bb<\/p>\n<p><strong>Octavi Marti. 29-03-05. El Pa\u00eds. (ESP)<\/strong><\/p>\n<p><a href=\"http:\/\/editorialhijosdemuleyrubio.com\/wp-content\/uploads\/2013\/06\/elmundo.gif\"><img loading=\"lazy\" decoding=\"async\" class=\"alignleft size-full wp-image-809\" alt=\"elmundo\" src=\"http:\/\/editorialhijosdemuleyrubio.com\/wp-content\/uploads\/2013\/06\/elmundo.gif\" width=\"147\" height=\"20\" \/><\/a><\/p>\n<p>&nbsp;<\/p>\n<p>Fueron los responsables de la editorial madrile\u00f1a Hijos de Muley-Rubio quienes pensaron que el \u00abencuentro prodigioso\u00bb entre Arrabal y el franc\u00e9s merec\u00eda un libro, titulado sencillamente \u00ab\u00a1Houellebecq!\u00bb, en el que se mezclan narrativa, prosa po\u00e9tica, entrevista, fotograf\u00eda y pintura.<\/p>\n<p><strong>Cristina Frade.\u00a0El Mundo. 30-3-05. (ESP)<\/strong><\/p>\n<p><a href=\"http:\/\/editorialhijosdemuleyrubio.com\/wp-content\/uploads\/2013\/06\/canarias7.gif\"><img loading=\"lazy\" decoding=\"async\" class=\"alignleft size-full wp-image-756\" alt=\"canarias7\" src=\"http:\/\/editorialhijosdemuleyrubio.com\/wp-content\/uploads\/2013\/06\/canarias7.gif\" width=\"117\" height=\"30\" \/><\/a><\/p>\n<p>&nbsp;<\/p>\n<p>La obra ser\u00e1 bautizada hoy por sus editores de HMR en el propio domicilio parisino del escritor, donde celebra tambi\u00e9n las reuniones de trabajo de la revista L\u00b4Atelier du Roman. Para ello, el autor ha anunciado que descorchar\u00e1 una caja de botellas de vino de Lirac, bodega que ha dedicado una de sus \u00faltimas cosechas al escritor espa\u00f1ol llam\u00e1ndola con su apellido. El libro contiene una breve versi\u00f3n biling\u00fce, fotograf\u00edas realizadas por los dos escritores y por Luce Moreau, pareja de Arrabal desde 1954, as\u00ed como un grabado realizado por el autor y estampado en el taller madrile\u00f1o de Said Messari que reproduce uno de sus dibujos que m\u00e1s le gustan: una talibana desnuda. Y es que una de las sentencias de Houellebecq que contiene el libro tiene que ver con las \u00faltimas guerras de Afganist\u00e1n e Irak: \u00abSer\u00eda m\u00e1s eficaz bombardear con minifaldas que con maximisiles\u00bb.<\/p>\n<p><strong>Canarias 7. 29-3-05. (ESP)<\/strong><\/p>\n<p><a href=\"http:\/\/editorialhijosdemuleyrubio.com\/wp-content\/uploads\/2013\/07\/DownloadedFile-8.jpeg\"><img loading=\"lazy\" decoding=\"async\" class=\"alignleft size-medium wp-image-1038\" alt=\"DownloadedFile-8\" src=\"http:\/\/editorialhijosdemuleyrubio.com\/wp-content\/uploads\/2013\/07\/DownloadedFile-8-300x69.jpeg\" width=\"300\" height=\"69\" srcset=\"https:\/\/editorialhijosdemuleyrubio.com\/wp-content\/uploads\/2013\/07\/DownloadedFile-8-300x69.jpeg 300w, https:\/\/editorialhijosdemuleyrubio.com\/wp-content\/uploads\/2013\/07\/DownloadedFile-8.jpeg 465w\" sizes=\"auto, (max-width: 300px) 100vw, 300px\" \/><\/a><\/p>\n<p>&nbsp;<\/p>\n<p>Michel H. muestra de buena gana su pasi\u00f3n por Jean Ferrat y su devoci\u00f3n por Arrabal y Pif Gadget! Pero detesta a Pr\u00e9vert (\u00ab\u00a1es un gilipollas!\u00bb). \u00a1Que importa! Mauricio Nadeau, incansable descubridor de talentos, publica \u00abExtensi\u00f3n del campo de batalla\u00bb. \u00abEn esa \u00e9poca, cuenta Nadeau, quer\u00eda ser el nuevo Perec\u00bb. \u00a1Habr\u00e1 que esperar! Porque el libro sale ante la indiferencia cr\u00edtica. Es el boca-oreja obstinado quien, lentamente pero seguro, hace de la obra un objeto mesi\u00e1nico: es EL libro que toda una generaci\u00f3n esperaba.<\/p>\n<p>Michel H. confie volontiers une passion pour Jean Ferrat, une d\u00e9votion pour Arrabal&#8230; et Pif Gadget! Mais il d\u00e9teste Pr\u00e9vert (\u00abC&#8217;est un con!\u00bb). Qu&#8217;importe! Maurice Nadeau, inlassable d\u00e9nicheur de talents, publie Extension du domaine de la lutte. \u00abA l&#8217;\u00e9poque, raconte Nadeau, il voulait \u00eatre le nouveau Perec.\u00bb Il faudra attendre! Car le livre sort dans l&#8217;indiff\u00e9rence critique. C&#8217;est un bouche-\u00e0-oreille obstin\u00e9 qui, lentement mais s\u00fbrement, fait de l&#8217;ouvrage un objet messianique: c&#8217;est LE livre que toute une g\u00e9n\u00e9ration attendait.<\/p>\n<p><strong>Fran\u00e7ois Busnel. L&#8217;Express du 18\/09\/2005.\u00a0Le syst\u00e8me Houellebecq. Le fabuleux destin de Michel H. (FRA)<\/strong><\/p>\n<p><a href=\"http:\/\/editorialhijosdemuleyrubio.com\/wp-content\/uploads\/2013\/07\/images1.jpeg\"><img loading=\"lazy\" decoding=\"async\" class=\"alignleft size-full wp-image-1043\" alt=\"images\" src=\"http:\/\/editorialhijosdemuleyrubio.com\/wp-content\/uploads\/2013\/07\/images1.jpeg\" width=\"195\" height=\"258\" \/><\/a><\/p>\n<p>\u00abInimitable, antojadizo y original, Arrabal subraya su \u00abHouellebecq\u00bb con sabrosas \u00abjaculatorias\u00bb, esas f\u00f3rmulas cortas y chocantes de quien sabe su secreto. Para Arrabal, Houellebecq es un genio en el sentido primigenio del t\u00e9rmino, nos lo explica muy bien al principio de su libro, y podemos decir despu\u00e9s de su lectura que tuvo el genio de convencernos, de interesarnos y de divertirnos. La obra ideal para preparar bien su rentr\u00e9e houellebecquiana. Una verdadera sorpresa editorial. A leer a la sombra\u00bb.<\/p>\n<p>Inimitable, fantasque et original, Arrabal ponctue son \u00bb Houellebecq \u00bb de savoureuses \u00bb jaculatoires \u00ab, ces formules courtes et \u00bb choc \u00bb dont il a le secret. Pour Arrabal, Houellebecq est un g\u00e9nie au sens premier du terme, il nous l\u00b9explique tr\u00e8s bien en incipit de son livre et l\u00b9on peut dire apr\u00e8s lecture qu\u00b9il a eu le g\u00e9nie de nous convaincre, de nous int\u00e9resser et de nous divertir. L\u00b9ouvrage id\u00e9al pour bien pr\u00e9parer sa rentr\u00e9e Houellebecquienne. Une vraie surprise \u00e9ditoriale. A lire Ombre.\u2028Fr\u00e9d\u00e9ric Vignale.<\/p>\n<p><strong>Mars (Magazine de Marsella). 4-8-05. (FRA)<\/strong><\/p>\n<p>&nbsp;<\/p>\n<p>&nbsp;<\/p>\n<p>&nbsp;<\/p>\n<p><a href=\"http:\/\/editorialhijosdemuleyrubio.com\/wp-content\/uploads\/2013\/07\/images-1.jpeg\"><img loading=\"lazy\" decoding=\"async\" class=\"alignleft size-medium wp-image-1044\" alt=\"images-1\" src=\"http:\/\/editorialhijosdemuleyrubio.com\/wp-content\/uploads\/2013\/07\/images-1-300x75.jpeg\" width=\"300\" height=\"75\" srcset=\"https:\/\/editorialhijosdemuleyrubio.com\/wp-content\/uploads\/2013\/07\/images-1-300x75.jpeg 300w, https:\/\/editorialhijosdemuleyrubio.com\/wp-content\/uploads\/2013\/07\/images-1.jpeg 448w\" sizes=\"auto, (max-width: 300px) 100vw, 300px\" \/><\/a><\/p>\n<p>Una defensa de Houellebecq, por su amigo Fernando Arrabal, aparece en Le Cherche Midi, con un poema in\u00e9dito cuya \u00faltima estrofa permite comprender el t\u00edtulo de su nueva novela: \u00bb y el amor, donde todo es f\u00e1cil\/ donde todo es dado al instante\/ existe en medio del tiempo\/ la posibilidad de una isla\u00bb. Para consolarse, Flammarion, a la que Houellebecq dej\u00f3 para irse a Fayard, volver\u00e1 a publicar en septiembre \u00abPlataforma\u00bb y \u00bb Las Part\u00edculas elementales\u00bb.<\/p>\n<p>Une d\u00e9fense de Houellebecq, par son ami Fernando Arrabal, para\u00eetra au Cherche Midi, avec un po\u00e8me in\u00e9dit, dont la derni\u00e8re strophe permet de comprendre le titre de son nouveau roman: \u00abEt l\u00b9amour, o\u00f9 tout est facile\/O\u00f9 tout est donn\u00e9 dans l\u00b9instant\/Il existe au milieu du temps\/La possibilit\u00e9 d\u00b9une \u00eele.\u00bb Pour se consoler, Flammarion, que Houellebecq a l\u00e2ch\u00e9 pour Fayard, republiera en septembre \u00abPlateforme\u00bb et \u00ables Particules \u00e9l\u00e9mentaires\u00bb.<\/p>\n<p><strong>Le Nouvel Observateur. 18-8-05. N\u00ba 2128. (FRA)<\/strong><\/p>\n<p><a href=\"http:\/\/editorialhijosdemuleyrubio.com\/wp-content\/uploads\/2013\/07\/DownloadedFile1.jpeg\"><img loading=\"lazy\" decoding=\"async\" class=\"alignleft size-full wp-image-1045\" alt=\"DownloadedFile\" src=\"http:\/\/editorialhijosdemuleyrubio.com\/wp-content\/uploads\/2013\/07\/DownloadedFile1.jpeg\" width=\"225\" height=\"225\" srcset=\"https:\/\/editorialhijosdemuleyrubio.com\/wp-content\/uploads\/2013\/07\/DownloadedFile1.jpeg 225w, https:\/\/editorialhijosdemuleyrubio.com\/wp-content\/uploads\/2013\/07\/DownloadedFile1-150x150.jpeg 150w\" sizes=\"auto, (max-width: 225px) 100vw, 225px\" \/><\/a><\/p>\n<p>\u00bfSi Houellebecq escribe tan mal como dicen muchos cr\u00edticos, c\u00f3mo explicar la admiraci\u00f3n que les inspira a escritores tan avisados como Beno\u00eet Duteurtre, Arrabal o Michel D\u00e9on, entre muchos otros?<\/p>\n<p>Si Houellebecq \u00e9crit aussi mal que le disent beaucoup de critiques, comment expliquer l&#8217;admiration qu&#8217;il inspire \u00e0 des \u00e9crivains aussi avis\u00e9s que Beno\u00eet Duteurtre, Arrabal ou Michel D\u00e9on, parmi beaucoup d&#8217;autres ?\u2028Nouvel Obs.com. Quotidien Perm@nent &#8211; Forum avec Denis Demonpion (journaliste, auteur de \u00abHouellebecq : enqu\u00eate (non autoris\u00e9e) sur un ph\u00e9nom\u00e8ne\u00bb.<\/p>\n<p><strong>Internaute. 30\/08\/2005 (FRA)<\/strong><\/p>\n<p>&nbsp;<\/p>\n<p>&nbsp;<\/p>\n<p>&nbsp;<\/p>\n<p>&nbsp;<\/p>\n<p><a href=\"http:\/\/editorialhijosdemuleyrubio.com\/wp-content\/uploads\/2013\/07\/images-2.jpeg\"><img loading=\"lazy\" decoding=\"async\" class=\"alignleft size-medium wp-image-1046\" alt=\"images-2\" src=\"http:\/\/editorialhijosdemuleyrubio.com\/wp-content\/uploads\/2013\/07\/images-2-300x120.jpeg\" width=\"300\" height=\"120\" srcset=\"https:\/\/editorialhijosdemuleyrubio.com\/wp-content\/uploads\/2013\/07\/images-2-300x120.jpeg 300w, https:\/\/editorialhijosdemuleyrubio.com\/wp-content\/uploads\/2013\/07\/images-2.jpeg 355w\" sizes=\"auto, (max-width: 300px) 100vw, 300px\" \/><\/a><\/p>\n<p>Del encuentro y la amistad entre Fernando Arrabal y Michel Houellebecq naci\u00f3 este libro de memorias, de entrevistas, de evocaciones. Vivo, raro, provocador, l\u00fadico e \u00edntimo, he aqu\u00ed un tipo de radiograf\u00eda de la obra houellebecquiana a trav\u00e9s de, hay que llamarlo bien, unos \u00abarrabalescos\u00bb. En efecto, la mayor\u00eda de las veces, el dramaturgo procede por definiciones. Pero todav\u00eda acude a lo que llama \u00abjaculatorias\u00bb (del latin jaculari). Los partidarios de Houellebecq sabr\u00e1n saborear la miel de este peque\u00f1o libro iconoclasta que hormiguea en an\u00e9cdotas y documentos.<\/p>\n<p>De la rencontre et de l&#8217;amiti\u00e9 entre Fernando Arrabal et Michel Houellebecq est n\u00e9 ce livre de souvenirs, d&#8217;entretiens, d&#8217;\u00e9vocations. Vivante, dr\u00f4le, provocante, ludique et intime, voici une sorte de radiographie de l&#8217;oeuvre Houellebecquienne \u00e0 travers ce qu&#8217;il faut bien appeler des \u00bb arrabalesques \u00ab. En effet, le plus souvent, le dramaturge proc\u00e8de par d\u00e9finitions. Mais il fait encore appel \u00e0 ce qu&#8217;il nomme des \u00bb jaculatoires \u00bb (du latin jaculari). Les fans de Houellebecq sauront faire leur miel de ce petit livre iconoclaste qui fourmille d&#8217;anecdotes et de documents. \u2028Lundi 22 Ao\u00fbt 2005. France Info. La Radio Du Livre met ici en valeur des ouvrages de tous genres. Ce sont les coups de coeur des stations de Radio France&#8230;<\/p>\n<p><strong>(La Radio del Libro da valor aqu\u00ed a obras de todo g\u00e9nero. Son los golpes de coraz\u00f3n de Radio France&#8230;). Houellebecq. Fernando Arrabal. Le Cherche Midi. (FRA)<\/strong><\/p>\n<p><a href=\"http:\/\/editorialhijosdemuleyrubio.com\/wp-content\/uploads\/2013\/07\/images-3.jpeg\"><img loading=\"lazy\" decoding=\"async\" class=\"alignleft size-full wp-image-1047\" alt=\"images-3\" src=\"http:\/\/editorialhijosdemuleyrubio.com\/wp-content\/uploads\/2013\/07\/images-3.jpeg\" width=\"196\" height=\"98\" \/><\/a><\/p>\n<p>\u00bfY el amor? \u00a1burdel!: El nuevo Houellebecq se zambulle en la secta de los raelianos y la ciencia ficci\u00f3n. Jam\u00e1s sabemos en el caso de Houellebecq si es el humor quien lo incita a estas banalidades. Porque, en otros momentos, puede gratificarnos con bellos fragmentos literarios que reflejan para la posteridad la desesperanza actual. Es sin duda \u00e9ste su secreto: esta mezcla de risa de mostrador, de recetas de libros \u00abpeople\u00bb y de la mirada que se abre sobre nuestros contempor\u00e1neos. Aparecen simult\u00e1neamente cuatro ensayos: \u00abHouellebecq\u00bb de Fernando Arrabal (Le Cherche Midi, 240 pp., env. 13 \u20ac; \u00abAu secours, Houellebecq revient!\u00bb d&#8217;Eric Naulleau (Chifflet &amp; Cie, 128 pp, env. 10 \u20ac; \u00abHouellebecq non autoris\u00e9. Enqu\u00eate sur un ph\u00e9nom\u00e8ne\u00bb de Denis Demonpion (Maren Sell Editeurs, 394 pp., env. 20 \u20ac); \u00abHouellebecq ou la provocation permanente\u00bb de Jean-Fran\u00e7ois Patricola (Ecriture, 288 pp. env. 17,85 \u20ac); \u00abCi-g\u00eet Paris\u00bb de Claire Cros (Michalon, 160 pp., env. 15 \u20ac).<\/p>\n<p>Et l&#8217;amour? Bordel! Le nouveau Houellebecq plonge dans la secte des ra\u00e9liens et la science-fiction. On ne sait jamais chez Houellebecq si c&#8217;est l&#8217;humour qui le pousse \u00e0 ces platitudes. Car, \u00e0 d&#8217;autres moments, il peut nous gratifier de beaux morceaux litt\u00e9raires qui refl\u00e8tent pour la post\u00e9rit\u00e9 la d\u00e9sesp\u00e9rance actuelle. C&#8217;est sans doute cela son secret: ce m\u00e9lange de rigolade de comptoir, de recettes des livres \u00abpeople\u00bb et de regard per\u00e7ant sur nos contemporains. Paraissent simultan\u00e9ment quatre essais: \u00abHouellebecq\u00bb de Fernando Arrabal (Le Cherche Midi, 240 pp., env. 13 \u20ac; \u00abAu secours, Houellebecq revient!\u00bb d&#8217;Eric Naulleau (Chifflet &amp; Cie, 128 pp, env. 10 \u20ac; \u00abHouellebecq non autoris\u00e9. Enqu\u00eate sur un ph\u00e9nom\u00e8ne\u00bb de Denis Demonpion (Maren Sell Editeurs, 394 pp., env. 20 \u20ac); \u00abHouellebecq ou la provocation permanente\u00bb de Jean-Fran\u00e7ois Patricola (Ecriture, 288 pp. env. 17,85 \u20ac); \u00abCi-g\u00eet Paris\u00bb de Claire Cros (Michalon, 160 pp., env. 15 \u20ac).<\/p>\n<p><strong>Guy Duplat. La Libre Belgique 02\/09\/2005 (BEL)<\/strong><\/p>\n<p><a href=\"http:\/\/editorialhijosdemuleyrubio.com\/wp-content\/uploads\/2013\/07\/images-4.jpeg\"><img loading=\"lazy\" decoding=\"async\" class=\"alignleft size-medium wp-image-1048\" alt=\"images-4\" src=\"http:\/\/editorialhijosdemuleyrubio.com\/wp-content\/uploads\/2013\/07\/images-4-300x58.jpeg\" width=\"300\" height=\"58\" srcset=\"https:\/\/editorialhijosdemuleyrubio.com\/wp-content\/uploads\/2013\/07\/images-4-300x58.jpeg 300w, https:\/\/editorialhijosdemuleyrubio.com\/wp-content\/uploads\/2013\/07\/images-4.jpeg 508w\" sizes=\"auto, (max-width: 300px) 100vw, 300px\" \/><\/a><\/p>\n<p>\u00abPatrico titula \u00abHouellebecq o La provocaci\u00f3n permanente\u00bb (Ecriture). O este ejercicio de admiraci\u00f3n de Fernando Arrabal, que, en toda sencillez, se llama \u00abHouellebecq\u00bb.<\/p>\n<p>Patrico intitul\u00e9 Houellebecq ou La provocation permanente (Ecriture). Ou cet exercice d&#8217;admiration de Fernando Arrabal, qui, en toute simplicit\u00e9, s&#8217;appelle Houellebecq. Deux autres ouvrages, promettant moins de louanges.<\/p>\n<p><strong>Le Figaro. 28-6-05 (FRA)<\/strong><\/p>\n<p><a href=\"http:\/\/editorialhijosdemuleyrubio.com\/wp-content\/uploads\/2013\/06\/larazon1.gif\"><img loading=\"lazy\" decoding=\"async\" class=\"alignleft size-full wp-image-811\" alt=\"larazon\" src=\"http:\/\/editorialhijosdemuleyrubio.com\/wp-content\/uploads\/2013\/06\/larazon1.gif\" width=\"114\" height=\"20\" \/><\/a><\/p>\n<p>&nbsp;<\/p>\n<p>Ahora, Arrabal publica \u00ab\u00a1Houellebecq!\u00bb (HMR),\u00bbuna joyita\u00bb -editada con primor y claridad- sobre ciencia, Dios y sexo, aunque ni Michel ni yo tenemos mucha idea de lo \u00faltimo\u00bb.\u2028Antonio Astorga. ABC. 4-4-05. (ESP)\u2028\u2028\u2028Si Kundera se busc\u00f3 a Cervantes y Ionesco a Victor Hugo, Fernando Arrabal quer\u00eda tener su libro de otro escritor y eligi\u00f3 a Michel Houellebecq. \u00ab\u00a1Houellebecq!\u00bb sale a la venta esta semana y reivindica la figura del pol\u00e9mico novelista galo, con el que el dramaturgo se identifica: \u00abA S\u00f3crates, a \u00e9l y a m\u00ed nos han juzgado por blasfemia\u00bb.<\/p>\n<p><strong>Javier G\u00f3mez. 30-3-05. La Raz\u00f3n. (ESP)<\/strong><\/p>\n<p><a href=\"http:\/\/editorialhijosdemuleyrubio.com\/wp-content\/uploads\/2013\/06\/que-leer.jpg\"><img loading=\"lazy\" decoding=\"async\" class=\"alignleft size-full wp-image-810\" alt=\"que-leer\" src=\"http:\/\/editorialhijosdemuleyrubio.com\/wp-content\/uploads\/2013\/06\/que-leer.jpg\" width=\"106\" height=\"30\" \/><\/a><\/p>\n<p>&nbsp;<\/p>\n<p>\u00abHMR acaba de publicar un exquisito volumen que re\u00fane los art\u00edculos, ensayos y otras hierbas que Fernando Arrabal ha dedicado al pol\u00e9mico escritor franc\u00e9s Houellebecq, a quien lo unen unas peculiares afinidades electivas, que van mucho mas all\u00e1 del mero esc\u00e1ndalo que siempre parece rodear a ambos\u00bb.<\/p>\n<p><strong>Jes\u00fas Palacios Junio. 2005 (Qu\u00e9 Leer) (ESP)<\/strong><\/p>\n<p><a href=\"http:\/\/editorialhijosdemuleyrubio.com\/wp-content\/uploads\/2013\/07\/images-5.jpeg\"><img loading=\"lazy\" decoding=\"async\" class=\"alignleft size-full wp-image-1049\" alt=\"images-5\" src=\"http:\/\/editorialhijosdemuleyrubio.com\/wp-content\/uploads\/2013\/07\/images-5.jpeg\" width=\"208\" height=\"242\" \/><\/a><\/p>\n<p>Escritor, poeta y dramaturgo prol\u00edfico (ha escrito m\u00e1s de cien obras), cineasta, rebelde, cr\u00edtico, c\u00ednico, agn\u00f3stico, visionario, irreverente y muchas cosas m\u00e1s es Fernando Arrabal, un espa\u00f1ol afincado en Par\u00eds y uno de los autores de teatro contempor\u00e1neo m\u00e1s representados en todo el mundo. Acaba de publicar su \u00faltimo libro, \u00ab\u00a1Houellebecq!\u00bb (Ediciones HMR, 2005), y ha visitado Espa\u00f1a para ver como se pon\u00eda en marcha una de sus obras de juventud, \u00abFando y Lis (1956)\u00bb.<\/p>\n<p><strong>Andr\u00e9s Fierro. Revista Evasi\u00f3n. Mayo 2005. N\u00ba 43. (ESP)<\/strong><\/p>\n<p>&nbsp;<\/p>\n<p>&nbsp;<\/p>\n<p>&nbsp;<\/p>\n<p>&nbsp;<\/p>\n<p>&nbsp;<\/p>\n<p><a href=\"http:\/\/editorialhijosdemuleyrubio.com\/wp-content\/uploads\/2013\/07\/DownloadedFile-11.jpeg\"><img loading=\"lazy\" decoding=\"async\" class=\"alignleft size-full wp-image-1050\" alt=\"DownloadedFile-1\" src=\"http:\/\/editorialhijosdemuleyrubio.com\/wp-content\/uploads\/2013\/07\/DownloadedFile-11.jpeg\" width=\"128\" height=\"128\" \/><\/a><\/p>\n<p>Siempre en L\u00b4Obs, este anuncio: \u00abEn pocos d\u00edas, 663 novelas, de las que 96 son primeras obras, van a invadir las librer\u00edas&#8230; Y \u00aben primer lugar,\u00bb la estrella&#8230; El rey Lire: Houellebecq&#8230; Su novela, \u00abLa posibilidad de una isla\u00bb es el peso pesado innegable de esta rentr\u00e9e\u00bb. Varias biograf\u00edas del autor tambi\u00e9n se anuncian, as\u00ed como un informe oral, \u00abpor su amigo\u00bb Fernando Arrabal. Con un poema in\u00e9dito cuya \u00faltima estrofa permite explicar el t\u00edtulo de la novela&#8230;: \u00abY el amor, d\u00f3nde todo es f\u00e1cil&#8230; D\u00f3nde todo se da al momento&#8230; Existe en medio del tiempo&#8230; la posibilidad de una isla\u00bb.\u2028Toujours dans L&#8217;Obs, cette annonce : \u00abDans quelques jours, 663 romans, dont 96 premi\u00e8res oeuvres, vont envahir les librairies\u00bb&#8230; Et \u00abd&#8217;abord, la vedette&#8230; Le roi Lire: Houellebecq&#8230; Son roman, La possibilit\u00e9 d&#8217;une \u00eele est le poids lourds incontestable de cette rentr\u00e9e\u00bb&#8230; Plusieurs biographies de l&#8217;auteur sont aussi annonc\u00e9es&#8230; ainsi qu&#8217;une plaidoirie, \u00abpar son ami Fernando Arrabal\u00bb&#8230; Avec un po\u00e8me in\u00e9dit dont la derni\u00e8re strophe permet de comprendre le titre (du roman)&#8230; \u00abEt l&#8217;amour, o\u00f9 tout est facile&#8230; O\u00f9 tout est donn\u00e9 dans l&#8217;instant&#8230; Il existe au milieu du temps&#8230; la possibilit\u00e9 d&#8217;une \u00eele\u00bb&#8230;<\/p>\n<p><strong>Alain Masson. 21-08-05. Radio France Internationale. (FRA)<\/strong><\/p>\n<p><a href=\"http:\/\/editorialhijosdemuleyrubio.com\/wp-content\/uploads\/2013\/07\/DownloadedFile-21.jpeg\"><img loading=\"lazy\" decoding=\"async\" class=\"alignleft size-medium wp-image-1051\" alt=\"DownloadedFile-2\" src=\"http:\/\/editorialhijosdemuleyrubio.com\/wp-content\/uploads\/2013\/07\/DownloadedFile-21-300x80.jpeg\" width=\"300\" height=\"80\" srcset=\"https:\/\/editorialhijosdemuleyrubio.com\/wp-content\/uploads\/2013\/07\/DownloadedFile-21-300x80.jpeg 300w, https:\/\/editorialhijosdemuleyrubio.com\/wp-content\/uploads\/2013\/07\/DownloadedFile-21.jpeg 433w\" sizes=\"auto, (max-width: 300px) 100vw, 300px\" \/><\/a><\/p>\n<p>La nueva novela de Michel Houellebecq: El investigador Sylvain Houde ley\u00f3 la nueva novela de Michel Houellebecq, \u00abLa posibilidad de una isla\u00bb. Nos habla del personaje, de su obra y del fen\u00f3meno. \u00abDevolvi\u00f3 las ideas a los libros. Habla de filosof\u00eda, estrecha lazos con Schopenhauer. Da una mirada prospectiva a la vida\u00bb, describe Sylvain Houde. El veredicto de Sylvain Houde: Michel Houellebecq escribi\u00f3 un gran libro: \u00abhay que leerlo. El \u00abcaso Houellebecq\u00bb no es m\u00e1s que un fen\u00f3meno de marketing\u00bb, dice. Otro libro sobre Michel Houellebecq: Fernando Arrabal, Houellebecq, \u00e9ditions Le cherche midi. \u2028Le nouveau roman de Michel Houellebecq: Le recherchiste Sylvain Houde a lu le nouveau roman de Michel Houellebecq, La possibilit\u00e9 d&#8217;une \u00eele. Il nous parle du personnage, de son oeuvre et du ph\u00e9nom\u00e8ne. \u00abIl a ramen\u00e9 les id\u00e9es dans les livres. Il parle de philosophie, il fait des liens avec Schopenhauer. Il donne un regard prospectif sur la vie\u00bb, d\u00e9crit Sylvain Houde. Le verdict de Sylvain Houde: Michel Houellebecq a \u00e9crit un grand livre: \u00abIl faut le lire. Ce n&#8217;est pas qu&#8217;un ph\u00e9nom\u00e8ne marketing\u00bb, dit-il. Autre livres sur Michel Houellebecq: Fernando Arrabal, Houellebecq, \u00e9ditions Le cherche midi.<\/p>\n<p><strong>Sylvain Houde. 1-9-05. Radio Canad\u00e1. (CAN)<\/strong><\/p>\n<p><a href=\"http:\/\/editorialhijosdemuleyrubio.com\/wp-content\/uploads\/2013\/06\/efe.gif\"><img loading=\"lazy\" decoding=\"async\" class=\"alignleft size-full wp-image-772\" alt=\"efe\" src=\"http:\/\/editorialhijosdemuleyrubio.com\/wp-content\/uploads\/2013\/06\/efe.gif\" width=\"33\" height=\"30\" \/><\/a><\/p>\n<p>&nbsp;<\/p>\n<p>El dramaturgo y poeta espa\u00f1ol, Fernando Arrabal, que pronto celebrar\u00e1 50 a\u00f1os \u00abde paso\u00bb en Par\u00eds, dijo ayer que en Espa\u00f1a no se le toma \u00aben serio\u00bb al presentar su \u00faltimo libro editado all\u00ed: \u00ab\u00a1Houellebecq!\u00bb, \u00abuna joyita\u00bb. \u00abEn Espa\u00f1a no me toman en serio porque piensan que soy un joven provocador\u00bb, se\u00f1al\u00f3 Arrabal, de 72 a\u00f1os, ante un grupo de periodistas y allegados, reunidos en su casa-museo de Par\u00eds con motivo de la presentaci\u00f3n del libro editado por Muley-Rubio\u00bb.<\/p>\n<p><strong>Agencia Efe. 29-3-05 (ESP)<\/strong><\/p>\n<p><a href=\"http:\/\/editorialhijosdemuleyrubio.com\/wp-content\/uploads\/2013\/06\/europapress.gif\"><img loading=\"lazy\" decoding=\"async\" class=\"alignleft size-full wp-image-771\" alt=\"europapress\" src=\"http:\/\/editorialhijosdemuleyrubio.com\/wp-content\/uploads\/2013\/06\/europapress.gif\" width=\"121\" height=\"29\" \/><\/a><\/p>\n<p>&nbsp;<\/p>\n<p>El dramaturgo espa\u00f1ol, Fernando Arrabal, quien present\u00f3 hoy en Par\u00eds su \u00faltimo libro, \u00ab\u00a1Houellebecq!\u00bb, publicado esta semana en Espa\u00f1a y en el que realiza un retrato del conocido escritor franc\u00e9s, Michel Houellebecq, amigo suyo, asegur\u00f3 hoy que pese a que no le gusta ver estatuas de Franco, no est\u00e1 seguro de que fuera el momento de retirarlas. Ir\u00f3nicamente, Arrabal asegur\u00f3 que \u00ablo mejor para la fama es romper estatuas a toro pasado, cuando el dictador ha muerto. Yo habr\u00eda debido hacer eso, publicar su \u00abCarta\u00bb a su muerte y no en vida. Seguro que as\u00ed hubiera tenido m\u00e1s \u00e9xito\u00bb.<\/p>\n<p><strong>Agencia Europa Press. 29-3-05 (ESP)<\/strong><\/p>\n<p><a href=\"http:\/\/editorialhijosdemuleyrubio.com\/wp-content\/uploads\/2013\/07\/DownloadedFile-31.jpeg\"><img loading=\"lazy\" decoding=\"async\" class=\"alignleft size-medium wp-image-1053\" alt=\"DownloadedFile-3\" src=\"http:\/\/editorialhijosdemuleyrubio.com\/wp-content\/uploads\/2013\/07\/DownloadedFile-31-300x57.jpeg\" width=\"300\" height=\"57\" srcset=\"https:\/\/editorialhijosdemuleyrubio.com\/wp-content\/uploads\/2013\/07\/DownloadedFile-31-300x57.jpeg 300w, https:\/\/editorialhijosdemuleyrubio.com\/wp-content\/uploads\/2013\/07\/DownloadedFile-31.jpeg 512w\" sizes=\"auto, (max-width: 300px) 100vw, 300px\" \/><\/a><\/p>\n<p>Zitzmann se ocupa del remolino sobre Houellebecq. En Francia, tres libros sobre \u00e9l se adelantan, as\u00ed como una edici\u00f3n especial (de revista), que aparecieron con la publicaci\u00f3n tambi\u00e9n de la novela de Houellebecq: Eric Naulleau (\u00a1Socorro, Houellebecq vuelve!\u00bb), Fernando Arrabal (\u00abHouellebecq\u00bb) y Denis Demonpion (\u00abHouellebecq (no autorizado), encuesta sobre un fen\u00f3meno) y la edici\u00f3n especial del magazine semanal de Par\u00eds \u00abLe Inrockuptibles\u00bb, que Zitzmann cita como \u00abla biblia y religi\u00f3n de estos tiempos en Par\u00eds\u00bb y que son mencionados en su art\u00edculo.<\/p>\n<p>Zitzmann besch\u00e4ftigt sich mit dem Wirbel um Houellebecq. In Frankreich sind im Vorfeld der Romanver\u00f6ffentlichung gleich 3 B\u00fccher und ein Sonderheft zu Houellebecq erschienen. Eric Naulleau (\u00abAu secours, Houellebecq revient!\u00bb), Fernando Arrabal (\u00abHouellebecq\u00bb) und Denis Demonpion (\u00abHouellebecq, enqu\u00eate (non autoris\u00e9e) sur un ph\u00e9nom\u00e8ne\u00bb) und das Sonderheft des Pariser Wochenmagazins Le Inrockuptibles, von Zitzmann als \u00abBibel der Pariser Zeitgeistlichkeit\u00bb bezeichnet, werden erw\u00e4hnt.<\/p>\n<p><strong>Zitzmann, Marc: Der Betrieb frisst die Literatur. So viel Houellebecq war noch nie &#8211; Reaktionen aus Frankreich, in: Neue Z\u00fcrcher Zeitung. 27.08.2005 (SUIZA)<\/strong><\/p>\n<p><a href=\"http:\/\/editorialhijosdemuleyrubio.com\/wp-content\/uploads\/2013\/07\/images-6.jpeg\"><img loading=\"lazy\" decoding=\"async\" class=\"alignleft size-full wp-image-1052\" alt=\"images-6\" src=\"http:\/\/editorialhijosdemuleyrubio.com\/wp-content\/uploads\/2013\/07\/images-6.jpeg\" width=\"232\" height=\"204\" \/><\/a><\/p>\n<p>La operaci\u00f3n de marketing de Houellebecq funciona a toda velocidad, prometiendo ser una coordinada bomba de superdemolici\u00f3n de la (actual) cultura lectora, un Harry Potter para los adultos. Que la casa editorial francesa Fayard organice este circo, apenas puede sorprender, pues fich\u00f3 a Houellebecq de Flammarion como una estrella del balompi\u00e9. Sin embargo lo que hay que hacer para compensar los 1.5 millones de euros de un libro, eso todav\u00eda no ha sido escrito. Uno comienza as\u00ed con una edici\u00f3n a partir de 200.000 ejemplares y muchos jinetes que van por libre se cuelgan funcionando con biograf\u00edas, lampoons venenosos o como el autor de teatro, Fernando Arrabal, con discursos de alabanza, escritos con furia espa\u00f1ola: \u00a1Houellebecq! como t\u00edtulo.<\/p>\n<p>Der Houellebecq&#8217;schen Marketingmaschine l\u00e4uft um so mehr auf Hochtouren, promotet den Blockbuster der gleichgeschalteten Lesekultur, ein Harry Potter f\u00fcr angefixte Erwachsene. Dass der franz\u00f6sische Verlag Fayard diesen Zirkus veranstaltet, darf dabei kaum verwundern, hat er doch Houellebecq von Flammarion wie einen Fu\u00dfballstar abgeworben, f\u00fcr angeblich 1,5 Millionen Euro f\u00fcr ein Buch, das noch nicht geschrieben war. Man geht also mit einer Auflage von 200 000 an den Start, und viele Trittbrettfahrer h\u00e4ngen sich ran mit Biographien, giftigen Pamphleten oder wie der Theaterautor Fernando Arrabal mit Lobreden, geschrieben mit spanischer Verve, Houellebecq! mit Titel.<\/p>\n<p><strong>Martina Meister. Frankfurter Rundschau. 6-9-05. (ALE)<\/strong><\/p>\n<p><a href=\"http:\/\/editorialhijosdemuleyrubio.com\/wp-content\/uploads\/2013\/07\/DownloadedFile-41.jpeg\"><img loading=\"lazy\" decoding=\"async\" class=\"alignleft size-full wp-image-1054\" alt=\"DownloadedFile-4\" src=\"http:\/\/editorialhijosdemuleyrubio.com\/wp-content\/uploads\/2013\/07\/DownloadedFile-41.jpeg\" width=\"240\" height=\"68\" \/><\/a><\/p>\n<p>\u00abNo hay nada, a cu\u00e1l m\u00e1s seco, m\u00e1s pobre y al mismo tiempo m\u00e1s oscuro\u00bb, dicen los jueces de \u00abFigaro\u00bb, el \u00abPar\u00eds-Match\u00bb enumera, gozoso, en qu\u00e9 meti\u00f3 esta vez la pata Houellebecq, d\u00e1ndole un puntapi\u00e9, \u00abLe Point\u00bb habla del \u00abautor m\u00e1s \u00abtrash\u00bb (basura) de su generaci\u00f3n\u00bb, mientras que Philippe Sollers cree que se adelanta a la novela sobre todo americana, Fernando Arrabal compara sus esfuerzos con los de Bret\u00f3n, Ionesco o Beckett y \u00abSpiegel\u00bb, para hacer cotizar tambi\u00e9n una voz alemana, lo califica de \u00abBalzac light\u00bb.<\/p>\n<p>\u00abEs gibt nichts, was d\u00fcrrer, armseliger und gleichzeitig obskurer w\u00e4re\u00bb, urteilt der \u00abFigaro\u00bb, \u00abParis-Match\u00bb z\u00e4hlt gen\u00fcsslich auf, in welche Fettn\u00e4pfchen Houellebecq diesmal treten wird, \u00abLe Point\u00bb spricht vom \u00abauteur le plus trash de sa g\u00e9n\u00e9ration\u00bb, w\u00e4hrend Philippe Sollers den Roman allem Amerikanischem vorzieht, Fernando Arrabal Breton, Ionesco und Beckett als Vergleichsgr\u00f6ssen bem\u00fcht und der \u00abSpiegel\u00bb, um auch eine deutsche Stimme zu zitieren, die Qualifikation \u00abBalzac light\u00bb erteilt.<\/p>\n<p><strong>Charles Linsmayer. Der Bund, [29.08.05] : Wenn M\u00e4nner zu sehr lieben (\u00abCuando el sexo duro gusta demasiado\u00bb). (SUIZA)<\/strong><\/p>\n<p><a href=\"http:\/\/editorialhijosdemuleyrubio.com\/wp-content\/uploads\/2013\/06\/elperiodico.gif\"><img loading=\"lazy\" decoding=\"async\" class=\"alignleft size-full wp-image-759\" alt=\"elperiodico\" src=\"http:\/\/editorialhijosdemuleyrubio.com\/wp-content\/uploads\/2013\/06\/elperiodico.gif\" width=\"181\" height=\"30\" \/><\/a><\/p>\n<p>El dramaturgo espa\u00f1ol, Fernando Arrabal, amigo del escritor franc\u00e9s, ha puesto ya a la venta un libro de recuerdos, una especie de radiograf\u00eda viva, divertida, l\u00fadica e \u00edntima de la obra houellebecquiana.<\/p>\n<p><strong>Montse Capdevila. 25-08-05. El Peri\u00f3dico de Catalu\u00f1a (ESP).<\/strong><\/p>\n<p><a href=\"http:\/\/editorialhijosdemuleyrubio.com\/wp-content\/uploads\/2013\/06\/elmundo.gif\"><img loading=\"lazy\" decoding=\"async\" class=\"alignleft size-full wp-image-809\" alt=\"elmundo\" src=\"http:\/\/editorialhijosdemuleyrubio.com\/wp-content\/uploads\/2013\/06\/elmundo.gif\" width=\"147\" height=\"20\" \/><\/a><\/p>\n<p>&nbsp;<\/p>\n<p>&nbsp;<\/p>\n<p>El \u00faltimo basti\u00f3n del surrealismo present\u00f3 ayer en Par\u00eds su nuevo libro, \u00ab\u00a1Houellebecq!\u00bb. Se trata de un brillante libro homenaje al pol\u00e9mico escritor franc\u00e9s del mismo nombre\u00bb.<\/p>\n<p><strong>El Mundo. 30-3-05. (ESP).<\/strong><\/p>\n<p><a href=\"http:\/\/editorialhijosdemuleyrubio.com\/wp-content\/uploads\/2013\/07\/images-7.jpeg\"><img loading=\"lazy\" decoding=\"async\" class=\"alignleft size-medium wp-image-1055\" alt=\"images-7\" src=\"http:\/\/editorialhijosdemuleyrubio.com\/wp-content\/uploads\/2013\/07\/images-7-300x46.jpeg\" width=\"300\" height=\"46\" srcset=\"https:\/\/editorialhijosdemuleyrubio.com\/wp-content\/uploads\/2013\/07\/images-7-300x46.jpeg 300w, https:\/\/editorialhijosdemuleyrubio.com\/wp-content\/uploads\/2013\/07\/images-7.jpeg 569w\" sizes=\"auto, (max-width: 300px) 100vw, 300px\" \/><\/a><\/p>\n<p>&nbsp;<\/p>\n<p>&nbsp;<\/p>\n<p>\u00abLos brindis celebran la nueva obra del dramaturgo espa\u00f1ol m\u00e1s premiado y representado. Se publica esta semana en Espa\u00f1a con el t\u00edtulo \u00ab\u00a1Houellebecq!\u00bb. Es una recopilaci\u00f3n de prosa po\u00e9tica y narrativa, entrevistas, di\u00e1logos, fotos, pinturas y conversaciones\u00bb<\/p>\n<p><strong>Fernando Iturribarr\u00eda. 30-03-05. El Correo. (ESP)<\/strong><\/p>\n<p><a href=\"http:\/\/editorialhijosdemuleyrubio.com\/wp-content\/uploads\/2013\/07\/images2.jpeg\"><img loading=\"lazy\" decoding=\"async\" class=\"alignleft size-full wp-image-1058\" alt=\"images\" src=\"http:\/\/editorialhijosdemuleyrubio.com\/wp-content\/uploads\/2013\/07\/images2.jpeg\" width=\"115\" height=\"88\" \/><\/a><\/p>\n<p>\u00abEste no es un libro convencional (no s\u00e9 si viniendo de quien viene es necesario decirlo) y hay que ser osado para adentrarse en estos textos que juegan con el lenguaje una y otra vez, pero el intento ser\u00e1 provechoso. Ya hay muchos libros m\u00e1s normales por ah\u00ed que nos halagan siempre de alguna manera. Quiz\u00e1s quien lea \u00e9ste acabe interes\u00e1ndose en la filosof\u00eda neokantiana o en el positivismo de Comte, o en los bares de osos o en los escritores que aparecen en estas p\u00e1ginas\u00bb.<\/p>\n<p>&nbsp;<\/p>\n<p><strong>Rikardo Arregi D\u00edaz de Heredia. Mugalari. 28-5-05 (Gara). (ESP)<\/strong><\/p>\n<p><a href=\"http:\/\/editorialhijosdemuleyrubio.com\/wp-content\/uploads\/2013\/07\/DownloadedFile2.jpeg\"><img loading=\"lazy\" decoding=\"async\" class=\"alignleft size-medium wp-image-1059\" alt=\"DownloadedFile\" src=\"http:\/\/editorialhijosdemuleyrubio.com\/wp-content\/uploads\/2013\/07\/DownloadedFile2-300x111.jpeg\" width=\"300\" height=\"111\" srcset=\"https:\/\/editorialhijosdemuleyrubio.com\/wp-content\/uploads\/2013\/07\/DownloadedFile2-300x111.jpeg 300w, https:\/\/editorialhijosdemuleyrubio.com\/wp-content\/uploads\/2013\/07\/DownloadedFile2.jpeg 367w\" sizes=\"auto, (max-width: 300px) 100vw, 300px\" \/><\/a><\/p>\n<p>\u00abPor fin, asumiendo el papel de moscas cojoneras, rendimos un homenaje al borrador de Fernando Arrabal (que tiene no obstante el m\u00e9rito de incluir un poema soberbio e in\u00e9dito del autor de \u00abLas Part\u00edculas elementales\u00bb.<\/p>\n<p>Enfin, dans le r\u00f4le des mouches du coche, on rel\u00e8ve un hommage brouillon de Fernando Arrabal (qui a toutefois le m\u00e9rite de comprendre un superbe po\u00e8me in\u00e9dit de l\u00b9auteur des Particules \u00e9l\u00e9mentaires).<\/p>\n<p><strong>L&#8217;Opinion. 26-8-05. N\u00b02682 (FRA)<\/strong><\/p>\n<p><a href=\"http:\/\/editorialhijosdemuleyrubio.com\/wp-content\/uploads\/2013\/07\/images-11.jpeg\"><img loading=\"lazy\" decoding=\"async\" class=\"alignleft size-full wp-image-1060\" alt=\"images-1\" src=\"http:\/\/editorialhijosdemuleyrubio.com\/wp-content\/uploads\/2013\/07\/images-11.jpeg\" width=\"240\" height=\"77\" \/><\/a><\/p>\n<p>Odiado por los europeos conservadores, acusado de ped\u00f3filo, racista y promovedor del turismo sexual, insultado por las feministas y boicoteado por las editoriales, el escritor franc\u00e9s public\u00f3 su \u00faltima novela, \u00abLa posibilidad de una isla\u00bb, y se espera su visita al pa\u00eds para los primeros meses del 2006. \u00abLa posibilidad de una isla\u00bb es un beb\u00e9 que viene con marraqueta bajo el brazo, porque adem\u00e1s de recibir m\u00e1s de mil millones de pesos por su obra, se postula como seguro ganador al galard\u00f3n m\u00e1s importante de Francia, el Premio Goncourt, que se entregar\u00e1 en octubre de este a\u00f1o. El novelista no tiene fe en ganarlo, ya que acusa a las empresas editoriales de boicotear su candidatura en a\u00f1os anteriores: \u00abMe han eliminado de la lista de finalistas \u00a1por motivos morales!\u00bb, le reconoci\u00f3 al escritor espa\u00f1ol Fernando Arrabal.<\/p>\n<p><strong>Paulina Arancibia Cortez-Monroy. 14-9-05. Michel Houellebecq viene a Chile. Radiograf\u00eda a un par\u00e1sito postmoderno. (CHILE).<\/strong><\/p>\n<p><a href=\"http:\/\/editorialhijosdemuleyrubio.com\/wp-content\/uploads\/2013\/07\/DownloadedFile-12.jpeg\"><img loading=\"lazy\" decoding=\"async\" class=\"alignleft size-medium wp-image-1061\" alt=\"DownloadedFile-1\" src=\"http:\/\/editorialhijosdemuleyrubio.com\/wp-content\/uploads\/2013\/07\/DownloadedFile-12-300x58.jpeg\" width=\"300\" height=\"58\" srcset=\"https:\/\/editorialhijosdemuleyrubio.com\/wp-content\/uploads\/2013\/07\/DownloadedFile-12-300x58.jpeg 300w, https:\/\/editorialhijosdemuleyrubio.com\/wp-content\/uploads\/2013\/07\/DownloadedFile-12.jpeg 507w\" sizes=\"auto, (max-width: 300px) 100vw, 300px\" \/><\/a><\/p>\n<p>Con Cherche Midi aparece finalmente una \u00abdefensa\u00bb por el amigo de Houellebecq, el escritor y poeta espa\u00f1ol Fernando Arrabal: una l\u00ednea de un poema del libro de Arrabal don\u00f3 el t\u00edtulo al nuevo libro de Houellebecq.<\/p>\n<p>Bei Cherche Midi erscheint schlie\u00dflich eine \u00abVerteidigung\u00bb durch Houellebecqs Freund, den spanischen Schriftsteller und Lyriker Fernando Arrabal (mehr); eine Gedichtzeile Arrabals stiftete den Titel von Houellebecqs neuem Buch.<\/p>\n<p><strong>23-8-05. Perlentaucher Medien GmbH. Chausseestra\u00dfe 8. 10115 Berlin (ALE)<\/strong><\/p>\n<p><a href=\"http:\/\/editorialhijosdemuleyrubio.com\/wp-content\/uploads\/2013\/07\/logo1.jpg\"><img loading=\"lazy\" decoding=\"async\" class=\"alignleft size-full wp-image-1062\" alt=\"logo\" src=\"http:\/\/editorialhijosdemuleyrubio.com\/wp-content\/uploads\/2013\/07\/logo1.jpg\" width=\"245\" height=\"102\" \/><\/a><\/p>\n<p>V\u00e0 sau ch\u00f3t, nh\u01b0 lo\u1ea1t ph\u00e1o b\u00f4ng k\u1ebft th\u00fac bu\u1ed5i l\u1ec5, c\u00f3 b\u1ed1n t\u1eadp s\u00e1ch nghi\u00ean c\u1ee9u hi\u1ec7n t\u01b0\u1ee3ng Michel Houellebecq \u0111\u1ed3ng lo\u1ea1t ra \u0111\u1eddi, v\u1edbi nh\u1eefng nhan \u0111\u1ec1 r\u1ea5t \u01b0 l\u00f4i cu\u1ed1n. Xin k\u1ec3: Jean-Francois Patrico v\u1edbi\u00a0<em>Houellebecq hay l\u00e0 con ng\u01b0\u1eddi kh\u00f4ng ng\u1ea1i khi\u00eau kh\u00edch h\u1eb1ng ng\u00e0y<\/em>; Fernando\u00a0 Arrabal v\u1edbi\u00a0<em>Houellebecq<\/em>; Dominique Demopion v\u1edbi<em>\u00a0Houellebecq, \u0111i\u1ec1u tra (tr\u00e1i ph\u00e9p) v\u1ec1 m\u1ed9t hi\u1ec7n t\u01b0\u1ee3ng<\/em>; v\u00e0 Eric Naulleau,<em>\u00a0Ch\u1ebft ch\u01b0a, Houellebecq l\u1ea1i l\u00f3 m\u1eb7t n\u1eefa k\u00eca<\/em>. Nh\u1eefng nhan \u0111\u1ec1 h\u1ebft s\u1ee9c h\u1ea5p d\u1eabn, v\u00ec n\u00f3 ng\u1ea5m ng\u1ea7m \u0111\u1ed1i ch\u1ecdi nhau &#8211; m\u00e0 kh\u00f4ng c\u00f3 c\u00e1ch n\u00e0o\u00a0 hi\u1ec7u nghi\u1ec7m h\u01a1n \u0111\u1ec3 s\u00e1ch b\u00e1n ch\u1ea1y b\u1eb1ng c\u00e1ch g\u00e2y n\u00ean tranh c\u00e3i xung quanh cu\u1ed1n s\u00e1ch v\u00e0 t\u00e1c gi\u1ea3 c\u1ee7a n\u00f3.<\/p>\n<p><strong>(2-9-05)\u2028\u2028(VIETNAM)<\/strong><\/p>\n<p><a href=\"http:\/\/editorialhijosdemuleyrubio.com\/wp-content\/uploads\/2013\/07\/DownloadedFile-22.jpeg\"><img loading=\"lazy\" decoding=\"async\" class=\"alignleft size-full wp-image-1063\" alt=\"DownloadedFile-2\" src=\"http:\/\/editorialhijosdemuleyrubio.com\/wp-content\/uploads\/2013\/07\/DownloadedFile-22.jpeg\" width=\"268\" height=\"188\" \/><\/a><\/p>\n<p>&nbsp;<\/p>\n<p>I dok Fayard koji je otkupio totalnog igraca za kojih 1,3 milijuna eura (s tim da ce najvjerojatnije autor iskoristiti prava ekranizacije vlastita romana) objavljuje Mogucnost jednog otoka, nakladnik Chiflet&amp;Cie vi\u0161e kao najavu \u00abromana godine\u00bb objavljuje U pomoc, sti\u017ee Houellebecq! Erica Naulleaua, a nakladnik Maren Sell u istom tonu dobrodo\u0161lice Houellebecq, anketa (neautorizirana) jednog fenomena Denisa Demonpiona, neutralnijeg je tona Jean-Fran\u00e7ois Patricoleov Houellebecq ili neprekidna provokacija, a Fernando Arrabal ne krije svoje odu\u0161evljenje u knjizi Houellebecq.<\/p>\n<p><strong>Yves-Alexandre Tripkovic. 07.09.2005.<\/strong><\/p>\n<p>&nbsp;<\/p>\n<p>&nbsp;<\/p>\n<p><a href=\"http:\/\/editorialhijosdemuleyrubio.com\/wp-content\/uploads\/2013\/07\/DownloadedFile-32.jpeg\"><img loading=\"lazy\" decoding=\"async\" class=\"alignleft size-full wp-image-1064\" alt=\"DownloadedFile-3\" src=\"http:\/\/editorialhijosdemuleyrubio.com\/wp-content\/uploads\/2013\/07\/DownloadedFile-32.jpeg\" width=\"224\" height=\"225\" srcset=\"https:\/\/editorialhijosdemuleyrubio.com\/wp-content\/uploads\/2013\/07\/DownloadedFile-32.jpeg 224w, https:\/\/editorialhijosdemuleyrubio.com\/wp-content\/uploads\/2013\/07\/DownloadedFile-32-150x150.jpeg 150w\" sizes=\"auto, (max-width: 224px) 100vw, 224px\" \/><\/a><\/p>\n<p>\u00bfSeg\u00fan usted, por qu\u00e9 escogi\u00f3 este t\u00edtulo, \u00abLa Posibilidad de una Isla\u00bb?: \u00abEs el \u00faltimo verso de un poema que est\u00e1 inclu\u00eddo en mi libro. La isla evoca el aislamiento. Como un oasis, esta isla es tambi\u00e9n la transposici\u00f3n del mundo ideal del que habla\u00bb.\u2028Selon vous, pourquoi a-t-il choisi ce titre, La Possibilit\u00e9 d\u00b9une \u00eele? C\u00b9est le dernier vers d\u00b9un po\u00e8me qui est retranscrit dans mon livre. L\u00b9\u00eele \u00e9voque l\u00b9isolement. Comme une oasis, cette \u00eele est aussi la transposition du monde id\u00e9al dont il parle.<\/p>\n<p><strong>20 Minutes. 31-8-05. (FRA)<\/strong><\/p>\n<p>&nbsp;<\/p>\n<p>&nbsp;<\/p>\n<p>&nbsp;<\/p>\n<p>&nbsp;<\/p>\n<p><a href=\"http:\/\/editorialhijosdemuleyrubio.com\/wp-content\/uploads\/2013\/06\/ideal.jpg\"><img loading=\"lazy\" decoding=\"async\" class=\"alignleft size-full wp-image-761\" alt=\"ideal\" src=\"http:\/\/editorialhijosdemuleyrubio.com\/wp-content\/uploads\/2013\/06\/ideal.jpg\" width=\"256\" height=\"43\" \/><\/a><\/p>\n<p>Y la sorpresa de su \u00faltimo libro, \u00ab\u00a1Houellebecq!\u00bb, una edici\u00f3n con signo almeriense, art\u00edculos de Arrabal sobre el novelista franc\u00e9s seleccionados por Federico Utrera y L\u00f3pez Bretones\u00bb.<\/p>\n<p><strong>Miguel Angel Blanco. Ideal Almer\u00eda. 13-5-05 (ESP)<\/strong><\/p>\n<p>&nbsp;<\/p>\n<p><a href=\"http:\/\/editorialhijosdemuleyrubio.com\/wp-content\/uploads\/2013\/06\/lavozdealmeria.jpg\"><img loading=\"lazy\" decoding=\"async\" class=\"alignleft size-full wp-image-770\" alt=\"lavozdealmeria\" src=\"http:\/\/editorialhijosdemuleyrubio.com\/wp-content\/uploads\/2013\/06\/lavozdealmeria.jpg\" width=\"222\" height=\"30\" \/><\/a><\/p>\n<p>La editorial de Federico Utrera, Hijos de Muley-Rubio, sac\u00f3 esta primavera \u00ab\u00a1Houellebecq!\u00bb, de Fernando Arrabal, en edici\u00f3n de dos almerienses, el director de la editorial, Utrera, y el poeta y director del CAMA, Jos\u00e9 Luis L\u00f3pez Bretones\u00bb.<\/p>\n<p><strong>La Voz de Almer\u00eda. 28-8-05 (ESP)<\/strong><\/p>\n<p><a href=\"http:\/\/editorialhijosdemuleyrubio.com\/wp-content\/uploads\/2013\/06\/elcultural.jpg\"><img loading=\"lazy\" decoding=\"async\" class=\"alignleft size-full wp-image-764\" alt=\"elcultural\" src=\"http:\/\/editorialhijosdemuleyrubio.com\/wp-content\/uploads\/2013\/06\/elcultural.jpg\" width=\"128\" height=\"30\" \/><\/a><\/p>\n<p>&nbsp;<\/p>\n<p>Querido Arrabal: \u00bfpara cuando una obra con tus amigos Kundera y Houellebecq como personajes? A \u00e9ste ya le has dedicado un libro.<\/p>\n<p><strong>Juan Palomo. El Cultural (El Mundo). 26-5-05 (ESP)<\/strong><\/p>\n<p><strong>Webs y Blogs:<\/strong><\/p>\n<p><a href=\"http:\/\/editorialhijosdemuleyrubio.com\/wp-content\/uploads\/2013\/07\/massou.jpg\"><img loading=\"lazy\" decoding=\"async\" class=\"alignleft size-full wp-image-1070\" alt=\"massou\" src=\"http:\/\/editorialhijosdemuleyrubio.com\/wp-content\/uploads\/2013\/07\/massou.jpg\" width=\"265\" height=\"63\" \/><\/a>Houellebecq vuelve, y todo pierde la cabeza: biograf\u00eda elogiosa de Arrabal por aqu\u00ed, libelo arisco y parcialmente injusto de otro, el hombre no deja indiferente, desde \u00abPlataforma\u00bb. El hombre no desciende, a pesar de su silencio largo, a pesar de su alejamiento, no desciende del pedestal a la vez fr\u00e1gil y macizo sobre el cual la \u00e9poca le coloc\u00f3, esta misma \u00e9poca que le fustiga tan duramente en sus novelas, no sin humor sin embargo, no sin finura, aunque desagrade a algunos.<\/p>\n<p>Houellebecq revient, et tout s&#8217;affole, biographie \u00e9logieuse d&#8217;Arrabal par ici, pamphlet hargneux et partiellement injuste de l&#8217;autre, l&#8217;homme ne laisse pas indiff\u00e9rent, depuis Plateforme. L&#8217;homme n&#8217;est pas descendu, en d\u00e9pit de son long silence, en d\u00e9pit de son \u00e9loignement, n&#8217;est pas descendu du pi\u00e9destal \u00e0 la fois fragile et massif sur lequel l&#8217;\u00e9poque l&#8217;a plac\u00e9, cette \u00e9poque m\u00eame qu&#8217;il fustige si durement dans ses romans, non sans humour pourtant, non sans finesse, n&#8217;en d\u00e9plaise \u00e0 certains.<\/p>\n<p><strong>Lilian Massoulier. Tounews (Tolouse). 25-8-05. (FRA)<\/strong><\/p>\n<p><a href=\"http:\/\/editorialhijosdemuleyrubio.com\/wp-content\/uploads\/2013\/07\/estrella.jpeg\"><img loading=\"lazy\" decoding=\"async\" class=\"alignleft size-medium wp-image-1071\" alt=\"estrella\" src=\"http:\/\/editorialhijosdemuleyrubio.com\/wp-content\/uploads\/2013\/07\/estrella-300x49.jpeg\" width=\"300\" height=\"49\" srcset=\"https:\/\/editorialhijosdemuleyrubio.com\/wp-content\/uploads\/2013\/07\/estrella-300x49.jpeg 300w, https:\/\/editorialhijosdemuleyrubio.com\/wp-content\/uploads\/2013\/07\/estrella.jpeg 419w\" sizes=\"auto, (max-width: 300px) 100vw, 300px\" \/><\/a><\/p>\n<p>\u00ab\u00a1Houellebecq!\u00bb es una serie de poemas y prosas publicados por Arrabal en peri\u00f3dicos de todo el mundo sobre el pol\u00e9mico escritor franc\u00e9s, que fue declarado inocente en un proceso judicial reciente donde se le acusaba de incitaci\u00f3n al odio racial por sus afirmaciones sobre la religi\u00f3n musulmana\u00bb.<\/p>\n<p><strong>Estrella Digital. 30-3-05. (ESP)<\/strong><\/p>\n<p><a href=\"http:\/\/editorialhijosdemuleyrubio.com\/wp-content\/uploads\/2013\/07\/nuel.jpg\"><img loading=\"lazy\" decoding=\"async\" class=\"alignleft size-medium wp-image-1068\" alt=\"nuel\" src=\"http:\/\/editorialhijosdemuleyrubio.com\/wp-content\/uploads\/2013\/07\/nuel-300x44.jpg\" width=\"300\" height=\"44\" srcset=\"https:\/\/editorialhijosdemuleyrubio.com\/wp-content\/uploads\/2013\/07\/nuel-300x44.jpg 300w, https:\/\/editorialhijosdemuleyrubio.com\/wp-content\/uploads\/2013\/07\/nuel.jpg 646w\" sizes=\"auto, (max-width: 300px) 100vw, 300px\" \/><\/a><\/p>\n<p>Lo primero que nos sorprende y molesta son las repeticiones in\u00fatiles, las mismas frases servidas de nuevo de un art\u00edculo al otro, antes de encontrarles un efecto literario de ensayo, como la t\u00e9cnica de un pintor que proceder\u00eda por peque\u00f1os toques, vueltas, salientes y circulos, para precisar poco a poco el motivo completo de su lienzo. Estos ensayos producen una suerte de encantamiento, y en las s\u00edntesis po\u00e9ticas y cortocircuitos del sentido, Arrabal encuentra f\u00f3rmulas que son aut\u00e9nticas revelaciones, como por ejemplo, sobre la clonaci\u00f3n: \u00abLancelot du Lac, caballero de la Mesa Redonda, fue purificado por el Grial como Houellebecq por la clonaci\u00f3n\u00bb. \u00a1Y Lanzarote es Lancelot en espa\u00f1ol!<\/p>\n<p>Proc\u00e9dant par fragments, \u00bb arrabalesques \u00bb et \u00bb jaculatoires \u00ab, sacrifiant \u00e0 son go\u00fbt pour la d\u00e9finition et l\u00b9\u00e9tymologie, Arrabal tourne autour de son sujet, autour de ses th\u00e8mes et de ses obsessions, Houellebecq n\u00b9\u00e9tant plus qu\u00b9une des \u00e9toiles de sa galaxie mentale. Il parle aussi beaucoup de lui-m\u00eame, de ses amis et connaissances vivants ou disparus (Beigbeder, Kundera, Benny L\u00e9vy, John Lennon, Yoko Ono, Hallier \u0160). On est d\u00b9abord surpris et g\u00ean\u00e9 par les redites, les m\u00eames phrases resservant d\u00b9un article \u00e0 l\u00b9autre, avant de leur trouver un effet litt\u00e9raire de r\u00e9p\u00e9tition, comme la technique d\u00b9un peintre qui proc\u00e9derait par petites touches, retours, avanc\u00e9es circulaires, pour pr\u00e9ciser peu \u00e0 peu le motif complet de sa toile. Ces r\u00e9p\u00e9titions deviennent une sorte d\u00b9incantation, et dans les raccourcis po\u00e9tiques, les courts-circuits du sens, Arrabal trouve des formules qui sont des r\u00e9v\u00e9lations, celle par exemple sur le clonage : \u00bb Lancelot du Lac, chevalier de la Table Ronde, r\u00eavait d\u00b9\u00eatre purifi\u00e9 par le Graal comme Houellebecq par le clonage. \u00bb Et Lanzarotte est Lancelot en espagnol !<\/p>\n<p><strong>Jean-Jacques Nuel. \u00abHouellebecq, par Arrabal\u00bb. nuel.hautetfort.com. 24-8-05. (FRA)<\/strong><\/p>\n<p><a href=\"http:\/\/editorialhijosdemuleyrubio.com\/wp-content\/uploads\/2013\/07\/jeuxActu.jpg\"><img loading=\"lazy\" decoding=\"async\" class=\"alignleft size-full wp-image-1077\" alt=\"jeuxActu\" src=\"http:\/\/editorialhijosdemuleyrubio.com\/wp-content\/uploads\/2013\/07\/jeuxActu.jpg\" width=\"250\" height=\"65\" \/><\/a><\/p>\n<p>As\u00ed como a menudo el medio literario comienza a agitarse, a veces se plantea cuestiones m\u00e1s fundamentales unas que otras: \u00bfHouellebecq ser\u00e1 Goncourt 2005? (Este premio le hab\u00eda sido negado en 2001 por Plataforma). Beigbeder, su amigo y antiguo editor en la casa editorial Flammarion, afirma que s\u00ed. Fernando Arrabal, otro amigo de Houellebecq, hasta se plantea la cuesti\u00f3n en L\u00b4Express del 31 de julio para saber si \u00abLa Posibilidad de una isla\u00bb no es simplemente la novela m\u00e1s grande de este nuevo milenio.<\/p>\n<p>Comme souvent, le milieu de la litt\u00e9rature commence \u00e0 s&#8217;agiter, \u00e0 et se pose des questions toutes plus fondamentales les unes que les autres : Houellebecq sera-t-il le Goncourt 2005 ? (Ce prix lui avait \u00e9t\u00e9 refus\u00e9 en 2001 pour Plateforme). Beigbeder, son ami et ancien \u00e9diteur chez Flammarion, affirme que oui. Fernando Arrabal, autre ami de Houellebecq, se pose m\u00eame la question dans L&#8217;Express du 31 juillet de savoir si La Possibilit\u00e9 d&#8217;une \u00eele n&#8217;est pas smplement le plus grand roman de ce nouveau mill\u00e9naire.\u2028Franz Durupt. Redactor de OteraGame (y ex-JeuxActu, deseo precisar). 2-8-05. JeuxActu.com. R\u00e9dacteur OteraGame (et ex-JeuxActu, j&#8217;aime le pr\u00e9ciser).<\/p>\n<p><strong>02 Ao\u00fb, 2005. JeuxActu.com (FRA)<\/strong><\/p>\n<p><a href=\"http:\/\/editorialhijosdemuleyrubio.com\/wp-content\/uploads\/2013\/07\/la-republique-des-livres.jpeg\"><img loading=\"lazy\" decoding=\"async\" class=\"alignleft size-full wp-image-1069\" alt=\"la republique des livres\" src=\"http:\/\/editorialhijosdemuleyrubio.com\/wp-content\/uploads\/2013\/07\/la-republique-des-livres.jpeg\" width=\"241\" height=\"134\" \/><\/a><\/p>\n<p>Houellebecq\u00bb de Arrabal es un libro ovni que no procura gustar, un objeto verdadero que se entrega a qui\u00e9n lo lee en todos los sentidos y que devuelve al gusto de hoy en d\u00eda una vieja tradici\u00f3n literaria: las tertulias de sal\u00f3n entre escritores. Entre f\u00fatil y lindo, entre serio y surrealista. Desde luego es un ejercicio un poco narcisista, megal\u00f3mano y movido pero esto no carece de encanto y no se parece a ning\u00fan otro escrito de la reentr\u00e9 literaria. Merece pues un aplauso por su originalidad. Una verdadera curiosidad que pese a lo que lo diga Pierre cumple bastante bien sus expectativas. \u00a1 Arrabalesco!<\/p>\n<p>\u00abHouellebecq\u00bb d&#8217;Arrabal est un livre ovni qui ne cherche pas \u00e0 plaire, un v\u00e9ritable objet livre qui se lit dans tous les sens et qui remet au go\u00fbt du jour une vieille tradition litt\u00e9raire : les discussions de salon entre \u00e9crivains. Entre futile et croquignole, entre s\u00e9rieux et surr\u00e9aliste.<\/p>\n<p><strong>Liliane. La r\u00e9publique des livres. 16-8-05 (FRA)<\/strong><\/p>\n<p><a href=\"http:\/\/editorialhijosdemuleyrubio.com\/wp-content\/uploads\/2013\/07\/manga.jpg\"><img loading=\"lazy\" decoding=\"async\" class=\"alignleft size-medium wp-image-1076\" alt=\"manga\" src=\"http:\/\/editorialhijosdemuleyrubio.com\/wp-content\/uploads\/2013\/07\/manga-300x69.jpg\" width=\"300\" height=\"69\" srcset=\"https:\/\/editorialhijosdemuleyrubio.com\/wp-content\/uploads\/2013\/07\/manga-300x69.jpg 300w, https:\/\/editorialhijosdemuleyrubio.com\/wp-content\/uploads\/2013\/07\/manga.jpg 363w\" sizes=\"auto, (max-width: 300px) 100vw, 300px\" \/><\/a>A Arrabal nos lo hicieron leer como obra obligatoria en el instituto: \u00abPic Nic\u00bb, \u00abEl laberinto\u00bb y \u00abEl Triciclo\u00bb en aquellas ediciones negras de C\u00e1tedra. Si yo fuese profesor de literatura pondr\u00eda las im\u00e1genes de un Fernando magistral desesperando al erudito S\u00e1nchez Drag\u00f3 para entender a uno de los grandes dramaturgos del siglo XX. Inmediatamente todos los alumnos leer\u00edan a Arrabal con devoci\u00f3n y por placer&#8230;que es como hay que leer. (a mi estas manos locas frente a la cara del genio me recuerdan a un querido amigo que un d\u00eda \u00abcasi vio un ovni\u00bb). Su \u00faltimo libro se titula \u00abHouellebecq\u00bb, apellido del mejor escritor franc\u00e9s de los \u00faltimos a\u00f1os. Conoc\u00ed a Michel Houellebecq hace alg\u00fan tiempo al leer su novela \u00abPlataforma\u00bb que Fernando Arrabal considera \u00abel tratado de moral y el poema l\u00edrico de nuestro tiempo\u00bb. Ya s\u00e9 cual es el pr\u00f3ximo libro que me voy a comprar: \u00abHouellebecq\u00bb de Fernando Arrabal.<\/p>\n<p><strong>Mangallous (Una vision personal con fecha de caducidad).\u00a030-3-05: Genio al cuadrado (ESP)<\/strong><\/p>\n<p><a href=\"http:\/\/editorialhijosdemuleyrubio.com\/wp-content\/uploads\/2013\/07\/arrabal.jpeg\"><img loading=\"lazy\" decoding=\"async\" class=\"alignleft size-full wp-image-1072\" alt=\"arrabal\" src=\"http:\/\/editorialhijosdemuleyrubio.com\/wp-content\/uploads\/2013\/07\/arrabal.jpeg\" width=\"280\" height=\"167\" \/><\/a>Hijos de Mulley Rubio: \u2028Fratellos (de la caridad) und brothers (bajo el Big del ruedo) de Federico Utrera. \u2028Editor \u00e9ste (al oeste y al margen del poder) \u2028virgen, por decencia, santo por docencia y m\u00e1rtir por independencia. \u2028En marzo de 2005 public\u00f3 \u00ab\u00a1Houellebecq!\u00bb de Arrabal. \u2028Una edici\u00f3n \u00fanica de 1000 ejemplares; a\u00fan no agotados en septiembre. \u2028Para que le acaricien musicalmente el editor recibi\u00f3 de Par\u00eds las 23 p\u00e1ginas sobre este libro\u2028aparecidas en la prestigiosa \u00abLa Revue Litt\u00e9raire\u00bb. \u2028Se unen al concierto de \u00abLa Nouvelle Revue Fran\u00e7aise\u00bb (Gallimard septiembre), \u2028\u00bbLes carnets du Rond-Point\u00bb (n\u00famero 3-4), \u2028\u00bbViridis Candela\u00bb (n\u00famero 21), \u2028\u00bbL&#8217;Atelier du roman\u00bb (n\u00famero 44 de septiembre) que anima Milan Kundera, etc.<\/p>\n<p><strong>Arrabal.org. 31\/03\/2005. Arrabal: Hijos de Mulley Rubio<\/strong><\/p>\n<p>&nbsp;<\/p>\n<p><strong>LO PEOR<\/strong><\/p>\n<p><a href=\"http:\/\/editorialhijosdemuleyrubio.com\/wp-content\/uploads\/2013\/07\/infierno.jpg\"><img loading=\"lazy\" decoding=\"async\" class=\"alignleft size-medium wp-image-1073\" alt=\"infierno\" src=\"http:\/\/editorialhijosdemuleyrubio.com\/wp-content\/uploads\/2013\/07\/infierno-300x52.jpg\" width=\"300\" height=\"52\" srcset=\"https:\/\/editorialhijosdemuleyrubio.com\/wp-content\/uploads\/2013\/07\/infierno-300x52.jpg 300w, https:\/\/editorialhijosdemuleyrubio.com\/wp-content\/uploads\/2013\/07\/infierno.jpg 596w\" sizes=\"auto, (max-width: 300px) 100vw, 300px\" \/><\/a>Como me tem\u00eda, la operaci\u00f3n Houellebecq (Michel), orquestando el lanzamiento de su nueva \u00abnovela\u00bb, La possibilit\u00e9 d&#8217;une ile (Fayard), roza lo nauseabundo. Hay quienes piensan que Houellebecq es \u00abel mejor escritor de su generaci\u00f3n\u00bb. Fernando Arrabal forma parte de esa secta, de la que no puedo formar parte, por razones higi\u00e9nicas: el personaje y sus historias me produce un asco profundo.<\/p>\n<p><strong>J.P. Qui\u00f1onero. 27-8-05. Una temporada en el infierno (Arte, Cultura, Historia, Pensamiento, Exilios, Proscritos, Ca\u00edna&#8230;): Houellebecq, Cultura, Negocios y Especulaci\u00f3n con el Odio. (ESP)<\/strong><\/p>\n<p><a href=\"http:\/\/editorialhijosdemuleyrubio.com\/wp-content\/uploads\/2013\/07\/DownloadedFile-23.jpeg\"><img loading=\"lazy\" decoding=\"async\" class=\"alignleft size-full wp-image-1075\" alt=\"DownloadedFile-2\" src=\"http:\/\/editorialhijosdemuleyrubio.com\/wp-content\/uploads\/2013\/07\/DownloadedFile-23.jpeg\" width=\"196\" height=\"257\" \/><\/a>Adem\u00e1s de una abundancia de observaciones superfluas, la construcci\u00f3n ca\u00f3tica, en peque\u00f1os p\u00e1rrafos, no convence apenas. Un ensayo \u00abconvencional\u00bb, con desarrollos m\u00e1s extensos, hubiese sido m\u00e1s juicioso&#8230; El veredicto: hay algunas buenas informaciones sobre Houellebecq y algunos an\u00e1lisis extravagantes. Pero el lado Iznogoud* -quiero ser Houellebecq en lugar de Houellebecq- es m\u00e1s bien cansino.<\/p>\n<p>Iznogoud*: Pel\u00edcula de producci\u00f3n francesa rodada en Marruecos. Basada en el famoso comic franc\u00e9s IZNOGOUD escrito por el autor Tabary. Dirigida por Patrick Braoud\u00e9 e interpretada por Micha\u00ebl Youn, Jacques Villeret y Elsa Pataky. Cuenta las desventuras de un visir que quiere ser \u00abCalifa en lugar del Califa\u00bb, para ello intentar\u00e1 acabar con \u00e9l como sea. Elsa Pataky interpreta a una sirvienta que suplantar\u00e1 a la princesa para evitar que sea secuestrada por el malvado visir Iznogoud.<\/p>\n<p>Outre une abondance de remarques superflues, la construction chaotique, en petits paragraphes, ne convainc gu\u00e8re. Un essai \u00abconventionnel\u00bb, avec de larges d\u00e9veloppements, e\u00fbt \u00e9t\u00e9 plus judicieux&#8230; Le verdict Il y a bien quelques informations sur Houellebecq et quelques analyses farfelues. Mais le c\u00f4t\u00e9 Iznogoud &#8211; je veux \u00eatre Houellebecq \u00e0 la place de Houellebecq &#8211; est plut\u00f4t lassant.<\/p>\n<p><strong>Olivier Le Naire. Sept-05. Lire.Le myst\u00e8re Houellebecq: Quatre documents au banc d&#8217;essai. (El misterio Houellebecq. Cuatro documentos al banco de pruebas) (FRA)<\/strong><\/p>\n<p>&nbsp;<\/p>\n<p><a href=\"http:\/\/editorialhijosdemuleyrubio.com\/wp-content\/uploads\/2013\/06\/elcultural.jpg\"><img loading=\"lazy\" decoding=\"async\" class=\"alignleft size-full wp-image-764\" alt=\"elcultural\" src=\"http:\/\/editorialhijosdemuleyrubio.com\/wp-content\/uploads\/2013\/06\/elcultural.jpg\" width=\"128\" height=\"30\" \/><\/a>\u00abLas afinidades entre los dos incluyen sus nacimientos respectivos en Africa, y una larga serie de intereses comunes, desde las matem\u00e1ticas y el sexo hasta el ajedrez, la m\u00fasica o las relaciones entre religi\u00f3n y ciencia. Estos temas asoman una y otra vez en un texto reiterativo a resultas del aluvi\u00f3n de documentos que lo componen\u00bb.<\/p>\n<p><strong>Dar\u00edo Villanueva. 14-4-05. El Cultural (El Mundo). (ESP)<\/strong><\/p>\n<p><a href=\"http:\/\/editorialhijosdemuleyrubio.com\/wp-content\/uploads\/2013\/07\/DownloadedFile-8.jpeg\"><img loading=\"lazy\" decoding=\"async\" class=\"alignleft size-medium wp-image-1038\" alt=\"DownloadedFile-8\" src=\"http:\/\/editorialhijosdemuleyrubio.com\/wp-content\/uploads\/2013\/07\/DownloadedFile-8-300x69.jpeg\" width=\"300\" height=\"69\" srcset=\"https:\/\/editorialhijosdemuleyrubio.com\/wp-content\/uploads\/2013\/07\/DownloadedFile-8-300x69.jpeg 300w, https:\/\/editorialhijosdemuleyrubio.com\/wp-content\/uploads\/2013\/07\/DownloadedFile-8.jpeg 465w\" sizes=\"auto, (max-width: 300px) 100vw, 300px\" \/><\/a><\/p>\n<p>Las pruebas del libro, clasificadas secreto de estado para cortar la hierba bajo los pies a la cr\u00edtica, son destiladas a raros elegidos encargados de lanzar un rumor favorable. As\u00ed, el escritor Fernando Arrabal, grande y querido amigo de Houellebecq, afirma por todas partes que encuentra el libro formidable, \u00ablo mejor\u00bb, y hasta se lo conf\u00eda a \u00abLivres Hebdo\u00bb&#8230;<\/p>\n<p>Les \u00e9preuves du livre, class\u00e9es secret d\u00e9fense pour couper l&#8217;herbe sous le pied \u00e0 la critique, sont distill\u00e9es \u00e0 de rares \u00e9lus charg\u00e9s de lancer une rumeur favorable. Ainsi l&#8217;\u00e9crivain Fernando Arrabal, grand ami de Houellebecq, affirme partout qu&#8217;il trouve le livre formidable, \u00abson meilleur\u00bb, confie-t-il m\u00eame \u00e0 Livres Hebdo<\/p>\n<p><strong>Olivier Le Naire. L&#8217;Express. 15\/08\/2005. Houellebecq fait son clone. Mise en orbite<\/strong><\/p>\n<p><a href=\"http:\/\/editorialhijosdemuleyrubio.com\/wp-content\/uploads\/2013\/06\/babelia1.jpg\"><img loading=\"lazy\" decoding=\"async\" class=\"alignleft size-full wp-image-762\" alt=\"babelia\" src=\"http:\/\/editorialhijosdemuleyrubio.com\/wp-content\/uploads\/2013\/06\/babelia1.jpg\" width=\"128\" height=\"42\" \/><\/a>\u00abEste libro inclasificable contiene (&#8230;) conversaciones en las que estos dos perif\u00e9ricos hablan de religi\u00f3n, sexo, ciencia, pol\u00edticos y, por supuesto, de s\u00ed mismos: \u00abNo soy una persona valiente\u00bb (MH), \u00abEl coraje no me parece una virtud\u00bb (FA).<\/p>\n<p><strong>Babelia (El Pa\u00eds) 28-5-05. (ESP)<\/strong><\/p>\n<p><a href=\"http:\/\/editorialhijosdemuleyrubio.com\/wp-content\/uploads\/2013\/06\/lavozdealmeria.jpg\"><img loading=\"lazy\" decoding=\"async\" class=\"alignleft size-full wp-image-770\" alt=\"lavozdealmeria\" src=\"http:\/\/editorialhijosdemuleyrubio.com\/wp-content\/uploads\/2013\/06\/lavozdealmeria.jpg\" width=\"222\" height=\"30\" \/><\/a><\/p>\n<p>\u00abEstamos en un a\u00f1o biblioc\u00f3smico y el reciente libro (timo recopilatorio) \u00ab\u00a1Houellebecq!\u00bb de Arrabal debe lanzarse igualmente a la hoguera de lo pol\u00edticamente correcto y del esc\u00e1ndalo\u00bb.<\/p>\n<p><strong>F. J. Cort\u00e9s. La Voz de Almer\u00eda. (ESP)<\/strong><\/p>\n<p><a href=\"http:\/\/editorialhijosdemuleyrubio.com\/wp-content\/uploads\/2013\/07\/DownloadedFile-33.jpeg\"><img loading=\"lazy\" decoding=\"async\" class=\"alignleft size-full wp-image-1078\" alt=\"DownloadedFile-3\" src=\"http:\/\/editorialhijosdemuleyrubio.com\/wp-content\/uploads\/2013\/07\/DownloadedFile-33.jpeg\" width=\"216\" height=\"234\" \/><\/a>\u00abFernando Arrabal saca provecho de su amistad con Houellebecq para ofrecernos parte de las memorias que guarda de sus encuentros con \u00e9l en \u00abHouellebecq\u00bb (\u00e9d. Le Cherche Midi)\u00bb.<\/p>\n<p>Fernando Arrabal profite de son amiti\u00e9 avec Houellebecq pour nous faire part des souvenirs qu&#8217;il garde de ses rencontres avec lui dans Houellebecq (\u00e9d. Le cherche midi).<\/p>\n<p><strong>Jocelyne Lepage. La Presse. 7-8-05. (FRA)<\/strong><\/p>\n<p>&nbsp;<\/p>\n<p><a href=\"http:\/\/editorialhijosdemuleyrubio.com\/wp-content\/uploads\/2013\/07\/images-12.jpeg\"><img loading=\"lazy\" decoding=\"async\" class=\"alignleft size-medium wp-image-1074\" alt=\"images-1\" src=\"http:\/\/editorialhijosdemuleyrubio.com\/wp-content\/uploads\/2013\/07\/images-12-300x75.jpeg\" width=\"300\" height=\"75\" srcset=\"https:\/\/editorialhijosdemuleyrubio.com\/wp-content\/uploads\/2013\/07\/images-12-300x75.jpeg 300w, https:\/\/editorialhijosdemuleyrubio.com\/wp-content\/uploads\/2013\/07\/images-12.jpeg 320w\" sizes=\"auto, (max-width: 300px) 100vw, 300px\" \/><\/a><\/p>\n<p>El espa\u00f1ol Fernando Arrabal, que publica este mes un libro de conversaciones con Houellebecq, fue autorizado a destilar algunos comentarios prudentes.<\/p>\n<p><strong>Eduardo Febbro. 29-8-05. P\u00e1gina 12. Radar. Houellebecq y la clonaci\u00f3n del mercado. (ARGENTINA)<\/strong><\/p>\n<p><strong>Webs y Blogs:<\/strong><\/p>\n<p><a href=\"http:\/\/editorialhijosdemuleyrubio.com\/wp-content\/uploads\/2013\/07\/resonancias.jpg\"><img loading=\"lazy\" decoding=\"async\" class=\"alignleft size-medium wp-image-1079\" alt=\"resonancias\" src=\"http:\/\/editorialhijosdemuleyrubio.com\/wp-content\/uploads\/2013\/07\/resonancias-300x168.jpg\" width=\"300\" height=\"168\" srcset=\"https:\/\/editorialhijosdemuleyrubio.com\/wp-content\/uploads\/2013\/07\/resonancias-300x168.jpg 300w, https:\/\/editorialhijosdemuleyrubio.com\/wp-content\/uploads\/2013\/07\/resonancias.jpg 720w\" sizes=\"auto, (max-width: 300px) 100vw, 300px\" \/><\/a>Fernando Arrabal reuni\u00f3 sus aforismos entre los cuales estaban sus conversaciones con el autor en una obra editada en espa\u00f1ol \u00ab\u00a1Houellebecq!\u00bb (1) y con el mismo t\u00edtulo en franc\u00e9s (2). Fuera de este libro favorable, seguramente movido por su generosidad y su amistad con el escritor franc\u00e9s, se han publicado otros tres ensayos. (1) HMR, Hijos de Muley y Rubio, Madrid (2) Le Cherche Midi, Par\u00eds, 2005.<\/p>\n<p><strong>Resonancias.org. 10-7-05. \u00ab\u00bfEl mejor libro del tercer milenio? por Fernando Arrabal\u00bb. (ESP)<\/strong><\/p>\n<p>&nbsp;<\/p>\n<p><a href=\"http:\/\/editorialhijosdemuleyrubio.com\/wp-content\/uploads\/2013\/07\/DownloadedFile3.jpeg\"><img loading=\"lazy\" decoding=\"async\" class=\"alignleft size-medium wp-image-1081\" alt=\"DownloadedFile\" src=\"http:\/\/editorialhijosdemuleyrubio.com\/wp-content\/uploads\/2013\/07\/DownloadedFile3-300x99.jpeg\" width=\"300\" height=\"99\" srcset=\"https:\/\/editorialhijosdemuleyrubio.com\/wp-content\/uploads\/2013\/07\/DownloadedFile3-300x99.jpeg 300w, https:\/\/editorialhijosdemuleyrubio.com\/wp-content\/uploads\/2013\/07\/DownloadedFile3.jpeg 389w\" sizes=\"auto, (max-width: 300px) 100vw, 300px\" \/><\/a><\/p>\n<p>En el momento en el que el miembro del Comit\u00e9 de Honor de Francia-Israel, Fernando Arrabal, el antirrevolucionario y el lavandero del neofranquismo bajo la monarqu\u00eda espa\u00f1ola, publica un libro de sost\u00e9n del perdonavidas del Islam y eug\u00e9nista Miguel Houellebecq, Ra\u00ebl tambi\u00e9n corre para rendir homenaje a este autor.<\/p>\n<p>Au moment o\u00f9 le membre du Comit\u00e9 d&#8217;Honneur de France-Isra\u00ebl, Fernando Arrabal, antir\u00e9volutionnaire et blanchisseur du n\u00e9o-franquisme sous la monarchie espagnole, publie un livre de soutien au pourfendeur de l&#8217;Islam et eug\u00e9niste Michel Houellebecq, le Ra\u00ebl court \u00e9galement rendre hommage \u00e0 cet auteur.<\/p>\n<p><strong>Luis Gonzalez-Mestres. Yahoo! Groupes . 29-8-05 (FRA)<\/strong><\/p>\n<p><a href=\"http:\/\/editorialhijosdemuleyrubio.com\/wp-content\/uploads\/2013\/07\/DownloadedFile-13.jpeg\"><img loading=\"lazy\" decoding=\"async\" class=\"alignleft size-full wp-image-1082\" alt=\"DownloadedFile-1\" src=\"http:\/\/editorialhijosdemuleyrubio.com\/wp-content\/uploads\/2013\/07\/DownloadedFile-13.jpeg\" width=\"268\" height=\"77\" \/><\/a>\u2028\u00a1 Houellebecq, la tentaci\u00f3n de la panza!: Fernando Arrabal, su amigo de 23 a\u00f1os, ya hab\u00eda publicado, hace algunos d\u00edas, \u00abHouellebecq\u00bb en Cherche Midi (232 p\u00e1ginas-13 euros), con objeto de volar en socorro de la celebridad, a la que le encantar\u00e1n los aficionados al h\u00e9roe de los clones. En cuanto a los que detestan a Houellebecq, se regocijar\u00e1n posiblemente del libelo que le dedica Eric Naulleau (\u00a1Socorro, Houellebecq vuelve! &#8211; Chifflet y Cie &#8211; 128 p\u00e1ginas, 10 euros). Ambos no nos aportan gran cosa sobre el personaje, del que no se sab\u00eda sino que Houellebecq vende y hace vender, raz\u00f3n suficiente para suscitar tentaciones editoriales.<\/p>\n<p>Houellebecq, la tentation du bide ! : Fernando Arrabal, son ami de 23 ans, avait d\u00e9j\u00e0 sorti, il y a quelques jours, un Houellebecq au Cherche-Midi (232 pages -13 euros), histoire de voler au secours de la c\u00e9l\u00e9brit\u00e9, qui enchantera les aficionados du h\u00e9ros des clones. Quant \u00e0 ceux qui d\u00e9testent Houellebecq, ils se r\u00e9jouiront peut-\u00eatre du pamphlet que lui consacre Eric Naulleau (Au secours, Houellebecq revient ! &#8211; Chifflet et Cie &#8211; 128 pages -10 euros). L&#8217;un et l&#8217;autre ne nous apprennent pas grand-chose sur le personnage que l&#8217;on ne savait d\u00e9j\u00e0, mais Houellebecq vend et fait vendre, raison suffisante pour susciter des tentations \u00e9ditoriales.<\/p>\n<p><strong>Bernard Lallement, AgoraVox : le journal media Citoyen: mercredi 24 ao\u00fbt 2005. Proche de Jean-Paul Sartre, avec lequel il a fond\u00e9 le quotidien Lib\u00e9ration, Bernard Lallement est essayiste, \u00e9diteur et critique litt\u00e9raire \u00e0 Paris. (Pr\u00f3ximo a Jean- Paul Sartre, con el cu\u00e1l fund\u00f3 el diario Liberaci\u00f3n, Bernard Lallement es ensayista, editor y cr\u00edtico literario en Par\u00eds). (FRA)<\/strong><\/p>\n<p><a href=\"http:\/\/editorialhijosdemuleyrubio.com\/wp-content\/uploads\/2013\/07\/la-republique-des-livres.jpeg\"><img loading=\"lazy\" decoding=\"async\" class=\"alignleft size-full wp-image-1069\" alt=\"la republique des livres\" src=\"http:\/\/editorialhijosdemuleyrubio.com\/wp-content\/uploads\/2013\/07\/la-republique-des-livres.jpeg\" width=\"241\" height=\"134\" \/><\/a><\/p>\n<p>\u00a1T\u00fa Fernando, vales m\u00e1s que esto! No eres tu quien deber\u00edas admirar la obra de tu nuevo amigo, sino al contrario. \u00a1 Despi\u00e9rtate, hombre! Adem\u00e1s, Arrabal se desmarca de la mediocridad de su libro, as\u00ed lo descubrimos desde una nota al pie de la primera p\u00e1gina: \u00abLos textos y el orden de este libro son los de la edici\u00f3n espa\u00f1ola de marzo de 2005. El editor ib\u00e9rico le dio la sorpresa a Fernando Arrabal de seleccionar algunos de sus escritos dedicados a Houellebecq y aparecidos aqu\u00ed o all\u00e1 desde 1999. \u00ab\u00a1Una \u00absorpresa\u00bb! Creemos que sue\u00f1an&#8230; Una nueva raza de escritores ha nacido: el autor responsable del contenido de su libro pero no del orden de las p\u00e1ginas, ni de su elecci\u00f3n.<\/p>\n<p>Mais toi Fernando, tu vaux mieux que \u00e7a ! Ce n&#8217;est pas toi qui devrais admirer l&#8217;oeuvre de ton nouvel ami, mais le contraire. R\u00e9veille-toi, hombre ! En plus, Arrabal se d\u00e9fausse de la m\u00e9diocrit\u00e9 de son livre, ainsi qu&#8217;on le d\u00e9couvre d\u00e8s une note en bas de la premi\u00e8re page : \u00abLes textes et l&#8217;ordre de ce livre sont ceux de l&#8217;\u00e9dition espagnole de mars 2005. L&#8217;\u00e9diteur ib\u00e9rique a fait la surprise \u00e0 Fernando Arrabal de s\u00e9lectionner certains de ses \u00e9crits consacr\u00e9s \u00e0 Houellebecq et parus ici ou l\u00e0 depuis 1999\u00bb Une \u00absurprise\u00bb ! On croit r\u00eaver&#8230; Une nouvelle race d&#8217;\u00e9crivains est n\u00e9e: l&#8217;auteur responsable du contenu de son livre mais pas de l&#8217;ordre des pages, ni de leur choix.<\/p>\n<p><strong>Pierre Assouline. La r\u00e9publique des livres. 16-8-05 (FRA)<\/strong><\/p>\n<p><a href=\"http:\/\/editorialhijosdemuleyrubio.com\/wp-content\/uploads\/2013\/07\/infierno.jpg\"><img loading=\"lazy\" decoding=\"async\" class=\"alignleft size-medium wp-image-1073\" alt=\"infierno\" src=\"http:\/\/editorialhijosdemuleyrubio.com\/wp-content\/uploads\/2013\/07\/infierno-300x52.jpg\" width=\"300\" height=\"52\" srcset=\"https:\/\/editorialhijosdemuleyrubio.com\/wp-content\/uploads\/2013\/07\/infierno-300x52.jpg 300w, https:\/\/editorialhijosdemuleyrubio.com\/wp-content\/uploads\/2013\/07\/infierno.jpg 596w\" sizes=\"auto, (max-width: 300px) 100vw, 300px\" \/><\/a><\/p>\n<p>\u00abEn este caso, la exitosa operaci\u00f3n Houellebecq cuenta con el apoyo personal de Fernando Arrabal, a quien la Virgen del Pilar se le ha aparecido en una Gay Pride dici\u00e9ndole que su amigo es un \u00abgran novelista\u00bb.<\/p>\n<p><strong>Juan Pedro Qui\u00f1onero. Una temporada en el infierno. As\u00ed funciona la industria de la incultura y la importaci\u00f3n de basuras 19-8-05. (ESP)<\/strong><\/p>\n","protected":false},"excerpt":{"rendered":"<p>\u00abLos dos que se cruzan, que se cruzan siempre con una precisi\u00f3n muy matem\u00e1tica, una regularidad muy desconcertante, una exactitud muy angustiosa, una puntualidad antipo\u00e9ticamente milim\u00e9trica, uno viniendo del Norte y el otro del Sur, los dos que se cruzan, digo, se cruzan\u00bb. \u00d3scar Dom\u00ednguez. Les Deux qui se croisent. Par\u00eds, Fontaine, colecci\u00f3n La Edad de Oro. 1947) Un d\u00eda Arrabal y Houellebecq se cruzaron en la parisina rue Jouffroy d&#8217;Abbans; uno espa\u00f1ol de Melilla, zapador nato ante los obst\u00e1culos, siempre con el optimismo por bandera, capaz de remover las aguas m\u00e1s profundas del teatro del mundo; otro franc\u00e9s de la isla de Reuni\u00f3n, inveterado esc\u00e9ptico y con propensi\u00f3n al<\/p>\n","protected":false},"author":1,"featured_media":0,"comment_status":"open","ping_status":"open","sticky":false,"template":"","format":"standard","meta":{"footnotes":""},"categories":[20],"tags":[57,59],"class_list":["post-1016","post","type-post","status-publish","format-standard","hentry","category-arrabal-y-houellebecq","tag-fernando-arrabal","tag-houellebecq"],"views":12141,"_links":{"self":[{"href":"https:\/\/editorialhijosdemuleyrubio.com\/index.php?rest_route=\/wp\/v2\/posts\/1016","targetHints":{"allow":["GET"]}}],"collection":[{"href":"https:\/\/editorialhijosdemuleyrubio.com\/index.php?rest_route=\/wp\/v2\/posts"}],"about":[{"href":"https:\/\/editorialhijosdemuleyrubio.com\/index.php?rest_route=\/wp\/v2\/types\/post"}],"author":[{"embeddable":true,"href":"https:\/\/editorialhijosdemuleyrubio.com\/index.php?rest_route=\/wp\/v2\/users\/1"}],"replies":[{"embeddable":true,"href":"https:\/\/editorialhijosdemuleyrubio.com\/index.php?rest_route=%2Fwp%2Fv2%2Fcomments&post=1016"}],"version-history":[{"count":5,"href":"https:\/\/editorialhijosdemuleyrubio.com\/index.php?rest_route=\/wp\/v2\/posts\/1016\/revisions"}],"predecessor-version":[{"id":1100,"href":"https:\/\/editorialhijosdemuleyrubio.com\/index.php?rest_route=\/wp\/v2\/posts\/1016\/revisions\/1100"}],"wp:attachment":[{"href":"https:\/\/editorialhijosdemuleyrubio.com\/index.php?rest_route=%2Fwp%2Fv2%2Fmedia&parent=1016"}],"wp:term":[{"taxonomy":"category","embeddable":true,"href":"https:\/\/editorialhijosdemuleyrubio.com\/index.php?rest_route=%2Fwp%2Fv2%2Fcategories&post=1016"},{"taxonomy":"post_tag","embeddable":true,"href":"https:\/\/editorialhijosdemuleyrubio.com\/index.php?rest_route=%2Fwp%2Fv2%2Ftags&post=1016"}],"curies":[{"name":"wp","href":"https:\/\/api.w.org\/{rel}","templated":true}]}}