{"id":1086,"date":"2013-07-03T13:47:43","date_gmt":"2013-07-03T11:47:43","guid":{"rendered":"http:\/\/editorialhijosdemuleyrubio.com\/?p=1086"},"modified":"2013-07-03T14:03:51","modified_gmt":"2013-07-03T12:03:51","slug":"arrabal-houellebecq-dos-autores-en-una-misma-coleccion-con-teatro-y-ensayo","status":"publish","type":"post","link":"https:\/\/editorialhijosdemuleyrubio.com\/?p=1086","title":{"rendered":"Arrabal-Houellebecq: dos autores en una misma colecci\u00f3n de teatro y ensayo"},"content":{"rendered":"<p><a href=\"http:\/\/editorialhijosdemuleyrubio.com\/wp-content\/uploads\/2013\/07\/DownloadedFile4.jpeg\"><img loading=\"lazy\" decoding=\"async\" class=\"alignleft size-full wp-image-1087\" alt=\"DownloadedFile\" src=\"http:\/\/editorialhijosdemuleyrubio.com\/wp-content\/uploads\/2013\/07\/DownloadedFile4.jpeg\" width=\"275\" height=\"183\" \/><\/a>Uno de los mayores \u00e9xitos editoriales de Hijos de Muley-Rubio (HMR) es el libro \u00ab<strong>\u00a1Houellebecq!\u00bb<\/strong> de <strong>Fernando Arrabal<\/strong>, que contiene tambi\u00e9n textos del novelista franc\u00e9s y que, aunque cuenta en su interior con una versi\u00f3n francesa, ha sido publicado en Francia por la editorial Le Cherche Midi. En la entrada de este libro en esta misma p\u00e1gina web pueden consultar una buena parte de las cr\u00edticas y rese\u00f1as recibidas, las buenas y las malas, pero lo m\u00e1s relevante es que este volumen ha servido para publicar una colecci\u00f3n digital con libros que aluden a estos dos autores, uno espa\u00f1ol y residente en Francia, el otro franc\u00e9s y residente buena parte del a\u00f1o en Espa\u00f1a.<\/p>\n<p>Animamos a todos aquellos que posean originales sobre ambos a que los presenten en HMR para su publicaci\u00f3n e igualmente alentamos a los grupos de teatro m\u00e1s independientes a que se arriesguen a representar <strong>\u00ab\u00a1Arraballebecq!\u00bb<\/strong>, la versi\u00f3n teatrera de este libro. Su antecedente m\u00e1s inmediato fue \u00abPlataforma\u00bb, llevada a las tablas bajo la direcci\u00f3n de Calixto Bieitio y protagonizada por <strong>Juan Echanove, Marta Domingo, Llu\u00eds Villanueva, Carles Canut, Mingo Raf\u00f3ls, Bel\u00e9n Fabra<\/strong> y <strong>Boris Ruiz<\/strong>. Fue premiada en el Festival de Edimburgo y, tras estrenarse en el C\u00edrculo de Bellas Artes de Madrid, gir\u00f3 por varias ciudades de Espa\u00f1a: C\u00f3rdoba, Jaen, Gij\u00f3n, Logro\u00f1o&#8230; En todas la reacci\u00f3n fue siempre la misma: llenos en las salas y largos aplausos entre el p\u00fablico. Y es que la legi\u00f3n de incondicionales y seguidores de Houellebecq anidan por todos los rincones del planeta&#8230; <!--more--><\/p>\n<p><a href=\"http:\/\/editorialhijosdemuleyrubio.com\/wp-content\/uploads\/2013\/07\/content.jpeg\"><img loading=\"lazy\" decoding=\"async\" class=\"alignleft size-full wp-image-1091\" alt=\"content\" src=\"http:\/\/editorialhijosdemuleyrubio.com\/wp-content\/uploads\/2013\/07\/content.jpeg\" width=\"115\" height=\"184\" \/><\/a> <a href=\"http:\/\/editorialhijosdemuleyrubio.com\/wp-content\/uploads\/2013\/07\/content-1.jpeg\"><img loading=\"lazy\" decoding=\"async\" class=\"alignleft size-medium wp-image-1092\" alt=\"content-1\" src=\"http:\/\/editorialhijosdemuleyrubio.com\/wp-content\/uploads\/2013\/07\/content-1.jpeg\" width=\"115\" height=\"184\" \/><\/a> <a href=\"http:\/\/editorialhijosdemuleyrubio.com\/wp-content\/uploads\/2013\/07\/content-2.jpeg\"><img loading=\"lazy\" decoding=\"async\" class=\"alignleft size-medium wp-image-1093\" alt=\"content-2\" src=\"http:\/\/editorialhijosdemuleyrubio.com\/wp-content\/uploads\/2013\/07\/content-2.jpeg\" width=\"115\" height=\"184\" \/><\/a><\/p>\n<p>&nbsp;<\/p>\n<p>&nbsp;<\/p>\n<p>&nbsp;<\/p>\n<p>&nbsp;<\/p>\n<p>&nbsp;<\/p>\n<p><a href=\"http:\/\/editorialhijosdemuleyrubio.com\/wp-content\/uploads\/2013\/07\/22fa7d89b2838b9f5b3105936079a9d3_portada_thumb.jpg\"><img loading=\"lazy\" decoding=\"async\" class=\"alignleft size-full wp-image-1095\" alt=\"22fa7d89b2838b9f5b3105936079a9d3_portada_thumb\" src=\"http:\/\/editorialhijosdemuleyrubio.com\/wp-content\/uploads\/2013\/07\/22fa7d89b2838b9f5b3105936079a9d3_portada_thumb.jpg\" width=\"100\" height=\"147\" \/><\/a> <a href=\"http:\/\/editorialhijosdemuleyrubio.com\/wp-content\/uploads\/2013\/07\/d93bca750a4f5691944a53c86468f21f_portada_thumb.jpg\"><img loading=\"lazy\" decoding=\"async\" class=\"alignleft size-medium wp-image-1096\" alt=\"d93bca750a4f5691944a53c86468f21f_portada_thumb\" src=\"http:\/\/editorialhijosdemuleyrubio.com\/wp-content\/uploads\/2013\/07\/d93bca750a4f5691944a53c86468f21f_portada_thumb.jpg\" width=\"100\" height=\"145\" \/><\/a> <a href=\"http:\/\/editorialhijosdemuleyrubio.com\/wp-content\/uploads\/2013\/07\/92abf17bd8f3c9dce30792c551933c79_portada_thumb.jpg\"><img loading=\"lazy\" decoding=\"async\" class=\"alignleft size-medium wp-image-1097\" alt=\"92abf17bd8f3c9dce30792c551933c79_portada_thumb\" src=\"http:\/\/editorialhijosdemuleyrubio.com\/wp-content\/uploads\/2013\/07\/92abf17bd8f3c9dce30792c551933c79_portada_thumb.jpg\" width=\"100\" height=\"145\" \/><\/a><\/p>\n<p><a href=\"http:\/\/editorialhijosdemuleyrubio.com\/wp-content\/uploads\/2013\/07\/houellebecq.jpeg\"><img loading=\"lazy\" decoding=\"async\" class=\"alignleft size-full wp-image-1018\" alt=\"houellebecq\" src=\"http:\/\/editorialhijosdemuleyrubio.com\/wp-content\/uploads\/2013\/07\/houellebecq.jpeg\" width=\"123\" height=\"175\" \/><\/a><\/p>\n<p>&nbsp;<\/p>\n<p>&nbsp;<\/p>\n<p>&nbsp;<\/p>\n<p>&nbsp;<\/p>\n<p>&nbsp;<\/p>\n","protected":false},"excerpt":{"rendered":"<p>Uno de los mayores \u00e9xitos editoriales de Hijos de Muley-Rubio (HMR) es el libro \u00ab\u00a1Houellebecq!\u00bb de Fernando Arrabal, que contiene tambi\u00e9n textos del novelista franc\u00e9s y que, aunque cuenta en su interior con una versi\u00f3n francesa, ha sido publicado en Francia por la editorial Le Cherche Midi. En la entrada de este libro en esta misma p\u00e1gina web pueden consultar una buena parte de las cr\u00edticas y rese\u00f1as recibidas, las buenas y las malas, pero lo m\u00e1s relevante es que este volumen ha servido para publicar una colecci\u00f3n digital con libros que aluden a estos dos autores, uno espa\u00f1ol y residente en Francia, el otro franc\u00e9s y residente buena parte<\/p>\n","protected":false},"author":1,"featured_media":0,"comment_status":"open","ping_status":"open","sticky":false,"template":"","format":"standard","meta":{"footnotes":""},"categories":[20],"tags":[57,59],"class_list":["post-1086","post","type-post","status-publish","format-standard","hentry","category-arrabal-y-houellebecq","tag-fernando-arrabal","tag-houellebecq"],"views":1749,"_links":{"self":[{"href":"https:\/\/editorialhijosdemuleyrubio.com\/index.php?rest_route=\/wp\/v2\/posts\/1086","targetHints":{"allow":["GET"]}}],"collection":[{"href":"https:\/\/editorialhijosdemuleyrubio.com\/index.php?rest_route=\/wp\/v2\/posts"}],"about":[{"href":"https:\/\/editorialhijosdemuleyrubio.com\/index.php?rest_route=\/wp\/v2\/types\/post"}],"author":[{"embeddable":true,"href":"https:\/\/editorialhijosdemuleyrubio.com\/index.php?rest_route=\/wp\/v2\/users\/1"}],"replies":[{"embeddable":true,"href":"https:\/\/editorialhijosdemuleyrubio.com\/index.php?rest_route=%2Fwp%2Fv2%2Fcomments&post=1086"}],"version-history":[{"count":4,"href":"https:\/\/editorialhijosdemuleyrubio.com\/index.php?rest_route=\/wp\/v2\/posts\/1086\/revisions"}],"predecessor-version":[{"id":1094,"href":"https:\/\/editorialhijosdemuleyrubio.com\/index.php?rest_route=\/wp\/v2\/posts\/1086\/revisions\/1094"}],"wp:attachment":[{"href":"https:\/\/editorialhijosdemuleyrubio.com\/index.php?rest_route=%2Fwp%2Fv2%2Fmedia&parent=1086"}],"wp:term":[{"taxonomy":"category","embeddable":true,"href":"https:\/\/editorialhijosdemuleyrubio.com\/index.php?rest_route=%2Fwp%2Fv2%2Fcategories&post=1086"},{"taxonomy":"post_tag","embeddable":true,"href":"https:\/\/editorialhijosdemuleyrubio.com\/index.php?rest_route=%2Fwp%2Fv2%2Ftags&post=1086"}],"curies":[{"name":"wp","href":"https:\/\/api.w.org\/{rel}","templated":true}]}}