{"id":1123,"date":"2013-10-07T13:29:40","date_gmt":"2013-10-07T11:29:40","guid":{"rendered":"http:\/\/editorialhijosdemuleyrubio.com\/?p=1123"},"modified":"2013-10-07T13:59:56","modified_gmt":"2013-10-07T11:59:56","slug":"federico-utrera-explica-en-informe-semanal-tve-las-lecturas-de-velazquez-en-su-cordel-de-extraviados","status":"publish","type":"post","link":"https:\/\/editorialhijosdemuleyrubio.com\/?p=1123","title":{"rendered":"Federico Utrera explica en \u00abInforme Semanal\u00bb (TVE) las lecturas de Vel\u00e1zquez en su \u00abCordel de Extraviados\u00bb"},"content":{"rendered":"<p>El pintor <strong>Diego Vel\u00e1zquez<\/strong> (1599-1660) es uno de los personajes que el escritor <strong>Federico Utrera<\/strong> ha incluido en su libro \u00ab<strong>Cordel de Extraviados. Literatura y Arte\u00bb,<\/strong>\u00a0y tambi\u00e9n protagonista de uno de los ensayos que contiene este exhaustivo volumen de casi 500 p\u00e1ginas. En \u00e9l, Utrera recoge sus experiencias e investigaciones art\u00edsticas sobre escuelas y personajes que han ido salpicando su existencia.<\/p>\n<p><strong>\u00abCordel de Extraviados\u00bb<\/strong> es el camino por el que Federico Utrera ha deambulado durante las dos \u00faltimas d\u00e9cadas, conformando as\u00ed su propia biograf\u00eda. Ha trabajado con <strong>Juan Goytisolo, Fernando Arrabal, Jos\u00e9 \u00c1ngel Valente o Michel Houellebecq<\/strong> en Espa\u00f1a, Francia y Marruecos, y con los albaceas de J<strong>uan Ram\u00f3n, Lezama Lima, \u00c1ngel V\u00e1zquez o Reinaldo Arenas<\/strong> para profundizar en sus investigaciones literarias, que ampli\u00f3 entre otros a <strong>Miguel de Cervantes, Fernando de Rojas, Benito P\u00e9rez Gald\u00f3s, Jorge Luis Borges<\/strong> o <strong>Luciano Rubio<\/strong>. Tambi\u00e9n contact\u00f3 con amigos y editores de <strong>Luis Cernuda, Octavio Paz, Roland Topor o G\u00f3mez Arcos<\/strong>. Todos tienen adem\u00e1s en com\u00fan en este autor su lectura cr\u00edtica, desgranando aqu\u00ed la huella que dejaron en su escritura.<\/p>\n<p>En cuanto a la pl\u00e1stica, <strong>Utrera<\/strong> confiesa un prejuicio: le aburre la mayor\u00eda del arte contempor\u00e1neo y de ah\u00ed su asidero a los cl\u00e1sicos, algunas de cuyas exposiciones en Europa ha visitado y estudiado con curiosidad: <strong>Vel\u00e1zquez, Rembrandt, Durero, Van der Hamen, Van Gogh, Sorolla, Rodin<\/strong>&#8230; Pero en este libro tambi\u00e9n atiende a las vanguardias \u2013<strong>Picasso, Modigliani, Kandinsky, Gris, Chirico<\/strong>&#8230; \u2013 y a dos de los pintores del siglo XX que m\u00e1s estima: <strong>Oscar Dom\u00ednguez y Manolo Millares<\/strong>. Conoci\u00f3 a <strong>Cesar Manrique, Jes\u00fas de Perceval y Eduardo Chillida<\/strong>, que prolog\u00f3 otro de sus vol\u00famenes, y esos encuentros, como los que ha mantenido con <strong>Cristino de Vera, Juan Hidalgo, Fernando de Szyszlo o Mitsuo Miura<\/strong>, salpican estas p\u00e1ginas, que abren tambi\u00e9n su espacio a las dos \u00faltimas renovaciones que m\u00e1s han despertado su sorpresa: el videoarte (<strong>Bill Viola, Nam June Paik, Wolf Vostell<\/strong>&#8230;) y la anarquitectura <strong>(Matta Clark)<\/strong>.<\/p>\n<figure id=\"attachment_1136\" aria-describedby=\"caption-attachment-1136\" style=\"width: 198px\" class=\"wp-caption alignleft\"><a href=\"http:\/\/editorialhijosdemuleyrubio.com\/wp-content\/uploads\/2013\/10\/DownloadedFile.jpeg\"><img loading=\"lazy\" decoding=\"async\" class=\"size-full wp-image-1136\" alt=\"Juan Goytisolo\" src=\"http:\/\/editorialhijosdemuleyrubio.com\/wp-content\/uploads\/2013\/10\/DownloadedFile.jpeg\" width=\"198\" height=\"255\" \/><\/a><figcaption id=\"caption-attachment-1136\" class=\"wp-caption-text\">Juan Goytisolo<\/figcaption><\/figure>\n<p>\u00abLa publicaci\u00f3n de la extensa labor de cr\u00edtica literaria y art\u00edstica de mi colega almeriense <strong>Federico Utrera<\/strong> en las p\u00e1ginas de diarios y revistas entre 1989 y 2009, reunida ahora en el volumen Cordel de Extraviados, es una buena noticia para cuantos nos preocupamos por las lagunas y carencias de nuestra vida cultural\u00bb, ha escrito el novelista <strong>Juan Goytisolo.<\/strong><\/p>\n<p>\u00abPor fortuna nuestra, <strong>Federico Utrera<\/strong> no sigue la estela del periodismo hoy en boga que inunda las p\u00e1ginas de muchos suplementos semanales y de revistas subvencionadas por la Administraci\u00f3n, en los que la profusi\u00f3n de clis\u00e9s e im\u00e1genes anodinas sustituye gradualmente a la reflexi\u00f3n\u00bb. Y a\u00f1ade: \u00abAunque al servicio de la actualidad period\u00edstica, no deja que aquella sea avasallada por la banalidad habitual de \u00e9sta. Sus observaciones y comentarios sobre escritores y artistas, ya del pasado, ya contempor\u00e1neos, no se limitan a componer un cat\u00e1logo: evitan los t\u00f3picos en uso y tienen el m\u00e9rito de nadar contracorriente\u00bb.<\/p>\n<p>\u00abFrente al clis\u00e9 rutinario, propone una visi\u00f3n desestabilizadora e invita al lector a discurrir por cuenta propia. Indaga en lo dejado en los m\u00e1rgenes por la instituci\u00f3n literaria. Separa con nitidez el trigo de la paja. Rescata figuras y valores olvidados por el gremio oficial\u00bb, se\u00f1ala el novelista espa\u00f1ol afincado en Marraquech, que apunta como \u00aba las p\u00e1ginas sobre <strong>Colombine<\/strong> en su idilio con <strong>Ram\u00f3n G\u00f3mez de la Serna<\/strong> y Rodalquilar, agrega un emotivo homenaje a una de las precursoras m\u00e1s notables del feminismo moderno. Igualmente incentivas son sus reflexiones sobre la pintura espa\u00f1ola del siglo XX, as\u00ed como sobre la arquitectura y el videoarte\u00bb.<\/p>\n<p>\u00abEn corto: su trayecto de valiente y casi heroico editor de<strong> Hijos de Muley-Rubio<\/strong> le ha llevado esta vez a orillarse, como un inmigrante indocumentado, en las costas isle\u00f1as. El sello de Ediciones del Cabildo de Gran Canaria acoge as\u00ed a un refugiado ejemplar y esta excelente iniciativa debe ser acogida con la atenci\u00f3n que merece por quienes a\u00fan conservan la peligrosa costumbre de leer \u2013costumbre que, en tiempos de <strong>Cervantes<\/strong>, \u201cllevaba a los hombres a la hoguera y a las mujeres a la casa llana\u201d, seg\u00fan escribi\u00f3 en Los alcaldes de Daganzo\u00bb, concluye <strong>Goytisolo<\/strong>.<\/p>\n<figure id=\"attachment_1138\" aria-describedby=\"caption-attachment-1138\" style=\"width: 191px\" class=\"wp-caption alignleft\"><a href=\"http:\/\/editorialhijosdemuleyrubio.com\/wp-content\/uploads\/2013\/10\/DownloadedFile-2.jpeg\"><img loading=\"lazy\" decoding=\"async\" class=\"size-full wp-image-1138\" alt=\"Federico Utrera\" src=\"http:\/\/editorialhijosdemuleyrubio.com\/wp-content\/uploads\/2013\/10\/DownloadedFile-2.jpeg\" width=\"191\" height=\"263\" \/><\/a><figcaption id=\"caption-attachment-1138\" class=\"wp-caption-text\">Federico Utrera<\/figcaption><\/figure>\n<p><strong>Federico Utrera<\/strong> es autor de <strong>\u201cCanarias, Secreto de Estado\u201d<\/strong> (Mateos L\u00f3pez, Ed., 1996), trabajo de investigaci\u00f3n sobre los aspectos m\u00e1s oscuros de la Transici\u00f3n en el Archipi\u00e9lago; <strong>\u201cMemorias de Colombine\u201d<\/strong> (HMR, 1998, 2\u00aa edic, 1999), la biograf\u00eda de <strong>Carmen de Burgos,<\/strong> primera mujer que se dedic\u00f3 al periodismo profesional en Espa\u00f1a y \u201c<strong>\u00a1Diputado Blasco Ib\u00e1\u00f1ez!<\/strong>\u201d (HMR, 1999), recopilaci\u00f3n de todos los discursos parlamentarios del escritor valenciano. Sobre esta materia tambi\u00e9n ha publicado <strong>\u00abLos Leones del Congreso\u00bb<\/strong> (La Esfera de los Libros, 2012), recopilaci\u00f3n de an\u00e9cdotas y experiencias que vivi\u00f3 durante su \u00e9poca de corresponsal parlamentario.<\/p>\n<p>Utrera tambi\u00e9n es autor de\u00a0<strong>\u201cDespu\u00e9s de Tantos Desencantos\u201d<\/strong> (Ed. Festival Internac. de Cine de LPGC, 2008), un ensayo-h\u00edbrido sobre la vida de <strong>los Panero<\/strong>, estirpe de poetas que se extingue. Su \u00faltima publicaci\u00f3n ha sido <strong>\u00abViola on V\u00eddeo\u00bb<\/strong> (URJC, ULPGC, USAL y UAL, 2012), biograf\u00eda y cat\u00e1logo razonado del videoartista norteamericano Bill Viola.<\/p>\n<p>Este escritor<b>, afincado en Madrid desde hace 25 a\u00f1os,\u00a0<\/b>ha participado tambi\u00e9n en varias pel\u00edculas<strong>: \u00abMujeres en la Historia: Carmen de Burgos <em>Colombine<\/em>\u00ab<\/strong>, documental televisivo <a href=\"http:\/\/www.rtve.es\/alacarta\/videos\/mujeres-en-la-historia\/mujeres-historia-carmen-burgos-colombine\/841220\/\">rodado por RTVE (2003)<\/a>, \u201c<strong>El crimen de una novia<\/strong>\u201d, sobre la obra de <strong>Federico Garc\u00eda Lorca <\/strong>(Telespan, 2005), <strong>\u201cLa Estancia Vac\u00eda\u201d<\/strong> (Producc. JV, 2006) acerca de la muerte de <strong>Michi Panero<\/strong> en Astorga y\u00a0<strong>\u00abCubillo, Historia de un crimen de Estado\u00bb<\/strong> (<a href=\"http:\/\/premiosgoya.academiadecine.com\/candidaturas\/pelicula.php?m=peliculas&amp;id=1406\">La Mirada Producciones, 2012<\/a>). Adem\u00e1s, ha comisariado exposiciones de arte, ciclos de cine e impartido conferencias por toda Espa\u00f1a. Ha sido fundador de la Asociaci\u00f3n de Periodistas Parlamentarios, de la editorial Hijos de Muley-Rubio y de varias revistas culturales.<\/p>\n<p><a href=\"http:\/\/books.google.es\/books?id=LRPKjV6s16MC&amp;pg=PA278&amp;dq=cordel+de+extraviados&amp;hl=es&amp;sa=X&amp;ei=YJRSUun5IcqGtAbvr4HIAw&amp;ved=0CDQQ6AEwAA#v=onepage&amp;q=cordel%20de%20extraviados&amp;f=false\">Lea un amplio extracto del libro pinchando aqu\u00ed<\/a><\/p>\n<p>http:\/\/www.youtube.com\/watch?v=LPTibdUx8Ck<\/p>\n<p>Por su parte, <strong>Mat\u00edas D\u00edaz Padr\u00f3n<\/strong>, conservador del Museo del Prado, escribe en el amplio y biogr\u00e1fico pr\u00f3logo de este libro que Utrera \u00abbusca lo que hay de excelencia en los autores que lee y estudia, tanto fil\u00f3sofos, cr\u00edticos, novelistas, dramaturgos y artistas, sin preferencia en campos de la arquitectura, escultura y pintura. Art\u00edculos interesantes en consonancia con una escala de valores que escasea en el p\u00e1ramo triunfante del ahora que vivimos. <strong>Es de esperar que alg\u00fan d\u00eda se premie este sendero que toma por v\u00eda la cr\u00edtica de la raz\u00f3n\u00bb.<\/strong><\/p>\n<figure id=\"attachment_1137\" aria-describedby=\"caption-attachment-1137\" style=\"width: 259px\" class=\"wp-caption alignleft\"><a href=\"http:\/\/editorialhijosdemuleyrubio.com\/wp-content\/uploads\/2013\/10\/DownloadedFile-1.jpeg\"><img loading=\"lazy\" decoding=\"async\" class=\"size-full wp-image-1137\" alt=\"Mat\u00edas D\u00edaz Padr\u00f3n\" src=\"http:\/\/editorialhijosdemuleyrubio.com\/wp-content\/uploads\/2013\/10\/DownloadedFile-1.jpeg\" width=\"259\" height=\"194\" \/><\/a><figcaption id=\"caption-attachment-1137\" class=\"wp-caption-text\">Mat\u00edas D\u00edaz Padr\u00f3n<\/figcaption><\/figure>\n<p>Para <strong>D\u00edaz Padr\u00f3n<\/strong>, \u00abno hay horizontes en su viaje a trav\u00e9s de la literatura cl\u00e1sica m\u00e1s sublime, la renacentista, barroca, rom\u00e1ntica y de hoy. De todo ara\u00f1a y transluce con did\u00e1ctica metodolog\u00eda la esencia. Todo un esfuerzo por transmitir mensajes con s\u00f3lido realismo. Art\u00edculos que no est\u00e1n marcados por los oportunismos a la moda: y producto imperativo de un estilo imperturbable. <strong>Escribe todo aquello que llama su atenci\u00f3n en un mirar la existencia para hacerla suya y transferirla comprensible. No intenta ni le importa convencer. Expone lo que siente y basta. El resto es asunto del lector. As\u00ed sus tesis, im\u00e1genes y pensamientos expuestos obligan a reflexionar\u00bb<\/strong>.<\/p>\n<p>\u00abA Federico le basta la condici\u00f3n del ser. Toma ejemplos de personajes de \u00e9pocas pasadas. Cuando menciono que es un acierto a contracorriente, lo digo porque no teme mirar hacia atr\u00e1s cuando se juega con los valores. <strong>Tengo un ejemplo eficaz de lo \u00fatil de esta perspectiva en la Edad Media que descubri\u00f3 a Grecia y Roma, y forj\u00f3 el Renacimiento. Esto nos salv\u00f3 del fundamentalismo.<\/strong> No eran muy diferentes Ricardo Coraz\u00f3n de Le\u00f3n y Solim\u00e1n el Magn\u00edfico. No fue lo m\u00e1s importante la belleza y el arte. Fue el triunfo de la raz\u00f3n y la confianza del hombre. <strong>Federico rasga el pasado para extraer y comunicar la conciencia, el provecho de las ideas y la belleza que frena nuestros tiempos\u00bb, a\u00f1ade.<\/strong><\/p>\n<p>Y concluye: \u00ab<strong>Me sorprende descubrir su inter\u00e9s por la cultura cl\u00e1sica a la que tanto debo y espero retornar<\/strong>. Es consciente que la vista es el instrumento \u00fanico para el juicio de la pintura. Aunque esto parece balad\u00ed, tengo motivos para verlo excepcional. La mayor\u00eda de los cr\u00edticos de arte que conozco resumen los textos de los cat\u00e1logos enviados previamente a los peri\u00f3dicos sin el menor vistazo a las obras expuestas. <strong>Va directo a mirar el campo de batalla, buscando la opini\u00f3n de los expertos y juzgando por s\u00ed mismo frente a la realidad palpable de la obra<\/strong>. <strong>Esto no es tan com\u00fan y no tengo por menos que recordarlo.<\/strong> V\u00ed algo de ello en <strong>Santiago Am\u00f3n<\/strong>, cr\u00edtico de arte fiel a su conciencia y conocedor de la historia del arte. Su ausencia, como bien dijo Mart\u00edn Ferrand, dej\u00f3 hu\u00e9rfana a la cr\u00edtica. Es l\u00e1stima la falta en la prensa, tan rica, y osada en otras \u00e1reas como la pol\u00edtica y la sociedad. <strong>Esto no est\u00e1 fuera de contexto cuando pienso que Federico Utrera puede bien sustituir la laguna que dej\u00f3 Santiago Am\u00f3n en la cr\u00edtica de arte\u00bb.<\/strong><\/p>\n<p>&nbsp;<\/p>\n","protected":false},"excerpt":{"rendered":"<p>El pintor Diego Vel\u00e1zquez (1599-1660) es uno de los personajes que el escritor Federico Utrera ha incluido en su libro \u00abCordel de Extraviados. Literatura y Arte\u00bb,\u00a0y tambi\u00e9n protagonista de uno de los ensayos que contiene este exhaustivo volumen de casi 500 p\u00e1ginas. En \u00e9l, Utrera recoge sus experiencias e investigaciones art\u00edsticas sobre escuelas y personajes que han ido salpicando su existencia. \u00abCordel de Extraviados\u00bb es el camino por el que Federico Utrera ha deambulado durante las dos \u00faltimas d\u00e9cadas, conformando as\u00ed su propia biograf\u00eda. Ha trabajado con Juan Goytisolo, Fernando Arrabal, Jos\u00e9 \u00c1ngel Valente o Michel Houellebecq en Espa\u00f1a, Francia y Marruecos, y con los albaceas de Juan Ram\u00f3n, Lezama<\/p>\n","protected":false},"author":1,"featured_media":0,"comment_status":"open","ping_status":"open","sticky":false,"template":"","format":"standard","meta":{"footnotes":""},"categories":[23,28],"tags":[52,142,143],"class_list":["post-1123","post","type-post","status-publish","format-standard","hentry","category-noticias","category-videos","tag-cordel-de-extraviados","tag-federico-utrera","tag-velazquez"],"views":1750,"_links":{"self":[{"href":"https:\/\/editorialhijosdemuleyrubio.com\/index.php?rest_route=\/wp\/v2\/posts\/1123","targetHints":{"allow":["GET"]}}],"collection":[{"href":"https:\/\/editorialhijosdemuleyrubio.com\/index.php?rest_route=\/wp\/v2\/posts"}],"about":[{"href":"https:\/\/editorialhijosdemuleyrubio.com\/index.php?rest_route=\/wp\/v2\/types\/post"}],"author":[{"embeddable":true,"href":"https:\/\/editorialhijosdemuleyrubio.com\/index.php?rest_route=\/wp\/v2\/users\/1"}],"replies":[{"embeddable":true,"href":"https:\/\/editorialhijosdemuleyrubio.com\/index.php?rest_route=%2Fwp%2Fv2%2Fcomments&post=1123"}],"version-history":[{"count":5,"href":"https:\/\/editorialhijosdemuleyrubio.com\/index.php?rest_route=\/wp\/v2\/posts\/1123\/revisions"}],"predecessor-version":[{"id":1132,"href":"https:\/\/editorialhijosdemuleyrubio.com\/index.php?rest_route=\/wp\/v2\/posts\/1123\/revisions\/1132"}],"wp:attachment":[{"href":"https:\/\/editorialhijosdemuleyrubio.com\/index.php?rest_route=%2Fwp%2Fv2%2Fmedia&parent=1123"}],"wp:term":[{"taxonomy":"category","embeddable":true,"href":"https:\/\/editorialhijosdemuleyrubio.com\/index.php?rest_route=%2Fwp%2Fv2%2Fcategories&post=1123"},{"taxonomy":"post_tag","embeddable":true,"href":"https:\/\/editorialhijosdemuleyrubio.com\/index.php?rest_route=%2Fwp%2Fv2%2Ftags&post=1123"}],"curies":[{"name":"wp","href":"https:\/\/api.w.org\/{rel}","templated":true}]}}