{"id":1181,"date":"2013-10-20T20:41:27","date_gmt":"2013-10-20T18:41:27","guid":{"rendered":"http:\/\/editorialhijosdemuleyrubio.com\/?p=1181"},"modified":"2013-10-20T21:09:52","modified_gmt":"2013-10-20T19:09:52","slug":"memorias-de-colombine-alcanza-68-citas-nacionales-e-internacionales-en-el-ambito-academico-y-cientifico","status":"publish","type":"post","link":"https:\/\/editorialhijosdemuleyrubio.com\/?p=1181","title":{"rendered":"\u00abMemorias de Colombine\u00bb alcanza 68 citas nacionales e internacionales en el \u00e1mbito acad\u00e9mico y cient\u00edfico"},"content":{"rendered":"<p><a href=\"http:\/\/editorialhijosdemuleyrubio.com\/wp-content\/uploads\/2013\/10\/430392.jpg\"><img loading=\"lazy\" decoding=\"async\" class=\"alignleft size-medium wp-image-1184\" alt=\"430392\" src=\"http:\/\/editorialhijosdemuleyrubio.com\/wp-content\/uploads\/2013\/10\/430392-200x300.jpg\" width=\"200\" height=\"300\" srcset=\"https:\/\/editorialhijosdemuleyrubio.com\/wp-content\/uploads\/2013\/10\/430392-200x300.jpg 200w, https:\/\/editorialhijosdemuleyrubio.com\/wp-content\/uploads\/2013\/10\/430392.jpg 369w\" sizes=\"auto, (max-width: 200px) 100vw, 200px\" \/><\/a>El libro <strong>\u00abMemorias de Colombine. La primera periodista\u00bb<\/strong> de <strong>Federico Utrera<\/strong> ha alcanzado ya 68 citas en publicaciones acad\u00e9micas y cient\u00edficas nacionales e internacionales a las que hay que sumar m\u00e1s de un centenar de referencias m\u00e1s en medios de comunicaci\u00f3n de car\u00e1cter divulgativo, seg\u00fan acaba de validar a su autor la\u00a0Agencia Nacional de Evaluaci\u00f3n de la Calidad y Acreditaci\u00f3n\u00a0(ANECA), dependiente del Ministerio de Educaci\u00f3n de Espa\u00f1a. \u00abMemorias de Colombine\u00bb ha gozado ya de dos ediciones, <strong>58 bibliotecas universitarias y cient\u00edficas nacionales e internacionales lo han incluido entre sus fondos<\/strong> y ha sido presentado en una veintena de centros culturales de distintas ciudades espa\u00f1olas.<\/p>\n<p><b>Pr\u00f3logo:<\/b>\u00a0Carmen de Burgos<br \/>\n<b>Caract:<\/b>\u00a0496 p\u00e1ginas. 200 ilustraciones<br \/>\n<b>Primera edici\u00f3n:<\/b>\u00a0agotada<br \/>\n<b>Segunda edici\u00f3n:<\/b>\u00a0corregida y aumentada<br \/>\n<b>ISBN:<\/b>\u00a084-923433-1-1<br \/>\n<b>Precio:<\/b>\u00a018 euros<\/p>\n<p><span style=\"font-family: Arial, Helvetica, sans-serif;\"><b>INDICE<\/b><\/span><\/p>\n<p><span style=\"font-family: Arial, Helvetica, sans-serif; font-size: small;\"><b>1901<\/b>&#8211; Mi llegada a Madrid: la visita a la tumba de Larra.<br \/>\n<b>1904<\/b>&#8211; La primera periodista. Por Europa.<br \/>\n<b>1906<\/b>&#8211; La campa\u00f1a en prensa por el voto y el divorcio. El destierro a la ciudad de los Cristos. Cuentos de Colombine.<br \/>\n<b>1908<\/b>&#8211; Los mi\u00e9rcoles de Colombine. Nace la Revista Critica. Juan Ram\u00f3n y Tom\u00e1s Morales, mis adorados poetas. La justa causa de los jud\u00edos.<br \/>\n<b>1909<\/b>&#8211; La primera corresponsal de guerra. Las mujeres de Blasco. Julio Antonio y Ram\u00f3n (La Serna), mal de amores. El Banquete a F\u00edgaro.<br \/>\n<b>1910<\/b>&#8211; Mitin en la Rep\u00fablica de Lavapi\u00e9s: por los caf\u00e9s de Madrid.<br \/>\n<b>1911<\/b>&#8211; Con Rub\u00e9n, Felipe Trigo y Do\u00f1a Emilia.<br \/>\n<b>1912<\/b>&#8211; En defensa de Juan Ram\u00f3n.<br \/>\n<b>1913<\/b>&#8211; Nos vamos a hacer las Am\u00e9ricas.<br \/>\n<b>1914<\/b>&#8211; La primera Guerra Mundial: prisioneras en Alemania.<br \/>\n<b>1915<\/b>&#8211; A la luz de Pombo. Mi abogado Barriobero.<br \/>\n<b>1916<\/b>&#8211; Posando para Julio Romero de Torres. La muerte de Rub\u00e9n y de Felipe (Trigo).<br \/>\n<b>1917<\/b>&#8211; Odios y amores de Rafa Cansinos-Ass\u00e9ns y Enrique G\u00f3mez Carrillo.<br \/>\n<b>1918<\/b>&#8211; La linterna de Di\u00f3genes.<br \/>\n<b>1919<\/b>&#8211; Llega la paz, renace F\u00edgaro y muere Julio Antonio. La llegada de Alonso Quesada.<br \/>\n<b>1920<\/b>&#8211; El adi\u00f3s a Don Benito (P\u00e9rez Gald\u00f3s).<br \/>\n<b>1921<\/b>&#8211; La Cruzada de Mujeres.<br \/>\n<b>1922<\/b>&#8211; Espiritista en Portugal.<br \/>\n<b>1923<\/b>&#8211; Ram\u00f3n me construye un sue\u00f1o: El Ventanal en Estoril.<br \/>\nLa &#8216;dictadura alegre&#8217;. La madre de las greguer\u00edas.<br \/>\n<b>1925<\/b>&#8211; Huyendo de nosotros mismos: entre Am\u00e9rica y N\u00e1poles. La Malcasada.<br \/>\n<b>1928<\/b>&#8211; El horror del error carnal al regreso de mi hija Mar\u00eda.<br \/>\n<b>1930<\/b>&#8211; Ese invento moderno de la piscina.<br \/>\n<b>1931<\/b>&#8211; A las puertas del Congreso y de la Academia.<br \/>\n<b>1932<\/b>&#8211; Bodas de sangre: la muerte de Colombine<\/span><\/p>\n<p><strong>Rese\u00f1as acad\u00e9micas y cient\u00edficas:<\/strong><\/p>\n<p><strong>R\u00edos Carratal\u00e1, Juan<\/strong> A (edic) (1998): Relaciones culturales entre Italia y Espa\u00f1a: Leopardi y Espa\u00f1a. Encuentro de Investigadores de las Universidades de Alicante y Macerata, Ed. Departamento de Filolog\u00eda Espa\u00f1ola, Universidad de Alicante, p. 39.<\/p>\n<p><strong>Latorre Zacar\u00e9s, Nacho<\/strong> (1998): Retrats. Carmen de Burgos \u201cColombine\u201d. Aspark\u00eda. Investigaci\u00f3 feminista, n\u00ba 9, p. 177.<\/p>\n<p><strong>Solbes, Rosa<\/strong> (1998): Recordem Colombine. Car\u00e0cters. Revista de Llibres. N\u00ba 5, Segona \u00c8poca. Ed. Institut Interuniversitari de Filologia Valenciana, p. 32.<\/p>\n<p><strong>Cornell\u00e1, Jord<\/strong>i (1998): Llu\u00eds Ru\u00edz Contreras i S\u00edlverio Lanza: dos \u00abcursors\u00bb de la generac\u00ed\u00f3 del 98. Revista de Girona, n\u00ba 190 setembre \u2013 octubre, p. 538 (82).<\/p>\n<p><strong>Alborch, Carmen<\/strong> (1999): Solas. Ed. Temas de Hoy, p. 209.<\/p>\n<p><strong>S\u00e1ez Delgado, Antonio<\/strong> (2000): \u00d3rficos y ultra\u00edstas: Portugal y Espa\u00f1a en el di\u00e1logo de las primeras vanguardias literarias. Editora Regional de Extremadura, M\u00e9rida, pp. 30, 225, 226.<\/p>\n<p><strong>Instituto Canario de la Mujer<\/strong> (1999): Memoria de Gesti\u00f3n 1998. Ed. Gobierno de Canarias, p. 9.<\/p>\n<p><strong><a href=\"http:\/\/editorialhijosdemuleyrubio.com\/wp-content\/uploads\/2013\/10\/COLOMBINE_2.jpg\"><img loading=\"lazy\" decoding=\"async\" class=\"alignleft size-medium wp-image-1185\" alt=\"COLOMBINE_2\" src=\"http:\/\/editorialhijosdemuleyrubio.com\/wp-content\/uploads\/2013\/10\/COLOMBINE_2-225x300.jpg\" width=\"225\" height=\"300\" srcset=\"https:\/\/editorialhijosdemuleyrubio.com\/wp-content\/uploads\/2013\/10\/COLOMBINE_2-225x300.jpg 225w, https:\/\/editorialhijosdemuleyrubio.com\/wp-content\/uploads\/2013\/10\/COLOMBINE_2.jpg 550w\" sizes=\"auto, (max-width: 225px) 100vw, 225px\" \/><\/a>J. Wood, Jennifer (<\/strong>1999): A Woman Writing War in 1909: Colombine in Melilla. En V\u00e1squez, Mary S. (Ed.): Letras Peninsulares, Volumen 12, N\u00fameros 1-3. Davidson College. Department of Spanish. Davidson. (EE.UU), pp. 375, 380, 385.<\/p>\n<p><strong>Garc\u00eda Mart\u00edn, Jos\u00e9 Luis*<\/strong> (2000): Biblioteca Circulante. Ed. Llibros del Pexe, pp. 83-85. * Profesor de Literatura en la Universidad de Oviedo.<\/p>\n<p><strong>Establier P\u00e9rez, Helena*<\/strong> (2000): Mujer y Feminismo en la Obra de Carmen de Burgos \u201cColombine\u201d. Ed. IEA, p. 202. * Profesora de Literatura Espa\u00f1ola en el Departamento de Lengua y Literatura Espa\u00f1olas, Ling\u00fc\u00edstica General y Teor\u00eda de la Literatura de la Universidad de Alicante.<\/p>\n<p><strong>Cantavella, Juan<\/strong> (2000): Carmen de Burgos, Sof\u00eda Casanova y Josefina Carabias, en \u201cEstudios de empresa informativa. Homenaje al profesor Tall\u00f3n\u201d. Ed. Universidad Complutense, p. 589.<\/p>\n<p><strong>Bruquetas de Castro, Fernando*<\/strong> (2000): Outing en Espa\u00f1a: Los espa\u00f1oles salen del armario. Ed. Hijos de Muley-Rubio, p. 173, 177. * Catedr\u00e1tico de Historia Moderna en la Universidad de Las Palmas de Gran Canaria.<\/p>\n<p><strong>Correa Ram\u00f3n, Amelina*<\/strong> (Edic.) (2000): Cuentos de mujeres: Doce relatos de escritoras finiseculares. Clan Editorial, p. 264. * Profesora de Literatura espa\u00f1ola en la Universidad de Granada.<\/p>\n<p><strong>Villalba \u00c1lvarez, Marina<\/strong> (Edic.) (2000): Mujeres novelistas en el panorama literario del siglo XX. I Congreso de narrativa espa\u00f1ola (en lengua castellana). Ediciones de la Universidad de Castilla-La Mancha, p 84.<\/p>\n<p><strong>Hardcastle, Anne E.<\/strong> (2001): What a Trip! Marriage and Divorce in Carmen de Burgos\u00b4s \u201cLa Flor de la Playa\u201d. Revista de Estudios Hisp\u00e1nicos. Vol. 35, n\u00ba 2. Ed. Dept. of Romance Languages, Alabama University, pp. 240, 252, 255.<\/p>\n<p><strong>Mangini Gonz\u00e1lez, Shirley*<\/strong> (2001): Las modernas de Madrid: Las grandes intelectuales espa\u00f1olas de la vanguardia. Ediciones Pen\u00ednsula, pp. 64, 252. * Profesora de Literatura espa\u00f1ola en la Universidad del Estado de California (Long Beach).<\/p>\n<p><strong><a href=\"http:\/\/editorialhijosdemuleyrubio.com\/wp-content\/uploads\/2013\/10\/f0554e20ef1a7b5dcf79630c5a37fcd7.jpg\"><img loading=\"lazy\" decoding=\"async\" class=\"alignleft size-medium wp-image-1187\" alt=\"Colombine+2\" src=\"http:\/\/editorialhijosdemuleyrubio.com\/wp-content\/uploads\/2013\/10\/f0554e20ef1a7b5dcf79630c5a37fcd7-262x300.jpg\" width=\"262\" height=\"300\" srcset=\"https:\/\/editorialhijosdemuleyrubio.com\/wp-content\/uploads\/2013\/10\/f0554e20ef1a7b5dcf79630c5a37fcd7-262x300.jpg 262w, https:\/\/editorialhijosdemuleyrubio.com\/wp-content\/uploads\/2013\/10\/f0554e20ef1a7b5dcf79630c5a37fcd7.jpg 280w\" sizes=\"auto, (max-width: 262px) 100vw, 262px\" \/><\/a>Schulze Schneider, Ingrid<\/strong> (2001): \u201cFirst Woman War Reporter in Spain\u201d. Communicator. Quarterly Journal of Indian Institute of Mass Communication, Volumen XXXVI, n\u00ba 3, Ed. Indian Institute of Mass Communication, Nueva Delhi\/India, p. 27.<\/p>\n<p><strong>Barreiro, Javier*<\/strong> (2001): Cruces de bohemia: Vidal y Planas, Noel, Retana, G\u00e1lvez, Dicenta y Barrantes. N\u00famero 1 de Colecci\u00f3n Villa Dionysos. Vol. 1. Unaluna Ediciones, pp. 88 y 211. * Catedr\u00e1tico de Literatura espa\u00f1ola.<\/p>\n<p><strong>Allen, Jonathan*<\/strong> (2002): Tom\u00e1s Morales. Obra Art\u00edstica. Estudio y An\u00e1lisis. Moralia n\u00ba 1. Ed. Cabildo Gran Canaria, p. 28. * Profesor de Filolog\u00eda Moderna en la Universidad de Las Palmas de Gran Canaria.<\/p>\n<p><strong>Nes, Illy<\/strong> (2002): Hijas de Ad\u00e1n: Las mujeres tambi\u00e9n salen del armario. Ed. HMR, pp. 34, 55, 134.<\/p>\n<p><strong>Ramos, Mar\u00eda Dolores; Vera, Mar\u00eda Teresa; Ballesteros, Rosa Mar\u00eda<\/strong> (2002): Discursos, realidades, utop\u00edas: La construcci\u00f3n del sujeto femenino en los siglos XIX-XX. Anthropos Editorial, p. 170.<\/p>\n<p><strong>S\u00e1ez Delgado, A.<\/strong>* (2002): Adriano del Valle y Pessoa (apuntes de una amistad). Ed. Llibros del Pexe. p 104. * Profesor de Literatura en la Universidad de \u00c9vora (Portugal).<\/p>\n<p><strong>Lluch, J. y Llorens, L<\/strong>. (Ed.) (2002): \u201cEl Laberinto m\u00e1gico II\u201d. \u201cCampo de sangre\u201d. \u201cCampo del moro\u201d. En Obras Completas de Max Aub. Vol. III-A. Joan Oleza ed. Val\u00e8ncia. Biblioteca Valenciana. p. 468.<\/p>\n<p><strong>Caudet, F.<\/strong> (Ed.) (2002): \u201cEl Laberinto m\u00e1gico II\u201d. \u201cCampo de los almendros\u201d. En Obras Completas de Max Aub. Vol. III-B. Joan Oleza ed. Val\u00e8ncia. Biblioteca Valenciana. p. 589.<\/p>\n<p><strong>Bravo Cela, Blanca<\/strong> (2003): Carmen de Burgos (Colombine). Contra el silencio. Ed. Espasa Calpe. pp. 14, 18, 60, 163, 217 y 242.<\/p>\n<p><strong>Kirkpatrick, Susan<\/strong> (2003): Mujer, modernismo y vanguardia en Espa\u00f1a (1898-1931). Ed. C\u00e1tedra, pp. 194, 195 y 313.<\/p>\n<p><strong>Corbal\u00e1n Torres, Rafael<\/strong> (2003): Masoner\u00eda y Literatura a principios del siglo XX en Espa\u00f1a. En Actas del XIV Congreso de la Asociaci\u00f3n Internacional de Hispanistas (coord. Lerner, Isa\u00edas; Nival, Robert; Alonso, Alejandro), New York, 16-21 de julio de 2001. Ed. Juan de la Cuesta, Vol. 3. p. 145.<\/p>\n<p><strong><a href=\"http:\/\/editorialhijosdemuleyrubio.com\/wp-content\/uploads\/2013\/10\/Colombine-3.jpg\"><img loading=\"lazy\" decoding=\"async\" class=\"alignleft size-full wp-image-1188\" alt=\"Colombine 3\" src=\"http:\/\/editorialhijosdemuleyrubio.com\/wp-content\/uploads\/2013\/10\/Colombine-3.jpg\" width=\"151\" height=\"200\" \/><\/a>Ramos Palomo, Dolores<\/strong> (2003): Arquitectura y construcci\u00f3n de la historia de las mujeres en Andaluc\u00eda: \u00faltimas aportaciones (1992-2000). Actas del III Congreso de Historia de Andaluc\u00eda. C\u00f3rdoba, 2001, Vol. 1. Universidad de C\u00f3rdoba. Departamento de Historia Moderna, Contempor\u00e1nea y de Am\u00e9rica. Publicaciones Obra Social y Cultural CajaSur, p. 38.<\/p>\n<p><strong>Imboden, Rita Catrina<\/strong> (2003): Carmen de Burgos Colombine en Las m\u00e1scaras del h\u00e9roe de Juan Manuel de Prada. En L\u00f3pez de Abiada, Jos\u00e9 Manuel; L\u00f3pez Bernasocchi, Augusta (Ed): Juan Manuel de Prada: De h\u00e9roes y tempestades. Ed. Verbum, p. 199.<\/p>\n<p><strong>Garc\u00eda Mart\u00edn, Jos\u00e9 Luis*<\/strong> (Edic.) (2003): Obra completa. Fernando Fort\u00fan. Ed. Llibros del Pexe, pp. 13 y 34. * Profesor de Literatura en la Universidad de Oviedo.<\/p>\n<p><strong>Fortu\u00f1o Llorens, Santiago (Edic.)<\/strong> (2003): Fortunata y Jacinta. Benito P\u00e9rez Gald\u00f3s. Ed. Castalia, p. 29. 12\/199364 V.1 Ballesteros Garc\u00eda, Rosa Mar\u00eda (2003): El krausismo y la educaci\u00f3n femenina en Espa\u00f1a: Carmen de Burgos y Dolores Cebri\u00e1n, maestras de la Normal de Toledo. Docencia e Investigaci\u00f3n: revista de la Escuela Universitaria de Magisterio de Toledo, A\u00f1o 28, n\u00ba. 13, p. 36.<\/p>\n<p><strong>\u00c1lvarez, Mar\u00eda Teresa<\/strong> (2003): Ellas mismas: mujeres que han hecho historia contra viento y marea. Ed. La Esfera de los Libros, p. 210.<\/p>\n<p><strong>Costa, Matilde (<\/strong>Coord.) (2003): Biblioteca Oberta. Guia de Lectura. Gener. Biografies (1). Vila- Real. p. 2.<\/p>\n<p><strong><a href=\"http:\/\/editorialhijosdemuleyrubio.com\/wp-content\/uploads\/2013\/10\/Imagen-1.png\"><img loading=\"lazy\" decoding=\"async\" class=\"alignleft size-medium wp-image-1195\" alt=\"Imagen 1\" src=\"http:\/\/editorialhijosdemuleyrubio.com\/wp-content\/uploads\/2013\/10\/Imagen-1-167x300.png\" width=\"167\" height=\"300\" srcset=\"https:\/\/editorialhijosdemuleyrubio.com\/wp-content\/uploads\/2013\/10\/Imagen-1-167x300.png 167w, https:\/\/editorialhijosdemuleyrubio.com\/wp-content\/uploads\/2013\/10\/Imagen-1.png 305w\" sizes=\"auto, (max-width: 167px) 100vw, 167px\" \/><\/a>Krauel, Ricardo<\/strong> (2003): Hacia una redefinici\u00f3n de la sensualidad femenina en la modernidad: La mujer fr\u00eda de Carmen de Burgos. Bulletin of Hispanic Studies (Princeton University). Ed. Liverpool University Press. Vol 80. n\u00ba 4. Dic p. 536.<\/p>\n<p><strong>Del Olmo Iturriarte, Almudena; D\u00edaz de Castro, Francisco J.<\/strong> (2003): Filolog\u00eda Hisp\u00e1nica. Programa General de las Asignaturas. Curso 2003-2004. La novela en el fin de siglo. Universitat de Les Illes Balears, p. 19.<\/p>\n<p><strong>Dom\u00ednguez Carreiro<\/strong> (2003):\u00a0Josefina Blanco Tejerina, a forgotten woman (stage actress). Anales de la Literatura Espa\u00f1ola Contempor\u00e1nea Volume: 28 Issue: 3 Pages: 183-203 Published: 2003 Publisher: SOC Spanish &amp; Spanish-American Studies, Univ Colorado, Dept Spanish &amp; Portuguese, Campus Box 278, Boulder, CO 80309-0278 USA ISSN: 0272-1635<\/p>\n<p><strong>Mart\u00ednez Ruiz, Florencio<\/strong> (Edic) (2004): \u201cLa ciudad encantada\u201d de Carmen de Burgos: Una novela pionera del excursionismo conquense. Ed. Diputaci\u00f3n Provincial de Cuenca, pp. 22 y 32.<\/p>\n<p><strong>Heuer, Jacqueline<\/strong> (2004): La escritura (auto)biogr\u00e1fica de Ram\u00f3n G\u00f3mez de la Serna. Ed. Slatkine, (Suiza). pp. 290 y 403.<\/p>\n<p><strong>And\u00fajar Almansa, Jos\u00e9; Bretones, Jos\u00e9 Luis<\/strong> (2004): Villaespesa y las po\u00e9ticas del modernismo. Ed. Universidad de Almer\u00eda, p. 405.<\/p>\n<p><strong>Tavera, Susana<\/strong> (2004): Federica Montseny o las paradojas de una biograf\u00eda militante. Revista Historia Social, n\u00ba 48. Historias individuales e Historia Social. Ed. Centro de la UNED Alzira-Valencia, Fundaci\u00f3n Instituto de Historia Social, p. 117.<\/p>\n<p><strong>Lizarraga Vizcarra, Isabel<\/strong> (2004): Colombine en Logro\u00f1o, 1912 (apuntes para una historia del feminismo riojano). Revista Berceo, n\u00ba 147. p. 43.<\/p>\n<p><strong><a href=\"http:\/\/editorialhijosdemuleyrubio.com\/wp-content\/uploads\/2013\/10\/CarmendeBurgosFoto.jpg\"><img loading=\"lazy\" decoding=\"async\" class=\"alignleft size-medium wp-image-1193\" alt=\"image description\" src=\"http:\/\/editorialhijosdemuleyrubio.com\/wp-content\/uploads\/2013\/10\/CarmendeBurgosFoto-212x300.jpg\" width=\"212\" height=\"300\" srcset=\"https:\/\/editorialhijosdemuleyrubio.com\/wp-content\/uploads\/2013\/10\/CarmendeBurgosFoto-212x300.jpg 212w, https:\/\/editorialhijosdemuleyrubio.com\/wp-content\/uploads\/2013\/10\/CarmendeBurgosFoto.jpg 222w\" sizes=\"auto, (max-width: 212px) 100vw, 212px\" \/><\/a>Elwes Aguilar, Olga<\/strong> (2004): La imagen de Par\u00eds en Ram\u00f3n G\u00f3mez de la Serna: la problem\u00e1tica del tiempo, en \u201cLa literatura en la literatura\u201d. Actas del XIV Simposio de la Sociedad Espa\u00f1ola de Literatura General y Comparada. Ed. del Centro de Estudios Cervantinos, pp. 425, 427.<\/p>\n<p><strong>N\u00fa\u00f1ez Rey, Concepci\u00f3n*<\/strong> (2005): Carmen de Burgos, Colombine, en la Edad de Plata de la literatura espa\u00f1ola. Ed. Fundaci\u00f3n J. M. Lara, p. 651. *Profesora de Filolog\u00eda en la Facultad de Ciencias de la Informaci\u00f3n de la Universidad Complutense.<\/p>\n<p><strong>Ladr\u00f3n de Guevara, Pedro Luis*<\/strong> (2005): Leopardi en los poetas espa\u00f1oles. Ed. Huerga y Fierro Editores, p. 35. * Profesor de Filolog\u00eda italiana en la Universidad de Murcia.<\/p>\n<p><strong>Tram\u00f3n, Marcos<\/strong> (2005): A\u00f1os, libros, vida: Bibliograf\u00eda comentada de Jos\u00e9 Luis Garc\u00eda Mart\u00edn. Ed. Llibros del Pexe, p. 112 y 226.<\/p>\n<p><strong>Varela, Nuria<\/strong> (2005): Feminismo para principiantes. Ediciones B. M\u00e9xico, p. 404.<\/p>\n<p><strong>Louis, Anja*<\/strong> (2005): Women and the Law: Carmen de Burgos, an Early Feminist. Ed. Tamesis Books. p. 178. * Profesora en The University of Sheffield (South Yorkshire, Inglaterra).<\/p>\n<p><strong>Rodr\u00edguez, Mar\u00eda del Pilar<\/strong> (2005): Una revisi\u00f3n de la modernidad desde la perspectiva de g\u00e9nero: tres relatos de Carmen de Burgos. Revista Mundaiz, n\u00ba 70 (jul-dic), Universidad de Deusto, Facultad de Humanidades, pp. 20, 43, 68, 80. (2\u00aa edic., IEA, 2006).<\/p>\n<p><strong><a href=\"http:\/\/editorialhijosdemuleyrubio.com\/wp-content\/uploads\/2013\/10\/05112201.jpg\"><img loading=\"lazy\" decoding=\"async\" class=\"alignleft size-medium wp-image-1192\" alt=\"05112201\" src=\"http:\/\/editorialhijosdemuleyrubio.com\/wp-content\/uploads\/2013\/10\/05112201-214x300.jpg\" width=\"214\" height=\"300\" srcset=\"https:\/\/editorialhijosdemuleyrubio.com\/wp-content\/uploads\/2013\/10\/05112201-214x300.jpg 214w, https:\/\/editorialhijosdemuleyrubio.com\/wp-content\/uploads\/2013\/10\/05112201.jpg 250w\" sizes=\"auto, (max-width: 214px) 100vw, 214px\" \/><\/a>Valles Calatrava, Jos\u00e9; Valverde Velasco, Alicia<\/strong> (2005): Vida y Obra de Carmen de Burgos Segu\u00ed (Colombine). Ed. Fundaci\u00f3n para el Desarrollo de los Pueblos de Andaluc\u00eda (Fudepa), p. 32.<\/p>\n<p><strong>Larson, Susan*<\/strong> (Edic) (2006): La rampa. Carmen de Burgos. Ed. Stockcero, Inc, 2006. p. 221. * Profesora de Lengua y Literatura Moderna en la Universidad de Nueva York.<\/p>\n<p><strong>Bruquetas de Castro, Fernando*<\/strong> (2006): Historia de los burdeles en Espa\u00f1a: De lupanares, puter\u00edos reales y otras manceb\u00edas. Ed. Esfera de los Libros, p. 273. * Catedr\u00e1tico de Historia de la Universidad de Las Palmas de Gran Canaria.<\/p>\n<p><strong>Bravo, Blanca<\/strong> (2006): Modernas y vanguardistas (1900-1939). Historia de un encuentro: Carmen de Burgos y Hildegart. Cuadernos Hispanoamericanos. N\u00ba. 671. Mayo, p. 25.<\/p>\n<p><strong>Llovet i Dom\u00e8nech, Jordi (<\/strong>2006): Dones y Feminismes. Bibliograf\u00eda selectiva. Ed. Generalitat de Catalunya. Departament de Cultura, marzo, p. 75.<\/p>\n<p><strong>Garc\u00eda Albi, In\u00e9s<\/strong> (2007): Nosotras que contamos. Mujeres periodistas en Espa\u00f1a. Ed. Plaza y Jan\u00e9s, p. 16, 18, 24, 28, 30, 32, 33, 34, 35 y 155.<\/p>\n<p><strong>Galindo Art\u00e9s, Miguel<\/strong> (2007): La escuela en Alhama (1920-1953). El Eco de Alhama. A\u00f1o XII, n\u00ba 23, julio. 84-1136-8349 Juan Pay\u00e1n, Miguel (2007): La historia de Espa\u00f1a a trav\u00e9s del cine. Ed. Cacitel, p. 134.<\/p>\n<p><strong>Gallego Dur\u00e1n, Mar\u00eda del Mar*; Navarro Dom\u00ednguez, Eloy*<\/strong> (2007): Relatos de viajes, miradas de mujeres. Ed. Alfar, pp. 181, 185. *Profesores de la Universidad de Huelva.<\/p>\n<p><strong><a href=\"http:\/\/editorialhijosdemuleyrubio.com\/wp-content\/uploads\/2013\/10\/burgos.jpg\"><img loading=\"lazy\" decoding=\"async\" class=\"alignleft size-full wp-image-1191\" alt=\"burgos\" src=\"http:\/\/editorialhijosdemuleyrubio.com\/wp-content\/uploads\/2013\/10\/burgos.jpg\" width=\"125\" height=\"179\" \/><\/a>Ortiz Albear, Natividad*<\/strong> (2007): Mujeres masonas en Espa\u00f1a: diccionario biogr\u00e1fico (1868-1939). Ediciones Idea p. 129. * Centro de Estudios de la Mujer de la Universidad de Salamanca.<\/p>\n<p><strong>Nicol\u00e1s Lazo, Gemma<\/strong> (2007): La reglamentaci\u00f3n de la prostituci\u00f3n en el Estado espa\u00f1ol. Genealog\u00eda jur\u00eddico feminista de los discursos sobre prostituci\u00f3n y sexualidad. Tesis doctoral. Departamento de Derecho Penal y Ciencias Penales. Universidad de Barcelona, pp. 308, 309, 364, 365, 366, 368, 369, 375, 677.<\/p>\n<p><strong>Puente Pereda, Bel\u00e9n<\/strong> (2007): Periodismo y discurso en El Cuento Semanal. Tesis doctoral. Universidad Aut\u00f3noma de Barcelona. Departamento de Filolog\u00eda Espa\u00f1ola, pp. 6 y 259.<\/p>\n<p><strong>Guerra S\u00e1nchez, Oswaldo*<\/strong> (2007): Tom\u00e1s Morales en \u201cMundial Magazine\u201d. Moralia n\u00ba 7. Ed. Cabildo Gran Canaria, pp 14 y 16. * Profesor de Did\u00e1ctica de la Lengua y Literatura en la Universidad de Las Palmas de Gran Canaria.<\/p>\n<p><strong>Afinogu\u00e9nova, Eugenia V.:<\/strong> Elegance and Make-up: Nature, Modernity, and the Female Body in the Spanish Beach Narratives of the 1920s; Wenceslao Fern\u00e1ndez Fl\u00f3rez and Carmen de Burgos. En Long Hoeveler, Diane*; Decker Schuster, Donna* (2007): Women\u00b4s literary creativity and the female body. Ed. Palgrave Macmillan. * Women\u00b4s Studies Program de la Marquette University (Milwaukee, Wisconsin, EE.UU)<\/p>\n<p><strong><a href=\"http:\/\/editorialhijosdemuleyrubio.com\/wp-content\/uploads\/2013\/10\/images.jpeg\"><img loading=\"lazy\" decoding=\"async\" class=\"alignleft size-full wp-image-1190\" alt=\"images\" src=\"http:\/\/editorialhijosdemuleyrubio.com\/wp-content\/uploads\/2013\/10\/images.jpeg\" width=\"248\" height=\"203\" \/><\/a>Navarro Dom\u00ednguez, Eloy<\/strong> (2007): Regreso al futuro: la Rep\u00fablica portuguesa en la obra de Ram\u00f3n G\u00f3mez de la Serna y Carmen de Burgos (con Larra al fondo), en \u201cAula Ib\u00e9rica\u201d (Angel Marcos de Dios (ed). Ed. Univ. de Salamanca, pp. 87, 88, 111.<\/p>\n<p><strong> Cantavella, Juan<\/strong> (2008): Bibliograf\u00eda (cr\u00edticas y rese\u00f1as). Estudios sobre el mensaje period\u00edstico, Universidad Complutense de Madrid, n\u00ba 14, p. 670.<\/p>\n<p><strong>Torregrosa Carmona, Juan Francisco<\/strong> (2008): Comunicaci\u00f3n period\u00edstica. Notas desde una perspectiva de g\u00e9nero. Feminismo\/s, junio, Ed. Universidad de Alicante, p. 139.<\/p>\n<p><strong>Cerarols Ram\u00edrez, Rosa<\/strong> (2008): L\u2019imaginari colonial espanyol del Marroc. Geografia, g\u00e8nere i literatura de viatges (1859-1936). Tesis doctoral. Departament de Geografia. Universitat Aut\u00f2noma de Barcelona. Anexo 2, p. 19, 46.<\/p>\n<p><strong>Sevillano, Antonio; Segura, Anyes<\/strong> (2009): Carmen de Burgos \u201cColombine\u201d. Ed. IEA, p. 9. B. U. Caba\u00f1as Alam\u00e1n, Rafael* (2009):\u201cPu\u00f1al de Claveles\u201d de Carmen de Burgos y \u201cBodas de Sangre\u201dde Federico Garc\u00eda Lorca: la frustraci\u00f3n y la naturaleza (paralelismos y contrastes). Estudios Human\u00edsticos. Filolog\u00eda 31, pp. 81, 84. * Profesor de la St. Louis University. Madrid Campus.<\/p>\n<p><strong>Conde-Salazar Infiesta, Luis<\/strong> (Ed.) (2009): Atlas de los Exploradores Espa\u00f1oles. Ed. Planeta y Sociedad Geogr\u00e1fica Espa\u00f1ola, p. 284.<\/p>\n<p><strong><a href=\"http:\/\/editorialhijosdemuleyrubio.com\/wp-content\/uploads\/2013\/10\/CARMENDEBURGOSPERIODISTA2.png\"><img loading=\"lazy\" decoding=\"async\" class=\"alignleft size-medium wp-image-1189\" alt=\"CARMENDEBURGOSPERIODISTA2\" src=\"http:\/\/editorialhijosdemuleyrubio.com\/wp-content\/uploads\/2013\/10\/CARMENDEBURGOSPERIODISTA2-174x300.png\" width=\"174\" height=\"300\" srcset=\"https:\/\/editorialhijosdemuleyrubio.com\/wp-content\/uploads\/2013\/10\/CARMENDEBURGOSPERIODISTA2-174x300.png 174w, https:\/\/editorialhijosdemuleyrubio.com\/wp-content\/uploads\/2013\/10\/CARMENDEBURGOSPERIODISTA2.png 191w\" sizes=\"auto, (max-width: 174px) 100vw, 174px\" \/><\/a>Browne Sartori, Rodrigo<\/strong> (2009): Apuntes de la vida y obra de Carmen de Burgos: una historia real ficcionalizada. Universidad Austral de Chile (Valdivia). En \u201cEscritoras y figuras femeninas\u201d, Arcibel Editores, Sevilla, pp. 113, 114, 116, 119, 120, 121, 127.<\/p>\n<p><strong>S\u00e1nchez Hern\u00e1ndez, Mar\u00eda F.<\/strong> (2009): Evoluci\u00f3n de las Publicaciones Femeninas en Espa\u00f1a. Localizaci\u00f3n y An\u00e1lisis. Documentaci\u00f3n de las Ciencias de la Informaci\u00f3n, Vol. 32, p. 244.<\/p>\n<p><strong>Chainais, Adeline<\/strong> (2010): Francisco Villaespesa: portrait d\u2019un \u00abpasseur de si\u00e8cle\u00bb. Publication du CREC, collection \u00abLes travaux du CREC en ligne\u00bb, n\u00b0 7, ISSN 1773-0023, http:\/\/crec.univ-paris3.fr\/, \u00e0 para\u00eetre.<\/p>\n<p><strong>Carrasco, Noemi<\/strong> (2010): Literariamente lisboetas. El viaje como di\u00e1logo. En \u201cDi\u00e1logos ib\u00e9ricos e iberoamericanos\u201d. Actas del VI Congreso Internacional de ALEPH &#8211; Asociaci\u00f3n de J\u00f3venes Investigadores de la Literatura Hisp\u00e1nica. Faculdade de Letras da Universidade de Lisboa. 27 y el 30 de abril de 2009. Ed ALEPH, Lisboa, p. 293.<\/p>\n<p><strong>Torres Flores, Antonio<\/strong> (2010).\u00a0Mujeres de Palabra. Ed. IEA, Almer\u00eda, p. 19,21,22,23<\/p>\n<p><strong>Guerra S\u00e1nchez, Oswaldo<\/strong> (ed), (2010): Tom\u00e1s Morales. Las Rosas de H\u00e9rcules. p. 16, 49<\/p>\n<p>&nbsp;<\/p>\n<p><strong>Impacto del libro fuera del \u00e1mbito acad\u00e9mico (citas): <\/strong><\/p>\n<p><strong><a href=\"http:\/\/editorialhijosdemuleyrubio.com\/wp-content\/uploads\/2013\/10\/burgos_carmen_de_web01.png\"><img loading=\"lazy\" decoding=\"async\" class=\"alignleft size-full wp-image-1194\" alt=\"burgos_carmen_de_web01\" src=\"http:\/\/editorialhijosdemuleyrubio.com\/wp-content\/uploads\/2013\/10\/burgos_carmen_de_web01.png\" width=\"179\" height=\"249\" \/><\/a>Rojas, Antonio<\/strong> (1998): Colombine, una luchadora rescatada del olvido. Canarias 7. 2 de abril de 1998, p. 20. <strong>Armas Marcelo, J. J<\/strong>. (1998): La Colombine de Utrera y Canarias. Canarias 7, 14 de abril de 1998, p. 5. <strong>An\u00f3nimo<\/strong> (1998): Federico Utrera recupera de la memoria a la periodista Carmen de Burgos. Agencia Otr\/Press, 1 de abril de 1998. <strong>Garc\u00eda Yebra, Tom\u00e1s<\/strong> (1998): La periodista \u201cColombine\u201d y su lucha por la igualdad de sexos. Diario de Navarra, 2 de abril de 1998. <strong>Vera, Luis<\/strong> (1998): \u201cMi libro reivindica la imagen de una Colombine progresista, pero nada dogm\u00e1tica\u201d. La Voz de Almer\u00eda, 2 de abril de 1998, p. 13. <strong>Hern\u00e1ndez, Juan Jos\u00e9<\/strong> (1998): Escritores almerienses triunfan en Madrid. Foco Sur, mayo de 1998. <strong>An\u00f3nimo<\/strong> (1998): Elogio de la primera periodista. Diario de Le\u00f3n, 2 de abril de 1998. <strong>An\u00f3nimo<\/strong> (1998): Un libro de Federico Utrera rescata a una de las intelectuales espa\u00f1olas m\u00e1s influyentes de principios de siglo. Agencia Acn Press. 1 de abril de 1998. <strong>Garc\u00eda Mart\u00edn, Jos\u00e9 Luis<\/strong> (1998): Memorias de Colombine, la primera periodista. Abc Cultural, n\u00ba 346, 19 de junio de 1998. <strong>Rojas, Antonio<\/strong> (1998): La mujer y el periodismo. Suplemento Pleamar. Canarias 7, 23 de junio de 1998, p. 4. <strong>Lostau, J. M.<\/strong> (1998): Arufe recuerda a Colombine. El Mundo de Valladolid, 25 de septiembre de 1998. S. E. S. (1998): La primera mujer periodista. Abc Castilla y Le\u00f3n, 25 de septiembre de 1998. <strong>Marra, Nelson<\/strong> (1998): Adelantada a su tiempo. Intervi\u00fa, 1 mayo de 1998. <strong>Cantavella, Juan<\/strong> (1998): Carmen de Burgos, primera mujer periodista. Diario de Burgos, 18 de abril de 1998, p. 8. <strong>De Armas Fari\u00f1a, Coca<\/strong> (1998): El mayo galdosiano. Canarias 7, 27 de mayo de 1998. <strong>An\u00f3nimo<\/strong> (1998): Un libro acerca la figura de \u201cColombine\u201d, la primera periodista. El Norte de Castilla, 27 de septiembre de 1998, p. 71. <strong>An\u00f3nimo<\/strong> (1998): Presentan en Moya \u201cColombine. La primera periodista\u201d de Utrera. Agencia Efe, 26 de junio de 1998. <strong>Caballero, Luz<\/strong> (1998): A prop\u00f3sito de \u201cColombine\u201d. Suplemento Pleamar. Canarias 7. 7 de julio de 1998, p. 4. <strong>S\u00e1nchez Lubi\u00e1n, Enrique<\/strong> (1998): \u201cColombine\u201d en Toledo. La Tribuna de Toledo, 18 de septiembre de 1998, p. 2. <strong>Ram\u00edrez, Francisca<\/strong> (1998): Toledo descubre a \u201cColombine\u201d, la primera periodista espa\u00f1ola, obra de Federico Utrera. Abc Toledo, 18 de septiembre de 1998. <strong>Del Castillo, Concha<\/strong> (1998): Gracias a \u201cColombine\u201d, las mujeres lograron su derecho a votar. Las Noticias, Castilla-La Mancha. 18 de septiembre de 1998. <strong>Arazo, M\u00aa Angeles<\/strong> (1998): Federico Utrera presenta en Valencia un libro sobre la primera mujer periodista en Espa\u00f1a. Las Provincias (Valencia), 6 de octubre de 1998. <strong>An\u00f3nimo<\/strong> (1998): Federico Utrera rescata en su \u00faltimo libro la figura de Carmen de Burgos. Diario de Avisos (Tenerife), 27 de octubre de 1998, p. 23. <strong>Gonz\u00e1lez, Francisco<\/strong> (1998): Memorias de Colombine, la primera periodista, nuevo libro de Federico Utrera. La Gaceta de Canarias, 27 de octubre de 1998. <strong>Moreno, Nieves<\/strong> (1999): Una relaci\u00f3n de admiraci\u00f3n y amistad. Cuadernos. El Peri\u00f3dico de Extremadura, 6 de marzo de 1999. <strong>An\u00f3nimo<\/strong> (1999): El D\u00eda de la Mujer se conmemor\u00f3 en Badajoz con un acto sobre \u201cColombine\u201d. Hoy (Badajoz), 10 de marzo de 1999. <strong>Le\u00f3n, F.<\/strong> (1999): \u201cMemorias de Colombine\u201d cerr\u00f3 los actos del D\u00eda de la Mujer. El Peri\u00f3dico de Extremadura, 9 de marzo de 1999. <strong>An\u00f3nimo<\/strong> (1998): Memorias de Colombine. Capcalera, revista del Col.legi de Periodistes de Catalunya, n\u00ba 88, octubre de 1998. <strong>An\u00f3nimo<\/strong> (1998): Memorias de Colombine. La lectura. El Peri\u00f3dico de Catalunya, 16 de octubre de 1998. <strong>An\u00f3nimo<\/strong> (1998): El periodista Federico Utrera acaba de rescatar del olvido a Carmen de Burgos. Revista Tribuna, mayo de 1998. <strong>Garc\u00eda Cuartango, Pedro<\/strong> (1998): Feminismo y Periodismo. Esfera, El Mundo. 14 de diciembre de 1998, p. 6. <strong>An\u00f3nimo<\/strong> (1998): Memorias de Colombine, la primera periodista. FAPE. Peri\u00f3dico de las Asociaciones de la Prensa, mayo, 1998. <strong>Blanco, Miguel Angel<\/strong> (1999): La dignidad recuperada de \u201cColombine\u201d. Artes y Letras. Ideal (Granada), 9 de marzo de 1999, p. 2. <strong>Garc\u00eda, Eva<\/strong> (1999): Carmen de Burgos fue una pionera. El Peri\u00f3dico de Arag\u00f3n, 3 de noviembre de 1999. <strong>Miralbes, Susana C.<\/strong> (1999): Unamuno evitaba hablar sobre las osad\u00edas de Colombine. Heraldo de Arag\u00f3n, 3 de noviembre de 1999. <strong>\u00c1lvarez, Larry<\/strong> (1998): Colombine. Canarias 7, 2 de abril de 1998, p. 5. An\u00f3nimo (1998): \u201cMemorias de Colombine\u201d, con gusto feminista. La Rioja, 2 de abril de 1998. <strong>Yebra, Tom\u00e1s G.<\/strong> (1998): La presentaci\u00f3n del libro sobre la vida y obra de \u201cColombine\u201d se convirti\u00f3 en una fiesta feminista. Ideal Granada, 2 de marzo de 1998. <strong>An\u00f3nimo<\/strong> (1998): La primera periodista. El Semanal. 14 de abril de 1998. <strong>An\u00f3nimo<\/strong> (1998): Botella, Alborch y Aguilar elogian primera mujer periodista. Agencia Efe, 1 de abril de 1998. <strong>An\u00f3nimo<\/strong> (1998): Primera periodista Historia de Espa\u00f1a protagoniza libro. Agencia Efe, 1 de abril de 1998. <strong>An\u00f3nimo<\/strong> (1998): Uni\u00f3n pol\u00edtica en torno a la memoria de la primera periodista espa\u00f1ola. Sur (M\u00e1laga), 2 de abril de 1998. <strong>Vera, Luis<\/strong> (1998): El periodista Federico Utrera presenta hoy \u201cMemorias de Colombine. La primera periodista\u201d. La Voz de Almer\u00eda, 1 de abril de 1998. <strong>An\u00f3nimo<\/strong> (2000): Vuelve \u201cLa que quiso ser maja\u201d, novela er\u00f3tica de \u201cColombine\u201d. Agencia Efe (Sevilla), 29 de mayo de 2000. <strong>Prieto, Mart\u00edn<\/strong> (1998): La primera periodista, , El Mundo, 2 de abril de 1998. <strong>Drago, Mirta<\/strong> (1998): Un libro rescata del olvido a Colombine \u201cla primera periodista\u201d, El Mundo, 2 de abril de 1998. <strong>W. M. S<\/strong> (1998): Un libro rescata a la pionera del feminismo espa\u00f1ol, El Pa\u00eds, 2 de abril de 1998. <strong>Armas Marcelo, J. J.<\/strong> (1998): El rescate de Colombine. ABC, 21 de marzo de 1998. <strong>An\u00f3nimo<\/strong> (1998): Damas reunidas en la presentaci\u00f3n de \u201cMemorias de Colombine\u201d, Abc, 2 de abril de 1998. <strong>De Le\u00f3n-Sotelo, Trinidad<\/strong> (1998): Utrera: \u201cColombine se alejaba de los bombos del periodismo\u201d, Abc, 1 de abril de 1998. <strong>G. G. M.<\/strong> (1998): Utrera rescata a la feminista Colombine. Diario 16, 2 de abril de 1998. <strong>Galindo, Miguel<\/strong> (2003): Viaje literario por el Parque. El Eco del Parque, n\u00ba 29. Primavera, 2003. <strong>Jim\u00e9nez, Antonio<\/strong> (2001): Colombine, una rebelde con causa. Arte de Vivir, n\u00ba 32, junio, 2001. <strong>Anabitarte, Ana<\/strong> (1998): Presentan la biograf\u00eda de Carmen de Burgos. El Universal (M\u00e9xico), 2 de abril de 1998. <strong>Dom\u00ednguez, Antonio<\/strong> (1999): Colombine. El Peri\u00f3dico de Arag\u00f3n, 7 de noviembre de 1999. <strong>An\u00f3nimo<\/strong> (1998): Federico Utrera present\u00f3 su libro \u201cMemorias de Colombine\u201d en Zaragoza, agencia Efe, 2 de noviembre de 1999. <strong>Vidal, Javier<\/strong> (2001): Las faldas del 98, El Nacional (Caracas), 1 de mayo de 2001.<strong> An\u00f3nimo<\/strong> (2000): Renacimiento rescata una novela er\u00f3tica de Carmen de Burgos, El Pa\u00eds (Andaluc\u00eda), 29 de mayo de 2000.<strong> Rodr\u00edguez, Margarita<\/strong> (2000): Colombine, una almeriense ilustre. El Eco del Parque, n\u00ba 22, Invierno 2000-20001, p. 22. <strong>Pozo, Jes\u00fas<\/strong> (2005): Federico Utrera. Ideal, 23 de noviembre de 2005.<strong> E. P.<\/strong> (2006): Almer\u00eda rinde homenaje a Carmen de Burgos por el 75 aniversario del voto femenino. Ideal, 27 de septiembre de 2006. <strong>Sevillano, Antonio<\/strong> (2005): Carmen de Burgos, tarantera del Reino, La Voz de Almer\u00eda, 21 de agosto de 2005, p. 2. <strong>An\u00f3nimo<\/strong> (2006): Homenaje a Carmen de Burgos, una vida por la igualdad. La Voz de Almer\u00eda, 2 de octubre de 2006. <strong>L\u00f3pez D\u00edaz, M\u00aa Jos\u00e9<\/strong> (2006): Almer\u00eda homenajea a la escritora Carmen de Burgos \u201cColombine\u201d en el 75\u00ba aniversario del voto femenino. El Pa\u00eds, 30 de septiembre de 2006. <strong>Rub\u00ed, Marta<\/strong> (2006): Luchadoras. La Voz de Almer\u00eda, 3 de octubre de 2006, p. 24. <strong>Serrano, Remedios<\/strong> (2006): Una placa recordar\u00e1 a Carmen de Burgos, art\u00edfice del voto de la mujer, El Mundo (Almer\u00eda), 3 de octubre de 2006.<strong> Serrano, Remedios<\/strong> (2006): Carmen de Burgos derrib\u00f3 muchas puertas que despu\u00e9s no pudo pasar, El Mundo (Almer\u00eda), 2 de octubre de 2006.<\/p>\n","protected":false},"excerpt":{"rendered":"<p>El libro \u00abMemorias de Colombine. La primera periodista\u00bb de Federico Utrera ha alcanzado ya 68 citas en publicaciones acad\u00e9micas y cient\u00edficas nacionales e internacionales a las que hay que sumar m\u00e1s de un centenar de referencias m\u00e1s en medios de comunicaci\u00f3n de car\u00e1cter divulgativo, seg\u00fan acaba de validar a su autor la\u00a0Agencia Nacional de Evaluaci\u00f3n de la Calidad y Acreditaci\u00f3n\u00a0(ANECA), dependiente del Ministerio de Educaci\u00f3n de Espa\u00f1a. \u00abMemorias de Colombine\u00bb ha gozado ya de dos ediciones, 58 bibliotecas universitarias y cient\u00edficas nacionales e internacionales lo han incluido entre sus fondos y ha sido presentado en una veintena de centros culturales de distintas ciudades espa\u00f1olas. Pr\u00f3logo:\u00a0Carmen de Burgos Caract:\u00a0496 p\u00e1ginas. 200<\/p>\n","protected":false},"author":1,"featured_media":0,"comment_status":"open","ping_status":"open","sticky":false,"template":"","format":"standard","meta":{"footnotes":""},"categories":[26],"tags":[82,83,142],"class_list":["post-1181","post","type-post","status-publish","format-standard","hentry","category-material-memoria","tag-carmen-de-burgos","tag-colombine","tag-federico-utrera"],"views":4145,"_links":{"self":[{"href":"https:\/\/editorialhijosdemuleyrubio.com\/index.php?rest_route=\/wp\/v2\/posts\/1181","targetHints":{"allow":["GET"]}}],"collection":[{"href":"https:\/\/editorialhijosdemuleyrubio.com\/index.php?rest_route=\/wp\/v2\/posts"}],"about":[{"href":"https:\/\/editorialhijosdemuleyrubio.com\/index.php?rest_route=\/wp\/v2\/types\/post"}],"author":[{"embeddable":true,"href":"https:\/\/editorialhijosdemuleyrubio.com\/index.php?rest_route=\/wp\/v2\/users\/1"}],"replies":[{"embeddable":true,"href":"https:\/\/editorialhijosdemuleyrubio.com\/index.php?rest_route=%2Fwp%2Fv2%2Fcomments&post=1181"}],"version-history":[{"count":5,"href":"https:\/\/editorialhijosdemuleyrubio.com\/index.php?rest_route=\/wp\/v2\/posts\/1181\/revisions"}],"predecessor-version":[{"id":1197,"href":"https:\/\/editorialhijosdemuleyrubio.com\/index.php?rest_route=\/wp\/v2\/posts\/1181\/revisions\/1197"}],"wp:attachment":[{"href":"https:\/\/editorialhijosdemuleyrubio.com\/index.php?rest_route=%2Fwp%2Fv2%2Fmedia&parent=1181"}],"wp:term":[{"taxonomy":"category","embeddable":true,"href":"https:\/\/editorialhijosdemuleyrubio.com\/index.php?rest_route=%2Fwp%2Fv2%2Fcategories&post=1181"},{"taxonomy":"post_tag","embeddable":true,"href":"https:\/\/editorialhijosdemuleyrubio.com\/index.php?rest_route=%2Fwp%2Fv2%2Ftags&post=1181"}],"curies":[{"name":"wp","href":"https:\/\/api.w.org\/{rel}","templated":true}]}}