{"id":119,"date":"2013-12-19T23:17:24","date_gmt":"2013-12-19T22:17:24","guid":{"rendered":"http:\/\/editorialhijosdemuleyrubio.com\/?p=119"},"modified":"2013-12-19T23:28:34","modified_gmt":"2013-12-19T22:28:34","slug":"presentaciones-como-dramaturgias","status":"publish","type":"post","link":"https:\/\/editorialhijosdemuleyrubio.com\/?p=119","title":{"rendered":"Presentaciones como dramaturgias"},"content":{"rendered":"<p>La puesta en escena de un libro se parece cada vez m\u00e1s a una obra de teatro o a una \u00abperformance\u00bb. Si el acto de dar a la luz es un acontecimiento que marca el futuro de un ser vivo, pensamos que igual ocurre con un libro. Por eso ideamos todo tipo de \u00abacciones\u00bb para dar a conocer nuestros vol\u00famenes de manera singular:<\/p>\n<p><!--more--><\/p>\n<p>&nbsp;<\/p>\n<p><a href=\"http:\/\/editorialhijosdemuleyrubio.com\/wp-content\/uploads\/2013\/06\/images-1.jpeg\"><img loading=\"lazy\" decoding=\"async\" class=\"alignleft size-full wp-image-172\" alt=\"images-1\" src=\"http:\/\/editorialhijosdemuleyrubio.com\/wp-content\/uploads\/2013\/06\/images-1.jpeg\" width=\"160\" height=\"120\" \/><\/a> <a href=\"http:\/\/editorialhijosdemuleyrubio.com\/wp-content\/uploads\/2013\/06\/DownloadedFile-3.jpeg\"><img loading=\"lazy\" decoding=\"async\" class=\"alignleft size-medium wp-image-173\" alt=\"DownloadedFile-3\" src=\"http:\/\/editorialhijosdemuleyrubio.com\/wp-content\/uploads\/2013\/06\/DownloadedFile-3.jpeg\" width=\"173\" height=\"291\" \/><\/a> <a href=\"http:\/\/editorialhijosdemuleyrubio.com\/wp-content\/uploads\/2013\/06\/images-2.jpeg\"><img loading=\"lazy\" decoding=\"async\" class=\"alignleft size-medium wp-image-174\" alt=\"images-2\" src=\"http:\/\/editorialhijosdemuleyrubio.com\/wp-content\/uploads\/2013\/06\/images-2.jpeg\" width=\"170\" height=\"250\" \/><\/a><\/p>\n<p>&nbsp;<\/p>\n<p>&nbsp;<\/p>\n<p>&nbsp;<\/p>\n<p>&nbsp;<\/p>\n<p>&nbsp;<\/p>\n<p>&nbsp;<\/p>\n<p>&nbsp;<\/p>\n<p>&nbsp;<\/p>\n<p>&nbsp;<\/p>\n<p>&nbsp;<\/p>\n<p><strong>\u00a1Houellebecq!. Fernando Arrabal<\/strong><\/p>\n<p><em>Presentaci\u00f3n en Par\u00eds (Francia):<\/em> Preparamos junto al dramaturgo Fernando Arrabal y su esposa Luce Moreau una presentaci\u00f3n de su libro \u00ab\u00a1Houellebecq!\u00bb en su casa de Par\u00eds, a la que asistieron amigos, periodistas e invitados. Una copa de vino y libros fueron los acompa\u00f1antes perfectos para una ma\u00f1ana inolvidable.<\/p>\n<p><em>Encuentro con la prensa en Madrid (Jard\u00edn de Recoletos).<\/em> En Madrid le organizamos a Fernando Arrabal un marat\u00f3n de entrevistas con medios nacionales e internacionales que result\u00f3 prodigiosa. El impacto que luego obtuvo el libro mereci\u00f3 la pena.<\/p>\n<p><em>Premio Leteo (Le\u00f3n):<\/em> Arrabal y Houellebecq. Memorable encuentro en Le\u00f3n con Fernando Arrabal y Michel Houellebecq gracias a la cobertura que brindaron los j\u00f3venes poetas que organizaban el Premio Leteo. Disfrutar de la noche leonesa con el dramaturgo espa\u00f1ol y el novelista franc\u00e9s, tras una espl\u00e9ndida cena, fue el m\u00e1s preciado galard\u00f3n. La conferencia de Houellebecq en Le\u00f3n fue magistral.<\/p>\n<p>****************************<\/p>\n<p><a href=\"http:\/\/editorialhijosdemuleyrubio.com\/wp-content\/uploads\/2013\/06\/DownloadedFile2.jpeg\"><img loading=\"lazy\" decoding=\"async\" class=\"alignleft size-full wp-image-168\" alt=\"DownloadedFile\" src=\"http:\/\/editorialhijosdemuleyrubio.com\/wp-content\/uploads\/2013\/06\/DownloadedFile2.jpeg\" width=\"120\" height=\"144\" \/><\/a> <a href=\"http:\/\/editorialhijosdemuleyrubio.com\/wp-content\/uploads\/2013\/06\/DownloadedFile-12.jpeg\"><img loading=\"lazy\" decoding=\"async\" class=\"alignleft size-medium wp-image-169\" alt=\"DownloadedFile-1\" src=\"http:\/\/editorialhijosdemuleyrubio.com\/wp-content\/uploads\/2013\/06\/DownloadedFile-12.jpeg\" width=\"189\" height=\"267\" \/><\/a><\/p>\n<p>&nbsp;<\/p>\n<p>&nbsp;<\/p>\n<p>&nbsp;<\/p>\n<p>&nbsp;<\/p>\n<p>&nbsp;<\/p>\n<p>&nbsp;<\/p>\n<p>&nbsp;<\/p>\n<p>&nbsp;<\/p>\n<p>&nbsp;<\/p>\n<p><strong>Espa\u00f1a y sus Ejidos. Juan Goytisolo<\/strong><\/p>\n<p><em>Presentaci\u00f3n y cena-homenaje a Goytisolo en la Casa de Espa\u00f1a (Tetu\u00e1n, Marruecos).<\/em> Organizada por Abderrahman ben Lahmar (Tetu\u00e1n, 1957 &#8211; 2011), profesor de filosof\u00eda y \u00e1rabe, cr\u00edtico literario, hispanista y activista dem\u00f3crata marroqu\u00ed. De joven fue miembro del Sindicato Nacional de Alumnos, una organizaci\u00f3n juvenil vinculada a la clandestina Ila al Amam hasta su disoluci\u00f3n y persecuci\u00f3n durante el reinado de Hassan II. Fue profesor en Tetu\u00e1n, Casablanca, Larache y Sal\u00e9, en centros de gran prestigio como el Liceo Jabir Ben Hayane. Destac\u00f3 por sus estuidos sobre Averroes y la espiritualidad suf\u00ed. En su calidad de hispanista y cr\u00edtico literario, fue fundador y redactor jefe de Cuadernos del Norte, publicaci\u00f3n sobre la cultura espa\u00f1ola. Fue traductor del espa\u00f1ol al \u00e1rabe de obras de diversos autores espa\u00f1oles, como Juan Goytisolo. En el \u00e1mbito pol\u00edtico destac\u00f3 su compromiso con los sindicalistas de la Asociaci\u00f3n de Trabajadores Inmigrantes Marroqu\u00edes en Espa\u00f1a (ATIME) y su divulgaci\u00f3n del pensamiento pol\u00edtico del opositor dem\u00f3crata Abraham Serfaty.<\/p>\n<figure id=\"attachment_120\" aria-describedby=\"caption-attachment-120\" style=\"width: 200px\" class=\"wp-caption alignleft\"><a href=\"http:\/\/editorialhijosdemuleyrubio.com\/wp-content\/uploads\/2013\/06\/presentajg8.jpeg\"><img loading=\"lazy\" decoding=\"async\" class=\"size-full wp-image-120\" alt=\"Presentaci\u00f3n en Marruecos del libro &quot;Espa\u00f1a y sus Ejidos&quot;\" src=\"http:\/\/editorialhijosdemuleyrubio.com\/wp-content\/uploads\/2013\/06\/presentajg8.jpeg\" width=\"200\" height=\"125\" \/><\/a><figcaption id=\"caption-attachment-120\" class=\"wp-caption-text\">Presentaci\u00f3n en Marruecos del libro \u00abEspa\u00f1a y sus Ejidos\u00bb<\/figcaption><\/figure>\n<p><a href=\"http:\/\/editorialhijosdemuleyrubio.com\/wp-content\/uploads\/2013\/06\/presentajg7.jpeg\"><img loading=\"lazy\" decoding=\"async\" class=\"alignleft size-medium wp-image-122\" alt=\"presentajg7\" src=\"http:\/\/editorialhijosdemuleyrubio.com\/wp-content\/uploads\/2013\/06\/presentajg7.jpeg\" width=\"200\" height=\"276\" \/><\/a><br \/>\nLugar: Complejo Cultural Abde el-Jallak Torres, calle Hassan I\u00b0 \/ Bab Okla (Puerta de la Reina) (Tetu\u00e1n)<br \/>\nPresentadores: Abdeluahab Beyuki (editor), Abderrahman Ben El Ahmar (editor), Abdelhamid Sarraj (editor), Aziz Seba\u00ed (librero), Jos\u00e9 Luis L\u00f3pez Bretones (editor) y Federico Utrera (editor)<br \/>\nOrganizaci\u00f3n: librer\u00eda Al.\u00b4Anwar, revista Cuadernos del Norte y editorial Hijos de Muley-Rubio (HMR)<br \/>\nRese\u00f1as y cr\u00edticas: Televisi\u00f3n auton\u00f3mica de Catalunya (TV3), La Vanguardia, agencia Europa Press, agencia Efe, Le Matin (edici\u00f3n en espa\u00f1ol), Tamuda (Marruecos), La Voz de Almer\u00eda, Ideal. Asahifa (Yamal Uahbi), Asahra al-Maghrib\u00eda (Ahmed al-Marini), Al-Alam (Yussef Sbai), Abdelatif Kassidi.<\/p>\n<p>Firma de ejemplares en la Feria del Libro de Madrid: Una de esas raras ocasiones en que el escritor Juan Goytisolo se prest\u00f3 a firmar ejemplares en la\u00a0Caseta de la Librer\u00eda Jarcha.<\/p>\n<figure id=\"attachment_123\" aria-describedby=\"caption-attachment-123\" style=\"width: 200px\" class=\"wp-caption alignleft\"><a href=\"http:\/\/editorialhijosdemuleyrubio.com\/wp-content\/uploads\/2013\/06\/presentajg3.jpeg\"><img loading=\"lazy\" decoding=\"async\" class=\"size-full wp-image-123\" alt=\"Presentaci\u00f3n en Madrid de &quot;Espa\u00f1a y sus Ejidos&quot;\" src=\"http:\/\/editorialhijosdemuleyrubio.com\/wp-content\/uploads\/2013\/06\/presentajg3.jpeg\" width=\"200\" height=\"131\" \/><\/a><figcaption id=\"caption-attachment-123\" class=\"wp-caption-text\">Presentaci\u00f3n en Madrid de \u00abEspa\u00f1a y sus Ejidos\u00bb<\/figcaption><\/figure>\n<p>Presentaci\u00f3n en Madrid <a href=\"http:\/\/editorialhijosdemuleyrubio.com\/?p=138\">(rueda de prensa \u00edntegra pinchando aqu\u00ed)<\/a><\/p>\n<p>Lugar: C\u00edrculo de Bellas Artes de Madrid<br \/>\nPresentadores: Mustaf\u00e1 El M\u00b4Rabet, presidente de ATIME, Fanny Rubio, escritora y profesora de Filolog\u00eda, y Jos\u00e9 Mar\u00eda Ridao, escritor y diplom\u00e1tico.<br \/>\nOrganizaci\u00f3n: C\u00edrculo de Bellas Artes y Editorial Hijos de Muley-Rubio (HMR).<br \/>\nMedios de comunicaci\u00f3n acreditados:<br \/>\nAgencias: Efe, Europa Press.<br \/>\nDiarios: El Pa\u00eds, La Vanguardia, El Peri\u00f3dico de Catalunya, Canarias 7.<br \/>\nSemanarios: Reforma, de M\u00e9xico.<br \/>\nRadios: Radio C\u00edrculo.<br \/>\nTelevisiones: Programa \u00abNegro sobre Blanco\u00bb (TVE), Televisi\u00f3n Auton\u00f3mica Canaria, Canal Sur de Andaluc\u00eda.<br \/>\nFot\u00f3grafos: Efe Gr\u00e1ficos, Agencia Alfaqu\u00ed, Cristina Escol\u00e1.<br \/>\nPersonalidades: Sami Nair, Presencia Gitana, Bel\u00e9n Standford, Joaquin Estefan\u00eda, Javier L\u00e1zaro.<br \/>\nAdhesiones: Andr\u00e9s S\u00e1nchez Robayna, Carmen Hern\u00e1ndez-Pinz\u00f3n, Justo Zambrana, Cristina Prieto, Fernando Agreda, etc<\/p>\n<p>Conferencia sobre Inmigraci\u00f3n en Sabadell (Caixa Sabadell). Hasta all\u00ed nos desplazamos para escuchar a Juan Goytisolo en su primera intervenci\u00f3n p\u00fablica en Espa\u00f1a tras la publicaci\u00f3n de su libro \u00abEspa\u00f1a y sus Ejidos\u00bb, que fue mencionado y cuyo contenido divulgado en un encuentro con ONGs en la Fundaci\u00f3n Jaume Bofill.\u00a0Su conferencia en la Universidad Aut\u00f3noma de Barcelona (UAB) puso punto y final a los actos conmemorativos de este libro.<\/p>\n<p>**************************<\/p>\n<p><a href=\"http:\/\/editorialhijosdemuleyrubio.com\/wp-content\/uploads\/2013\/06\/images1.jpeg\"><img loading=\"lazy\" decoding=\"async\" class=\"alignleft size-full wp-image-170\" alt=\"images\" src=\"http:\/\/editorialhijosdemuleyrubio.com\/wp-content\/uploads\/2013\/06\/images1.jpeg\" width=\"290\" height=\"174\" \/><\/a> <a href=\"http:\/\/editorialhijosdemuleyrubio.com\/wp-content\/uploads\/2013\/06\/DownloadedFile-2.jpeg\"><img loading=\"lazy\" decoding=\"async\" class=\"alignleft size-medium wp-image-171\" alt=\"DownloadedFile-2\" src=\"http:\/\/editorialhijosdemuleyrubio.com\/wp-content\/uploads\/2013\/06\/DownloadedFile-2.jpeg\" width=\"193\" height=\"261\" \/><\/a><\/p>\n<figure id=\"attachment_125\" aria-describedby=\"caption-attachment-125\" style=\"width: 61px\" class=\"wp-caption alignleft\"><a href=\"http:\/\/editorialhijosdemuleyrubio.com\/wp-content\/uploads\/2013\/06\/images.jpeg\"><img loading=\"lazy\" decoding=\"async\" class=\"size-full wp-image-125\" alt=\"Francisco Hern\u00e1ndez Pinz\u00f3n con &quot;Libros de Madrid&quot; de Juan Ram\u00f3n\" src=\"http:\/\/editorialhijosdemuleyrubio.com\/wp-content\/uploads\/2013\/06\/images.jpeg\" width=\"61\" height=\"78\" \/><\/a><figcaption id=\"caption-attachment-125\" class=\"wp-caption-text\">Francisco Hern\u00e1ndez Pinz\u00f3n con \u00abLibros de Madrid\u00bb de Juan Ram\u00f3n<\/figcaption><\/figure>\n<p>&nbsp;<\/p>\n<p>&nbsp;<\/p>\n<p>&nbsp;<\/p>\n<p>&nbsp;<\/p>\n<p>&nbsp;<\/p>\n<p>&nbsp;<\/p>\n<p>&nbsp;<\/p>\n<p>&nbsp;<\/p>\n<p>&nbsp;<\/p>\n<p><strong>Libros de Madrid. Prosa. Vida y Obra Po\u00e9ticas de Juan Ram\u00f3n Jim\u00e9nez.<\/strong><\/p>\n<p>Presentaci\u00f3n en el Archivo Hist\u00f3rico Nacional. Con la presencia de Carmen Hern\u00e1ndez Pinz\u00f3n, sobrina nieta del poeta, la cantautora \u00abChili\u00bb Valverde ofreci\u00f3 un recital con su guitarra musicando poemas de Juan Ram\u00f3n. Una exposici\u00f3n sobre el poeta en el Archivo Hist\u00f3rico Nacional complet\u00f3 el programa de actividades, a las que acudi\u00f3 Francisco Hern\u00e1ndez Pinz\u00f3n, sobrino de Juan Ram\u00f3n y considerado por todos el hijo que nunca tuvo.<\/p>\n<p>Lugar: Archivo Hist\u00f3rico Nacional (sala Manuel Aza\u00f1a)<br \/>\nPresentadores: Jos\u00e9 Luis L\u00f3pez Bretones, Carmen Hdez Pinz\u00f3n, Concepci\u00f3n Contel (directora del Archivo Hist\u00f3rico Nacional), Federico Utrera (editor de Hijos de Muley-Rubio) y Chili (cantautora, que interpret\u00f3 canciones de su \u00faltimo trabajo \u00abJuan Ram\u00f3n y yo\u00bb).<br \/>\nOrganizadores: Archivo Hist\u00f3rico Nacional y editorial Hijos de Muley-Rubio (HMR).<br \/>\nRese\u00f1as y cr\u00edticas: RNE, Efe, Radio Exterior, Canal Sur, Europa Press, Onda Cero, El Pa\u00eds, El Mundo, Efe Iberoam\u00e9rica, ABC.<\/p>\n<figure id=\"attachment_126\" aria-describedby=\"caption-attachment-126\" style=\"width: 200px\" class=\"wp-caption alignleft\"><a href=\"http:\/\/editorialhijosdemuleyrubio.com\/wp-content\/uploads\/2013\/06\/jrj.jpeg\"><img loading=\"lazy\" decoding=\"async\" class=\"size-full wp-image-126\" alt=\"Presentaci\u00f3n en Barcelona de &quot;LIbros de Madrid&quot;\" src=\"http:\/\/editorialhijosdemuleyrubio.com\/wp-content\/uploads\/2013\/06\/jrj.jpeg\" width=\"200\" height=\"126\" \/><\/a><figcaption id=\"caption-attachment-126\" class=\"wp-caption-text\">Presentaci\u00f3n en Barcelona de \u00abLIbros de Madrid\u00bb<\/figcaption><\/figure>\n<p>Feria del Libro de Barcelona:<\/p>\n<p>Lugar: Ateneu barcelon\u00e9s<br \/>\nPresentadores: Jos\u00e9 Luis L\u00f3pez Bretones, Jos\u00e9 Mar\u00eda Mic\u00f3 (poeta y cr\u00edtico literario), Federico Utrera, Angel Sody, Josep Torres (Centre d\u00b4Estudis i Documentaci\u00f3 Zen\u00f2bia Camprub\u00ed de Malgrat) y Bernat Castany.<br \/>\nOrganizadores: Centre d\u00b4Estudis i Documentaci\u00f3 Zen\u00f2bia Camprub\u00ed de Malgrat, Ateneu barcelon\u00e9s y editorial Hijos de Muley-Rubio (HMR).<br \/>\nRese\u00f1as y cr\u00edticas: El Peri\u00f3dico de Catalu\u00f1a, La Vanguardia, Metre directe, ABC, agencia Efe<\/p>\n<p>&nbsp;<\/p>\n<p>*******************************<\/p>\n<p><a href=\"http:\/\/editorialhijosdemuleyrubio.com\/wp-content\/uploads\/2013\/06\/bandres3.jpeg\"><img loading=\"lazy\" decoding=\"async\" class=\"alignleft size-full wp-image-128\" alt=\"bandres3\" src=\"http:\/\/editorialhijosdemuleyrubio.com\/wp-content\/uploads\/2013\/06\/bandres3.jpeg\" width=\"156\" height=\"199\" \/><\/a> <a href=\"http:\/\/editorialhijosdemuleyrubio.com\/wp-content\/uploads\/2013\/06\/bandres1.jpeg\"><img loading=\"lazy\" decoding=\"async\" class=\"alignleft size-medium wp-image-129\" alt=\"bandres1\" src=\"http:\/\/editorialhijosdemuleyrubio.com\/wp-content\/uploads\/2013\/06\/bandres1.jpeg\" width=\"200\" height=\"199\" srcset=\"https:\/\/editorialhijosdemuleyrubio.com\/wp-content\/uploads\/2013\/06\/bandres1.jpeg 200w, https:\/\/editorialhijosdemuleyrubio.com\/wp-content\/uploads\/2013\/06\/bandres1-150x150.jpeg 150w\" sizes=\"auto, (max-width: 200px) 100vw, 200px\" \/><\/a><\/p>\n<p><a href=\"http:\/\/editorialhijosdemuleyrubio.com\/wp-content\/uploads\/2013\/06\/DownloadedFile-5.jpeg\"><img loading=\"lazy\" decoding=\"async\" class=\"alignleft size-full wp-image-175\" alt=\"DownloadedFile-5\" src=\"http:\/\/editorialhijosdemuleyrubio.com\/wp-content\/uploads\/2013\/06\/DownloadedFile-5.jpeg\" width=\"80\" height=\"116\" \/><\/a><\/p>\n<p>&nbsp;<\/p>\n<p>&nbsp;<\/p>\n<p>&nbsp;<\/p>\n<p>&nbsp;<\/p>\n<p>&nbsp;<\/p>\n<p>&nbsp;<\/p>\n<p><strong>Memorias para la paz: Juan Mar\u00eda Bandr\u00e9s.<\/strong><\/p>\n<p>Firma de ejemplares de Raimundo Castro:\u00a0Caseta Firex (2003),\u00a0Caseta Firex (2002)<\/p>\n<p>Presentaci\u00f3n:<br \/>\nLugar: Congreso de los Diputados<br \/>\nPresentadores: Adolfo Su\u00e1rez, ex presidente del Gobierno, Olivia Bandr\u00e9s, hija de Juan Mar\u00eda Bandr\u00e9s, y Cristina Prieto (editora)<br \/>\nOrganiza: Cortes Generales y Editorial Hijos de Muley-Rubio (HMR)<\/p>\n<p>&nbsp;<\/p>\n<p><a href=\"http:\/\/editorialhijosdemuleyrubio.com\/wp-content\/uploads\/2013\/06\/premio.jpeg\"><img loading=\"lazy\" decoding=\"async\" class=\"alignleft size-full wp-image-127\" alt=\"premio\" src=\"http:\/\/editorialhijosdemuleyrubio.com\/wp-content\/uploads\/2013\/06\/premio.jpeg\" width=\"200\" height=\"190\" \/><\/a>PREMIO BANDR\u00c9S<br \/>\nMargueritte Barankitse, el \u00ab\u00e1ngel de Burundi\u00bb, obtiene el II Premio \u00abJuan Mar\u00eda Bandr\u00e9s\u00bb de CEAR y la Fundaci\u00f3n CEAR<\/p>\n<p>El jurado del II Premio \u00abJuan Mar\u00eda Bandr\u00e9s\u00bb a la Defensa del Derecho de Asilo y la Solidaridad con los Refugiados, reunido ayer 9 de diciembre en Madrid, acord\u00f3 por unanimidad premiar a Margueritte Barankitse por su extraordinaria labor en defensa de los derechos humanos y la paz en su pa\u00eds, Burundi, en un contexto de extrema violencia y terror.<\/p>\n<p>Barankitse, soltera y perteneciente a una familia de ricos terratenientes tutsis, adopt\u00f3 hace a\u00f1os a tres ni\u00f1os de su propia etnia y a cuatro ni\u00f1os hutus. En 1993 se vio envuelta en una matanza tribal e intent\u00f3 proteger a los miles de hutus que hu\u00edan de las milicias tutsis y que se hab\u00edan refugiado en el obispado de Ruigi, una zona rural pr\u00f3xima a la frontera con Tanzania. Cuando Margueritte Barankitse sali\u00f3 a parlamentar con los milicianos tutsis, entre los que hab\u00eda algunos miembros de su propia familia, fue apaleada, mientras el edificio del obispado era incendiado con los fugitivos hutus en su interior. Murieron 72 personas y s\u00f3lo sobrevivi\u00f3 un grupo de ni\u00f1os, de los que ella se hizo cargo. Dos d\u00edas despu\u00e9s, tuvo lugar la venganza hutu y Margueritte asumi\u00f3 tambi\u00e9n el cuidado de los ni\u00f1os tutsis, a los que les hab\u00edan arrancado los ojos.<\/p>\n<p>Por otra parte, el Jurado, presidido por el pintor Juan Genov\u00e9s, tambi\u00e9n ha querido hacer una menci\u00f3n especial de otras candidaturas presentadas a la segunda edici\u00f3n del Premio \u00abJuan Mar\u00eda Bandr\u00e9s\u00bb. Entre ellas, y a propuesta de la editorial Hijos de Muley-Rubio (HMR): A Mercedes Garc\u00eda, responsable de la Federaci\u00f3n de Mujeres Progresistas en El Ejido, y a Antonio Puerta, responsable de Almer\u00eda Acoge, por su trabajo tenaz, callado y muchas veces incomprendido en favor de los derechos humanos.<\/p>\n<p>*********************************<\/p>\n<figure id=\"attachment_141\" aria-describedby=\"caption-attachment-141\" style=\"width: 200px\" class=\"wp-caption alignleft\"><a href=\"http:\/\/editorialhijosdemuleyrubio.com\/wp-content\/uploads\/2013\/06\/diputado3.jpeg\"><img loading=\"lazy\" decoding=\"async\" class=\"size-full wp-image-141\" alt=\"Presentaciones en Madrid y La Palma de &quot;\u00a1Diputado Blasco Ib\u00e1\u00f1ez!&quot;\" src=\"http:\/\/editorialhijosdemuleyrubio.com\/wp-content\/uploads\/2013\/06\/diputado3.jpeg\" width=\"200\" height=\"188\" \/><\/a><figcaption id=\"caption-attachment-141\" class=\"wp-caption-text\">Presentaciones en Madrid y La Palma de \u00ab\u00a1Diputado Blasco Ib\u00e1\u00f1ez!\u00bb<\/figcaption><\/figure>\n<p><a href=\"http:\/\/editorialhijosdemuleyrubio.com\/wp-content\/uploads\/2013\/06\/diputado1.jpeg\"><img loading=\"lazy\" decoding=\"async\" class=\"alignleft size-medium wp-image-142\" alt=\"diputado1\" src=\"http:\/\/editorialhijosdemuleyrubio.com\/wp-content\/uploads\/2013\/06\/diputado1.jpeg\" width=\"139\" height=\"188\" \/><\/a><\/p>\n<p>&nbsp;<\/p>\n<p><a href=\"http:\/\/editorialhijosdemuleyrubio.com\/wp-content\/uploads\/2013\/06\/images2.jpeg\"><img loading=\"lazy\" decoding=\"async\" class=\"alignleft size-full wp-image-176\" alt=\"images\" src=\"http:\/\/editorialhijosdemuleyrubio.com\/wp-content\/uploads\/2013\/06\/images2.jpeg\" width=\"225\" height=\"225\" srcset=\"https:\/\/editorialhijosdemuleyrubio.com\/wp-content\/uploads\/2013\/06\/images2.jpeg 225w, https:\/\/editorialhijosdemuleyrubio.com\/wp-content\/uploads\/2013\/06\/images2-150x150.jpeg 150w\" sizes=\"auto, (max-width: 225px) 100vw, 225px\" \/><\/a><\/p>\n<p>&nbsp;<\/p>\n<p>&nbsp;<\/p>\n<p>&nbsp;<\/p>\n<p>&nbsp;<\/p>\n<p>&nbsp;<\/p>\n<p>&nbsp;<\/p>\n<p>&nbsp;<\/p>\n<p><strong>\u00a1Diputado Blasco Ib\u00e1\u00f1ez! Edic. de Federico Utrera<\/strong><\/p>\n<p>Firma de ejemplares de Federico Utrera:\u00a0Caseta iplacea, Caseta Firex<\/p>\n<p>Presentaciones:<\/p>\n<p>Lugar: Congreso de los Diputados (Madrid)<br \/>\nPresentadores: Luis Garc\u00eda Berlanga (director de cine), Manuel Bas (Real Academia de Cultura Valenciana), Manuel Taranc\u00f3n (consejero de Cultura de la Generalitat Valenciana) y Joan Marcet (vicepresidente del Congreso).<br \/>\nOrganiza: Congreso de los Diputados y editorial Hijos de Muley-Rubio (HMR)<br \/>\nRese\u00f1as y cr\u00edticas: El Pa\u00eds, ABC, Canarias 7, Europa Press, El Semanal (Grupo Correo), El Viajero (El Pa\u00eds), Cambio 16, ABC Cultural, Levante, Actualidad del Congreso, Agencia Efe, Revista FAPE, Las Provincias<\/p>\n<p>Lugar: Casa Salazar de Santa Cruz de La Palma (Canarias)<br \/>\nPresentadores: Jos\u00e9 Luis Perestelo, presidente del Cabildo de La Palma.<br \/>\nOrganiza: Cabildo de La Palma y editorial Hijos de Muley-Rubio (HMR)<br \/>\nRese\u00f1as y cr\u00edticas: Diario de Avisos, Canarias 7.<\/p>\n<p>***********************************<\/p>\n<p><a href=\"http:\/\/editorialhijosdemuleyrubio.com\/wp-content\/uploads\/2013\/06\/DownloadedFile-13.jpeg\"><img loading=\"lazy\" decoding=\"async\" class=\"alignleft size-medium wp-image-178\" alt=\"DownloadedFile-1\" src=\"http:\/\/editorialhijosdemuleyrubio.com\/wp-content\/uploads\/2013\/06\/DownloadedFile-13.jpeg\" width=\"194\" height=\"259\" \/><\/a><\/p>\n<p><a href=\"http:\/\/editorialhijosdemuleyrubio.com\/wp-content\/uploads\/2013\/06\/DownloadedFile-21.jpeg\"><img loading=\"lazy\" decoding=\"async\" class=\"alignleft size-full wp-image-177\" alt=\"DownloadedFile-2\" src=\"http:\/\/editorialhijosdemuleyrubio.com\/wp-content\/uploads\/2013\/06\/DownloadedFile-21.jpeg\" width=\"210\" height=\"240\" \/><\/a><\/p>\n<p>&nbsp;<\/p>\n<p>&nbsp;<\/p>\n<p>&nbsp;<\/p>\n<p>&nbsp;<\/p>\n<p>&nbsp;<\/p>\n<p>&nbsp;<\/p>\n<p>&nbsp;<\/p>\n<p>&nbsp;<\/p>\n<p>&nbsp;<\/p>\n<p><strong>Memorias de Colombine. La primera periodista. Federico Utrera<\/strong><\/p>\n<p>Firma de ejemplares: Feria del Libro de Madrid.\u00a0Caseta iplacea, Caseta Firex\u00a0<b><br \/>\n<\/b><strong><\/strong><\/p>\n<p>PRESENTACIONES<\/p>\n<p><a href=\"http:\/\/editorialhijosdemuleyrubio.com\/wp-content\/uploads\/2013\/06\/101.jpeg\"><img loading=\"lazy\" decoding=\"async\" class=\"alignleft size-full wp-image-146\" alt=\"101\" src=\"http:\/\/editorialhijosdemuleyrubio.com\/wp-content\/uploads\/2013\/06\/101.jpeg\" width=\"200\" height=\"118\" \/><\/a>Lugar: Casa de Am\u00e9rica (Madrid)<br \/>\nPresentadores: Ana Botella (PP), Carmen Alborch (PSOE), Rosa Aguilar (IU), Gabriela Ca\u00f1as (El Pa\u00eds), Trinidad de Le\u00f3n Sotelo (ABC) y Carmen Gurruchaga (El Mundo). Se dej\u00f3 una silla vac\u00eda en honor a Colombine.<\/p>\n<p>Organiza: Casa de Am\u00e9rica y editorial Hijos de Muley-Rubio (HMR)<br \/>\nRese\u00f1as y cr\u00edticas: Diario 16, ABC, El Pa\u00eds, El Mundo, El Bolet\u00edn, Europa Press, Canarias 7, agencia Efe, agencia Colpisa, Hoy (Badajoz), Ideal (Granada-Almer\u00eda), Heraldo (Soria), La Voz de Almer\u00eda, El Diario Vasco, Sur (M\u00e1laga), La Rioja, El Semanal (Grupo Correo), Diario de Andaluc\u00eda, agencia Otr\/Press, Diario de Navarra, Foco Sur (Almer\u00eda), Diario de Le\u00f3n, Heraldo de Arag\u00f3n, La Opini\u00f3n-El Correo de Zamora, agencia ACN Press, Cordoba, La Voz de Avil\u00e9s-El Comercio, ABC Cultural, Pleamar (Canarias 7), Tiempo, Interviu, La Esfera (El Mundo), FAPE.<\/p>\n<p>Lugar: Monasterio de Nuestra Se\u00f1ora del Prado (Valladolid)<br \/>\nPresentadores: Leonisa Ull (presidenta de la Federaci\u00f3n Regional de Mujeres Progresistas), Maribel Rodicio (El Norte de Castilla), Mar\u00eda del Romero Mayor (El Mundo), Montse Serrador (ABC), Josefa Fern\u00e1ndez Arufe (consejera de Educaci\u00f3n y Cultura), Cristina Gredilla (secretaria regional de la mujer)<br \/>\nOrganiza: Consejer\u00eda de Cultura y editorial Hijos de Muley-Rubio (HMR)<br \/>\nRese\u00f1as y cr\u00edticas: ABC Castilla y Le\u00f3n, Diario de Burgos, El Mundo de Valladolid, El Norte de Castilla.<\/p>\n<p><a href=\"http:\/\/editorialhijosdemuleyrubio.com\/wp-content\/uploads\/2013\/06\/104.jpeg\"><img loading=\"lazy\" decoding=\"async\" class=\"alignleft size-full wp-image-144\" alt=\"104\" src=\"http:\/\/editorialhijosdemuleyrubio.com\/wp-content\/uploads\/2013\/06\/104.jpeg\" width=\"94\" height=\"200\" \/><\/a>Lugar: Casa Museo Tom\u00e1s Morales de Moya (Gran Canaria)<br \/>\nPresentadores: Dolores Campos Herrero (TVE), Esperanza Pamplona (Canarias 7), Cristina Molina Petit, Coca de Armas (consejera de Museos del Cabildo de Gran Canaria), Mar\u00eda Bernarda Barrios (PP), Luz Caballero (PSC-PSOE), Eusebia Nuez (CC)<br \/>\nOrganiza: Casa Museo Tom\u00e1s Morales y editorial Hijos de Muley-Rubio (HMR)<br \/>\nRese\u00f1as y cr\u00edticas: Diario de Las Palmas, Canarias 7, RNE, Agencia Efe.<\/p>\n<p>&nbsp;<\/p>\n<p>&nbsp;<\/p>\n<p>&nbsp;<\/p>\n<p>Lugar: Museo de Bellas Artes de Valencia<br \/>\nPresentadores: Ana Noguera (PSOE), Angeles Arazo (Las Provincias), Maite Ducajo (Levante), Rosa Solbes (El Pa\u00eds), Silvis Peris (ABC), Patricia Guti\u00e9rrez (El Mundo) y Consuelo C\u00edscar, directora general de Promoci\u00f3n Cultural<br \/>\nOrganiza: Consejer\u00eda de Cultura y editorial Hijos de Muley-Rubio (HMR)<br \/>\nRese\u00f1as y cr\u00edticas: La Tribuna de Toledo, ABC de Toledo, Las Noticias<\/p>\n<p><a href=\"http:\/\/editorialhijosdemuleyrubio.com\/wp-content\/uploads\/2013\/06\/prensacolombine4.jpeg\"><img loading=\"lazy\" decoding=\"async\" alt=\"prensacolombine4\" src=\"http:\/\/editorialhijosdemuleyrubio.com\/wp-content\/uploads\/2013\/06\/prensacolombine4.jpeg\" width=\"200\" height=\"125\" \/><\/a><\/p>\n<p>Lugar: Sal\u00f3n de Actos de la Consejer\u00eda de Educaci\u00f3n y Cultura (Toledo)<br \/>\nPresentadores: Magdalena Aguilar (periodista), Mar G\u00f3mez Ill\u00e1n (periodista), Mar\u00eda Jos\u00e9 Mu\u00f1oz (periodista), Luisa Acedo (periodista), Charo Tapia (PSOE), Sagrario Guti\u00e9rrez (PP), Justo Zambrana (consejero de Cultura)<br \/>\nOrganiza: Consejer\u00eda de Cultura y editorial Hijos de Muley-Rubio (HMR)<br \/>\nRese\u00f1as y cr\u00edticas: La Tribuna de Toledo, ABC de Toledo, Las Noticias, RNE y TVE-Castilla la Mancha.<\/p>\n<p>Lugar: Sede central de Cajacanarias (Tenerife)<br \/>\nPresentadores: Adan Mart\u00edn, presidente del Cabildo de Tenerife, Carmen Ruano (Diario de Avisos), Cristina Alcaine (TVEC).<br \/>\nOrganiza: Cabildo de Gran Canaria y editorial Hijos de Muley-Rubio (HMR)<br \/>\nRese\u00f1as y cr\u00edticas: Diario de Avisos, La Gaceta de Canarias, TVEC, RNE, Radio Burgado, Canarias 7.<\/p>\n<p><a href=\"http:\/\/editorialhijosdemuleyrubio.com\/wp-content\/uploads\/2013\/06\/prensacolombine2.jpeg\"><img loading=\"lazy\" decoding=\"async\" class=\"alignleft size-full wp-image-149\" alt=\"prensacolombine2\" src=\"http:\/\/editorialhijosdemuleyrubio.com\/wp-content\/uploads\/2013\/06\/prensacolombine2.jpeg\" width=\"200\" height=\"200\" srcset=\"https:\/\/editorialhijosdemuleyrubio.com\/wp-content\/uploads\/2013\/06\/prensacolombine2.jpeg 200w, https:\/\/editorialhijosdemuleyrubio.com\/wp-content\/uploads\/2013\/06\/prensacolombine2-150x150.jpeg 150w\" sizes=\"auto, (max-width: 200px) 100vw, 200px\" \/><\/a>Lugar: Aula de Cultura de la Caja de Badajoz (Badajoz)<br \/>\nPresentadores: Nieves Moreno (El Peri\u00f3dico de Extremadura), Mar\u00eda Jes\u00fas Almeida (SER), Francisco Mu\u00f1oz, consejero de Cultura, Josefa Caraballo, directora general de la Mujer.<br \/>\nOrganiza: Consejer\u00eda de Cultura y editorial Hijos de Muley-Rubio (HMR)<br \/>\nRese\u00f1as y cr\u00edticas: Hoy (Badajoz), El Peri\u00f3dico de Extremadura, SER y RNE.<\/p>\n<p>Lugar: Colegio de Periodistas de Catalu\u00f1a (Barcelona)<br \/>\nPresentadores: Joaquima Alemany (CiU), Victoria Camps (PSC-PSOE), Cristina Coll (Avui), Rosa Massagu\u00e9 (El Peri\u00f3dico de Catalu\u00f1a), Monserrat Minobis presidenta de Dones Periodistes de Catalunya.<br \/>\nOrganiza: Direcci\u00f3n General de la Mujer y editorial Hijos de Muley-Rubio (HMR)<br \/>\nRese\u00f1as y cr\u00edticas: Capcalera, RNE, El Peri\u00f3dico, Tribuna<\/p>\n<p><a href=\"http:\/\/editorialhijosdemuleyrubio.com\/wp-content\/uploads\/2013\/06\/prensacolombine3.jpeg\"><img loading=\"lazy\" decoding=\"async\" class=\"alignleft size-full wp-image-148\" alt=\"prensacolombine3\" src=\"http:\/\/editorialhijosdemuleyrubio.com\/wp-content\/uploads\/2013\/06\/prensacolombine3.jpeg\" width=\"178\" height=\"200\" \/><\/a>Lugar: Sala Jer\u00f3nimo Zurita del edificio Pignatelli (Zaragoza)<br \/>\nPresentadores: Margarita Barbachano, periodista y escritora, Lola Ester (El Peri\u00f3dico de Arag\u00f3n), Rosa Pellicero (Asociaci\u00f3n de la Prensa de Arag\u00f3n), Encarna Samitier (Heraldo de Arag\u00f3n), Javier Callizo, consejero de Cultura y Turismo, Jos\u00e9 Mar\u00eda Mur, presidente de las Cortes aragonesas.<br \/>\nOrganiza: Consejer\u00eda de Cultura y editorial Hijos de Muley-Rubio (HMR)<br \/>\nRese\u00f1as y cr\u00edticas: Heraldo de Arag\u00f3n, El Peri\u00f3dico de Arag\u00f3n, D\u00ba del Alto Arag\u00f3n.<\/p>\n<p>Lugar: Museo Provincial de Huelva<br \/>\nPresentadores: Amparo Rubiales (PSOE), Chus Porri\u00f1o (periodista), Pilar Vergara (periodista), Sebasti\u00e1n Carrasco, director del Museo Provincial.<br \/>\nOrganiza: Consejer\u00eda de Cultura y editorial Hijos de Muley-Rubio (HMR)<br \/>\nRese\u00f1as y cr\u00edticas: Huelva Informaci\u00f3n, cadena SER.<\/p>\n<p>************************************************<\/p>\n<p><a href=\"http:\/\/editorialhijosdemuleyrubio.com\/wp-content\/uploads\/2013\/06\/DownloadedFile3.jpeg\"><img loading=\"lazy\" decoding=\"async\" class=\"alignleft size-full wp-image-181\" alt=\"DownloadedFile\" src=\"http:\/\/editorialhijosdemuleyrubio.com\/wp-content\/uploads\/2013\/06\/DownloadedFile3.jpeg\" width=\"151\" height=\"210\" \/><\/a><\/p>\n<p><a href=\"http:\/\/editorialhijosdemuleyrubio.com\/wp-content\/uploads\/2013\/06\/presehadam1.jpeg\"><img loading=\"lazy\" decoding=\"async\" class=\"alignleft size-full wp-image-151\" alt=\"presehadam1\" src=\"http:\/\/editorialhijosdemuleyrubio.com\/wp-content\/uploads\/2013\/06\/presehadam1.jpeg\" width=\"230\" height=\"150\" \/><\/a> <a href=\"http:\/\/editorialhijosdemuleyrubio.com\/wp-content\/uploads\/2013\/06\/Presehadam3.jpeg\"><img loading=\"lazy\" decoding=\"async\" class=\"alignleft size-medium wp-image-152\" alt=\"Presehadam3\" src=\"http:\/\/editorialhijosdemuleyrubio.com\/wp-content\/uploads\/2013\/06\/Presehadam3.jpeg\" width=\"101\" height=\"150\" \/><\/a><\/p>\n<p>&nbsp;<\/p>\n<p>&nbsp;<\/p>\n<p>&nbsp;<\/p>\n<p>&nbsp;<\/p>\n<p>&nbsp;<\/p>\n<p>&nbsp;<\/p>\n<p><strong>Colecci\u00f3n Aldea Glob@l<\/strong><\/p>\n<p><strong>Hijas de Ad\u00e1n. Las mujeres tambien salen del armario. Illy Nes<\/strong><\/p>\n<p><span style=\"font-family: Arial, Helvetica, sans-serif; font-size: small;\"><b>Lugar:\u00a0<\/b>Sal\u00f3n de Actos de la Biblioteca Central (Logro\u00f1o)<br \/>\n<b>Presentadora:<\/b>\u00a0M\u00f3nica G\u00f3mez (Asociaci\u00f3n Gylda)<br \/>\n<b>Organiza:<\/b>\u00a0Centro Arco Iris-Gylda<\/span><\/p>\n<p><a href=\"http:\/\/editorialhijosdemuleyrubio.com\/wp-content\/uploads\/2013\/06\/presenhadam2.jpeg\"><img loading=\"lazy\" decoding=\"async\" class=\"alignleft size-full wp-image-156\" alt=\"presenhadam2\" src=\"http:\/\/editorialhijosdemuleyrubio.com\/wp-content\/uploads\/2013\/06\/presenhadam2.jpeg\" width=\"176\" height=\"132\" \/><\/a> <a href=\"http:\/\/editorialhijosdemuleyrubio.com\/wp-content\/uploads\/2013\/06\/hijas1.jpeg\"><img loading=\"lazy\" decoding=\"async\" class=\"alignleft size-medium wp-image-157\" alt=\"hijas1\" src=\"http:\/\/editorialhijosdemuleyrubio.com\/wp-content\/uploads\/2013\/06\/hijas1.jpeg\" width=\"193\" height=\"132\" \/><\/a><\/p>\n<p><span style=\"font-family: Arial, Helvetica, sans-serif; font-size: small;\"><b>Lugar:\u00a0<\/b>Sal\u00f3n de Actos de la Casa Elizalde (Barcelona)<br \/>\n<b>Presentador:<\/b>\u00a0Jordi Petit, presidente de honor de la Coordinadora de Gais i Lesbianas (CGL) y Jos\u00e9 Benito, presidente del Grup de Amics Gais (GAG)<br \/>\n<b>Organiza:<\/b>\u00a0Grup d&#8217;Amics Gais<\/span><\/p>\n<p>&nbsp;<\/p>\n<p><a href=\"http:\/\/editorialhijosdemuleyrubio.com\/wp-content\/uploads\/2013\/06\/Presehadam2.jpeg\"><img loading=\"lazy\" decoding=\"async\" class=\"alignleft size-full wp-image-153\" alt=\"Presehadam2\" src=\"http:\/\/editorialhijosdemuleyrubio.com\/wp-content\/uploads\/2013\/06\/Presehadam2.jpeg\" width=\"222\" height=\"150\" \/><\/a> <a href=\"http:\/\/editorialhijosdemuleyrubio.com\/wp-content\/uploads\/2013\/06\/hijas2.jpeg\"><img loading=\"lazy\" decoding=\"async\" class=\"alignleft size-medium wp-image-154\" alt=\"hijas2\" src=\"http:\/\/editorialhijosdemuleyrubio.com\/wp-content\/uploads\/2013\/06\/hijas2.jpeg\" width=\"200\" height=\"91\" \/><\/a> <a href=\"http:\/\/editorialhijosdemuleyrubio.com\/wp-content\/uploads\/2013\/06\/presenhadam.jpeg\"><img loading=\"lazy\" decoding=\"async\" class=\"alignleft size-medium wp-image-155\" alt=\"presenhadam\" src=\"http:\/\/editorialhijosdemuleyrubio.com\/wp-content\/uploads\/2013\/06\/presenhadam.jpeg\" width=\"200\" height=\"132\" \/><\/a><\/p>\n<p>&nbsp;<\/p>\n<p>&nbsp;<\/p>\n<p>&nbsp;<\/p>\n<p>&nbsp;<\/p>\n<p>&nbsp;<\/p>\n<p>&nbsp;<\/p>\n<p>************************************<\/p>\n<p>&nbsp;<\/p>\n<p><a href=\"http:\/\/editorialhijosdemuleyrubio.com\/wp-content\/uploads\/2013\/06\/DownloadedFile-14.jpeg\"><img loading=\"lazy\" decoding=\"async\" class=\"alignleft size-full wp-image-182\" alt=\"DownloadedFile-1\" src=\"http:\/\/editorialhijosdemuleyrubio.com\/wp-content\/uploads\/2013\/06\/DownloadedFile-14.jpeg\" width=\"189\" height=\"266\" \/><\/a> <a href=\"http:\/\/editorialhijosdemuleyrubio.com\/wp-content\/uploads\/2013\/06\/DownloadedFile-31.jpeg\"><img loading=\"lazy\" decoding=\"async\" class=\"alignleft size-medium wp-image-183\" alt=\"DownloadedFile-3\" src=\"http:\/\/editorialhijosdemuleyrubio.com\/wp-content\/uploads\/2013\/06\/DownloadedFile-31.jpeg\" width=\"190\" height=\"265\" \/><\/a> <a href=\"http:\/\/editorialhijosdemuleyrubio.com\/wp-content\/uploads\/2013\/06\/DownloadedFile-22.jpeg\"><img loading=\"lazy\" decoding=\"async\" class=\"alignleft size-medium wp-image-184\" alt=\"DownloadedFile-2\" src=\"http:\/\/editorialhijosdemuleyrubio.com\/wp-content\/uploads\/2013\/06\/DownloadedFile-22.jpeg\" width=\"170\" height=\"250\" \/><\/a><\/p>\n<p>&nbsp;<\/p>\n<p>&nbsp;<\/p>\n<p>&nbsp;<\/p>\n<p>&nbsp;<\/p>\n<p>&nbsp;<\/p>\n<p>&nbsp;<\/p>\n<p>&nbsp;<\/p>\n<p>&nbsp;<\/p>\n<p>&nbsp;<\/p>\n<p>&nbsp;<\/p>\n<p><strong>Outing en Espa\u00f1a. Los espa\u00f1oles salen del armario. Fernando Bruquetas<\/strong><\/p>\n<p>Feria del Libro de Madrid<\/p>\n<p>FIRMA DE EJEMPLARES<br \/>\n&#8211; Caseta Berkana<br \/>\n&#8211; Caseta iplacea<br \/>\n&#8211; Caseta Firex<br \/>\n&#8211; Caseta La Esfera<\/p>\n<p>Ferias del Libro en Canarias<\/p>\n<p>&#8211; Feria del Libro de Lanzarote. Stand Librer\u00eda Lanzarote<br \/>\n&#8211; Firma de Libros en El Corte Ingl\u00e9s de Las Palmas de Gran Canaria<br \/>\n&#8211; Feria del Libro de Las Palmas. Stand Librer\u00eda Archipi\u00e9lago<\/p>\n<p><a href=\"http:\/\/editorialhijosdemuleyrubio.com\/wp-content\/uploads\/2013\/06\/presentaouting4.jpeg\"><img loading=\"lazy\" decoding=\"async\" class=\"alignleft size-full wp-image-158\" alt=\"presentaouting4\" src=\"http:\/\/editorialhijosdemuleyrubio.com\/wp-content\/uploads\/2013\/06\/presentaouting4.jpeg\" width=\"200\" height=\"141\" \/><\/a><\/p>\n<p>PRESENTACIONES<\/p>\n<p>Lugar: Sala Garibaldi de Madrid<br \/>\nPresentadores: Luis Antonio de Villena, Leopoldo Alas y Jer\u00f3nimo Saavedra<br \/>\nOrganiza: Editorial Hijos de Muley-Rubio (HMR)<\/p>\n<p>Lugar: Aula de Cultura de Caja Extremadura<br \/>\nPresentadores: Juan Carlos Rodr\u00edguez Ibarra, presidente de Extremadura y Jer\u00f3nimo Saavedra<br \/>\nOrganiza: Consejer\u00eda de Cultura del Gobierno de Extremadura<\/p>\n<p>Lugar: FNAC-Madrid<br \/>\nPresentadores: Eduardo Mendicutti (escritor), Pedro Zerolo (activista) y Mili Hern\u00e1ndez (librera)<br \/>\nOrganiza: FNAC y editorial Hijos de Muley-Rubio (HMR)<\/p>\n<p><a href=\"http:\/\/editorialhijosdemuleyrubio.com\/wp-content\/uploads\/2013\/06\/presentaouting2.jpeg\"><img loading=\"lazy\" decoding=\"async\" class=\"alignleft size-full wp-image-159\" alt=\"presentaouting2\" src=\"http:\/\/editorialhijosdemuleyrubio.com\/wp-content\/uploads\/2013\/06\/presentaouting2.jpeg\" width=\"200\" height=\"134\" \/><\/a>Lugar: Librer\u00eda Berkana<br \/>\nPresentadores: Mili Hern\u00e1ndez y Jer\u00f3nimo Saavedra<br \/>\nOrganiza: Librer\u00eda Berkana y Editorial Hijos de Muley-Rubio (HMR)<\/p>\n<p>Lugar: FNAC Zaragoza<br \/>\nPresentadores:<br \/>\nOrganiza: FNAC y Editorial Hijos de Muley-Rubio (HMR)<\/p>\n<p>Lugar: FNAC Barcelona<br \/>\nPresentador: Miquel Iceta<br \/>\nOrganiza: FNAC y Editorial Hijos de Muley-Rubio (HMR)<\/p>\n<p>Lugar: FNAC Alicante<br \/>\nPresentadores:<br \/>\nOrganiza: FNAC y Editorial Hijos de Muley-Rubio (HMR)<\/p>\n<p><a href=\"http:\/\/editorialhijosdemuleyrubio.com\/wp-content\/uploads\/2013\/06\/Presentaouting3.jpeg\"><img loading=\"lazy\" decoding=\"async\" class=\"alignleft size-full wp-image-160\" alt=\"Presentaouting3\" src=\"http:\/\/editorialhijosdemuleyrubio.com\/wp-content\/uploads\/2013\/06\/Presentaouting3.jpeg\" width=\"200\" height=\"123\" \/><\/a>Lugar: FNAC Valencia<br \/>\nPresentadores: Vicente Aliaga (intelectual) y Miguel Angel Fern\u00e1ndez (activista)<br \/>\nOrganiza: FNAC y Editorial Hijos de Muley-Rubio (HMR)<\/p>\n<p>Lugar: Centro Insular de Cultura de Gran Canaria<br \/>\nPresentadores: Leopoldo Alas<br \/>\nOrganiza: Cabildo de Gran Canaria y Editorial Hijos de Muley-Rubio (HMR)<\/p>\n<p>Lugar: Club Prensa Canaria<br \/>\nPresentadores: Manuel Lobo<br \/>\nOrganiza: Club Prensa Canaria y Editorial Hijos de Muley-Rubio (HMR)<\/p>\n<p>&#8211; Homenaje a Fernando Bruquetas y Jer\u00f3nimo Saavedra. Restaurante La Bardemcilla (Madrid).<\/p>\n<p>&#8211; Encuentros Digitales Elmundolibro.com \/ El Cibercaf\u00e9 de Pombo: Chat con Fernando Bruquetas<\/p>\n<p>&#8211; Feria del Libro de Lanzarote. Stand Librer\u00eda Lanzarote<\/p>\n<p>&#8211; Firma de Libros en El Corte Ingl\u00e9s de Las Palmas de Gran Canaria<\/p>\n<p>&#8211; Feria del Libro de Las Palmas. Stand Librer\u00eda Archipi\u00e9lago<\/p>\n<p>&#8211; Conferencia de F. Bruquetas en Jornadas Gays de San Sebasti\u00e1n<\/p>\n<p>&#8211; Conferencia de F. Bruquetas en Jornadas Gays de Almer\u00eda<\/p>\n<p>****************************************<\/p>\n<p><a href=\"http:\/\/editorialhijosdemuleyrubio.com\/wp-content\/uploads\/2013\/06\/DownloadedFile-4.jpeg\"><img loading=\"lazy\" decoding=\"async\" class=\"alignleft size-full wp-image-185\" alt=\"DownloadedFile-4\" src=\"http:\/\/editorialhijosdemuleyrubio.com\/wp-content\/uploads\/2013\/06\/DownloadedFile-4.jpeg\" width=\"190\" height=\"265\" \/><\/a><\/p>\n<p>&nbsp;<\/p>\n<p>&nbsp;<\/p>\n<p>&nbsp;<\/p>\n<p>&nbsp;<\/p>\n<p>&nbsp;<\/p>\n<p>&nbsp;<\/p>\n<p>&nbsp;<\/p>\n<p>&nbsp;<\/p>\n<p>&nbsp;<\/p>\n<p><strong>Colecci\u00f3n Periferias y Ultraperiferias<\/strong><\/p>\n<p><strong>Canarias, Secreto de Estado. Federico Utrera<\/strong><\/p>\n<p>&#8211; Firma de Libros en El Corte Ingl\u00e9s de Las Palmas de Gran Canaria<\/p>\n<p>&#8211; Conferencia de Federico Utrera: \u00abXX A\u00f1os de las primeras elecciones municipales democr\u00e1ticas\u00bb (La Palma)<br \/>\nFIRMA DE EJEMPLARES<\/p>\n<p>&#8211; Firma de libros en El Corte Ingl\u00e9s (Las Palmas de Gran Canaria)<br \/>\n&#8211; Conferencia de Federico Utrera: \u00abXX A\u00f1os de las primeras elecciones municipales democr\u00e1ticas\u00bb \/ Presentaci\u00f3n del libro (La Palma)<\/p>\n<p>PRESENTACIONES<\/p>\n<p><a href=\"http:\/\/editorialhijosdemuleyrubio.com\/wp-content\/uploads\/2013\/06\/prensacanarias3.jpeg\"><img loading=\"lazy\" decoding=\"async\" class=\"alignleft size-full wp-image-162\" alt=\"prensacanarias3\" src=\"http:\/\/editorialhijosdemuleyrubio.com\/wp-content\/uploads\/2013\/06\/prensacanarias3.jpeg\" width=\"200\" height=\"131\" \/><\/a>Lugar: Asociaci\u00f3n de Periodistas Europeos (Madrid)<br \/>\nPresentadores: Jer\u00f3nimo Saavedra, ministro de Educaci\u00f3n, Lorenzo Olarte, vicepresidente del Gobierno canario, Bravo de Laguna, presidente del Parlamento de Canarias, Vicente Mateos, editor, Juan Jos\u00e9 Laborda, presidente del Senado, Miguel Angel Aguilar, periodista y Miguel Cabrera, vice-consejero de Cultura.<br \/>\nOrganiza: APE y MLE<\/p>\n<p>&nbsp;<\/p>\n<p><a href=\"http:\/\/editorialhijosdemuleyrubio.com\/wp-content\/uploads\/2013\/06\/prensacanarias2.jpeg\"><img loading=\"lazy\" decoding=\"async\" class=\"alignleft size-full wp-image-161\" alt=\"prensacanarias2\" src=\"http:\/\/editorialhijosdemuleyrubio.com\/wp-content\/uploads\/2013\/06\/prensacanarias2.jpeg\" width=\"236\" height=\"131\" \/><\/a>Lugar: Centro Insular de Cultura (Las Palmas de Gran Canaria)<br \/>\nPresentadores: Jos\u00e9 Mac\u00edas, presidente del Cabildo, Fernando Gonz\u00e1lez (ICAN), Vicente Mateos (editor), Francisco G. Concepci\u00f3n (fot\u00f3grafo)<br \/>\nOrganiza: Cabildo de Gran Canaria<\/p>\n<p>&nbsp;<\/p>\n<p>&nbsp;<\/p>\n<p><a href=\"http:\/\/editorialhijosdemuleyrubio.com\/wp-content\/uploads\/2013\/06\/prensacanarias1.jpeg\"><img loading=\"lazy\" decoding=\"async\" class=\"alignleft size-full wp-image-163\" alt=\"prensacanarias1\" src=\"http:\/\/editorialhijosdemuleyrubio.com\/wp-content\/uploads\/2013\/06\/prensacanarias1.jpeg\" width=\"159\" height=\"131\" \/><\/a>Lugar: Salon de Actos de Cajacanarias (Santa Cruz de Tenerife)<br \/>\nPresentadores: Vicente Mateos (editor) y Francisco G. Concepci\u00f3n (fot\u00f3grafo)<br \/>\nOrganiza: Cabildo de Tenerife<\/p>\n<p>&nbsp;<\/p>\n<p>&nbsp;<\/p>\n<p>Lugar: Casa Principal de Salazar de Santa Cruz de La Palma<br \/>\nPresenta: Jos\u00e9 Luis Perestelo, presidente del Cabildo<br \/>\nConferencia de Federico Utrera sobre \u00abXX A\u00f1os de las Primeras Elecciones Municipales Democr\u00e1ticas\u00bb.<br \/>\nOrganiza: Cabildo Insular de La Palma<\/p>\n<p>Lugar: El Corte Ingl\u00e9s de Las Palmas de Gran Canaria<br \/>\nFirma de Libros<br \/>\nOrganiza: El Corte Ingl\u00e9s<\/p>\n<p>*****************************************<\/p>\n<p><a href=\"http:\/\/editorialhijosdemuleyrubio.com\/wp-content\/uploads\/2013\/06\/ferias.jpeg\"><img loading=\"lazy\" decoding=\"async\" class=\"alignleft size-full wp-image-164\" alt=\"ferias\" src=\"http:\/\/editorialhijosdemuleyrubio.com\/wp-content\/uploads\/2013\/06\/ferias.jpeg\" width=\"130\" height=\"191\" \/><\/a> <a href=\"http:\/\/editorialhijosdemuleyrubio.com\/wp-content\/uploads\/2013\/06\/ferias-1.jpeg\"><img loading=\"lazy\" decoding=\"async\" class=\"alignleft size-medium wp-image-165\" alt=\"ferias-1\" src=\"http:\/\/editorialhijosdemuleyrubio.com\/wp-content\/uploads\/2013\/06\/ferias-1.jpeg\" width=\"200\" height=\"133\" \/><\/a><\/p>\n<p>&nbsp;<\/p>\n<p>&nbsp;<\/p>\n<p>&nbsp;<\/p>\n<p>&nbsp;<\/p>\n<p>&nbsp;<\/p>\n<p>&nbsp;<\/p>\n<p><strong>El Centenillo, un pueblo andaluz y minero. Luis Garc\u00eda S\u00e1nchez-Berbell (AGOTADOS)<\/strong><\/p>\n<p>FIRMA DE EJEMPLARES:<\/p>\n<p>Lugar: El Centenillo (Jaen)<br \/>\nOrganiza: Ayuntamiento de El Centenillo<\/p>\n<p>PRESENTACION:<\/p>\n<p>Lugar: Casa de Ja\u00e9n en Madrid<br \/>\nOrganiza: Editorial HMR<\/p>\n<p>Rese\u00f1as y cr\u00edticas: Diario Jaen, Ideal de Granada<\/p>\n<p><a href=\"http:\/\/editorialhijosdemuleyrubio.com\/wp-content\/uploads\/2013\/06\/images3.jpeg\"><img loading=\"lazy\" decoding=\"async\" class=\"alignleft size-full wp-image-186\" alt=\"images\" src=\"http:\/\/editorialhijosdemuleyrubio.com\/wp-content\/uploads\/2013\/06\/images3.jpeg\" width=\"151\" height=\"219\" \/><\/a> <a href=\"http:\/\/editorialhijosdemuleyrubio.com\/wp-content\/uploads\/2013\/06\/DownloadedFile-51.jpeg\"><img loading=\"lazy\" decoding=\"async\" class=\"alignleft size-medium wp-image-187\" alt=\"DownloadedFile-5\" src=\"http:\/\/editorialhijosdemuleyrubio.com\/wp-content\/uploads\/2013\/06\/DownloadedFile-51.jpeg\" width=\"191\" height=\"264\" \/><\/a> <a href=\"http:\/\/editorialhijosdemuleyrubio.com\/wp-content\/uploads\/2013\/06\/DownloadedFile-6.jpeg\"><img loading=\"lazy\" decoding=\"async\" class=\"alignleft size-medium wp-image-188\" alt=\"DownloadedFile-6\" src=\"http:\/\/editorialhijosdemuleyrubio.com\/wp-content\/uploads\/2013\/06\/DownloadedFile-6.jpeg\" width=\"190\" height=\"265\" \/><\/a> <a href=\"http:\/\/editorialhijosdemuleyrubio.com\/wp-content\/uploads\/2013\/06\/DownloadedFile-7.jpeg\"><img loading=\"lazy\" decoding=\"async\" class=\"alignleft size-medium wp-image-189\" alt=\"DownloadedFile-7\" src=\"http:\/\/editorialhijosdemuleyrubio.com\/wp-content\/uploads\/2013\/06\/DownloadedFile-7.jpeg\" width=\"190\" height=\"265\" \/><\/a><\/p>\n","protected":false},"excerpt":{"rendered":"<p>La puesta en escena de un libro se parece cada vez m\u00e1s a una obra de teatro o a una \u00abperformance\u00bb. Si el acto de dar a la luz es un acontecimiento que marca el futuro de un ser vivo, pensamos que igual ocurre con un libro. Por eso ideamos todo tipo de \u00abacciones\u00bb para dar a conocer nuestros vol\u00famenes de manera singular:<\/p>\n","protected":false},"author":1,"featured_media":0,"comment_status":"open","ping_status":"open","sticky":false,"template":"","format":"standard","meta":{"footnotes":""},"categories":[3,22,27],"tags":[43],"class_list":["post-119","post","type-post","status-publish","format-standard","hentry","category-acciones","category-inicio","category-presentaciones","tag-libros-presentaciones"],"views":2970,"_links":{"self":[{"href":"https:\/\/editorialhijosdemuleyrubio.com\/index.php?rest_route=\/wp\/v2\/posts\/119","targetHints":{"allow":["GET"]}}],"collection":[{"href":"https:\/\/editorialhijosdemuleyrubio.com\/index.php?rest_route=\/wp\/v2\/posts"}],"about":[{"href":"https:\/\/editorialhijosdemuleyrubio.com\/index.php?rest_route=\/wp\/v2\/types\/post"}],"author":[{"embeddable":true,"href":"https:\/\/editorialhijosdemuleyrubio.com\/index.php?rest_route=\/wp\/v2\/users\/1"}],"replies":[{"embeddable":true,"href":"https:\/\/editorialhijosdemuleyrubio.com\/index.php?rest_route=%2Fwp%2Fv2%2Fcomments&post=119"}],"version-history":[{"count":5,"href":"https:\/\/editorialhijosdemuleyrubio.com\/index.php?rest_route=\/wp\/v2\/posts\/119\/revisions"}],"predecessor-version":[{"id":1324,"href":"https:\/\/editorialhijosdemuleyrubio.com\/index.php?rest_route=\/wp\/v2\/posts\/119\/revisions\/1324"}],"wp:attachment":[{"href":"https:\/\/editorialhijosdemuleyrubio.com\/index.php?rest_route=%2Fwp%2Fv2%2Fmedia&parent=119"}],"wp:term":[{"taxonomy":"category","embeddable":true,"href":"https:\/\/editorialhijosdemuleyrubio.com\/index.php?rest_route=%2Fwp%2Fv2%2Fcategories&post=119"},{"taxonomy":"post_tag","embeddable":true,"href":"https:\/\/editorialhijosdemuleyrubio.com\/index.php?rest_route=%2Fwp%2Fv2%2Ftags&post=119"}],"curies":[{"name":"wp","href":"https:\/\/api.w.org\/{rel}","templated":true}]}}