{"id":1211,"date":"2013-10-20T21:31:34","date_gmt":"2013-10-20T19:31:34","guid":{"rendered":"http:\/\/editorialhijosdemuleyrubio.com\/?p=1211"},"modified":"2013-10-21T00:18:48","modified_gmt":"2013-10-20T22:18:48","slug":"diputado-blasco-ibanez-la-ultima-mueca-ironica-y-literaria-de-luis-garcia-berlanga","status":"publish","type":"post","link":"https:\/\/editorialhijosdemuleyrubio.com\/?p=1211","title":{"rendered":"\u00ab\u00a1Diputado Blasco Ib\u00e1\u00f1ez!\u00bb, la \u00faltima mueca ir\u00f3nica y literaria de Luis Garc\u00eda Berlanga"},"content":{"rendered":"<p><a href=\"http:\/\/editorialhijosdemuleyrubio.com\/wp-content\/uploads\/2013\/10\/iconos1.jpeg\"><img loading=\"lazy\" decoding=\"async\" class=\"alignleft size-full wp-image-1215\" alt=\"iconos\" src=\"http:\/\/editorialhijosdemuleyrubio.com\/wp-content\/uploads\/2013\/10\/iconos1.jpeg\" width=\"156\" height=\"220\" \/><\/a>El cineasta Luis Garc\u00eda Berlanga acudi\u00f3 por primera y \u00fanica vez al Congreso de los Diputados para presentar el libro \u00ab\u00a1Diputado Blasco Ib\u00e1\u00f1ez!\u00bb (HMR). Su discurso est\u00e1 recogido \u00edntegramente en un v\u00eddeo que puede consultarse en HMR TV, pero m\u00e1s all\u00e1 de las formalidades de su intervenci\u00f3n, que fue muy poco formal y tan genial como sus producciones cinematogr\u00e1ficas, qued\u00f3 en el recuerdo su aire heterodoxo e ir\u00f3nico, con el que repas\u00f3 la trayectoria pol\u00edtica de sus ancestros y su admiraci\u00f3n por su novelista de cabecera, Vicente Blasco Ib\u00e1\u00f1ez, as\u00ed como por sus intervenciones parlamentarias, aut\u00e9nticas piezas literarias y ejemplo del arte de la oratoria.<\/p>\n<p>De la admiraci\u00f3n por el genial Blasco Iba\u00f1ez nacen estas memorias parlamentarias, la <strong>recopilaci\u00f3n de todas sus intervenciones en el Congreso de los Diputados.<\/strong> Editadas con el mismo cuidado y primor con el que el novelista mimaba sus publicaciones, su comprensi\u00f3n para aquellos que no est\u00e9n familiarizados con el argor parlamentario tampoco es complicada. La voz de Blasco Iba\u00f1ez se escucha de forma n\u00edtida dentro del hemiciclo y los taqu\u00edgrafos dan fe de como se desarrollan las sesiones, tanto de palabra como de ambiente. En este \u00a1Diputado Blasco Iba\u00f1ez! se incluyen adem\u00e1s un centenar de fotograf\u00edas, todas de un alto valor simb\u00f3lico e hist\u00f3rico, muchas de ellas no publicadas hasta el momento o publicadas tan solo una vez. Aparecen acompa\u00f1adas de explicaciones sobre el contexto hist\u00f3rico, pol\u00edtico, biogr\u00e1fico o social en que se produjeron las intervenciones del novelista.<span class=\"Apple-style-span\" style=\"font-family: Arial, Helvetica, sans-serif; font-size: small;\">\u00a0<\/span><\/p>\n<p><b><span style=\"font-family: Arial, Helvetica, sans-serif; font-size: small;\">Edici\u00f3n:<\/span><\/b><span style=\"font-family: Arial, Helvetica, sans-serif; font-size: small;\">\u00a0Federico Utrera<br \/>\n<b>Caract:<\/b>\u00a0300 p\u00e1ginas. 100 fotograf\u00edas<br \/>\n<b>ISBN:<\/b>\u00a084-923433-3-8<br \/>\n<b>Precio:<\/b>\u00a018 euros<\/span><\/p>\n<p>INDICE<\/p>\n<p><strong>1898-1899<\/strong><br \/>\nEn favor de la Libertad de Prensa<br \/>\ny contra el poder militar.<br \/>\n<strong>1899-1900<\/strong><br \/>\nTumulto en el Congreso por el esca\u00f1o<br \/>\nde Morayta, el amigo de Blasco.<br \/>\n<strong>1900-1901<\/strong><br \/>\nCensura y secuestro de &#8216;El Heraldo de<br \/>\nMadrid&#8217; y cierre de &#8216;El Provenir Navarro&#8217;<br \/>\n<strong>1901-1902<\/strong><br \/>\nLos incidentes del Jubileo en Madrid.<br \/>\n<strong>1902-1903<\/strong><br \/>\nEl a\u00f1o en que conoc\u00ed a Zola.<br \/>\n<strong>1903-1904<\/strong><br \/>\nLos graves sucesos de Valencia.<br \/>\n<strong>1904-1905<\/strong><br \/>\nAltercados en la procesi\u00f3n de Valencia.<br \/>\n<strong>1905-1907<\/strong><br \/>\nLa frustrada renuncia al esca\u00f1o.<br \/>\n<strong>1907-1908<\/strong><br \/>\nLa despedida del diputado Blasco Iba\u00f1ez<\/p>\n<p><strong>RESE\u00d1AS Y CRITICAS<\/strong><\/p>\n<p><span style=\"font-family: Arial, Helvetica, sans-serif; font-size: small;\"><span style=\"font-size: small;\">Entrevista con Federico Utrera (El Pa\u00eds)<\/span><br \/>\n<span style=\"font-size: small;\">A buen ritmo, por Pilar Ferrer (ABC)<\/span><br \/>\n<span style=\"font-size: small;\">Vicente Blasco Ib\u00e1\u00f1ez, por Juan Cantavella (Colpisa)<\/span><br \/>\n<span style=\"font-size: small;\">Entrevista con Federico Utrera (La Voz de Almer\u00eda)<\/span><br \/>\n<span style=\"font-size: small;\">Un libro sobre Blasco Ib\u00e1\u00f1ez, por Ana Belenguer (Las Provincias)<\/span><br \/>\n<span style=\"font-size: small;\">La labor parlamentaria de Blasco Ib\u00e1\u00f1ez, por Antonio Rojas (Canarias 7)<\/span><br \/>\n<span style=\"font-size: small;\">Blasco diputado, por Josep Blay (Levante)<\/span><br \/>\n<span style=\"font-size: small;\">\u00a1Diputado Blasco Ib\u00e1\u00f1ez!, por Carmen Rodr\u00edguez Santos (ABC Cultural)<\/span><br \/>\n<span style=\"font-size: small;\">Blasco Ib\u00e1\u00f1ez, la pasi\u00f3n por descubrir el mundo, por Ramiro Crist\u00f3bal (El Pa\u00eds)<\/span><br \/>\n<span style=\"font-size: small;\">Un libro reivindica a Blasco Ib\u00e1\u00f1ez, por Gonzalo L\u00f3pez Alba (ABC)<\/span><br \/>\n<span style=\"font-size: small;\">Lectura: Diputado Blasco Ib\u00e1\u00f1ez (El Pa\u00eds)<\/span><br \/>\n<span style=\"font-size: small;\">A la sombra de Salmer\u00f3n, por Federico Utrera (La Voz de Almer\u00eda)<\/span><\/span><\/p>\n<div><span style=\"font-family: Arial, Helvetica, sans-serif; font-size: small;\"><span style=\"font-family: Arial, Helvetica, sans-serif; font-size: small;\">\u00a0<\/span><\/span><span style=\"font-family: Arial, Helvetica, sans-serif; font-size: small;\"><b><a href=\"http:\/\/editorialhijosdemuleyrubio.com\/wp-content\/uploads\/2013\/06\/abc1.gif\"><img loading=\"lazy\" decoding=\"async\" class=\"alignleft size-full wp-image-758\" alt=\"abc\" src=\"http:\/\/editorialhijosdemuleyrubio.com\/wp-content\/uploads\/2013\/06\/abc1.gif\" width=\"52\" height=\"23\" \/><\/a>Pilar Ferrer<\/b><\/span><br \/>\nAs\u00ed lo\u00a0<span style=\"font-family: Arial, Helvetica, sans-serif; font-size: small;\">reconoci\u00f3 el primer mandatario de Colombia, don Andr\u00e9s Pastrana, buen amigo de Espa\u00f1a y que conoce al dedillo las obras de Miguel Hern\u00e1ndez y Vicente Blasco Iba\u00f1ez Los discursos parlamentarios de \u00e9ste han sido recopilados en el excelente libro de un querido colega, Federico Utrera. Ser\u00eda, en este inicio de curso pol\u00edtico, excelente libro de cabecera para Sus Se\u00f1or\u00edas.<\/span><\/p>\n<div>\n<p><span style=\"font-family: Arial, Helvetica, sans-serif; font-size: small;\"><b><a href=\"http:\/\/editorialhijosdemuleyrubio.com\/wp-content\/uploads\/2013\/06\/elpais.gif\"><img loading=\"lazy\" decoding=\"async\" class=\"alignleft size-full wp-image-80\" alt=\"elpais\" src=\"http:\/\/editorialhijosdemuleyrubio.com\/wp-content\/uploads\/2013\/06\/elpais.gif\" width=\"114\" height=\"23\" \/><\/a>Charo Nogueira<br \/>\n<\/b>Bucear e<\/span><span style=\"font-family: Arial, Helvetica, sans-serif; font-size: small;\">n los archivos para rescatar la memoria y frenar el olvido. Esa es la tarea que se ha impuesto el periodista y escritor Federico Utrera (Almer\u00eda 1963), con un objetivo: recuperar la figura del escritor valenciano Vicente Blasco Iba\u00f1ez en la \u00e9poca en que fue parlamentario de la Carrera de San Jer\u00f3nimo y vecino de la Villa y Corte entre 1898 y 1908. El resultado se plasma en el libro \u00abDiputado Blasco Iba\u00f1ez\u00bb (editorial HMR).<\/span><\/p>\n<div>\n<p><span style=\"font-family: Arial, Helvetica, sans-serif; font-size: small;\"><a href=\"http:\/\/editorialhijosdemuleyrubio.com\/wp-content\/uploads\/2013\/10\/cambio.jpeg\"><img loading=\"lazy\" decoding=\"async\" class=\"alignleft size-full wp-image-1213\" alt=\"cambio\" src=\"http:\/\/editorialhijosdemuleyrubio.com\/wp-content\/uploads\/2013\/10\/cambio.jpeg\" width=\"159\" height=\"30\" \/><\/a>\u00abDiputado Blasco Iba\u00f1ez\u00bb. Ese es el t\u00edtulo del libro que ha tenido la buena ocurrencia de escribir y editar el periodista parlamentario Federico Utrera, en el cual recoge la intensa y desconocida actividad parlamentaria que tuvo el prol\u00edfico escritor y pol\u00edtico valenciano. Apasionado y con brillantez de oratoria, Blasco Iba\u00f1ez tuvo como bestia negra a C\u00e1novas y como amigo a Nicol\u00e1s Salmer\u00f3n. Sus relaciones con los socialistas y el diputado Pablo Iglesias no fueron, precisamente, buenas, pese a la profesi\u00f3n de f\u00e9 republicana de ambos.<\/span><\/p>\n<div>\n<p><span style=\"font-family: Arial, Helvetica, sans-serif; font-size: small;\"><a href=\"http:\/\/editorialhijosdemuleyrubio.com\/wp-content\/uploads\/2013\/06\/elpais.gif\"><img loading=\"lazy\" decoding=\"async\" class=\"alignleft size-full wp-image-80\" alt=\"elpais\" src=\"http:\/\/editorialhijosdemuleyrubio.com\/wp-content\/uploads\/2013\/06\/elpais.gif\" width=\"114\" height=\"23\" \/><\/a>En un tiempo en que la oratoria parlamentaria ten\u00eda caracter de pieza literaria, los duelos dial\u00e9cticos del escritor Vicente Blasco Ib\u00e1\u00f1ez con sus contemporaneos parecen piezas de teatro cl\u00e1sico. Un nuevo libro recoge todas sus intervenciones en el Congreso de los Diputados y ofrece la posibilidad de asistir a aquellos debates tal y como se produjeron.<\/span><\/p>\n<div>\n<p><span style=\"font-family: Arial, Helvetica, sans-serif; font-size: small;\"><b><a href=\"http:\/\/editorialhijosdemuleyrubio.com\/wp-content\/uploads\/2013\/06\/abc.gif\"><img loading=\"lazy\" decoding=\"async\" class=\"alignleft size-full wp-image-84\" alt=\"abc\" src=\"http:\/\/editorialhijosdemuleyrubio.com\/wp-content\/uploads\/2013\/06\/abc.gif\" width=\"52\" height=\"23\" \/><\/a>Carmen Rodr\u00edguez Santos<\/b><\/span><span style=\"font-family: Arial, Helvetica, sans-serif; font-size: small;\"><br \/>\nVicente Blasco Ib\u00e1\u00f1ez es una de las figuras mas polifac\u00e9ticas de nuestra cultura. Sin embargo, su intensa tarea en otros campos resulta todav\u00eda un tanto desconocida. La obra del periodista Federico Utrera pretende oportunamente llenar este hueco, reivindicando la faceta de parlamentario del escritor valenciano. El libro hace accesibles al lector todas las intervenciones en la C\u00e1mara Baja -hasta la actualidad s\u00f3lo al alcance de los investigadores que se internaran en los Archivos del Congreso, que aparecen editadas con rigor y pulcritud, y acompa\u00f1adas de sucintas, pero \u00fatiles, explicaciones sobre el contexto y el momento hist\u00f3rico en el que se produjeron, y sobre la trayectoria personal y literaria de Blasco Iba\u00f1ez Este trabajo, que incluye tambi\u00e9n abundante material gr\u00e1fico, -en algunos casos in\u00e9dito- merece atenci\u00f3n no \u00fanicamente por parte de los interesados en la figura del autor de La Barraca y Ca\u00f1as y Barro, que encontraran aqu\u00ed\u2019 numerosas muestras de su brillantez oratoria, sino de todos aquellos que deseen profundizar en un mayor conocimiento de los avatares hist\u00f3ricos, sociales y pol\u00edticos de una etapa de gran transcendencia en la historia de Espa\u00f1a.<\/span><\/p>\n<div><a href=\"http:\/\/editorialhijosdemuleyrubio.com\/wp-content\/uploads\/2013\/06\/efe.gif\"><img loading=\"lazy\" decoding=\"async\" class=\"alignleft size-full wp-image-772\" alt=\"efe\" src=\"http:\/\/editorialhijosdemuleyrubio.com\/wp-content\/uploads\/2013\/06\/efe.gif\" width=\"33\" height=\"30\" \/><\/a>El libro, publicado por la editorial HMR, repasa las intervenciones en las Cortes de Blasco Ib\u00e1\u00f1ez durante su etapa como diputado entre 1898 y 1908 y en \u00e9l se constata su papel destacado en la defensa de cuestiones comprometidas de la \u00c9poca como la libertad de c\u00e1tedra, el rechazo a la tortura o a la censura. Una cuesti\u00f3n especialmente pol\u00e9mico en ese momento result\u00f3 la posibilidad de librarse del servicio militar con el pago de una cantidad de dinero, a cuya desaparici\u00f3n Vicente Blasco Ib\u00e1\u00f1ez dedic\u00f3 parte de sus esfuerzos como parlamentario.<\/div>\n<\/div>\n<\/div>\n<\/div>\n<\/div>\n<\/div>\n","protected":false},"excerpt":{"rendered":"<p>El cineasta Luis Garc\u00eda Berlanga acudi\u00f3 por primera y \u00fanica vez al Congreso de los Diputados para presentar el libro \u00ab\u00a1Diputado Blasco Ib\u00e1\u00f1ez!\u00bb (HMR). Su discurso est\u00e1 recogido \u00edntegramente en un v\u00eddeo que puede consultarse en HMR TV, pero m\u00e1s all\u00e1 de las formalidades de su intervenci\u00f3n, que fue muy poco formal y tan genial como sus producciones cinematogr\u00e1ficas, qued\u00f3 en el recuerdo su aire heterodoxo e ir\u00f3nico, con el que repas\u00f3 la trayectoria pol\u00edtica de sus ancestros y su admiraci\u00f3n por su novelista de cabecera, Vicente Blasco Ib\u00e1\u00f1ez, as\u00ed como por sus intervenciones parlamentarias, aut\u00e9nticas piezas literarias y ejemplo del arte de la oratoria. De la admiraci\u00f3n por el<\/p>\n","protected":false},"author":1,"featured_media":0,"comment_status":"open","ping_status":"open","sticky":false,"template":"","format":"standard","meta":{"footnotes":""},"categories":[26],"tags":[87,155],"class_list":["post-1211","post","type-post","status-publish","format-standard","hentry","category-material-memoria","tag-blasco-ibanez","tag-garcia-berlanga"],"views":2003,"_links":{"self":[{"href":"https:\/\/editorialhijosdemuleyrubio.com\/index.php?rest_route=\/wp\/v2\/posts\/1211","targetHints":{"allow":["GET"]}}],"collection":[{"href":"https:\/\/editorialhijosdemuleyrubio.com\/index.php?rest_route=\/wp\/v2\/posts"}],"about":[{"href":"https:\/\/editorialhijosdemuleyrubio.com\/index.php?rest_route=\/wp\/v2\/types\/post"}],"author":[{"embeddable":true,"href":"https:\/\/editorialhijosdemuleyrubio.com\/index.php?rest_route=\/wp\/v2\/users\/1"}],"replies":[{"embeddable":true,"href":"https:\/\/editorialhijosdemuleyrubio.com\/index.php?rest_route=%2Fwp%2Fv2%2Fcomments&post=1211"}],"version-history":[{"count":5,"href":"https:\/\/editorialhijosdemuleyrubio.com\/index.php?rest_route=\/wp\/v2\/posts\/1211\/revisions"}],"predecessor-version":[{"id":1216,"href":"https:\/\/editorialhijosdemuleyrubio.com\/index.php?rest_route=\/wp\/v2\/posts\/1211\/revisions\/1216"}],"wp:attachment":[{"href":"https:\/\/editorialhijosdemuleyrubio.com\/index.php?rest_route=%2Fwp%2Fv2%2Fmedia&parent=1211"}],"wp:term":[{"taxonomy":"category","embeddable":true,"href":"https:\/\/editorialhijosdemuleyrubio.com\/index.php?rest_route=%2Fwp%2Fv2%2Fcategories&post=1211"},{"taxonomy":"post_tag","embeddable":true,"href":"https:\/\/editorialhijosdemuleyrubio.com\/index.php?rest_route=%2Fwp%2Fv2%2Ftags&post=1211"}],"curies":[{"name":"wp","href":"https:\/\/api.w.org\/{rel}","templated":true}]}}