{"id":1220,"date":"2013-10-18T21:47:26","date_gmt":"2013-10-18T19:47:26","guid":{"rendered":"http:\/\/editorialhijosdemuleyrubio.com\/?p=1220"},"modified":"2014-01-06T21:14:24","modified_gmt":"2014-01-06T20:14:24","slug":"outing-en-espana-el-primer-libro-publicado-en-espana-sobre-visibilidad","status":"publish","type":"post","link":"https:\/\/editorialhijosdemuleyrubio.com\/?p=1220","title":{"rendered":"\u00abOuting en Espa\u00f1a\u00bb, el primer libro de Historia sobre la visibilidad homosexual publicado en espa\u00f1ol"},"content":{"rendered":"<p><a href=\"http:\/\/editorialhijosdemuleyrubio.com\/wp-content\/uploads\/2013\/10\/iconos-1.jpeg\"><img loading=\"lazy\" decoding=\"async\" class=\"alignleft size-full wp-image-1221\" alt=\"iconos-1\" src=\"http:\/\/editorialhijosdemuleyrubio.com\/wp-content\/uploads\/2013\/10\/iconos-1.jpeg\" width=\"152\" height=\"220\" \/><\/a>El t\u00e9rmino \u00abouting\u00bb hace referencia al modo festivo (lleno de indignaci\u00f3n) con el que algunos homosexuales tratan de forzar la visibilidad de quienes se ocultan, y perjudican con ello, la normalizaci\u00f3n social de la homosexualidad. El escritor y profesor de Historia de la Universidad de Las Palmas, <strong>Fernando Bruquetas,<\/strong> juega ambiguamente traduciendo \u00abouting\u00bb tanto por \u00absalir\u00bb como por \u00absacar\u00bb del armario\u00bb y en este libro hace historia, siempre documentada, de lo que ha sido y es el \u00abouting\u00bb en Espa\u00f1a como una estrategia m\u00e1s de lucha antihomof\u00f3bica, siendo el primer libro publicado en Espa\u00f1a sobre la materia. Fernando Bruquetas ha recogido todos los \u00abouting\u00bb que se han producido en Espa\u00f1a y menciona a m\u00e1s de 200 personajes p\u00fablicos espa\u00f1oles que han admitido con normalidad y con todos sus matices su sexualidad, constituy\u00e9ndose en referentes positivos, aunque se\u00f1ala tambi\u00e9n con nombres y apellidos a otros personajes p\u00fablicos que presumen de actitudes homof\u00f3bicas e intolerantes. El ex ministro socialista de Educaci\u00f3n, <strong>Jer\u00f3nimo Saavedra,<\/strong> desvela en el pr\u00f3logo su homosexualidad, aflorada a ra\u00edz de un tr\u00e1gico suceso ocurrido en su vida durante un verano.<\/p>\n<p><strong>Fernando Bruquetas de Castro (Rio de Oro, S\u00e1hara, 1953) es profesor titular de Historia Moderna en la Universidad de Las Palmas de Gran Canaria.<\/strong> Vivi\u00f3 la agitaci\u00f3n pol\u00edtica democr\u00e1tica durante la Transici\u00f3n en la Universidad Complutense de Madrid, fue detenido por ello y tuvo el honor de conocer la prisi\u00f3n de Carabanchel, aunque en 1975 fue sobreseida la causa. Entonces, cambio de aires y se mud\u00f3 a los de Par\u00eds, Londres y Amsterdam. Viajando por medio mundo aprendi\u00f3 a sobrevivir y navegar por la vida. En la actualidad imparte docencia de Historia de la Marginaci\u00f3n Social e Historia de las Relaciones Internacionales, entre otras asignaturas. <strong>Como autor e investigador ha publicado<\/strong> \u00abLa esclavitud en Lanzarote, 1618-1650\u00bb, \u00abActas del Cabildo de Lanzarote, siglo XVII\u00bb y \u00abNombramientos y t\u00edtulos de la isla de Lanzarote, 1641-1685\u00bb. Sobre estas materias, ha participado en revistas y congresos nacionales e internacionales aportando siempre en sus ponencias aspectos in\u00e9ditos de la historia social y econ\u00f3mica del Archipi\u00e9lago Canario en la Edad Moderna. En el campo del periodismo, ha cultivado la cr\u00f3nica social y ha devaneado con la prensa rosa en los peri\u00f3dicos Canarias 7 y La Provincia. Con \u00abOuting en Espa\u00f1a. Los espa\u00f1oles salen del armario\u00bb promete conciliar periodismo y ensayo, mestizaje de cuyo resultado se siente orgulloso, aunque ruega benevolencia y tolerancia, la misma que predica para el sano ejercicio de la sexualidad, en todas sus variantes y matices.<\/p>\n<p><b>Pr\u00f3logo:<\/b>\u00a0Jer\u00f3nimo Saavedra<br \/>\n<b>Caract:<\/b>\u00a0176 p\u00e1gs<br \/>\n<b>Primera edici\u00f3n:<\/b>\u00a0agotada<br \/>\n<b>Segunda edici\u00f3n:<\/b>\u00a0\u00faltimos ejemplares<br \/>\n<b>ISBN:<\/b>\u00a084-923433-6-2<br \/>\n<b>Precio:<\/b>\u00a012 euros<\/p>\n<p><span style=\"font-family: Arial, Helvetica, sans-serif;\"><b>INDICE<\/b><\/span><\/p>\n<p><span style=\"font-family: Arial, Helvetica, sans-serif; font-size: small;\">Pr\u00f3logo de Jer\u00f3nimo Saavedra<br \/>\n\u00bfQu\u00e9 es el outing?<br \/>\nOuting en la pol\u00edtica<br \/>\nOuting en el deporte<br \/>\nOuting en la m\u00fasica<br \/>\nOuting en el ejercito y la iglesia<br \/>\nOuting en el cine y el teatro<br \/>\nOuting en televisi\u00f3n<br \/>\nOuting en prensa, literatura y arte<br \/>\nHomofobia<br \/>\nFuentes hemerograficas, audiovisuales y bibliograficas<\/span><\/p>\n<p><span style=\"font-family: Arial, Helvetica, sans-serif; font-size: small;\"><b>EL PROLOGO<br \/>\n<\/b>Un d\u00eda de finales de agosto decid\u00ed redactar el pr\u00f3logo de este libro. Acababa de regresar de mis vacaciones musicales en Salzburgo y hab\u00eda meditado sobre su lectura. El derecho a exteriorizar nuestra propia identidad en el momento que estimemos oportuno. El derecho a que nos respeten nuestra intimidad los dem\u00e1s. El compromiso ideol\u00f3gico de luchar por la igualdad eliminando actitudes discriminatorias en la sociedad, cualquiera que sea su motivaci\u00f3n. Mi preferencia por lo aut\u00e9ntico frente a la apariencia y falsedad, aunque adoptando el l\u00edmite de respetar que los dem\u00e1s hayan querido fingir y disimular. (&#8230;) La noche del veintiocho de agosto dorm\u00ed mal y eso me ocurre muy raras veces. Me despertaba con estas ideas relacionadas con el outing d\u00e1ndome vueltas. A primeras horas del d\u00eda tocaron a la puerta de mi casa de descanso en Mazo, bell\u00edsimo pueblo de la isla de La Palma. Eran los agentes de la Guardia Civil. Me comunicaron que, en la madrugada, mi\u00a0colaborador y amigo hab\u00eda perdido la vida en accidente de autom\u00f3vil retornando a mi casa. (&#8230;)<br \/>\n<\/span><\/p>\n<p style=\"text-align: left;\" align=\"right\">(Extracto del pr\u00f3logo de Jer\u00f3nimo Saavedra)<\/p>\n<p style=\"text-align: left;\" align=\"right\"><span style=\"font-family: Arial, Helvetica, sans-serif; font-size: small;\"><b>RESE\u00d1AS Y CRITICAS<\/b><\/span><span style=\"font-size: small;\"><b><\/b><span style=\"font-family: Arial, Helvetica, sans-serif;\"><br \/>\nUn ex ministro sale del armario, por Gabriel Luna (Interviu)<br \/>\nLa pol\u00edtica sale del armario (Canarias 7)<br \/>\nMadrid, Senatore Socialista: sono gay, por Silvio Ajmone (Gaypress. Italia)<br \/>\n\u00abNo oculto mi opci\u00f3n sexual\u00bb, por F. Le\u00f3n (El Peri\u00f3dico de Extremadura)<br \/>\nSaavedra apoya el matrimonio homosexual, por J. Leal (Hoy de Badajoz)<br \/>\n\u00bfQue es el outing? (Canarias 7)<br \/>\nJer\u00f3nimamente, ahora, por Francisco Pomares (La Provincia)<br \/>\n\u00abCompa\u00f1eros hom\u00f3fobos me incomodaron\u00bb (El Mundo)<br \/>\nJer\u00f3nimo Saavedra se declara homosexual (La Vanguardia)<br \/>\nEl ex ministro sale del armario (Diario 16)<br \/>\nUn ex ministro reconoce su homosexualidad (Levante)<br \/>\nEl ex ministro confiesa su homosexualidad en un libro (Estrella Digital)<br \/>\nUna voz en el Parlamento, por Ricardo Llamas (Zero)<br \/>\nEl senador que sali\u00f3 del armario, por Manuel Ramos (El Pa\u00eds)<br \/>\nLa machada de Saavedra, por Antonio Guerra (La Provincia)<br \/>\nEl outing o la ventilaci\u00f3n, por Carmen Rigalt (El Mundo)<br \/>\nPSOE y PP elogian el outing de Saavedra, por Gabriel Luna (Interviu)<br \/>\nSalir del Armario, por Adolfo Marsillach (ABC)<br \/>\nEl ex ministro Saavedra se declara homosexual (El Peri\u00f3dico de Catalu\u00f1a)<br \/>\nSu genio es su premio, por Carlos Boyero (El Mundo)<br \/>\nLa dif\u00edcil salida del armario (Interviu)<br \/>\nOuting en Espa\u00f1a (Tulibro.com)<br \/>\nJer\u00f3nimo Saavedra, por Diego Carcedo (El Siglo)<br \/>\nEl otro armario, por Antonio Burgos (El Mundo)<br \/>\nEntrevista con Fernando Bruquetas (Canarias 7)<br \/>\nEl ex ministro Saavedra admite su homosexualidad (Diario Vasco)<br \/>\nUn pr\u00f3logo muy comentado (Canarias 7)<br \/>\nEntrevista con Jer\u00f3nimo saavedra (Diario 16)<br \/>\nArmario con overbooking, por Iago L. G\u00fcell (Libros-El Peri\u00f3dico de Catalu\u00f1a)<br \/>\nZapatero elogia el gesto de Saavedra (Canarias 7)<br \/>\nEntrevista con Jer\u00f3nimo Saavedra (La Vanguardia)<br \/>\nSalir del armario, por Arsenio Escolar (Madrid y m@s)<br \/>\nLa dignidad, por Rafael Mart\u00ednez Simancas (El Bolet\u00edn)<br \/>\n\u00abHe sufrido mucho por mi homosexualidad\u00bb, por A. Rojas (Canarias 7)<br \/>\nJer\u00f3nimo Saavedra, pol\u00edtico, por Angel S\u00e1nchez (El Peri\u00f3dico de Catalu\u00f1a)<br \/>\n\u00abOcultar la homosexualidad lleva al psicoanalista\u00bb, por Enric Pastor (El Mundo)<br \/>\nOtro que sale del armario, por Juli\u00e1n Lago (La Raz\u00f3n)<br \/>\nArmarios roperos, por Santos Rejas Rodr\u00edguez (Hoy de Badajoz)<br \/>\nOuting, por Juan Bolea (El Peri\u00f3dico de Catalu\u00f1a)<br \/>\nCuesti\u00f3n de Identidad, por Vicente Llorca (Canarias 7)<br \/>\nEntrevista a Fernando Bruquetas (Colegas)<\/span><\/span><\/p>\n<p>&nbsp;<\/p>\n<p><a href=\"http:\/\/editorialhijosdemuleyrubio.com\/wp-content\/uploads\/2013\/10\/zero.jpeg\"><img loading=\"lazy\" decoding=\"async\" class=\"alignleft size-full wp-image-1223\" alt=\"zero\" src=\"http:\/\/editorialhijosdemuleyrubio.com\/wp-content\/uploads\/2013\/10\/zero.jpeg\" width=\"91\" height=\"30\" \/><\/a><strong>Ricardo LLamas<\/strong><\/p>\n<p>Bravo, en suma, por un libro donde se hace un repaso de lo que ha dado de s\u00ed la visibilidad en los \u00faltimos a\u00f1os.<\/p>\n<p><a href=\"http:\/\/editorialhijosdemuleyrubio.com\/wp-content\/uploads\/2013\/06\/elmundo.gif\"><img loading=\"lazy\" decoding=\"async\" class=\"alignleft size-full wp-image-809\" alt=\"elmundo\" src=\"http:\/\/editorialhijosdemuleyrubio.com\/wp-content\/uploads\/2013\/06\/elmundo.gif\" width=\"147\" height=\"20\" \/><\/a><strong>Luis Antonio de Villena<\/strong><\/p>\n<p>Me ha gustado mucho este libro de Bruquetas porque es period\u00edstico, ameno, muy claro, donde al tiempo se juega, creo que intencionadamente, con ciertas ambig\u00fcedades. Es un juego simp\u00e1tico y muy grato.<br \/>\n<a href=\"http:\/\/editorialhijosdemuleyrubio.com\/wp-content\/uploads\/2013\/06\/larazon.gif\"><img loading=\"lazy\" decoding=\"async\" class=\"alignleft size-full wp-image-767\" alt=\"larazon\" src=\"http:\/\/editorialhijosdemuleyrubio.com\/wp-content\/uploads\/2013\/06\/larazon.gif\" width=\"114\" height=\"20\" \/><\/a><strong>Julian Lago<\/strong><\/p>\n<p>El gesto de valor personal de Saavedra supone sobre todo la confirmaci\u00f3n de una evidencia: la existencia de un marco que permite el ejercicio de la libertad individual. Con Franco, ni Boris hubiera salido del armario.<\/p>\n<p><a href=\"http:\/\/editorialhijosdemuleyrubio.com\/wp-content\/uploads\/2013\/06\/interviu.gif\"><img loading=\"lazy\" decoding=\"async\" class=\"alignleft size-full wp-image-768\" alt=\"interviu\" src=\"http:\/\/editorialhijosdemuleyrubio.com\/wp-content\/uploads\/2013\/06\/interviu.gif\" width=\"121\" height=\"28\" \/><\/a><strong>Gabriel Luna<\/strong><\/p>\n<p>Bruquetas inicia el libro recordando que en EE.UU y Gran Breta\u00f1a no hace falta explicar que es el outing y se pregunta porqu\u00e9 en Espa\u00f1a seguimos usando este eufemismo. Este interesant\u00edsimo libro ha causado una conmoci\u00f3n en los medios. Es una excelente reflexi\u00f3n, bien documentada, divertida y rigurosa pero tambi\u00e9n un an\u00e1lisis amplio y ameno sobre muchas personalidades de la sociedad espa\u00f1ola actual, un libro apasionante si te interesa el tema, que recomendamos vivamente por su tono normalizador y tolerante.<\/p>\n<p><a href=\"http:\/\/editorialhijosdemuleyrubio.com\/wp-content\/uploads\/2013\/06\/elperiodico.gif\"><img loading=\"lazy\" decoding=\"async\" class=\"alignleft size-full wp-image-759\" alt=\"elperiodico\" src=\"http:\/\/editorialhijosdemuleyrubio.com\/wp-content\/uploads\/2013\/06\/elperiodico.gif\" width=\"181\" height=\"30\" \/><\/a><strong>Angel Sanchez<\/strong><br \/>\nA sus 64 a\u00f1os, Saavedra ha admitido su homosexualidad a trav\u00e9s del pr\u00f3logo de este libro. Su decisi\u00f3n obedece a la muerte de su compa\u00f1ero. Entonces pidi\u00f3 a la familia del fallecido que su nombre apareciera en la esquela. Ahora, ha llegado una confesi\u00f3n m\u00e1s reflexiva.<\/p>\n<p><a href=\"http:\/\/editorialhijosdemuleyrubio.com\/wp-content\/uploads\/2013\/06\/elmundo.gif\"><img loading=\"lazy\" decoding=\"async\" class=\"alignleft size-full wp-image-809\" alt=\"elmundo\" src=\"http:\/\/editorialhijosdemuleyrubio.com\/wp-content\/uploads\/2013\/06\/elmundo.gif\" width=\"147\" height=\"20\" \/><\/a><strong>Enric Pastor<\/strong><br \/>\nM\u00e1s de un famoso o famosa encontrar\u00e1 su nombre sobre las p\u00e1ginas de este libro porque todas las interpelaciones a la sexualidad de personalidades p\u00fablicas aparecen en \u00e9l.<\/p>\n<p><a href=\"http:\/\/editorialhijosdemuleyrubio.com\/wp-content\/uploads\/2013\/06\/lavanguardia.gif\"><img loading=\"lazy\" decoding=\"async\" class=\"alignleft size-full wp-image-781\" alt=\"lavanguardia\" src=\"http:\/\/editorialhijosdemuleyrubio.com\/wp-content\/uploads\/2013\/06\/lavanguardia.gif\" width=\"216\" height=\"30\" \/><\/a><strong>Ima Sanch\u00eds<\/strong><br \/>\n\u00abYo ese t\u00e9rmino no lo hab\u00eda o\u00eddo hasta que el autor me pidi\u00f3 que prologara el libro. Me pareci\u00f3 normal hacerlo desde un planteamiento progresista\u00bb (Saavedra).<\/p>\n<p><a href=\"http:\/\/editorialhijosdemuleyrubio.com\/wp-content\/uploads\/2013\/06\/canarias7.gif\"><img loading=\"lazy\" decoding=\"async\" class=\"alignleft size-full wp-image-756\" alt=\"canarias7\" src=\"http:\/\/editorialhijosdemuleyrubio.com\/wp-content\/uploads\/2013\/06\/canarias7.gif\" width=\"117\" height=\"30\" \/><\/a>Bruquetas analiza una pr\u00e1ctica por la que personajes famosos confiesan su tendencia sexual para propiciar la normalizaci\u00f3n. En el \u00e9xito editorial ha sido decisivo el pr\u00f3logo de Saavedra.<\/p>\n<p><a href=\"http:\/\/editorialhijosdemuleyrubio.com\/wp-content\/uploads\/2013\/06\/abc1.gif\"><img loading=\"lazy\" decoding=\"async\" class=\"alignleft size-full wp-image-758\" alt=\"abc\" src=\"http:\/\/editorialhijosdemuleyrubio.com\/wp-content\/uploads\/2013\/06\/abc1.gif\" width=\"52\" height=\"23\" \/><\/a><strong>Adolfo Marsillach<\/strong><\/p>\n<p>Saavedra ha decidido salir del armario en el pr\u00f3logo de este libro. Me complace que haya tenido el coraje de hacerlo y me parece que con su postura contribuye a ventilar los oscuros aposentos de cierta mentalidad espa\u00f1ola.<\/p>\n<p><a href=\"http:\/\/editorialhijosdemuleyrubio.com\/wp-content\/uploads\/2013\/06\/elmundo.gif\"><img loading=\"lazy\" decoding=\"async\" class=\"alignleft size-full wp-image-809\" alt=\"elmundo\" src=\"http:\/\/editorialhijosdemuleyrubio.com\/wp-content\/uploads\/2013\/06\/elmundo.gif\" width=\"147\" height=\"20\" \/><\/a><strong>Leopoldo Alas<\/strong><\/p>\n<p>Existe un rostro p\u00fablico en la sexualidad y ese es el grave problema: que se ha silenciado como algo nefando o pecaminoso, y como dice Bruquetas en el libro, solo da f\u00e9 p\u00fablica de aquello que durante mucho tiempo se han visto obligados a ocultar.<\/p>\n<p><a href=\"http:\/\/editorialhijosdemuleyrubio.com\/wp-content\/uploads\/2013\/06\/elmundo.gif\"><img loading=\"lazy\" decoding=\"async\" class=\"alignleft size-full wp-image-809\" alt=\"elmundo\" src=\"http:\/\/editorialhijosdemuleyrubio.com\/wp-content\/uploads\/2013\/06\/elmundo.gif\" width=\"147\" height=\"20\" \/><\/a><strong>Carmen Rigalt<\/strong><\/p>\n<p>El \u00faltimo personaje que ha salido del armario por su propio pie ha sido Saavedra. Lo ha hecho en el pr\u00f3logo de este libro, cuyo autor deber\u00e1 siempre una parte de sus derechos a la generosidad del ex-ministro canario.<br \/>\n<a href=\"http:\/\/editorialhijosdemuleyrubio.com\/wp-content\/uploads\/2013\/10\/siglo.jpeg\"><img loading=\"lazy\" decoding=\"async\" class=\"alignleft size-full wp-image-1224\" alt=\"siglo\" src=\"http:\/\/editorialhijosdemuleyrubio.com\/wp-content\/uploads\/2013\/10\/siglo.jpeg\" width=\"66\" height=\"30\" \/><\/a><strong>Diego Carcedo<\/strong><\/p>\n<p>\u00bfLlegar\u00e1 un d\u00eda -me pregunto- en que dejemos de preocuparnos por la diferencia de los otros?<\/p>\n<p><a href=\"http:\/\/editorialhijosdemuleyrubio.com\/wp-content\/uploads\/2013\/06\/elpais.gif\"><img loading=\"lazy\" decoding=\"async\" class=\"alignleft size-full wp-image-80\" alt=\"elpais\" src=\"http:\/\/editorialhijosdemuleyrubio.com\/wp-content\/uploads\/2013\/06\/elpais.gif\" width=\"114\" height=\"23\" \/><\/a><strong>Manuel Ramos<\/strong><\/p>\n<p>Saavedra resumi\u00f3 el camino como algo \u00abnatural\u00bb: \u00abUn proceso que realic\u00e9 s\u00f3lo cuando me sent\u00ed preparado para ello\u00bb. Su declaraci\u00f3n p\u00fablica -que a\u00fan muchos califican de \u00abconfesi\u00f3n\u00bb dada la carga de culpabilidad todav\u00eda asociada a la homosexualidad- apareci\u00f3 en el pr\u00f3logo del libro Outing en Espa\u00f1a. Los espa\u00f1oles salen del armario, de Fernando Bruquetas de Castro. \u00abNo planifiqu\u00e9 ese escrito como una declaraci\u00f3n p\u00fablica, fue algo mucho m\u00e1s normal, un acto de agradecimiento a la persona que fue mi pareja durante a\u00f1os\u00bb, dijo el senador. Meses antes de la publicaci\u00f3n del libro, su nombre apareci\u00f3 ya en la esquela que comunicaba la muerte de su compa\u00f1ero. (\u2026)<\/p>\n<p>&nbsp;<\/p>\n<p>&nbsp;<\/p>\n<p><span style=\"font-family: Arial, Helvetica, sans-serif; font-size: small;\"><b>\u00a0<\/b><\/span><\/p>\n","protected":false},"excerpt":{"rendered":"<p>El t\u00e9rmino \u00abouting\u00bb hace referencia al modo festivo (lleno de indignaci\u00f3n) con el que algunos homosexuales tratan de forzar la visibilidad de quienes se ocultan, y perjudican con ello, la normalizaci\u00f3n social de la homosexualidad. El escritor y profesor de Historia de la Universidad de Las Palmas, Fernando Bruquetas, juega ambiguamente traduciendo \u00abouting\u00bb tanto por \u00absalir\u00bb como por \u00absacar\u00bb del armario\u00bb y en este libro hace historia, siempre documentada, de lo que ha sido y es el \u00abouting\u00bb en Espa\u00f1a como una estrategia m\u00e1s de lucha antihomof\u00f3bica, siendo el primer libro publicado en Espa\u00f1a sobre la materia. Fernando Bruquetas ha recogido todos los \u00abouting\u00bb que se han producido en Espa\u00f1a<\/p>\n","protected":false},"author":1,"featured_media":0,"comment_status":"open","ping_status":"open","sticky":false,"template":"","format":"standard","meta":{"footnotes":""},"categories":[4,255],"tags":[97,158,157,160,156,159],"class_list":["post-1220","post","type-post","status-publish","format-standard","hentry","category-aldea-globl","category-historia","tag-fernando-bruquetas","tag-gay","tag-homosexualidad","tag-jeronimo-saavedra","tag-outing","tag-visibilidad"],"views":2818,"_links":{"self":[{"href":"https:\/\/editorialhijosdemuleyrubio.com\/index.php?rest_route=\/wp\/v2\/posts\/1220","targetHints":{"allow":["GET"]}}],"collection":[{"href":"https:\/\/editorialhijosdemuleyrubio.com\/index.php?rest_route=\/wp\/v2\/posts"}],"about":[{"href":"https:\/\/editorialhijosdemuleyrubio.com\/index.php?rest_route=\/wp\/v2\/types\/post"}],"author":[{"embeddable":true,"href":"https:\/\/editorialhijosdemuleyrubio.com\/index.php?rest_route=\/wp\/v2\/users\/1"}],"replies":[{"embeddable":true,"href":"https:\/\/editorialhijosdemuleyrubio.com\/index.php?rest_route=%2Fwp%2Fv2%2Fcomments&post=1220"}],"version-history":[{"count":5,"href":"https:\/\/editorialhijosdemuleyrubio.com\/index.php?rest_route=\/wp\/v2\/posts\/1220\/revisions"}],"predecessor-version":[{"id":1228,"href":"https:\/\/editorialhijosdemuleyrubio.com\/index.php?rest_route=\/wp\/v2\/posts\/1220\/revisions\/1228"}],"wp:attachment":[{"href":"https:\/\/editorialhijosdemuleyrubio.com\/index.php?rest_route=%2Fwp%2Fv2%2Fmedia&parent=1220"}],"wp:term":[{"taxonomy":"category","embeddable":true,"href":"https:\/\/editorialhijosdemuleyrubio.com\/index.php?rest_route=%2Fwp%2Fv2%2Fcategories&post=1220"},{"taxonomy":"post_tag","embeddable":true,"href":"https:\/\/editorialhijosdemuleyrubio.com\/index.php?rest_route=%2Fwp%2Fv2%2Ftags&post=1220"}],"curies":[{"name":"wp","href":"https:\/\/api.w.org\/{rel}","templated":true}]}}