{"id":1258,"date":"2013-12-17T16:34:31","date_gmt":"2013-12-17T14:34:31","guid":{"rendered":"http:\/\/editorialhijosdemuleyrubio.com\/?p=1258"},"modified":"2013-12-17T16:41:01","modified_gmt":"2013-12-17T14:41:01","slug":"trevor-dadson-londres-y-helen-reed-nueva-york-levantan-el-parche-en-el-ojo-de-la-princesa-de-eboli","status":"publish","type":"post","link":"https:\/\/editorialhijosdemuleyrubio.com\/?p=1258","title":{"rendered":"Trevor Dadson (Londres) y Helen Reed (Nueva York) levantan el parche en el ojo de la princesa de \u00c9boli"},"content":{"rendered":"<figure id=\"attachment_1260\" aria-describedby=\"caption-attachment-1260\" style=\"width: 127px\" class=\"wp-caption alignleft\"><a href=\"http:\/\/editorialhijosdemuleyrubio.com\/wp-content\/uploads\/2013\/12\/alonso-sanchez-coello.jpg\"><img loading=\"lazy\" decoding=\"async\" class=\" wp-image-1260 \" alt=\"Retrato de la princesa de Eboli, por Alonso S\u00e1nchez Coello\" src=\"http:\/\/editorialhijosdemuleyrubio.com\/wp-content\/uploads\/2013\/12\/alonso-sanchez-coello-212x300.jpg\" width=\"127\" height=\"180\" srcset=\"https:\/\/editorialhijosdemuleyrubio.com\/wp-content\/uploads\/2013\/12\/alonso-sanchez-coello-212x300.jpg 212w, https:\/\/editorialhijosdemuleyrubio.com\/wp-content\/uploads\/2013\/12\/alonso-sanchez-coello.jpg 227w\" sizes=\"auto, (max-width: 127px) 100vw, 127px\" \/><\/a><figcaption id=\"caption-attachment-1260\" class=\"wp-caption-text\">La princesa de Eboli, por Alonso S\u00e1nchez Coello<\/figcaption><\/figure>\n<p><strong>\u201cEpistolario e Historia documental de Ana de Mendoza y de la Cerda, princesa de Eboli\u201d<\/strong> es el libro que <strong>Trevor J. Dadson,<\/strong> profesor de Estudios Hisp\u00e1nicos y vicerrector de Humanidades y Ciencias Sociales en la Queen Mary, University of London, ha escrito junto a <strong>Helen H. Reed<\/strong>, catedr\u00e1tica em\u00e9rita de la State University of New York at Oneonta, donde ense\u00f1\u00f3 literatura del Siglo de Oro, cultura e Historia de Espa\u00f1a durante muchos a\u00f1os. <strong>Federico Utrera<\/strong> mantiene un di\u00e1logo con ambos en los micr\u00f3fonos de Radio Exterior de Espa\u00f1a.<!--more--><\/p>\n<p>&nbsp;<\/p>\n<figure id=\"attachment_1261\" aria-describedby=\"caption-attachment-1261\" style=\"width: 108px\" class=\"wp-caption alignleft\"><a href=\"http:\/\/editorialhijosdemuleyrubio.com\/wp-content\/uploads\/2013\/12\/7446.jpg\"><img loading=\"lazy\" decoding=\"async\" class=\"wp-image-1261 \" alt=\"Trevor Dadson\" src=\"http:\/\/editorialhijosdemuleyrubio.com\/wp-content\/uploads\/2013\/12\/7446.jpg\" width=\"108\" height=\"108\" srcset=\"https:\/\/editorialhijosdemuleyrubio.com\/wp-content\/uploads\/2013\/12\/7446.jpg 180w, https:\/\/editorialhijosdemuleyrubio.com\/wp-content\/uploads\/2013\/12\/7446-150x150.jpg 150w\" sizes=\"auto, (max-width: 108px) 100vw, 108px\" \/><\/a><figcaption id=\"caption-attachment-1261\" class=\"wp-caption-text\">Trevor Dadson<\/figcaption><\/figure>\n<p><strong>La Princesa de \u00c9boli<\/strong>, aquella c\u00e9lebre mujer que qued\u00f3 tuerta de un ojo y que fue muy popular en su\u00a0\u00e9poca, acaba de regresar al escenario hist\u00f3rico gracias a\u00a0<strong>Trevor Dadson y Helen Reed<\/strong>. Dadson afirma que estamos ante un caso en que la realidad supera la ficci\u00f3n: las cartas y la investigaci\u00f3n deshacen algunos t\u00f3picos, como que ella fuera la\u00a0<strong>\u201cJezabel de la corte espa\u00f1ola\u201d<\/strong>\u00a0o la seductora de\u00a0<strong>Felipe II y Antonio P\u00e9rez.<\/strong>\u00a0Muy al contrario, el libro tambi\u00e9n detalla su relaci\u00f3n con la poeta y monja\u00a0<strong>Teresa de \u00c1vila.<\/strong><\/p>\n<p>&nbsp;<\/p>\n<figure id=\"attachment_1262\" aria-describedby=\"caption-attachment-1262\" style=\"width: 180px\" class=\"wp-caption alignleft\"><a href=\"http:\/\/editorialhijosdemuleyrubio.com\/wp-content\/uploads\/2013\/12\/madrid_cordoba_sep09_023.jpg\"><img loading=\"lazy\" decoding=\"async\" class=\" wp-image-1262 \" alt=\"Helen Reed\" src=\"http:\/\/editorialhijosdemuleyrubio.com\/wp-content\/uploads\/2013\/12\/madrid_cordoba_sep09_023-300x225.jpg\" width=\"180\" height=\"135\" srcset=\"https:\/\/editorialhijosdemuleyrubio.com\/wp-content\/uploads\/2013\/12\/madrid_cordoba_sep09_023-300x225.jpg 300w, https:\/\/editorialhijosdemuleyrubio.com\/wp-content\/uploads\/2013\/12\/madrid_cordoba_sep09_023.jpg 1024w\" sizes=\"auto, (max-width: 180px) 100vw, 180px\" \/><\/a><figcaption id=\"caption-attachment-1262\" class=\"wp-caption-text\">Helen Reed<\/figcaption><\/figure>\n<p><strong>Helen Reed<\/strong>, que ha sido profesora en la Universidad Estatal de Nueva York y en la Universidad de Syracuse,\u00a0ha estudiado adem\u00e1s la vida y obra de otras dos mujeres de referencia en la cultura y la historia de Espa\u00f1a: <strong>la poeta Teresa de \u00c1vila,<\/strong> a prop\u00f3sito del \u201cLibro de las Fundaciones\u201d, y <strong>Catalina de Cardona<\/strong>, que se daba a conocer como \u201cla mujer pecadora\u201d. Tambi\u00e9n ha abordado en sus escritos algunos aspectos de otro cl\u00e1sico de la literatura: <strong>el Lazarillo de Tormes<\/strong>.<\/p>\n<p style=\"text-align: center;\"><a href=\"http:\/\/editorialhijosdemuleyrubio.com\/wp-content\/uploads\/2013\/12\/9788484896876.jpg\"><img loading=\"lazy\" decoding=\"async\" class=\" wp-image-1259 aligncenter\" alt=\"9788484896876\" src=\"http:\/\/editorialhijosdemuleyrubio.com\/wp-content\/uploads\/2013\/12\/9788484896876-188x300.jpg\" width=\"113\" height=\"180\" srcset=\"https:\/\/editorialhijosdemuleyrubio.com\/wp-content\/uploads\/2013\/12\/9788484896876-188x300.jpg 188w, https:\/\/editorialhijosdemuleyrubio.com\/wp-content\/uploads\/2013\/12\/9788484896876.jpg 240w\" sizes=\"auto, (max-width: 113px) 100vw, 113px\" \/><\/a><\/p>\n<p><a href=\"http:\/\/www.rtve.es\/alacarta\/audios\/un-idioma-sin-fronteras\/idioma-sin-fronteras-11-06-13\/1868252\/#aHR0cDovL3d3dy5ydHZlLmVzL2FsYWNhcnRhL2ludGVybm8vY29udGVudHRhYmxlLnNodG1sP3BicT0yJm1vZGw9VE9DJmxvY2FsZT1lcyZwYWdlU2l6ZT0xNSZjdHg9MjA5NyZhZHZTZWFyY2hPcGVuPWZhbHNl  \">Entrevista con Trevor Dadson<\/a><\/p>\n<p><a href=\"http:\/\/www.rtve.es\/alacarta\/audios\/un-idioma-sin-fronteras\/idioma-sin-fronteras-10-09-13\/2016461\/  \">Entrevista con Helen Reed<\/a><\/p>\n<p>&nbsp;<\/p>\n<p>&nbsp;<\/p>\n","protected":false},"excerpt":{"rendered":"<p>\u201cEpistolario e Historia documental de Ana de Mendoza y de la Cerda, princesa de Eboli\u201d es el libro que Trevor J. Dadson, profesor de Estudios Hisp\u00e1nicos y vicerrector de Humanidades y Ciencias Sociales en la Queen Mary, University of London, ha escrito junto a Helen H. Reed, catedr\u00e1tica em\u00e9rita de la State University of New York at Oneonta, donde ense\u00f1\u00f3 literatura del Siglo de Oro, cultura e Historia de Espa\u00f1a durante muchos a\u00f1os. Federico Utrera mantiene un di\u00e1logo con ambos en los micr\u00f3fonos de Radio Exterior de Espa\u00f1a.<\/p>\n","protected":false},"author":1,"featured_media":0,"comment_status":"open","ping_status":"open","sticky":false,"template":"","format":"standard","meta":{"footnotes":""},"categories":[17,23],"tags":[163,165,164],"class_list":["post-1258","post","type-post","status-publish","format-standard","hentry","category-biblioteca-hispanica-juan-goytisolo","category-noticias","tag-helen-redd","tag-princesa-de-eboli","tag-trevor-dadson"],"views":2125,"_links":{"self":[{"href":"https:\/\/editorialhijosdemuleyrubio.com\/index.php?rest_route=\/wp\/v2\/posts\/1258","targetHints":{"allow":["GET"]}}],"collection":[{"href":"https:\/\/editorialhijosdemuleyrubio.com\/index.php?rest_route=\/wp\/v2\/posts"}],"about":[{"href":"https:\/\/editorialhijosdemuleyrubio.com\/index.php?rest_route=\/wp\/v2\/types\/post"}],"author":[{"embeddable":true,"href":"https:\/\/editorialhijosdemuleyrubio.com\/index.php?rest_route=\/wp\/v2\/users\/1"}],"replies":[{"embeddable":true,"href":"https:\/\/editorialhijosdemuleyrubio.com\/index.php?rest_route=%2Fwp%2Fv2%2Fcomments&post=1258"}],"version-history":[{"count":5,"href":"https:\/\/editorialhijosdemuleyrubio.com\/index.php?rest_route=\/wp\/v2\/posts\/1258\/revisions"}],"predecessor-version":[{"id":1265,"href":"https:\/\/editorialhijosdemuleyrubio.com\/index.php?rest_route=\/wp\/v2\/posts\/1258\/revisions\/1265"}],"wp:attachment":[{"href":"https:\/\/editorialhijosdemuleyrubio.com\/index.php?rest_route=%2Fwp%2Fv2%2Fmedia&parent=1258"}],"wp:term":[{"taxonomy":"category","embeddable":true,"href":"https:\/\/editorialhijosdemuleyrubio.com\/index.php?rest_route=%2Fwp%2Fv2%2Fcategories&post=1258"},{"taxonomy":"post_tag","embeddable":true,"href":"https:\/\/editorialhijosdemuleyrubio.com\/index.php?rest_route=%2Fwp%2Fv2%2Ftags&post=1258"}],"curies":[{"name":"wp","href":"https:\/\/api.w.org\/{rel}","templated":true}]}}