{"id":1285,"date":"2013-12-18T20:46:44","date_gmt":"2013-12-18T18:46:44","guid":{"rendered":"http:\/\/editorialhijosdemuleyrubio.com\/?p=1285"},"modified":"2013-12-19T01:59:59","modified_gmt":"2013-12-18T23:59:59","slug":"mills-fox-edgerton-pennsylvania-philip-silver-columbia-y-michel-lafon-grenoble-poesia-ensayo-y-novela-en-espanol-desde-fuera-de-espana","status":"publish","type":"post","link":"https:\/\/editorialhijosdemuleyrubio.com\/?p=1285","title":{"rendered":"Mills Fox Edgerton (Pennsylvania), Philip Silver (Columbia) y Michel Lafon (Grenoble): poes\u00eda, ensayo y novela en espa\u00f1ol desde fuera de Espa\u00f1a"},"content":{"rendered":"<figure id=\"attachment_1288\" aria-describedby=\"caption-attachment-1288\" style=\"width: 300px\" class=\"wp-caption alignleft\"><a href=\"http:\/\/editorialhijosdemuleyrubio.com\/wp-content\/uploads\/2013\/12\/Mills-Fox-Edgerton.jpg\"><img loading=\"lazy\" decoding=\"async\" class=\"size-medium wp-image-1288\" alt=\"Mills Fox Edgerton\" src=\"http:\/\/editorialhijosdemuleyrubio.com\/wp-content\/uploads\/2013\/12\/Mills-Fox-Edgerton-300x225.jpg\" width=\"300\" height=\"225\" srcset=\"https:\/\/editorialhijosdemuleyrubio.com\/wp-content\/uploads\/2013\/12\/Mills-Fox-Edgerton-300x225.jpg 300w, https:\/\/editorialhijosdemuleyrubio.com\/wp-content\/uploads\/2013\/12\/Mills-Fox-Edgerton.jpg 400w\" sizes=\"auto, (max-width: 300px) 100vw, 300px\" \/><\/a><figcaption id=\"caption-attachment-1288\" class=\"wp-caption-text\">Mills Fox Edgerton<\/figcaption><\/figure>\n<p><strong>Mills Fox Edgerton<\/strong> (Pennsylvania), <strong>Philip Silver<\/strong> (Columbia) y <strong>Michel Lafon<\/strong> (Grenoble) han escrito tres libros desde fuera de Espa\u00f1a y los tres en espa\u00f1ol: con g\u00e9neros distintos (poes\u00eda, ensayo y novela) reivindican el buen gusto por la poes\u00eda, desde <strong>G\u00f3ngora<\/strong> a <strong>Gustavo Adolfo Becquer, Rub\u00e9n Dar\u00edo o Gil de Biedma<\/strong>, que son los poetas cl\u00e1sicos preferidos por <strong>Mills Fox Edgerton,<\/strong> hasta los ensayos sobre <strong>Claudio Rodr\u00edguez<\/strong> que ha reunido <strong>Philip Silver<\/strong> o la relectura novelesca que hace <strong>Michel Lafon<\/strong> sobre <strong>Jorge Luis Borges.<\/strong><!--more--><\/p>\n<p><strong>Mills Fox Edgerton<\/strong> se dedicaba a la docencia como catedr\u00e1tico en la prestigiosa Universidad de Bucknell (Pennsylvania), y durante m\u00e1s de diez a\u00f1os dirigi\u00f3 la editorial acad\u00e9mica de esta instituci\u00f3n. Ahora con <strong>\u201cLuz y Sombras\u201d\u202d<\/strong> \u202cse convierte en un poeta nacido y criado en Estados Unidos pero que se considera poeta espa\u00f1ol. \u00c9l naci\u00f3 en Nueva Inglaterra y con \u201cLuz y Sombras\u201d, que es su \u00faltimo libro de poemas \u2013y se percibe que no es precisamente el primero\u2013 se da uno cuenta de que Mills tiene voz propia, una melod\u00eda sugestiva y unos textos que sorprenden por rascar en lo m\u00e1s hondo de la vida cotidiana y de la piel humana.<\/p>\n<p>Se doctor\u00f3 en Princeton, pocos a\u00f1os despu\u00e9s empez\u00f3 a ense\u00f1ar en la<strong> Bucknell University<\/strong>, donde estuvo 33 a\u00f1os hasta que se jubil\u00f3 en 1993. \u00a0Era amigo personal de <strong>Gloria Fuertes<\/strong> y es uno de los hispanistas m\u00e1s prestigiosos. Y sorprende por su frescura. En el poema titulado \u201cEl amigo m\u00e9dico\u201d escribe: \u201cMira, a tus a\u00f1os, y con ese coraz\u00f3n, medio descuajeringao, debes dejar de beber, de fumar, de follar\u201d. Y el colega responde: \u201cAmigo m\u00edo, no voy a seguir adelante: cuando llegue el momento, me marchar\u00e9 al otro barrio, con las botas puestas\u201d.<\/p>\n<p>Hay otro poema que es un homenaje a <strong>Miguel Hern\u00e1ndez<\/strong>, \u00a0y en el libro aparece un dibujo surrealista ilustrando el poema \u201cLa tertulia\u201d donde \u201copinan, cuentan, recelan, novelistas, poetillas, ensayistas, se lucen, se halagan, ans\u00edan porque alguien les diga: \u201cMe ha gustado tu \u00faltimo libro\u201d. En este volumen tambi\u00e9n figura un retrato suyo a plumilla muy bello y una portada muy original.<\/p>\n<figure id=\"attachment_1289\" aria-describedby=\"caption-attachment-1289\" style=\"width: 235px\" class=\"wp-caption alignleft\"><a href=\"http:\/\/editorialhijosdemuleyrubio.com\/wp-content\/uploads\/2013\/12\/silver.jpg\"><img loading=\"lazy\" decoding=\"async\" class=\"size-full wp-image-1289\" alt=\"Philip Silver\" src=\"http:\/\/editorialhijosdemuleyrubio.com\/wp-content\/uploads\/2013\/12\/silver.jpg\" width=\"235\" height=\"214\" \/><\/a><figcaption id=\"caption-attachment-1289\" class=\"wp-caption-text\">Philip Silver<\/figcaption><\/figure>\n<p>Con similar sorpresa ha irrumpido en las librer\u00edas espa\u00f1olas <strong>Philip Silver<\/strong>, profesor em\u00e9rito de la <strong>Universidad de Columbia<\/strong>, con <strong>\u201cRumoroso Cauce. Nuevas Lecturas sobre Claudio Rodr\u00edguez\u201d<\/strong>. <strong>Philip Silver<\/strong> es autor de ensayos muy detallados sobre <strong>Luis Cernuda, Ortega o Antonio Machado,<\/strong> pero esta vez le dedica a <strong>Claudio Rodr\u00edguez<\/strong> este \u201cRumoroso Cauce\u201d y estas \u201cNueva Lecturas\u201d.<\/p>\n<p>En una fotograf\u00eda del libro le vemos con el editor <strong>Juan Casamayor<\/strong> y con <strong>Claudio Rodr\u00edguez<\/strong> en Fuenterrab\u00eda y el volumen recoge adem\u00e1s algunas cartas personales que le dirigi\u00f3. En uno de los ensayos leemos que <strong>Claudio Rodr\u00edguez<\/strong> sufri\u00f3 una traici\u00f3n, una grave traici\u00f3n y <strong>Philip Silver l<\/strong>e cuenta a <strong>Federico Utrera<\/strong>\u00a0los pormenores de este oscuro episodio durante una conversaci\u00f3n radiof\u00f3nica mantenida en Radio Exterior de Espa\u00f1a.<\/p>\n<p>En su biograf\u00eda, <strong>Philip Silver<\/strong> menciona que <strong>Claudio Rodr\u00edguez<\/strong> perteneci\u00f3 al PCE en 1956, en la clandestinidad, pero que \u00e9l dec\u00eda que \u201csolamente durante veinte minutos\u201d, suficientes para que unos energ\u00famenos falangistas le dieran una paliza. \u00bfComo era Claudio Rodr\u00edguez en la ideol\u00f3gico? \u00bfTuvo alg\u00fan tipo de evoluci\u00f3n? La foto de <strong>Jos\u00e9 Angel Valente<\/strong> con <strong>Aleixandre<\/strong> en Velintonia o aquella confidencia que <strong>Michi Panero<\/strong> le hizo a Utrera cuando le cont\u00f3 que <strong>Claudio Rodr\u00edguez<\/strong> le retir\u00f3 la palabra porque \u00e9l una vez dijo que su padre, <strong>Leopoldo Panero<\/strong>, no era buen poeta, forman parte de este documento sonoro.<\/p>\n<p>Algo parecido ocurre con el escritor franc\u00e9s <strong>Michel Laf\u00f3n<\/strong>, profesor de literatura en el departamento de estudios hisp\u00e1nicos e hispanoamericanos de la <strong>Universidad Stendhal de Grenoble (Francia).<\/strong> Con <strong>\u201cUna vida de Pierre Menard\u201d,<\/strong> un libro sobre Borges y su personaje de ficci\u00f3n, gan\u00f3 el <strong>Premio Valery Larbaud<\/strong> y no extra\u00f1a el galard\u00f3n porque de \u00e9l sobre todo se ha destacado que es un libro inteligente.<\/p>\n<figure id=\"attachment_1290\" aria-describedby=\"caption-attachment-1290\" style=\"width: 300px\" class=\"wp-caption alignleft\"><a href=\"http:\/\/editorialhijosdemuleyrubio.com\/wp-content\/uploads\/2013\/12\/Michel_Lafon_CLAIMA20110211_0150_19.jpg\"><img loading=\"lazy\" decoding=\"async\" class=\"size-medium wp-image-1290\" alt=\"Michel Lafon\" src=\"http:\/\/editorialhijosdemuleyrubio.com\/wp-content\/uploads\/2013\/12\/Michel_Lafon_CLAIMA20110211_0150_19-300x244.jpg\" width=\"300\" height=\"244\" srcset=\"https:\/\/editorialhijosdemuleyrubio.com\/wp-content\/uploads\/2013\/12\/Michel_Lafon_CLAIMA20110211_0150_19-300x244.jpg 300w, https:\/\/editorialhijosdemuleyrubio.com\/wp-content\/uploads\/2013\/12\/Michel_Lafon_CLAIMA20110211_0150_19.jpg 750w\" sizes=\"auto, (max-width: 300px) 100vw, 300px\" \/><\/a><figcaption id=\"caption-attachment-1290\" class=\"wp-caption-text\">Michel Lafon<\/figcaption><\/figure>\n<p><strong>Michel Laf\u00f3n<\/strong> acepta el calificativo, a\u00fan a riesgo de que esto ahuyente a muchos lectores que rehuyen o no les gusta el esfuerzo intelectual sobre la lectura. Porque en esta biograf\u00eda de <strong>Pierre Menard<\/strong>, de <strong>Borges<\/strong> y del propio <strong>Michel Lafon<\/strong> vemos que <strong>Pierre Menard<\/strong> ama en primer lugar la literatura espa\u00f1ola, de la que aprende el sabor y la lengua durante su estancia de un a\u00f1o en Salamanca, cuando ten\u00eda 20 a\u00f1os. Y all\u00ed lee el <strong>Lazarillo de Tormes, Quevedo, Tirso de Molina<\/strong> y las \u201cNovelas Ejemplares\u201d de <strong>Cervantes<\/strong>, mucho m\u00e1s que el Quijote.<\/p>\n<p>Este literato franc\u00e9s ha escrito tambi\u00e9n un posfacio al diario de viaje de <strong>Adolfo Bioy Casare<\/strong>s titulado \u201cUnos d\u00edas en el Brasil\u201d, y le cuenta a <strong>Federico Utrera<\/strong> en este mismo programa radiof\u00f3nico qu\u00e9 recuerdos tiene de su encuentro con el escritor bonaerense. Por \u00faltimo, <strong>Michel Lafon<\/strong> ha editado en Francia a <strong>Bioy Casares<\/strong> y a <strong>Borges<\/strong> y es un atento seguidor de la literatura en espa\u00f1ol. Si tuviera que recomendar un libro que se llevar\u00eda a una isla, a esa \u201c<strong>isla de Bloy\u201d<\/strong> que aparece en su <strong>\u201cVida de Pierre Menard\u201d<\/strong>. \u00bfCual ser\u00eda? En esa entrevista en las ondas deja su sugerencia, que aconsejamos tambi\u00e9n fervientemente.<\/p>\n<p><a href=\"http:\/\/www.rtve.es\/alacarta\/audios\/un-idioma-sin-fronteras\/idioma-sin-fronteras-29-11-11\/1261018\/  \">Entrevista con Mills Fox Edgerton<\/a><\/p>\n<p><a href=\"http:\/\/www.rtve.es\/alacarta\/audios\/un-idioma-sin-fronteras\/idioma-sin-fronteras-23-03-10\/726703\/  \">Entrevista con Philip Silver<\/a><\/p>\n<p><a href=\"http:\/\/www.rtve.es\/alacarta\/audios\/un-idioma-sin-fronteras\/idioma-sin-fronteras-3-05-11\/1089629\/  \">Entrevista con Michel Laf\u00f3n<\/a><\/p>\n<p>&nbsp;<\/p>\n<p>&nbsp;<\/p>\n","protected":false},"excerpt":{"rendered":"<p>Mills Fox Edgerton (Pennsylvania), Philip Silver (Columbia) y Michel Lafon (Grenoble) han escrito tres libros desde fuera de Espa\u00f1a y los tres en espa\u00f1ol: con g\u00e9neros distintos (poes\u00eda, ensayo y novela) reivindican el buen gusto por la poes\u00eda, desde G\u00f3ngora a Gustavo Adolfo Becquer, Rub\u00e9n Dar\u00edo o Gil de Biedma, que son los poetas cl\u00e1sicos preferidos por Mills Fox Edgerton, hasta los ensayos sobre Claudio Rodr\u00edguez que ha reunido Philip Silver o la relectura novelesca que hace Michel Lafon sobre Jorge Luis Borges.<\/p>\n","protected":false},"author":1,"featured_media":0,"comment_status":"open","ping_status":"open","sticky":false,"template":"","format":"standard","meta":{"footnotes":""},"categories":[17,23],"tags":[174,172,173],"class_list":["post-1285","post","type-post","status-publish","format-standard","hentry","category-biblioteca-hispanica-juan-goytisolo","category-noticias","tag-michel-lafon","tag-mills-fox-edgerton","tag-philip-silver"],"views":2006,"_links":{"self":[{"href":"https:\/\/editorialhijosdemuleyrubio.com\/index.php?rest_route=\/wp\/v2\/posts\/1285","targetHints":{"allow":["GET"]}}],"collection":[{"href":"https:\/\/editorialhijosdemuleyrubio.com\/index.php?rest_route=\/wp\/v2\/posts"}],"about":[{"href":"https:\/\/editorialhijosdemuleyrubio.com\/index.php?rest_route=\/wp\/v2\/types\/post"}],"author":[{"embeddable":true,"href":"https:\/\/editorialhijosdemuleyrubio.com\/index.php?rest_route=\/wp\/v2\/users\/1"}],"replies":[{"embeddable":true,"href":"https:\/\/editorialhijosdemuleyrubio.com\/index.php?rest_route=%2Fwp%2Fv2%2Fcomments&post=1285"}],"version-history":[{"count":5,"href":"https:\/\/editorialhijosdemuleyrubio.com\/index.php?rest_route=\/wp\/v2\/posts\/1285\/revisions"}],"predecessor-version":[{"id":1293,"href":"https:\/\/editorialhijosdemuleyrubio.com\/index.php?rest_route=\/wp\/v2\/posts\/1285\/revisions\/1293"}],"wp:attachment":[{"href":"https:\/\/editorialhijosdemuleyrubio.com\/index.php?rest_route=%2Fwp%2Fv2%2Fmedia&parent=1285"}],"wp:term":[{"taxonomy":"category","embeddable":true,"href":"https:\/\/editorialhijosdemuleyrubio.com\/index.php?rest_route=%2Fwp%2Fv2%2Fcategories&post=1285"},{"taxonomy":"post_tag","embeddable":true,"href":"https:\/\/editorialhijosdemuleyrubio.com\/index.php?rest_route=%2Fwp%2Fv2%2Ftags&post=1285"}],"curies":[{"name":"wp","href":"https:\/\/api.w.org\/{rel}","templated":true}]}}