{"id":1336,"date":"2013-12-19T23:16:05","date_gmt":"2013-12-19T22:16:05","guid":{"rendered":"http:\/\/editorialhijosdemuleyrubio.com\/?p=1336"},"modified":"2013-12-19T23:16:05","modified_gmt":"2013-12-19T22:16:05","slug":"carmen-saen-de-casas-nueva-york-y-jeronimo-pizarro-bogota-la-edicion-en-ciberletras-y-en-la-mediacion-editorial","status":"publish","type":"post","link":"https:\/\/editorialhijosdemuleyrubio.com\/?p=1336","title":{"rendered":"Carmen Saen de Casas (Nueva York) y Jer\u00f3nimo Pizarro (Bogot\u00e1): la edici\u00f3n en \u201cCiberletras\u201d y en \u201cLa mediaci\u00f3n editorial\u201d"},"content":{"rendered":"<p><strong><a href=\"http:\/\/editorialhijosdemuleyrubio.com\/wp-content\/uploads\/2013\/12\/46f70c1fced2.gif\"><img loading=\"lazy\" decoding=\"async\" class=\"alignleft  wp-image-1338\" alt=\"46f70c1fced2\" src=\"http:\/\/editorialhijosdemuleyrubio.com\/wp-content\/uploads\/2013\/12\/46f70c1fced2-218x300.gif\" width=\"131\" height=\"180\" \/><\/a>Carmen Saen de Casas<\/strong>, editora de la revista literaria digital <strong>\u201cCiberletras\u201d<\/strong>, profesora de espa\u00f1ol en el departamento de Lengua y Literatura del <strong>Lehman College<\/strong> (City University of New York) y <strong>Jer\u00f3nimo Pizarro<\/strong>, autor de \u201c<strong>La mediaci\u00f3n editorial<\/strong>\u201d, profesor de la Universidad de los Andes y titular de la C\u00e1tedra de Estudios Portugueses del Instituto Cam\u00f5es de Colombia, adem\u00e1s de doctor por las Universidades de Harvard y Lisboa en Literaturas Hisp\u00e1nicas y Ling\u00fc\u00edstica Portuguesa, se dedican por oficio y gusto a la edici\u00f3n.<!--more--><\/p>\n<p>La revista \u201c<strong>Ciberletras<\/strong>\u201d acaba de sacar a la luz su \u00faltimo n\u00famero desde Estados Unidos y eso siempre es motivo de celebraci\u00f3n. Esta revista de cr\u00edtica literaria y de cultura ofrece interesantes contenidos publicados conjuntamente con la <strong>Universidad de Yale<\/strong> y el <strong>Lehman College<\/strong> de Nueva York. En su \u00faltima edici\u00f3n ofrece trabajos sobre <strong>Julio Cort\u00e1zar, Max Aub, Severo Sarduy, Mart\u00edn Kohan y Juana Manuela Gorriti.<\/strong><\/p>\n<figure id=\"attachment_1340\" aria-describedby=\"caption-attachment-1340\" style=\"width: 96px\" class=\"wp-caption alignleft\"><a href=\"http:\/\/editorialhijosdemuleyrubio.com\/wp-content\/uploads\/2013\/12\/5.jpg\"><img loading=\"lazy\" decoding=\"async\" class=\" wp-image-1340 \" alt=\"Carmen Saen de Casas\" src=\"http:\/\/editorialhijosdemuleyrubio.com\/wp-content\/uploads\/2013\/12\/5.jpg\" width=\"96\" height=\"128\" \/><\/a><figcaption id=\"caption-attachment-1340\" class=\"wp-caption-text\">Carmen Saen de Casas<\/figcaption><\/figure>\n<p><strong>Carmen Saen de Casas<\/strong> explic\u00f3 en Radio Exterior de Espa\u00f1a que es \u201c<strong>Ciberletras\u201d<\/strong> y como surgi\u00f3 este proyecto. Ella misma es autora del libro \u201c<strong>La imagen literaria de Carlos V en sus cr\u00f3nicas castellanas<\/strong>\u201d ya que este monarca es uno de sus personajes favoritos e incluso lo ha estudiado desde la \u00f3ptica de <strong>Lope de Vega<\/strong>. En una entrevista con <strong>Federico Utrera<\/strong>, anticipa adem\u00e1s cual ser\u00e1 el motivo central de la pr\u00f3xima edici\u00f3n de esta revista cient\u00edfica.<\/p>\n<p>El profesor <strong>Jer\u00f3nimo Pizarro<\/strong> tambi\u00e9n pas\u00f3 por los micr\u00f3fonos de Radio Exterior de Espa\u00f1a para detallar el contenido de \u201c<strong>La mediaci\u00f3n editorial\u201d,<\/strong> libro que versa sobre la vida p\u00f3stuma de lo escrito. All\u00ed describe al editor como un intermediario que enriquece la composici\u00f3n de los textos en la imprenta, que respeta al autor porque lo conoce y lo estudia a fondo, y que poco tiene que ver con el editor comercial.<\/p>\n<p>&nbsp;<\/p>\n<figure id=\"attachment_1339\" aria-describedby=\"caption-attachment-1339\" style=\"width: 180px\" class=\"wp-caption alignleft\"><a href=\"http:\/\/editorialhijosdemuleyrubio.com\/wp-content\/uploads\/2013\/12\/El-investigador-Jeronimo-Pizar_54352002874_53389389549_600_396.jpg\"><img loading=\"lazy\" decoding=\"async\" class=\" wp-image-1339 \" alt=\" Jer\u00f3nimo Pizarro\" src=\"http:\/\/editorialhijosdemuleyrubio.com\/wp-content\/uploads\/2013\/12\/El-investigador-Jeronimo-Pizar_54352002874_53389389549_600_396-300x198.jpg\" width=\"180\" height=\"119\" srcset=\"https:\/\/editorialhijosdemuleyrubio.com\/wp-content\/uploads\/2013\/12\/El-investigador-Jeronimo-Pizar_54352002874_53389389549_600_396-300x198.jpg 300w, https:\/\/editorialhijosdemuleyrubio.com\/wp-content\/uploads\/2013\/12\/El-investigador-Jeronimo-Pizar_54352002874_53389389549_600_396.jpg 598w\" sizes=\"auto, (max-width: 180px) 100vw, 180px\" \/><\/a><figcaption id=\"caption-attachment-1339\" class=\"wp-caption-text\">Jer\u00f3nimo Pizarro<\/figcaption><\/figure>\n<p>Desde Colombia apela a cada editor como un nuevo lector que media entre la palabra escrita y nuevos lectores. \u00bfPor qu\u00e9 reivindica al editor cl\u00e1sico y gustoso por la originalidad y la coherencia de un libro frente al editor comercial y publicitario? <strong>Jer\u00f3nimo Pizarro <\/strong>responde con los ejemplos de <strong>Pessoa y Macedonio Fern\u00e1ndez<\/strong> y desgrana los criterios con los que dirige ahora la exitosa Feria del Libro de Bogot\u00e1.<\/p>\n<p><a href=\"http:\/\/www.rtve.es\/alacarta\/audios\/un-idioma-sin-fronteras\/idioma-sin-fronteras-07-05-13\/1805994\/\">Entrevista con Carmen Saen de Casas<\/a><\/p>\n<p><a href=\"http:\/\/www.rtve.es\/alacarta\/audios\/un-idioma-sin-fronteras\/idioma-sin-fronteras-16-06-13\/1896133\/\">Entrevista con Jer\u00f3nimo Pizarro<\/a><\/p>\n<p>&nbsp;<\/p>\n<p>&nbsp;<\/p>\n<p>&nbsp;<\/p>\n<p>&nbsp;<\/p>\n","protected":false},"excerpt":{"rendered":"<p>Carmen Saen de Casas, editora de la revista literaria digital \u201cCiberletras\u201d, profesora de espa\u00f1ol en el departamento de Lengua y Literatura del Lehman College (City University of New York) y Jer\u00f3nimo Pizarro, autor de \u201cLa mediaci\u00f3n editorial\u201d, profesor de la Universidad de los Andes y titular de la C\u00e1tedra de Estudios Portugueses del Instituto Cam\u00f5es de Colombia, adem\u00e1s de doctor por las Universidades de Harvard y Lisboa en Literaturas Hisp\u00e1nicas y Ling\u00fc\u00edstica Portuguesa, se dedican por oficio y gusto a la edici\u00f3n.<\/p>\n","protected":false},"author":1,"featured_media":0,"comment_status":"open","ping_status":"open","sticky":false,"template":"","format":"standard","meta":{"footnotes":""},"categories":[17,23],"tags":[182,181],"class_list":["post-1336","post","type-post","status-publish","format-standard","hentry","category-biblioteca-hispanica-juan-goytisolo","category-noticias","tag-carmen-saen-de-casas","tag-jeronimo-pizarro"],"views":21163,"_links":{"self":[{"href":"https:\/\/editorialhijosdemuleyrubio.com\/index.php?rest_route=\/wp\/v2\/posts\/1336","targetHints":{"allow":["GET"]}}],"collection":[{"href":"https:\/\/editorialhijosdemuleyrubio.com\/index.php?rest_route=\/wp\/v2\/posts"}],"about":[{"href":"https:\/\/editorialhijosdemuleyrubio.com\/index.php?rest_route=\/wp\/v2\/types\/post"}],"author":[{"embeddable":true,"href":"https:\/\/editorialhijosdemuleyrubio.com\/index.php?rest_route=\/wp\/v2\/users\/1"}],"replies":[{"embeddable":true,"href":"https:\/\/editorialhijosdemuleyrubio.com\/index.php?rest_route=%2Fwp%2Fv2%2Fcomments&post=1336"}],"version-history":[{"count":3,"href":"https:\/\/editorialhijosdemuleyrubio.com\/index.php?rest_route=\/wp\/v2\/posts\/1336\/revisions"}],"predecessor-version":[{"id":1342,"href":"https:\/\/editorialhijosdemuleyrubio.com\/index.php?rest_route=\/wp\/v2\/posts\/1336\/revisions\/1342"}],"wp:attachment":[{"href":"https:\/\/editorialhijosdemuleyrubio.com\/index.php?rest_route=%2Fwp%2Fv2%2Fmedia&parent=1336"}],"wp:term":[{"taxonomy":"category","embeddable":true,"href":"https:\/\/editorialhijosdemuleyrubio.com\/index.php?rest_route=%2Fwp%2Fv2%2Fcategories&post=1336"},{"taxonomy":"post_tag","embeddable":true,"href":"https:\/\/editorialhijosdemuleyrubio.com\/index.php?rest_route=%2Fwp%2Fv2%2Ftags&post=1336"}],"curies":[{"name":"wp","href":"https:\/\/api.w.org\/{rel}","templated":true}]}}