{"id":1390,"date":"2013-12-25T12:37:28","date_gmt":"2013-12-25T11:37:28","guid":{"rendered":"http:\/\/editorialhijosdemuleyrubio.com\/?p=1390"},"modified":"2014-01-22T12:56:57","modified_gmt":"2014-01-22T11:56:57","slug":"idrih-shah-y-nader-ardalan-y-laleh-bakhtiar-llegan-a-espana-de-la-mano-de-martinez-dalmases-y-carlos-varona","status":"publish","type":"post","link":"https:\/\/editorialhijosdemuleyrubio.com\/?p=1390","title":{"rendered":"Idries Shah, Nader Ardalan y Laleh Bakhtiar llegan a Espa\u00f1a de la mano de Mart\u00ednez Dalmases y Carlos Varona"},"content":{"rendered":"<figure id=\"attachment_1392\" aria-describedby=\"caption-attachment-1392\" style=\"width: 300px\" class=\"wp-caption alignleft\"><a href=\"http:\/\/editorialhijosdemuleyrubio.com\/wp-content\/uploads\/2013\/12\/idries_shah_tumblr_m8fic8lsxw1rchslio1_500.jpg\"><img loading=\"lazy\" decoding=\"async\" class=\"size-medium wp-image-1392\" alt=\"Idries Shah\" src=\"http:\/\/editorialhijosdemuleyrubio.com\/wp-content\/uploads\/2013\/12\/idries_shah_tumblr_m8fic8lsxw1rchslio1_500-300x300.jpg\" width=\"300\" height=\"300\" srcset=\"https:\/\/editorialhijosdemuleyrubio.com\/wp-content\/uploads\/2013\/12\/idries_shah_tumblr_m8fic8lsxw1rchslio1_500-300x300.jpg 300w, https:\/\/editorialhijosdemuleyrubio.com\/wp-content\/uploads\/2013\/12\/idries_shah_tumblr_m8fic8lsxw1rchslio1_500-150x150.jpg 150w, https:\/\/editorialhijosdemuleyrubio.com\/wp-content\/uploads\/2013\/12\/idries_shah_tumblr_m8fic8lsxw1rchslio1_500.jpg 500w\" sizes=\"auto, (max-width: 300px) 100vw, 300px\" \/><\/a><figcaption id=\"caption-attachment-1392\" class=\"wp-caption-text\">Idries Shah<\/figcaption><\/figure>\n<p>Uno de los grandes sabios escondidos del siglo XX es <strong>Idries Shah<\/strong> (1924-1996), nacido en la India y criado en Londres, y ha llegado por fin a Espa\u00f1a. Lo ha hecho de la mano del traductor<strong> Francisco Mart\u00ednez Dalmases<\/strong> para gracia y privilegio de los lectores en espa\u00f1ol. Otro arabista, <strong>Carlos Varona<\/strong>, ha traducido al arquitecto iran\u00ed <strong>Nader Ardalan <\/strong>y a la fil\u00f3sofo y pisc\u00f3loga<strong> <strong>Laleh Bakhtiar<\/strong><\/strong>, concretamente su libro \u201cEl sentido de la unidad\u201d, que lleva como antet\u00edtulo \u201cLa tradici\u00f3n suf\u00ed en la arquitectura persa\u201d. Con los dos charl\u00f3 <strong>Federico Utrera<\/strong> en Radio Exterior de Espa\u00f1a.<!--more--><\/p>\n<p>\u201cLos Sufis\u201d, de <strong>Idries Shah<\/strong>, uno de los grandes pensadores del siglo XX que mejor favoreci\u00f3 los puentes entre Oriente y Occidente, se ha editado en espa\u00f1ol con prologo del escritor <strong>Robert Graves<\/strong> desde Mallorca. Y lo cierto es que esta introducci\u00f3n de <strong>Robert Graves<\/strong> es tan sustanciosa como el libro mismo de <strong>Idries Shah<\/strong>, que ilustra sobre esta masoner\u00eda espiritual que componen los suf\u00edes, int\u00e9rpretes de una forma de pensamiento con la que se identifican 50 millones de personas de todas las creencias, dogmas, nacionalidades y religiones en todo el mundo. Pero si hay alguien en Espa\u00f1a que conoce a <strong>Idries Shah<\/strong> es su traductor, <strong>Francisco Mart\u00ednez Dalmases.<\/strong><\/p>\n<figure id=\"attachment_1393\" aria-describedby=\"caption-attachment-1393\" style=\"width: 244px\" class=\"wp-caption alignleft\"><a href=\"http:\/\/editorialhijosdemuleyrubio.com\/wp-content\/uploads\/2013\/12\/francisco-mtnz-dalmases-copia.jpg\"><img loading=\"lazy\" decoding=\"async\" class=\"size-medium wp-image-1393\" alt=\"Francisco Mart\u00ednez Dalmases\" src=\"http:\/\/editorialhijosdemuleyrubio.com\/wp-content\/uploads\/2013\/12\/francisco-mtnz-dalmases-copia-244x300.jpg\" width=\"244\" height=\"300\" srcset=\"https:\/\/editorialhijosdemuleyrubio.com\/wp-content\/uploads\/2013\/12\/francisco-mtnz-dalmases-copia-244x300.jpg 244w, https:\/\/editorialhijosdemuleyrubio.com\/wp-content\/uploads\/2013\/12\/francisco-mtnz-dalmases-copia-833x1024.jpg 833w, https:\/\/editorialhijosdemuleyrubio.com\/wp-content\/uploads\/2013\/12\/francisco-mtnz-dalmases-copia.jpg 1412w\" sizes=\"auto, (max-width: 244px) 100vw, 244px\" \/><\/a><figcaption id=\"caption-attachment-1393\" class=\"wp-caption-text\">Francisco Mart\u00ednez Dalmases<\/figcaption><\/figure>\n<p>Muchos lectores no conocer\u00e1n nada de la vida ni de la obra de <strong>Idries Shah<\/strong>, pero <strong>Mart\u00ednez Dalmases<\/strong> no solo las ha estudiado sino que ha tenido el privilegio de traducirlo al espa\u00f1ol. En concreto, su libro \u201cCaravana de Sue\u00f1os\u201d acerca tambi\u00e9n a este autor y divulga su importancia para el pensamiento moderno. \u201cLos Sufis\u201d, el libro de <strong>Idries Shah<\/strong> que prolog\u00f3 el escritor Robert Graves desde Dei\u00e0, en Mallorca, fue el que mejor difundi\u00f3 el pensamiento suf\u00ed en Occidente y su traductor explic\u00f3 en la citada conversaci\u00f3n radiof\u00f3nica las claves del pensamiento suf\u00ed, su vigencia y su influencia.<\/p>\n<p>Tambi\u00e9n est\u00e1 disponible en Espa\u00f1a otro libro de <strong>Idries Shah<\/strong>: \u201cLas sutilezas del inimitable Mul\u00e1 Nasrud\u00edn\u201d, ese bobo sabio (el buf\u00f3n de las cortes espa\u00f1olas) que se introduce incluso hasta en el Quijote de la Mancha, seg\u00fan cuenta <strong>Mart\u00ednez Dalmases<\/strong> en el pr\u00f3logo de este otro libro. \u00bfQuien era el Mul\u00e1 Nasrud\u00edn y qu\u00e9 conclusiones ha obtenido su editor de ese conocimiento que pudo haber tenido <strong>Miguel de Cervantes<\/strong> de \u00e9l? Escuchar a <strong>Mart\u00ednez Dalmases<\/strong> es, tambi\u00e9n en este aspecto, esclarecedor.<\/p>\n<p>Por \u00faltimo, \u201cCaravana de Sue\u00f1os\u201d es un\u00a0 libro de <strong>Idries Shah<\/strong> que re\u00fane f\u00e1bulas, historia, poemas y toda clase de an\u00e9cdotas con un sentido del humor que es adem\u00e1s uno de los principales valores del volumen. En toda esa caravana se transportan como equipaje historias que a <strong>Mart\u00ednez Dalmases<\/strong> le gustaron o le llegaron m\u00e1s al fondo cuando las estaba traduciendo. Y es as\u00ed como su traductor descubre otros bellos textos de este libro.<\/p>\n<figure id=\"attachment_1391\" aria-describedby=\"caption-attachment-1391\" style=\"width: 300px\" class=\"wp-caption alignleft\"><a href=\"http:\/\/editorialhijosdemuleyrubio.com\/wp-content\/uploads\/2013\/12\/timthumb.jpg\"><img loading=\"lazy\" decoding=\"async\" class=\"size-full wp-image-1391\" alt=\"Carlos Varona\" src=\"http:\/\/editorialhijosdemuleyrubio.com\/wp-content\/uploads\/2013\/12\/timthumb.jpg\" width=\"300\" height=\"225\" \/><\/a><figcaption id=\"caption-attachment-1391\" class=\"wp-caption-text\">Carlos Varona<\/figcaption><\/figure>\n<p>Por otra parte, otro volumen merece ser destacado. Se titula\u201cEl sentido de la unidad\u201d y lleva como antet\u00edtulo \u201cLa tradici\u00f3n suf\u00ed en la arquitectura persa\u201d. En cuidada edici\u00f3n, el arquitecto<strong> Nader Ardalan<\/strong> y la fil\u00f3sofo y pisc\u00f3loga <strong>Laleh Bakhtiar<\/strong> son sus autores. Y la sorpresa de esta maravilla, magn\u00edficamente ilustrada, es que est\u00e1 traducido y presentado por el arabista espa\u00f1ol <strong>Carlos Varona<\/strong>, que adem\u00e1s es director del Instituto Cervantes en T\u00fanez. En un pr\u00f3logo que contiene un muy versado ensayo sobre la geometr\u00eda del esp\u00edritu en la arquitectura irania, <strong>Varona<\/strong> recuerda esa frase de <strong>Al Gazali<\/strong>: \u201cDios es bello y ama la belleza\u201d. Y propone un equilibro entre la belleza interior y la exterior, como una forma de superaci\u00f3n. Por eso a muchos lectores les evoca aquel \u201cElogio del Cal\u00edgrafo\u201d, el libro del poeta <strong>Jos\u00e9 Angel Valente<\/strong>. Y como \u00e9l, <strong>Varona<\/strong> aborda tambi\u00e9n la caligraf\u00eda y la escritura como otra forma de arte en la tradici\u00f3n isl\u00e1mica.<\/p>\n<p><a href=\"http:\/\/www.podcasts.com.mx\/episodios\/idries-shah-y-los-sufis-un-idioma-sin-fronteras-9882505.html\">Entrevista a Francisco Mart\u00ednez Dalmases sobre Idries Shah<\/a><\/p>\n","protected":false},"excerpt":{"rendered":"<p>Uno de los grandes sabios escondidos del siglo XX es Idries Shah (1924-1996), nacido en la India y criado en Londres, y ha llegado por fin a Espa\u00f1a. Lo ha hecho de la mano del traductor Francisco Mart\u00ednez Dalmases para gracia y privilegio de los lectores en espa\u00f1ol. Otro arabista, Carlos Varona, ha traducido al arquitecto iran\u00ed Nader Ardalan y a la fil\u00f3sofo y pisc\u00f3loga Laleh Bakhtiar, concretamente su libro \u201cEl sentido de la unidad\u201d, que lleva como antet\u00edtulo \u201cLa tradici\u00f3n suf\u00ed en la arquitectura persa\u201d. Con los dos charl\u00f3 Federico Utrera en Radio Exterior de Espa\u00f1a.<\/p>\n","protected":false},"author":1,"featured_media":0,"comment_status":"open","ping_status":"open","sticky":false,"template":"","format":"standard","meta":{"footnotes":""},"categories":[24],"tags":[204,199,205,201,200,202,203],"class_list":["post-1390","post","type-post","status-publish","format-standard","hentry","category-biblioteca-luciano-rubio","tag-carlos-varona","tag-francisco-martinez-dalmases","tag-idries-shah","tag-laleh-bakhtiar","tag-nader-ardalan","tag-robert-graves","tag-sufi"],"views":2697,"_links":{"self":[{"href":"https:\/\/editorialhijosdemuleyrubio.com\/index.php?rest_route=\/wp\/v2\/posts\/1390","targetHints":{"allow":["GET"]}}],"collection":[{"href":"https:\/\/editorialhijosdemuleyrubio.com\/index.php?rest_route=\/wp\/v2\/posts"}],"about":[{"href":"https:\/\/editorialhijosdemuleyrubio.com\/index.php?rest_route=\/wp\/v2\/types\/post"}],"author":[{"embeddable":true,"href":"https:\/\/editorialhijosdemuleyrubio.com\/index.php?rest_route=\/wp\/v2\/users\/1"}],"replies":[{"embeddable":true,"href":"https:\/\/editorialhijosdemuleyrubio.com\/index.php?rest_route=%2Fwp%2Fv2%2Fcomments&post=1390"}],"version-history":[{"count":5,"href":"https:\/\/editorialhijosdemuleyrubio.com\/index.php?rest_route=\/wp\/v2\/posts\/1390\/revisions"}],"predecessor-version":[{"id":1745,"href":"https:\/\/editorialhijosdemuleyrubio.com\/index.php?rest_route=\/wp\/v2\/posts\/1390\/revisions\/1745"}],"wp:attachment":[{"href":"https:\/\/editorialhijosdemuleyrubio.com\/index.php?rest_route=%2Fwp%2Fv2%2Fmedia&parent=1390"}],"wp:term":[{"taxonomy":"category","embeddable":true,"href":"https:\/\/editorialhijosdemuleyrubio.com\/index.php?rest_route=%2Fwp%2Fv2%2Fcategories&post=1390"},{"taxonomy":"post_tag","embeddable":true,"href":"https:\/\/editorialhijosdemuleyrubio.com\/index.php?rest_route=%2Fwp%2Fv2%2Ftags&post=1390"}],"curies":[{"name":"wp","href":"https:\/\/api.w.org\/{rel}","templated":true}]}}