{"id":1493,"date":"2014-01-01T13:17:30","date_gmt":"2014-01-01T12:17:30","guid":{"rendered":"http:\/\/editorialhijosdemuleyrubio.com\/?p=1493"},"modified":"2014-01-03T18:57:53","modified_gmt":"2014-01-03T17:57:53","slug":"grabados-conmemorativos-en-las-ediciones-principe-de-arrabal-goytisolo-y-los-panero","status":"publish","type":"post","link":"https:\/\/editorialhijosdemuleyrubio.com\/?p=1493","title":{"rendered":"Grabados conmemorativos en las ediciones pr\u00edncipe de Arrabal, Goytisolo y los Panero"},"content":{"rendered":"<p><span style=\"color: #ffffff;\"><span class=\"Apple-style-span\" style=\"color: #333333;\"><strong><a href=\"http:\/\/editorialhijosdemuleyrubio.com\/wp-content\/uploads\/2014\/01\/talibana.jpeg\"><img loading=\"lazy\" decoding=\"async\" class=\"alignleft size-medium wp-image-1494\" alt=\"talibana\" src=\"http:\/\/editorialhijosdemuleyrubio.com\/wp-content\/uploads\/2014\/01\/talibana-204x300.jpeg\" width=\"204\" height=\"300\" srcset=\"https:\/\/editorialhijosdemuleyrubio.com\/wp-content\/uploads\/2014\/01\/talibana-204x300.jpeg 204w, https:\/\/editorialhijosdemuleyrubio.com\/wp-content\/uploads\/2014\/01\/talibana.jpeg 350w\" sizes=\"auto, (max-width: 204px) 100vw, 204px\" \/><\/a>\u00bfTALIBANA DESNUDA O MORITA HUR\u00cd?<\/strong>.-\u00abMe despert\u00e9, las 4, ya d\u00eda esmeril, vertical, azul y agua. Un nudo en el alma. Por el arrabal del sue\u00f1o hondo, se quedaba, como en el foso \u00faltimo de un teatro de vida y muerte, la revuelta pesadilla: mi desnuda morita enamorada, la revoluci\u00f3n brillante y colorida de alhajas, sedas, luces, el peque\u00f1o sult\u00e1n graso con sus s\u00f3lidos bigotes de lagarto y su alfanje con rub\u00edes cojido, para mi garganta, de la panoplia del Para\u00edso verde de Mahoma. Yo cre\u00eda que yo estaba diciendo: \u00abPor aqu\u00ed, morita hur\u00ed, por aqu\u00ed\u00bb. Pero en realidad, ya de pie conciente tras un sorbo de agua, lo que yo me encontr\u00e9 repitiendo, y con gran prisa, era: \u00abAmar, amer, amir, amor, amur. Amur, amor, amir, amer, amar\u00bb.\u00a0<b>Juan Ram\u00f3n Jim\u00e9nez.<\/b><\/span><\/span><\/p>\n<p>Grabado conmemorativo que reproduce el dibujo de <strong>Fernando Arrabal<\/strong> realizado en Madrid en el taller de de <strong>Said Messari<\/strong> en enero de 2005, tratado con t\u00e9cnica aguafuerte y estampado artesanalmente sobre papel B.F.K. Rives de 300 gramos. La edici\u00f3n original consta de 15 ejemplares firmados y numerados del 1 al 15 m\u00e1s 10 pruebas de artista numeradas del 1 al 10.\u00a0(Pedidos en la editorial y puntos de venta autorizados)<br \/>\nPrecio: 100 euros (gastos de env\u00edo incluidos).<\/p>\n<p>&nbsp;<\/p>\n<p><strong><a href=\"http:\/\/editorialhijosdemuleyrubio.com\/wp-content\/uploads\/2014\/01\/ejidos2.jpeg\"><img loading=\"lazy\" decoding=\"async\" class=\"alignleft size-medium wp-image-1496\" alt=\"ejidos2\" src=\"http:\/\/editorialhijosdemuleyrubio.com\/wp-content\/uploads\/2014\/01\/ejidos2-300x199.jpeg\" width=\"300\" height=\"199\" srcset=\"https:\/\/editorialhijosdemuleyrubio.com\/wp-content\/uploads\/2014\/01\/ejidos2-300x199.jpeg 300w, https:\/\/editorialhijosdemuleyrubio.com\/wp-content\/uploads\/2014\/01\/ejidos2.jpeg 350w\" sizes=\"auto, (max-width: 300px) 100vw, 300px\" \/><\/a>ESPA\u00d1A Y SUS EJIDOS.-<\/strong> \u00abMi mayor recompensa ser\u00eda que la lectura de estos textos contribuyera en algo, por m\u00ednimo que fuese, a crear o a fortalecer la sensibilidad pol\u00edtica del lector en los t\u00e9rminos en los que la conceb\u00eda este admirable escritor -tan citado por algunos prebostes enmedallados, pero escasamente le\u00eddo- que fue <strong>Manuel Aza\u00f1a<\/strong>:<\/p>\n<p>\u201cLa sensibilidad pol\u00edtica, como yo la pongo, es rara. Se conquista a fuerza de ilustraci\u00f3n, de generosidad y de experiencia; pero el \u00e1nimo generoso y humanizado es el punto m\u00e1s alto de la cultura personal, equivalente en el orden c\u00edvico a la santidad\u2026 No se pretende [al sostener esto] que el jurista, el bi\u00f3logo, el fil\u00f3sofo, el poeta, prostituyan su trabajo profesional llev\u00e1ndolo a fines bastardos, extra\u00f1os al puro objeto de su ciencia o arte. Se pretende que, especialistas a sus horas, sean hombres a todas\u201d. <strong>Juan Goytisolo<\/strong>.<\/p>\n<p>Grabado conmemorativo de <strong>Said Messari<\/strong> realizado en Madrid en el taller del autor en enero de 2003, tratado con t\u00e9cnica aguafuerte y estampado artesanalmente sobre papel B.F.K. Rives de 300 gramos. La edici\u00f3n original consta de 15 ejemplares firmados y numerados del 1 al 15 m\u00e1s 10 pruebas de artista numeradas del 1 al 10. (Pedidos en la editorial y puntos de venta autorizados)<\/p>\n<p>Precio: 100 euros (gastos de env\u00edo incluidos)<\/p>\n<p>&nbsp;<\/p>\n<p><strong><a href=\"http:\/\/editorialhijosdemuleyrubio.com\/wp-content\/uploads\/2014\/01\/3.jpg\"><img loading=\"lazy\" decoding=\"async\" class=\"alignleft size-medium wp-image-1495\" alt=\"3\" src=\"http:\/\/editorialhijosdemuleyrubio.com\/wp-content\/uploads\/2014\/01\/3-300x217.jpg\" width=\"300\" height=\"217\" srcset=\"https:\/\/editorialhijosdemuleyrubio.com\/wp-content\/uploads\/2014\/01\/3-300x217.jpg 300w, https:\/\/editorialhijosdemuleyrubio.com\/wp-content\/uploads\/2014\/01\/3-1024x740.jpg 1024w, https:\/\/editorialhijosdemuleyrubio.com\/wp-content\/uploads\/2014\/01\/3.jpg 1960w\" sizes=\"auto, (max-width: 300px) 100vw, 300px\" \/><\/a>LOS PANERO: DESPU\u00c9S DE TANTOS DESENCANTOS:<\/strong><\/p>\n<p align=\"center\">Desde lejos esta noche<\/p>\n<p align=\"center\">os sue\u00f1a as\u00ed vuestro padre,<\/p>\n<p align=\"center\">Juan Luis, Leopoldo Mar\u00eda<\/p>\n<p align=\"center\">y Jos\u00e9 Mois\u00e9s (guardianes<\/p>\n<p align=\"center\">de mi ni\u00f1ez en la tierra,<\/p>\n<p align=\"center\">y a Dios, por ni\u00f1os, iguales)<\/p>\n<p align=\"center\"><i>Leopoldo Panero. Nochebuena del \u00c1vila.<\/i><\/p>\n<p align=\"center\">* * *<\/p>\n<p align=\"center\">Ha muerto<\/p>\n<p align=\"center\">acribillado por los besos de sus hijos,<\/p>\n<p align=\"center\">absuelto por los ojos m\u00e1s dulcemente azules<\/p>\n<p align=\"center\">y con el coraz\u00f3n m\u00e1s tranquilo que otros d\u00edas,<\/p>\n<p align=\"center\">el poeta Leopoldo Panero<\/p>\n<p align=\"center\"><i>Leopoldo Panero (Epitafio)<\/i><\/p>\n<p>Grabado conmemorativo de\u00a0<strong>Said Messari<\/strong>\u00a0realizado en Madrid en el taller del autor en enero de 2003, tratado con t\u00e9cnica aguafuerte y estampado artesanalmente sobre papel B.F.K. Rives de 300 gramos. La edici\u00f3n original consta de 15 ejemplares firmados y numerados del 1 al 15 m\u00e1s 10 pruebas de artista numeradas del 1 al 10. (Pedidos en la editorial y puntos de venta autorizados)<\/p>\n<p>Precio: 100 euros (gastos de env\u00edo incluidos)<\/p>\n<p>[youtube id=\u00bbEYiXTF_3WHE\u00bb mode=\u00bbnormal\u00bb align=\u00bbcenter\u00bb]<\/p>\n<div><\/div>\n<p align=\"right\"><span style=\"font-family: Arial, Helvetica, sans-serif; font-size: small;\">\u00a0<\/span><\/p>\n","protected":false},"excerpt":{"rendered":"<p>\u00bfTALIBANA DESNUDA O MORITA HUR\u00cd?.-\u00abMe despert\u00e9, las 4, ya d\u00eda esmeril, vertical, azul y agua. Un nudo en el alma. Por el arrabal del sue\u00f1o hondo, se quedaba, como en el foso \u00faltimo de un teatro de vida y muerte, la revuelta pesadilla: mi desnuda morita enamorada, la revoluci\u00f3n brillante y colorida de alhajas, sedas, luces, el peque\u00f1o sult\u00e1n graso con sus s\u00f3lidos bigotes de lagarto y su alfanje con rub\u00edes cojido, para mi garganta, de la panoplia del Para\u00edso verde de Mahoma. Yo cre\u00eda que yo estaba diciendo: \u00abPor aqu\u00ed, morita hur\u00ed, por aqu\u00ed\u00bb. Pero en realidad, ya de pie conciente tras un sorbo de agua, lo que yo<\/p>\n","protected":false},"author":1,"featured_media":0,"comment_status":"open","ping_status":"open","sticky":false,"template":"","format":"standard","meta":{"footnotes":""},"categories":[20,17,16,12],"tags":[249,248,247,41,71],"class_list":["post-1493","post","type-post","status-publish","format-standard","hentry","category-arrabal-y-houellebecq","category-biblioteca-hispanica-juan-goytisolo","category-biblioteca-panero","category-coleccionistas-y-bibliofilos","tag-arrabal","tag-bibliofilia","tag-grabado","tag-juan-goytisolo","tag-panero"],"views":2347,"_links":{"self":[{"href":"https:\/\/editorialhijosdemuleyrubio.com\/index.php?rest_route=\/wp\/v2\/posts\/1493","targetHints":{"allow":["GET"]}}],"collection":[{"href":"https:\/\/editorialhijosdemuleyrubio.com\/index.php?rest_route=\/wp\/v2\/posts"}],"about":[{"href":"https:\/\/editorialhijosdemuleyrubio.com\/index.php?rest_route=\/wp\/v2\/types\/post"}],"author":[{"embeddable":true,"href":"https:\/\/editorialhijosdemuleyrubio.com\/index.php?rest_route=\/wp\/v2\/users\/1"}],"replies":[{"embeddable":true,"href":"https:\/\/editorialhijosdemuleyrubio.com\/index.php?rest_route=%2Fwp%2Fv2%2Fcomments&post=1493"}],"version-history":[{"count":4,"href":"https:\/\/editorialhijosdemuleyrubio.com\/index.php?rest_route=\/wp\/v2\/posts\/1493\/revisions"}],"predecessor-version":[{"id":1522,"href":"https:\/\/editorialhijosdemuleyrubio.com\/index.php?rest_route=\/wp\/v2\/posts\/1493\/revisions\/1522"}],"wp:attachment":[{"href":"https:\/\/editorialhijosdemuleyrubio.com\/index.php?rest_route=%2Fwp%2Fv2%2Fmedia&parent=1493"}],"wp:term":[{"taxonomy":"category","embeddable":true,"href":"https:\/\/editorialhijosdemuleyrubio.com\/index.php?rest_route=%2Fwp%2Fv2%2Fcategories&post=1493"},{"taxonomy":"post_tag","embeddable":true,"href":"https:\/\/editorialhijosdemuleyrubio.com\/index.php?rest_route=%2Fwp%2Fv2%2Ftags&post=1493"}],"curies":[{"name":"wp","href":"https:\/\/api.w.org\/{rel}","templated":true}]}}