{"id":1532,"date":"2014-01-06T15:21:47","date_gmt":"2014-01-06T14:21:47","guid":{"rendered":"http:\/\/editorialhijosdemuleyrubio.com\/?p=1532"},"modified":"2014-01-13T18:41:53","modified_gmt":"2014-01-13T17:41:53","slug":"hijas-de-adan-i-mujeres-que-hicieron-historia-en-la-musica-deporte-salud-ciencia-iglesia-y-ejercito","status":"publish","type":"post","link":"https:\/\/editorialhijosdemuleyrubio.com\/?p=1532","title":{"rendered":"Hijas de Ad\u00e1n (I): mujeres que hicieron Historia en la M\u00fasica, Deporte, Salud, Ciencia, Iglesia y Ej\u00e9rcito"},"content":{"rendered":"<p><a href=\"http:\/\/editorialhijosdemuleyrubio.com\/wp-content\/uploads\/2014\/01\/51F1GBoEZyL._AA160_.jpg\"><img loading=\"lazy\" decoding=\"async\" class=\"alignleft size-full wp-image-1618\" alt=\"51F1GBoEZyL._AA160_\" src=\"http:\/\/editorialhijosdemuleyrubio.com\/wp-content\/uploads\/2014\/01\/51F1GBoEZyL._AA160_.jpg\" width=\"160\" height=\"160\" srcset=\"https:\/\/editorialhijosdemuleyrubio.com\/wp-content\/uploads\/2014\/01\/51F1GBoEZyL._AA160_.jpg 160w, https:\/\/editorialhijosdemuleyrubio.com\/wp-content\/uploads\/2014\/01\/51F1GBoEZyL._AA160_-150x150.jpg 150w\" sizes=\"auto, (max-width: 160px) 100vw, 160px\" \/><\/a>\u00abVoy a comenzar este escueto -pero importante para m\u00ed- pr\u00f3logo destinado al libro \u00abHijas de Ad\u00e1n\u00bb con un agradecimiento: gracias, muchas gracias <strong>Illy<\/strong>, por tu abundante informaci\u00f3n, gracias por tu modo de formar y educar, gracias por la b\u00fasqueda de tanta documentaci\u00f3n respecto al mundo l\u00e9sbico y de la mujer en general, por reivindicar los derechos humanos, por tus comentarios certeros, claros y firmes, por recordarnos lo poco que la iglesia cat\u00f3lica ha avanzado, por hacernos ver una vez m\u00e1s que una gran parte del mundo religioso se mueve en sentido hom\u00f3fobo\u00bb ha escrito la cantante folk espa\u00f1ola, <strong>Ana Reverte<\/strong>. En este primer volumen, <strong>Illy Nes<\/strong> detalla las salidas del armario m\u00e1s c\u00e9lebres de mujeres que hicieron Historia en la M\u00fasica, el Deporte, la Salud, la Ciencia, la Iglesia y el Ej\u00e9rcito.<\/p>\n<p>&nbsp;<\/p>\n<p><a href=\"http:\/\/editorialhijosdemuleyrubio.com\/?pfd_checkout=20\"><img decoding=\"async\" alt=\"\" src=\"https:\/\/www.paypal.com\/en_US\/i\/btn\/btn_buynowCC_LG.gif\" \/><\/a><\/p>\n<p><a href=\"http:\/\/editorialhijosdemuleyrubio.com\/?pfd_checkout=20\">Comprar en HMR<\/a><\/p>\n<p><a href=\"http:\/\/www.amazon.es\/M\u00fasica-Deporte-Ciencia-Iglesia-Ej\u00e9rcito-ebook\/dp\/B00CT3JJZ8\/ref=sr_1_1?ie=UTF8&amp;qid=1389633499&amp;sr=8-1&amp;keywords=hijas+de+adan+%28m\u00fasica\">Comprar en Amazon (Estados Unidos)<\/a><\/p>\n<p><a href=\"http:\/\/www.bubok.es\/libros\/224840\/HIJAS-DE-ADAN-Musica-Deporte-Salud-Ciencia-Iglesia-Ejercito\">Comprar en Bubok (Espa\u00f1a)<\/a><\/p>\n","protected":false},"excerpt":{"rendered":"<p>\u00abVoy a comenzar este escueto -pero importante para m\u00ed- pr\u00f3logo destinado al libro \u00abHijas de Ad\u00e1n\u00bb con un agradecimiento: gracias, muchas gracias Illy, por tu abundante informaci\u00f3n, gracias por tu modo de formar y educar, gracias por la b\u00fasqueda de tanta documentaci\u00f3n respecto al mundo l\u00e9sbico y de la mujer en general, por reivindicar los derechos humanos, por tus comentarios certeros, claros y firmes, por recordarnos lo poco que la iglesia cat\u00f3lica ha avanzado, por hacernos ver una vez m\u00e1s que una gran parte del mundo religioso se mueve en sentido hom\u00f3fobo\u00bb ha escrito la cantante folk espa\u00f1ola, Ana Reverte. En este primer volumen, Illy Nes detalla las salidas del<\/p>\n","protected":false},"author":1,"featured_media":0,"comment_status":"open","ping_status":"open","sticky":false,"template":"","format":"standard","meta":{"footnotes":""},"categories":[4,255],"tags":[271,94],"class_list":["post-1532","post","type-post","status-publish","format-standard","hentry","category-aldea-globl","category-historia","tag-homosexualidad-femenina","tag-illy-nes"],"views":1743,"_links":{"self":[{"href":"https:\/\/editorialhijosdemuleyrubio.com\/index.php?rest_route=\/wp\/v2\/posts\/1532","targetHints":{"allow":["GET"]}}],"collection":[{"href":"https:\/\/editorialhijosdemuleyrubio.com\/index.php?rest_route=\/wp\/v2\/posts"}],"about":[{"href":"https:\/\/editorialhijosdemuleyrubio.com\/index.php?rest_route=\/wp\/v2\/types\/post"}],"author":[{"embeddable":true,"href":"https:\/\/editorialhijosdemuleyrubio.com\/index.php?rest_route=\/wp\/v2\/users\/1"}],"replies":[{"embeddable":true,"href":"https:\/\/editorialhijosdemuleyrubio.com\/index.php?rest_route=%2Fwp%2Fv2%2Fcomments&post=1532"}],"version-history":[{"count":5,"href":"https:\/\/editorialhijosdemuleyrubio.com\/index.php?rest_route=\/wp\/v2\/posts\/1532\/revisions"}],"predecessor-version":[{"id":1622,"href":"https:\/\/editorialhijosdemuleyrubio.com\/index.php?rest_route=\/wp\/v2\/posts\/1532\/revisions\/1622"}],"wp:attachment":[{"href":"https:\/\/editorialhijosdemuleyrubio.com\/index.php?rest_route=%2Fwp%2Fv2%2Fmedia&parent=1532"}],"wp:term":[{"taxonomy":"category","embeddable":true,"href":"https:\/\/editorialhijosdemuleyrubio.com\/index.php?rest_route=%2Fwp%2Fv2%2Fcategories&post=1532"},{"taxonomy":"post_tag","embeddable":true,"href":"https:\/\/editorialhijosdemuleyrubio.com\/index.php?rest_route=%2Fwp%2Fv2%2Ftags&post=1532"}],"curies":[{"name":"wp","href":"https:\/\/api.w.org\/{rel}","templated":true}]}}