{"id":1546,"date":"2014-01-20T18:02:30","date_gmt":"2014-01-20T17:02:30","guid":{"rendered":"http:\/\/editorialhijosdemuleyrubio.com\/?p=1546"},"modified":"2014-01-20T18:02:30","modified_gmt":"2014-01-20T17:02:30","slug":"josefina-cuesta-ingrid-schulze-y-fernando-bruquetas-de-las-carceles-de-mujeres-a-la-leyenda-negra-de-espana-y-el-ensayo-historico-biografico","status":"publish","type":"post","link":"https:\/\/editorialhijosdemuleyrubio.com\/?p=1546","title":{"rendered":"Josefina Cuesta, Ingrid Schulze y Fernando Bruquetas: de las c\u00e1rceles de mujeres a la \u00ableyenda negra\u00bb de Espa\u00f1a y el ensayo hist\u00f3rico-biogr\u00e1fico"},"content":{"rendered":"<figure id=\"attachment_1720\" aria-describedby=\"caption-attachment-1720\" style=\"width: 300px\" class=\"wp-caption alignleft\"><a href=\"http:\/\/editorialhijosdemuleyrubio.com\/wp-content\/uploads\/2014\/01\/DownloadedFile-17-58-58.jpeg\"><img loading=\"lazy\" decoding=\"async\" class=\"size-medium wp-image-1720\" alt=\"Fernando Bruquetas\" src=\"http:\/\/editorialhijosdemuleyrubio.com\/wp-content\/uploads\/2014\/01\/DownloadedFile-17-58-58-300x139.jpeg\" width=\"300\" height=\"139\" srcset=\"https:\/\/editorialhijosdemuleyrubio.com\/wp-content\/uploads\/2014\/01\/DownloadedFile-17-58-58-300x139.jpeg 300w, https:\/\/editorialhijosdemuleyrubio.com\/wp-content\/uploads\/2014\/01\/DownloadedFile-17-58-58.jpeg 329w\" sizes=\"auto, (max-width: 300px) 100vw, 300px\" \/><\/a><figcaption id=\"caption-attachment-1720\" class=\"wp-caption-text\">Fernando Bruquetas de Castro<\/figcaption><\/figure>\n<p><strong>Josefina Cuesta <\/strong>(Universidad de Salamanca)<strong>, Ingrid Schulze <\/strong>(Universidad Complutense de Madrid)<strong> y\u00a0Fernando Bruquetas de Castro <\/strong>(Universidad de Las Palmas de Gran Canaria) han publicado tres libros de calado hist\u00f3rico que destacan por su singular enfoque y rigor.\u00a0Sus temas son diferentes: de las c\u00e1rceles de mujeres, a la \u00ableyenda negra\u00bb de Espa\u00f1a, y el ensayo hist\u00f3rico-biogr\u00e1fico, aunque el denominador com\u00fan es su originalidad.\u00a0<!--more--><\/p>\n<figure id=\"attachment_1718\" aria-describedby=\"caption-attachment-1718\" style=\"width: 180px\" class=\"wp-caption alignleft\"><a href=\"http:\/\/editorialhijosdemuleyrubio.com\/wp-content\/uploads\/2014\/01\/josefina-cuesta.jpg\"><img loading=\"lazy\" decoding=\"async\" class=\" wp-image-1718 \" alt=\"Josefina Cuesta\" src=\"http:\/\/editorialhijosdemuleyrubio.com\/wp-content\/uploads\/2014\/01\/josefina-cuesta-300x267.jpg\" width=\"180\" height=\"160\" srcset=\"https:\/\/editorialhijosdemuleyrubio.com\/wp-content\/uploads\/2014\/01\/josefina-cuesta-300x267.jpg 300w, https:\/\/editorialhijosdemuleyrubio.com\/wp-content\/uploads\/2014\/01\/josefina-cuesta.jpg 320w\" sizes=\"auto, (max-width: 180px) 100vw, 180px\" \/><\/a><figcaption id=\"caption-attachment-1718\" class=\"wp-caption-text\">Josefina Cuesta<\/figcaption><\/figure>\n<p><strong>Cuesta<\/strong> es la editora de \u201cC\u00e1rceles de Mujeres\u201d, un volumen que describe los horrores de estas penitenciarias y en una entrevista con <strong>Federico Utrera<\/strong> explica porqu\u00e9 editar ahora un monogr\u00e1fico sobre estas prisiones femeninas,\u00a0el contenido de los 14 ensayos, a cual m\u00e1s desgarrador y, apelando a su condici\u00f3n de lectora, las lecturas que le han supuesto una emoci\u00f3n especial y \u00a0las\u00a0m\u00e1s duras de digerir. Adem\u00e1s, ha presentado\u00a0la revista de la que es directora, \u00abStudia Hist\u00f3rica. Historia Contempor\u00e1nea\u00bb, que tambi\u00e9n destaca por su calidad y de la que avanz\u00f3 sus\u00a0pr\u00f3ximos proyectos. Los\u00a0recortes en la Universidad espa\u00f1ola y, sobre todo, si se est\u00e1n haciendo con un criterio razonable y justo o no fue otro de los asuntos abordados en esta conversaci\u00f3n radiof\u00f3nica mantenida en los micr\u00f3fonos de Radio Exterior de Espa\u00f1a.<\/p>\n<p>\u201cLa leyenda negra de Espa\u00f1a\u201d es otra obra de una profesora de la Universidad Complutense\u00a0que ha abordado este asunto con nuevos y relevantes documentos. <strong>Ingrid Schulze<\/strong>, catedr\u00e1tica de Periodismo y autora de este sugestivo t\u00edtulo, basa esta investigaci\u00f3n\u00a0en la poco conocida \u00abPropaganda en la Guerra de Flandes\u201d.<\/p>\n<figure id=\"attachment_1719\" aria-describedby=\"caption-attachment-1719\" style=\"width: 120px\" class=\"wp-caption alignleft\"><a href=\"http:\/\/editorialhijosdemuleyrubio.com\/wp-content\/uploads\/2014\/01\/ingrid-sch.jpg\"><img loading=\"lazy\" decoding=\"async\" class=\"size-full wp-image-1719\" alt=\"Ingrid Schulze\" src=\"http:\/\/editorialhijosdemuleyrubio.com\/wp-content\/uploads\/2014\/01\/ingrid-sch.jpg\" width=\"120\" height=\"156\" \/><\/a><figcaption id=\"caption-attachment-1719\" class=\"wp-caption-text\">Ingrid Schulze<\/figcaption><\/figure>\n<p>\u00bfComo se crea la \u201cleyenda negra de Espa\u00f1a\u201d y qu\u00e9 vigencia tiene actualmente en el siglo XXI fuera de Espa\u00f1a?\u00a0Seg\u00fan escribe <strong>Ingrid Schulze<\/strong>, las atrocidades de la Guerra de Flandes en los siglos XVI y XVII, que no deb\u00edan ser muy diferentes a las crueldades de las guerras de hoy en Siria, Irak o Afganist\u00e1n,\u00a0\u00a0no estaban cometidas s\u00f3lo por los soldados espa\u00f1oles, que eran la \u00e9lite, sino que la tropa era alemana, neerlandesa, italiana, bogo\u00f1esa y brit\u00e1nica en su mayor\u00eda. La autora ha podido documentar esto y comenta con <strong>Federico Utrera<\/strong> qu\u00e9 relevancia le otorga a estos datos.<\/p>\n<p>El libro viene acompa\u00f1ado de unas bellas ilustraciones donde se dibuja con exageraci\u00f3n la propaganda de la leyenda negra: el Duque de Alba comi\u00e9ndose a un ni\u00f1o, cerdos espa\u00f1oles invadiendo un jard\u00edn holand\u00e9s, espa\u00f1oles con forma de monstruos&#8230; \u00bfDe donde salieron estas im\u00e1genes y qu\u00e9 difusi\u00f3n alcanzaron en su \u00e9poca?\u00a0\u00bfQu\u00e9 queda en el imaginario colectivo holand\u00e9s de esta propaganda y hasta que punto ha impregnado los libros de los historiadores holandeses, brit\u00e1nicos y anglosajones en general?\u00a0<strong>Ingrid Schulze <\/strong>responde a estos interrogantes en este curioso libro, que a buen seguro har\u00e1 las delicias de los lectores.<\/p>\n<figure id=\"attachment_1721\" aria-describedby=\"caption-attachment-1721\" style=\"width: 217px\" class=\"wp-caption alignleft\"><a href=\"http:\/\/editorialhijosdemuleyrubio.com\/wp-content\/uploads\/2014\/01\/l056ultima01.jpg\"><img loading=\"lazy\" decoding=\"async\" class=\"size-medium wp-image-1721\" alt=\"Fernando Bruquetas de Castro\" src=\"http:\/\/editorialhijosdemuleyrubio.com\/wp-content\/uploads\/2014\/01\/l056ultima01-217x300.jpg\" width=\"217\" height=\"300\" srcset=\"https:\/\/editorialhijosdemuleyrubio.com\/wp-content\/uploads\/2014\/01\/l056ultima01-217x300.jpg 217w, https:\/\/editorialhijosdemuleyrubio.com\/wp-content\/uploads\/2014\/01\/l056ultima01.jpg 318w\" sizes=\"auto, (max-width: 217px) 100vw, 217px\" \/><\/a><figcaption id=\"caption-attachment-1721\" class=\"wp-caption-text\">Fernando Bruquetas de Castro<\/figcaption><\/figure>\n<p>Por \u00faltimo, <strong>Fernando Bruquetas de Castro<\/strong> es un escritor muy peculiar. Si atendemos a los t\u00edtulos de sus libros, veremos que cultiva el ensayo hist\u00f3rico y atiende a los marginados de la Historia, pues no en vano es catedr\u00e1tico en la Universidad de Las Palmas de Gran Canaria. <strong>Federico Utrera<\/strong> tambi\u00e9n charl\u00f3 con \u00e9l en otra entrevista, donde anticipa sus pr\u00f3ximos proyectos, en la l\u00ednea de los anteriores: \u00abOuting en Espa\u00f1a: los espa\u00f1oles salen del armario\u00bb \u2013el primer libro sobre visibilidad publicado en Espa\u00f1a\u2013, \u00abReyes que amaron como reinas\u00bb, \u00abP\u00edcaros y homosexuales en la Espa\u00f1a moderna\u00bb, \u00abLa historia de los burdeles en Espa\u00f1a: de lupanares, puter\u00edos reales y otras manceb\u00edas\u00bb y el \u00faltimo: \u00a0\u00abEl sexo y los pol\u00edticos: vida \u00edntima y secretos de alcoba de ilustres gobernantes de la Espa\u00f1a reciente\u00bb.<\/p>\n<p><a href=\"http:\/\/www.rtve.es\/alacarta\/audios\/un-idioma-sin-fronteras\/idioma-sin-fronteras-05-07-12\/1455539\/#aHR0cDovL3d3dy5ydHZlLmVzL2FsYWNhcnRhL2ludGVybm8vY29udGVudHRhYmxlLnNodG1sP3BicT0yJm1vZGw9VE9DJmxvY2FsZT1lcyZwYWdlU2l6ZT0xNSZjdHg9MjA5NyZhZHZTZWFyY2hPcGVuPWZhbHNl\">Entrevista con Josefina Cuesta<\/a><\/p>\n<p><a href=\"http:\/\/www.rtve.es\/alacarta\/audios\/un-idioma-sin-fronteras\/idioma-sin-fronteras-30-08-11\/1185415\/\">Entrevista con Ingrid Schulze<\/a><\/p>\n<p><a href=\"http:\/\/www.rtve.es\/alacarta\/audios\/un-idioma-sin-fronteras\/idioma-sin-fronteras-27-11-12\/1592585\/\">Entrevista con Fernando Bruquetas de Castro<\/a><\/p>\n","protected":false},"excerpt":{"rendered":"<p>Josefina Cuesta (Universidad de Salamanca), Ingrid Schulze (Universidad Complutense de Madrid) y\u00a0Fernando Bruquetas de Castro (Universidad de Las Palmas de Gran Canaria) han publicado tres libros de calado hist\u00f3rico que destacan por su singular enfoque y rigor.\u00a0Sus temas son diferentes: de las c\u00e1rceles de mujeres, a la \u00ableyenda negra\u00bb de Espa\u00f1a, y el ensayo hist\u00f3rico-biogr\u00e1fico, aunque el denominador com\u00fan es su originalidad.\u00a0<\/p>\n","protected":false},"author":1,"featured_media":0,"comment_status":"open","ping_status":"open","sticky":false,"template":"","format":"standard","meta":{"footnotes":""},"categories":[4,255,23],"tags":[97,276,275],"class_list":["post-1546","post","type-post","status-publish","format-standard","hentry","category-aldea-globl","category-historia","category-noticias","tag-fernando-bruquetas","tag-ingrid-schulze","tag-josefina-cuesta"],"views":3276,"_links":{"self":[{"href":"https:\/\/editorialhijosdemuleyrubio.com\/index.php?rest_route=\/wp\/v2\/posts\/1546","targetHints":{"allow":["GET"]}}],"collection":[{"href":"https:\/\/editorialhijosdemuleyrubio.com\/index.php?rest_route=\/wp\/v2\/posts"}],"about":[{"href":"https:\/\/editorialhijosdemuleyrubio.com\/index.php?rest_route=\/wp\/v2\/types\/post"}],"author":[{"embeddable":true,"href":"https:\/\/editorialhijosdemuleyrubio.com\/index.php?rest_route=\/wp\/v2\/users\/1"}],"replies":[{"embeddable":true,"href":"https:\/\/editorialhijosdemuleyrubio.com\/index.php?rest_route=%2Fwp%2Fv2%2Fcomments&post=1546"}],"version-history":[{"count":4,"href":"https:\/\/editorialhijosdemuleyrubio.com\/index.php?rest_route=\/wp\/v2\/posts\/1546\/revisions"}],"predecessor-version":[{"id":1722,"href":"https:\/\/editorialhijosdemuleyrubio.com\/index.php?rest_route=\/wp\/v2\/posts\/1546\/revisions\/1722"}],"wp:attachment":[{"href":"https:\/\/editorialhijosdemuleyrubio.com\/index.php?rest_route=%2Fwp%2Fv2%2Fmedia&parent=1546"}],"wp:term":[{"taxonomy":"category","embeddable":true,"href":"https:\/\/editorialhijosdemuleyrubio.com\/index.php?rest_route=%2Fwp%2Fv2%2Fcategories&post=1546"},{"taxonomy":"post_tag","embeddable":true,"href":"https:\/\/editorialhijosdemuleyrubio.com\/index.php?rest_route=%2Fwp%2Fv2%2Ftags&post=1546"}],"curies":[{"name":"wp","href":"https:\/\/api.w.org\/{rel}","templated":true}]}}