{"id":1637,"date":"2014-01-14T11:01:17","date_gmt":"2014-01-14T10:01:17","guid":{"rendered":"http:\/\/editorialhijosdemuleyrubio.com\/?p=1637"},"modified":"2014-01-14T11:01:17","modified_gmt":"2014-01-14T10:01:17","slug":"arraballebecq-la-primera-obra-de-teatro-de-federico-utrera-se-coloca-en-la-lista-de-los-mas-vendidos","status":"publish","type":"post","link":"https:\/\/editorialhijosdemuleyrubio.com\/?p=1637","title":{"rendered":"\u00abArraballebecq\u00bb, la primera obra de teatro de Federico Utrera, se coloca en la lista de \u00ablos m\u00e1s vendidos\u00bb"},"content":{"rendered":"<figure id=\"attachment_1638\" aria-describedby=\"caption-attachment-1638\" style=\"width: 300px\" class=\"wp-caption alignleft\"><a href=\"http:\/\/editorialhijosdemuleyrubio.com\/wp-content\/uploads\/2014\/01\/2.jpg\"><img loading=\"lazy\" decoding=\"async\" class=\"size-medium wp-image-1638\" alt=\"Houellebecq, Utrera y Arrabal: la fotograf\u00eda fue tomada por sorpresa en Le\u00f3n.\" src=\"http:\/\/editorialhijosdemuleyrubio.com\/wp-content\/uploads\/2014\/01\/2-300x242.jpg\" width=\"300\" height=\"242\" srcset=\"https:\/\/editorialhijosdemuleyrubio.com\/wp-content\/uploads\/2014\/01\/2-300x242.jpg 300w, https:\/\/editorialhijosdemuleyrubio.com\/wp-content\/uploads\/2014\/01\/2.jpg 730w\" sizes=\"auto, (max-width: 300px) 100vw, 300px\" \/><\/a><figcaption id=\"caption-attachment-1638\" class=\"wp-caption-text\">Houellebecq, Utrera y Arrabal: la fotograf\u00eda fue tomada por sorpresa en Le\u00f3n.<\/figcaption><\/figure>\n<p><strong>\u201cArraballebecq\u201d<\/strong> es el \u00faltimo libro de <strong>Federico Utrera<\/strong>, autor de \u201cMemorias de Colombine\u201d, \u201c\u00a1Diputado Blasco Ib\u00e1\u00f1ez!\u201d, \u201cDespu\u00e9s de tantos desencantos\u201d \u00a0y \u00a0\u201cCordel de Extraviados\u201d,\u00a0volumen este \u00faltimo que recoge sus ensayos, art\u00edculos y conferencias, \u201clo menos malo que soy capaz de hacer, que dir\u00eda <strong>Van Gogh<\/strong>\u201d, seg\u00fan sus palabras. Insatisfecho con su prosa, ha editado adem\u00e1s a otros escritores a los que considera sus maestros: el poeta\u00a0<strong>Juan Ram\u00f3n Jim\u00e9nez, <\/strong>el novelista<strong> Juan Goytisolo, <\/strong>el arabista<strong> Luciano Rubio<\/strong> (con pr\u00f3logo de <strong>Amin Maalouf)<\/strong>, a los hermanos y poetas\u00a0<strong>Panero<\/strong> (<strong>Leopoldo Mar\u00eda y Juan Luis<\/strong>) y al propio dramaturgo <strong>Fernando Arrabal, <\/strong>que le ense\u00f1\u00f3 los arcanos de la escena y al que le edit\u00f3 su libro \u201c\u00a1Houellebecq!\u201d, que ha gozado de amplio eco en todo el mundo, desde\u00a0<i>The New York Times, Der Spiegel<\/i>\u00a0o<i>\u00a0L\u00b4Unit\u00e1\u00a0<\/i>a<i>\u00a0Le Monde, Le Figaro,<\/i>\u00a0<i>Le Point<\/i>,\u00a0<i>L\u00b4Atelier du roman<\/i>,\u00a0<i>La Revue Litt\u00e9raire, Livres Hebdo,\u00a0<\/i>etc&#8230; En cine, <strong>Federico Utrera<\/strong> ha intervenido en los documentales \u201cEl crimen de una novia\u201d, sobre <strong>Carmen de Burgos y Federico Garc\u00eda Lorca<\/strong>, y \u201cLa estancia vac\u00eda\u201d, sobre <strong>Michi Panero<\/strong>. Tambi\u00e9n ha publicado recientemente \u201cViola on V\u00eddeo\u201d, un trabajo que recoge la biograf\u00eda, etapas art\u00edsticas y el primer cat\u00e1logo razonado del videoartista norteamericano <strong>Bill Viola.<\/strong><\/p>\n<figure id=\"attachment_1640\" aria-describedby=\"caption-attachment-1640\" style=\"width: 300px\" class=\"wp-caption alignleft\"><a href=\"http:\/\/editorialhijosdemuleyrubio.com\/wp-content\/uploads\/2014\/01\/Imagen-13.png\"><img loading=\"lazy\" decoding=\"async\" class=\"size-medium wp-image-1640\" alt=\"Internet ha situado &quot;Arraballebecq&quot; entre los libros m\u00e1s vendidos\" src=\"http:\/\/editorialhijosdemuleyrubio.com\/wp-content\/uploads\/2014\/01\/Imagen-13-300x50.png\" width=\"300\" height=\"50\" srcset=\"https:\/\/editorialhijosdemuleyrubio.com\/wp-content\/uploads\/2014\/01\/Imagen-13-300x50.png 300w, https:\/\/editorialhijosdemuleyrubio.com\/wp-content\/uploads\/2014\/01\/Imagen-13.png 544w\" sizes=\"auto, (max-width: 300px) 100vw, 300px\" \/><\/a><figcaption id=\"caption-attachment-1640\" class=\"wp-caption-text\">Internet ha situado \u00abArraballebecq\u00bb entre los libros m\u00e1s vendidos en su g\u00e9nero<\/figcaption><\/figure>\n<p>El libro <strong>\u201cArraballebecq\u201d<\/strong>\u00a0describe la relaci\u00f3n entre el dramaturgo espa\u00f1ol <strong>Fernando Arrabal<\/strong> y el novelista franc\u00e9s <strong>Michel Houellebecq<\/strong> de la mano de un editor que trabaj\u00f3 con ambos para publicar un libro conjunto. Contiene como ap\u00e9ndice una versi\u00f3n para teatro a\u00fan no representada, que ha suscitado numerosos elogios entre los que la han le\u00eddo y se ha aupado por m\u00e9ritos propios en la clasificaci\u00f3n de los libros m\u00e1s vendidos, en su secci\u00f3n de Teatro y Espect\u00e1culos, que elabora el portal de internet \u00abLos m\u00e1s vendidos.net\u00bb. Sin duda que el fuerte tir\u00f3n de un maestro de la escena como <strong>Fernando Arrabal<\/strong> y de un renovador de la novela como <strong>Michel Houellebecq<\/strong>, que suman entre ambos una buena legi\u00f3n de seguidores e incondicionales, ha ayudado al libro, pero a buen seguro que tambi\u00e9n la buena pluma de <strong>Utrera<\/strong> ha contribuido a ello.<\/p>\n<figure id=\"attachment_1641\" aria-describedby=\"caption-attachment-1641\" style=\"width: 300px\" class=\"wp-caption alignleft\"><a href=\"http:\/\/editorialhijosdemuleyrubio.com\/wp-content\/uploads\/2014\/01\/Imagen-41.png\"><img loading=\"lazy\" decoding=\"async\" class=\"size-medium wp-image-1641\" alt=\"El ilustrador Juan Francisco Nevado prepar\u00f3 esta escandalosa portada, que obligaba a las librer\u00edas a clasificar el libro como XX y esconderlo entre sus pl\u00fateos.\" src=\"http:\/\/editorialhijosdemuleyrubio.com\/wp-content\/uploads\/2014\/01\/Imagen-41-300x210.png\" width=\"300\" height=\"210\" srcset=\"https:\/\/editorialhijosdemuleyrubio.com\/wp-content\/uploads\/2014\/01\/Imagen-41-300x210.png 300w, https:\/\/editorialhijosdemuleyrubio.com\/wp-content\/uploads\/2014\/01\/Imagen-41.png 911w\" sizes=\"auto, (max-width: 300px) 100vw, 300px\" \/><\/a><figcaption id=\"caption-attachment-1641\" class=\"wp-caption-text\">El ilustrador Juan Francisco Nevado prepar\u00f3 esta escandalosa portada, que obligaba a las librer\u00edas a clasificar el libro como XX y esconderlo entre sus pl\u00fateos.<\/figcaption><\/figure>\n<p>\u201cSus observaciones y comentarios sobre escritores y artistas, ya del pasado, ya contempor\u00e1neos, no se limitan a componer un cat\u00e1logo: evitan los t\u00f3picos en uso y tienen el m\u00e9rito de nadar contracorriente. Frente al clis\u00e9 rutinario, <strong>Federico Utrera<\/strong> propone una visi\u00f3n desestabilizadora e invita al lector a discurrir por cuenta propia\u201d, ha escrito el tambi\u00e9n novelista\u00a0<strong>Juan Goytisolo<\/strong>, mientras que\u00a0<strong>Mat\u00edas D\u00edaz Padr\u00f3n<\/strong>, conservador del Museo del Prado, afirma:\u00a0\u201c<strong>Federico Utrera<\/strong> busca lo que hay de excelencia en los autores que lee y estudia, tanto fil\u00f3sofos, cr\u00edticos, novelistas, dramaturgos y artistas sin preferencia en campos de la arquitectura, escultura y pintura. Art\u00edculos interesantes en consonancia con una escala de valores que escasea en el p\u00e1ramo triunfante del ahora que vivimos. Es de esperar que alg\u00fan d\u00eda se premie este sendero que toma por v\u00eda la cr\u00edtica de la raz\u00f3n\u201d.<\/p>\n<p><strong>Utrera<\/strong> irrumpi\u00f3 en el mundo de la literatura espa\u00f1ola con un sorprendente y original volumen: \u00ab<strong>Memorias de Colombine<\/strong>\u00ab. Esta biograf\u00eda de <strong>Carmen de Burgos<\/strong>, la primera periodista profesional, cosech\u00f3 varias ediciones y m\u00e1s de un centenar de rese\u00f1as en revistas literarias y cient\u00edficas gracias a su novedoso m\u00e9todo de fabulaci\u00f3n literaria, deconstrucci\u00f3n de su biograf\u00eda oficial a partir de los propios textos y cartas de la autora, lo que le gener\u00f3 agrias cr\u00edticas en el \u00e1mbito universitario espa\u00f1ol, incapaz de soportar la m\u00e1s m\u00ednima heterodoxia, lo que el tiempo ha dejado en evidencia hasta extremos rid\u00edculos, pues <strong>Utrera<\/strong> es profesor, m\u00e1ster y doctor universitario.<\/p>\n<figure id=\"attachment_1642\" aria-describedby=\"caption-attachment-1642\" style=\"width: 300px\" class=\"wp-caption alignleft\"><a href=\"http:\/\/editorialhijosdemuleyrubio.com\/wp-content\/uploads\/2014\/01\/Imagen-51.png\"><img loading=\"lazy\" decoding=\"async\" class=\"size-medium wp-image-1642\" alt=\"Pr\u00f3logo de &quot;Arraballebecq&quot;\" src=\"http:\/\/editorialhijosdemuleyrubio.com\/wp-content\/uploads\/2014\/01\/Imagen-51-300x166.png\" width=\"300\" height=\"166\" srcset=\"https:\/\/editorialhijosdemuleyrubio.com\/wp-content\/uploads\/2014\/01\/Imagen-51-300x166.png 300w, https:\/\/editorialhijosdemuleyrubio.com\/wp-content\/uploads\/2014\/01\/Imagen-51.png 911w\" sizes=\"auto, (max-width: 300px) 100vw, 300px\" \/><\/a><figcaption id=\"caption-attachment-1642\" class=\"wp-caption-text\">Pr\u00f3logo de \u00abArraballebecq\u00bb<\/figcaption><\/figure>\n<p>Su segundo libro, <strong>\u00ab\u00a1Diputado Blasco Ib\u00e1\u00f1ez!\u00bb<\/strong>, compendio de los mejores discursos parlamentarios del novelista valenciano comentados por el propio <strong>Utrera<\/strong>, mereci\u00f3 los elogios del cineasta <strong>Luis Garc\u00eda Berlanga,<\/strong> uno de los iconos del cine espa\u00f1ol junto a <strong>Luis Bu\u00f1uel, Juan Antonio Bardem, El\u00edas Querejeta o Pedro Almod\u00f3var<\/strong>:\u00a0\u00abQuiero decirle a <strong>Federico Utrera<\/strong> que ha escrito un magn\u00edfico libro y, adem\u00e1s, creo que solo \u00e9l y el profesor <strong>Yndurain<\/strong> se han atrevido felizmente a afirmar que, dentro de la Generaci\u00f3n del 98, <strong>Blasco<\/strong> tuvo mucha m\u00e1s importancia que bastantes de los miembros que han hecho famoso a ese grupo literario y que, adem\u00e1s, despreciaban al valenciano\u00bb.<\/p>\n<p>Este <strong>\u00abArraballecq\u00bb <\/strong>es fruto de una \u00e9poca en la que<strong> Utrera<\/strong> intim\u00f3 con\u00a0<strong>Fernando Arrabal y Michel Houellebecq<\/strong> durante sus a\u00f1os de intensa amistad y trasiego literario por Espa\u00f1a y Francia, hasta el punto de que el dramaturgo incluy\u00f3 a su disc\u00edpulo en su \u00abDiccionario P\u00e1nico\u00bb, defini\u00e9ndole de esta guisa: \u00a0\u201c<strong>Federico Utrera<\/strong>, editor \u00e9ste (al oeste y al margen del poder) \u2028virgen, por decencia, santo por docencia y m\u00e1rtir por independencia\u201d.<\/p>\n<p><a href=\"http:\/\/editorialhijosdemuleyrubio.com\/wp-content\/uploads\/2014\/01\/41quzd03HIL._AA160_.jpg\"><img loading=\"lazy\" decoding=\"async\" class=\"alignleft size-full wp-image-1644\" alt=\"41quzd03HIL._AA160_\" src=\"http:\/\/editorialhijosdemuleyrubio.com\/wp-content\/uploads\/2014\/01\/41quzd03HIL._AA160_.jpg\" width=\"160\" height=\"160\" srcset=\"https:\/\/editorialhijosdemuleyrubio.com\/wp-content\/uploads\/2014\/01\/41quzd03HIL._AA160_.jpg 160w, https:\/\/editorialhijosdemuleyrubio.com\/wp-content\/uploads\/2014\/01\/41quzd03HIL._AA160_-150x150.jpg 150w\" sizes=\"auto, (max-width: 160px) 100vw, 160px\" \/><\/a>\u00cdNDICE<\/p>\n<p>&#8211; Cartas y viajes de FA.<\/p>\n<p>&#8211; Houellebecq, en medio del mundo.<\/p>\n<p>&#8211; Dios Arra Baal.<\/p>\n<p>&#8211; Arraballebecq.<\/p>\n<p>&#8211; Di\u00e1logos Triviales.<\/p>\n<p>&#8211; Creemos que sue\u00f1an.<\/p>\n<p>&#8211; Houellebecq, en espa\u00f1ol<\/p>\n<p>&#8211; Una cena con Flotats.<\/p>\n<p>&#8211; \u00a1Que viene Topor!.<\/p>\n<p>&#8211; El Laberinto de Arrabal.<\/p>\n<p>&#8211; Los Innombrables.<\/p>\n<p>&#8211; Arrabal erotic.<\/p>\n<p>&#8211; \u00d3pera paradis\u00edaca.<\/p>\n<p>&#8211; Vientos en la Molina<\/p>\n<p>&#8211; Houellebecq y Mirto<\/p>\n<p>&#8211; D\u00eda de Houellebecq con libros<\/p>\n<p><strong>&#8211; Don Michel de la Francia y su escudero Fando Panza (versi\u00f3n teatrera)<\/strong><\/p>\n<p><a href=\"http:\/\/editorialhijosdemuleyrubio.com\/?pfd_checkout=24\"><img decoding=\"async\" alt=\"\" src=\"https:\/\/www.paypal.com\/en_US\/i\/btn\/btn_buynowCC_LG.gif\" \/><\/a><\/p>\n<p><a href=\"http:\/\/editorialhijosdemuleyrubio.com\/?pfd_checkout=24\">Comprar en HMR: Arraballebecq I (solo ensayos)<\/a><\/p>\n<p><a href=\"http:\/\/editorialhijosdemuleyrubio.com\/?pfd_checkout=25\"><img decoding=\"async\" alt=\"\" src=\"https:\/\/www.paypal.com\/en_US\/i\/btn\/btn_buynowCC_LG.gif\" \/><\/a><\/p>\n<p><a href=\"http:\/\/editorialhijosdemuleyrubio.com\/?pfd_checkout=25\">Comprar en HMR: Arraballebecq (y II) (versi\u00f3n teatrera)<\/a><\/p>\n<p><a href=\"http:\/\/www.amazon.es\/Arraballebecq-Federico-Utrera-ebook\/dp\/B00CKMUMHM\/ref=sr_1_1?ie=UTF8&amp;qid=1389645831&amp;sr=8-1&amp;keywords=arraballebecq\">Comprar en Amazon<\/a>\u00a0(I y II completo)<\/p>\n<p><a href=\"http:\/\/www.bubok.es\/libros\/224631\/Arraballebecq\">Comprar en Bubok<\/a>\u00a0(I y II completo)<\/p>\n<p>&nbsp;<\/p>\n<p>&nbsp;<\/p>\n","protected":false},"excerpt":{"rendered":"<p>\u201cArraballebecq\u201d es el \u00faltimo libro de Federico Utrera, autor de \u201cMemorias de Colombine\u201d, \u201c\u00a1Diputado Blasco Ib\u00e1\u00f1ez!\u201d, \u201cDespu\u00e9s de tantos desencantos\u201d \u00a0y \u00a0\u201cCordel de Extraviados\u201d,\u00a0volumen este \u00faltimo que recoge sus ensayos, art\u00edculos y conferencias, \u201clo menos malo que soy capaz de hacer, que dir\u00eda Van Gogh\u201d, seg\u00fan sus palabras. Insatisfecho con su prosa, ha editado adem\u00e1s a otros escritores a los que considera sus maestros: el poeta\u00a0Juan Ram\u00f3n Jim\u00e9nez, el novelista Juan Goytisolo, el arabista Luciano Rubio (con pr\u00f3logo de Amin Maalouf), a los hermanos y poetas\u00a0Panero (Leopoldo Mar\u00eda y Juan Luis) y al propio dramaturgo Fernando Arrabal, que le ense\u00f1\u00f3 los arcanos de la escena y al que le edit\u00f3<\/p>\n","protected":false},"author":1,"featured_media":0,"comment_status":"open","ping_status":"open","sticky":false,"template":"","format":"standard","meta":{"footnotes":""},"categories":[20,23],"tags":[142,57,285],"class_list":["post-1637","post","type-post","status-publish","format-standard","hentry","category-arrabal-y-houellebecq","category-noticias","tag-federico-utrera","tag-fernando-arrabal","tag-michel-houellebecq"],"views":2279,"_links":{"self":[{"href":"https:\/\/editorialhijosdemuleyrubio.com\/index.php?rest_route=\/wp\/v2\/posts\/1637","targetHints":{"allow":["GET"]}}],"collection":[{"href":"https:\/\/editorialhijosdemuleyrubio.com\/index.php?rest_route=\/wp\/v2\/posts"}],"about":[{"href":"https:\/\/editorialhijosdemuleyrubio.com\/index.php?rest_route=\/wp\/v2\/types\/post"}],"author":[{"embeddable":true,"href":"https:\/\/editorialhijosdemuleyrubio.com\/index.php?rest_route=\/wp\/v2\/users\/1"}],"replies":[{"embeddable":true,"href":"https:\/\/editorialhijosdemuleyrubio.com\/index.php?rest_route=%2Fwp%2Fv2%2Fcomments&post=1637"}],"version-history":[{"count":5,"href":"https:\/\/editorialhijosdemuleyrubio.com\/index.php?rest_route=\/wp\/v2\/posts\/1637\/revisions"}],"predecessor-version":[{"id":1656,"href":"https:\/\/editorialhijosdemuleyrubio.com\/index.php?rest_route=\/wp\/v2\/posts\/1637\/revisions\/1656"}],"wp:attachment":[{"href":"https:\/\/editorialhijosdemuleyrubio.com\/index.php?rest_route=%2Fwp%2Fv2%2Fmedia&parent=1637"}],"wp:term":[{"taxonomy":"category","embeddable":true,"href":"https:\/\/editorialhijosdemuleyrubio.com\/index.php?rest_route=%2Fwp%2Fv2%2Fcategories&post=1637"},{"taxonomy":"post_tag","embeddable":true,"href":"https:\/\/editorialhijosdemuleyrubio.com\/index.php?rest_route=%2Fwp%2Fv2%2Ftags&post=1637"}],"curies":[{"name":"wp","href":"https:\/\/api.w.org\/{rel}","templated":true}]}}