{"id":1670,"date":"2014-01-20T11:29:47","date_gmt":"2014-01-20T10:29:47","guid":{"rendered":"http:\/\/editorialhijosdemuleyrubio.com\/?p=1670"},"modified":"2014-01-20T11:29:47","modified_gmt":"2014-01-20T10:29:47","slug":"arrabal-houellebecq-y-otras-disidencias-vida-y-milagros-en-los-contornos-de-la-literatura","status":"publish","type":"post","link":"https:\/\/editorialhijosdemuleyrubio.com\/?p=1670","title":{"rendered":"Arrabal, Houellebecq y otras disidencias: vida y milagros en los contornos de la literatura"},"content":{"rendered":"<p><a href=\"http:\/\/editorialhijosdemuleyrubio.com\/wp-content\/uploads\/2014\/01\/100.jpg\"><img loading=\"lazy\" decoding=\"async\" class=\"alignleft size-medium wp-image-1671\" alt=\"100\" src=\"http:\/\/editorialhijosdemuleyrubio.com\/wp-content\/uploads\/2014\/01\/100-300x225.jpg\" width=\"300\" height=\"225\" srcset=\"https:\/\/editorialhijosdemuleyrubio.com\/wp-content\/uploads\/2014\/01\/100-300x225.jpg 300w, https:\/\/editorialhijosdemuleyrubio.com\/wp-content\/uploads\/2014\/01\/100.jpg 640w\" sizes=\"auto, (max-width: 300px) 100vw, 300px\" \/><\/a>\u00abTodo hijo de vecino padece sus defectos y una de mis r\u00e9moras menos curables es que el arte y la literatura coet\u00e1nea me aburren soberanamente y la novela a\u00fan m\u00e1s. El dramaturgo <strong>Fernando Arrabal<\/strong> fue una de las personas que mejor supo tratar esta enfermedad m\u00eda porque logr\u00f3 aunar conocimiento, emoci\u00f3n y diversi\u00f3n en sus obras. Aunque la gran mayor\u00eda que lo reconoce pero no lo conoce cree que vive en Babia, realmente habita en Babilonia. Y a este mago de las letras, con qui\u00e9n comparto su secreta admiraci\u00f3n por <strong>Ram\u00f3n<\/strong>, alg\u00fan d\u00eda se le caer\u00e1 la m\u00e1scara que tan magistralmente cultiva y se le equiparar\u00e1, ya sin remilgos, con <strong>Coward, Pinter o Fo\u00bb<\/strong>. Con estas palabras, el escritor Federico Utrera re\u00fane en el \u00faltimo volumen de su primer tomo del \u00abCordel de Extraviados\u00bb sus contornos \u2013por no decir arrabales y caer en la redundancia\u2013 y milagrosas vivencias en torno a la literatura.<\/p>\n<p>\u00abGuardo para mi recuerdo aquel d\u00eda en que Madrid estren\u00f3 simult\u00e1neamente el \u201c<strong>Fando y Lis<\/strong>\u201d de <strong>Arrabal<\/strong>, \u201c<strong>La cantante calva<\/strong>\u201d de <strong>Ionesco<\/strong> y \u201c<strong>El invierno bajo la mesa<\/strong>\u201d de <strong>Topor<\/strong> y la magia pulmon\u00edaca del teatro hizo que disfrut\u00e1ramos juntos una inesperada fiesta p\u00e1nica que concluy\u00f3 sin \u00e9l pero entre su liga de admiradores y amigos con unas copas de m\u00e1s, rondando con nocturnidad y alevos\u00eda al <strong>Mirto houellebecquiano<\/strong> en los arrabales del barrio de Chueca\u00bb, a\u00f1ade el autor.<\/p>\n<p>M\u00e1s adelante se confiesa: \u00abA <strong>Michel<\/strong>, sin embargo, lo conoc\u00ed antes en Lanzarote a trav\u00e9s de su libro hom\u00f3nimo. Fue \u00e9l qui\u00e9n me reconcili\u00f3 algo con la escritura contempor\u00e1nea, siguiendo la m\u00e1s que digna tradici\u00f3n de <strong>Robbe-Grillet<\/strong>. Su m\u00e1scara posterior no fue esc\u00e9nica sino medi\u00e1tica y temo que esto se lo haya contagiado su amigo espa\u00f1ol. Mis desencuentros, y no s\u00f3lo ling\u00fc\u00edsticos, \u2013en Par\u00eds, Le\u00f3n o Almer\u00eda\u2013, con este t\u00edmido y huidizo escritor\u00a0 al que tanto admiro, no disminuyen en nada mi inter\u00e9s por los otros g\u00e9neros que toca \u2013poes\u00eda, m\u00fasica, ensayo, videoarte, cine\u2013 y el hecho curioso es que ley\u00e9ndolo a \u00e9l entend\u00ed m\u00e1s la literatura de <strong>Arrabal<\/strong>, y en clave de FA, interpret\u00e9 mejor la partitura de MH\u00bb.<\/p>\n<p>Y concluye: \u00abLas \u00faltimas \u201cDisidencias\u201d que cierran este libro abarcan momentos que gracias a sus autores nunca olvidar\u00e9: ver emerger el Teide entre un mar de nubes desde la cumbre de <strong>Tejeda<\/strong>, como moldeado por un dios ni\u00f1o desde el cielo, me produjo tal arrobo que me turb\u00f3 el \u00e1nimo, tal y como le sucedi\u00f3 a <strong>Unamuno<\/strong> en el mismo lugar de Gran Canaria. Hasta <strong>Zugarramurdi<\/strong> (Navarra) llegu\u00e9 con mi amigo <strong>M\u00e1rquez Grau<\/strong> buscando las brujas de <strong>Caro Baroja<\/strong>, pero no nos atrevimos a franquear su casa en <strong>Vera de Bidasoa<\/strong> por si nos disuad\u00eda de la creencia, ya que hab\u00edamos entrevistado a una que se dec\u00eda tal. Mi entrada en la <strong>Real Academia Espa\u00f1ola de la Lengua<\/strong>, a hurtadillas y por la puerta de atr\u00e1s, la hice de la mano del fil\u00f3logo <strong>Manuel Alvar<\/strong>, que en lugar de un inc\u00f3modo sill\u00f3n me brind\u00f3 un confortable sof\u00e1 para conversar con \u00e9l. Queden para mi memoria aquellos recuerdos que me animaron a incluir estos art\u00edculos\u00bb.<\/p>\n<p><strong>\u00cdndice:<\/strong><\/p>\n<p><b><a href=\"#ARRABAL\">Arra Baal en Babilonia<\/a><\/b><\/p>\n<p>&#8211; Cartas y viajes de FA<\/p>\n<p>&#8211; \u00d3pera Paradis\u00edaca<\/p>\n<p>&#8211; Arrabal erotic<\/p>\n<p>&#8211; Dios Arra Baal<\/p>\n<p>&#8211; El Laberinto de Arrabal<\/p>\n<p>&#8211; Di\u00e1logos Triviales<\/p>\n<p>&#8211; \u00a1Que viene Topor!<\/p>\n<p>&#8211; Una cena con Flotats<\/p>\n<p>&#8211; Los Innombrables<\/p>\n<p>&#8211; Vientos en la Molina<\/p>\n<p><b><a href=\"#HOUELLEBECQ\">Houellebecq, en clave de FA<\/a><\/b><\/p>\n<p>&#8211; Houellebecq y Mirto<\/p>\n<p>&#8211; D\u00eda de Houellebecq con libros<\/p>\n<p>&#8211; Houellebecq, en medio del mundo<\/p>\n<p>&#8211; Arraballebecq<\/p>\n<p>&#8211; Creemos que sue\u00f1an<\/p>\n<p>&#8211; Houellebecq, en espa\u00f1ol<\/p>\n<p><b><a href=\"#DISIDENCIASXX\">Disidencias: siglo XX<\/a><\/b><\/p>\n<p>&#8211; Unamuno y la cosa p\u00fablica<\/p>\n<p>&#8211; Gofio y sue\u00f1o en Unamuno<\/p>\n<p>&#8211; La bruja coja de Caro Baroja<\/p>\n<p>&#8211; Manuel Alvar, dialect\u00f3logo<\/p>\n<p>&#8211; \u00bfJuan Marichal mercenario?<\/p>\n<p>&#8211; Las cavernas de Saramago<\/p>\n<p>&#8211; La guagua de Fernando Savater<\/p>\n<p>&#8211; Se dir\u00eda que Manolo Padorno hab\u00eda preparado su despedida&#8230;<\/p>\n<p>&#8211; El mestizaje de Jorge R. Padr\u00f3n y Manuel And\u00fajar<\/p>\n<p>&#8211; Al pan, pan y a G\u00f3mez, Arcos.<\/p>\n<p><b><a href=\"#GUERRA\">Tengamos la guerra en paz<\/a><\/b><\/p>\n<p>&#8211; Sobre objetores y atlantistas<\/p>\n<p>&#8211; Semi\u00f3tica de la guerra<\/p>\n<p>&#8211; Poemas para pensar la guerra<\/p>\n<p>&#8211; Jorge Lozano y la moda<\/p>\n<p>&nbsp;<\/p>\n<p><a href=\"http:\/\/editorialhijosdemuleyrubio.com\/?pfd_checkout=30\"><img decoding=\"async\" alt=\"\" src=\"https:\/\/www.paypal.com\/en_US\/i\/btn\/btn_buynowCC_LG.gif\" \/><\/a><\/p>\n<p><a href=\"http:\/\/editorialhijosdemuleyrubio.com\/?pfd_checkout=30\">Comprar en HMR el libro digital: \u00abArrabal, Houellebecq y otras disidencias: vida y milagros en los contornos de la literatura\u00bb<\/a><\/p>\n<p><a href=\"http:\/\/www.amazon.es\/Cordel-Extraviados-Literatura-Federico-Utrera-ebook\/dp\/B00CM7OCFS\/ref=sr_1_1?ie=UTF8&amp;qid=1390212222&amp;sr=8-1&amp;keywords=cordel+de+extraviados+%28literatura%29\">Comprar el tomo digital completo en Amazon<\/a><\/p>\n<p><a href=\"http:\/\/www.bubok.es\/libros\/224632\/Cordel-de-Extraviados-Literatura\">Comprar el tomo completo en Bubok (digital o papel)<\/a><\/p>\n<p><a href=\"http:\/\/www.amazon.es\/Cordel-extraviados-literatura-arte-1989-2009\/dp\/8481036161\/ref=sr_1_1?ie=UTF8&amp;qid=1390210533&amp;sr=8-1&amp;keywords=cordel+de+extraviados\">Comprar el libro en papel en Amazon<\/a><\/p>\n","protected":false},"excerpt":{"rendered":"<p>\u00abTodo hijo de vecino padece sus defectos y una de mis r\u00e9moras menos curables es que el arte y la literatura coet\u00e1nea me aburren soberanamente y la novela a\u00fan m\u00e1s. El dramaturgo Fernando Arrabal fue una de las personas que mejor supo tratar esta enfermedad m\u00eda porque logr\u00f3 aunar conocimiento, emoci\u00f3n y diversi\u00f3n en sus obras. Aunque la gran mayor\u00eda que lo reconoce pero no lo conoce cree que vive en Babia, realmente habita en Babilonia. Y a este mago de las letras, con qui\u00e9n comparto su secreta admiraci\u00f3n por Ram\u00f3n, alg\u00fan d\u00eda se le caer\u00e1 la m\u00e1scara que tan magistralmente cultiva y se le equiparar\u00e1, ya sin remilgos, con<\/p>\n","protected":false},"author":1,"featured_media":0,"comment_status":"open","ping_status":"open","sticky":false,"template":"","format":"standard","meta":{"footnotes":""},"categories":[20,258,23,269],"tags":[57,285],"class_list":["post-1670","post","type-post","status-publish","format-standard","hentry","category-arrabal-y-houellebecq","category-clasicos-literarios","category-noticias","category-teatro","tag-fernando-arrabal","tag-michel-houellebecq"],"views":2626,"_links":{"self":[{"href":"https:\/\/editorialhijosdemuleyrubio.com\/index.php?rest_route=\/wp\/v2\/posts\/1670","targetHints":{"allow":["GET"]}}],"collection":[{"href":"https:\/\/editorialhijosdemuleyrubio.com\/index.php?rest_route=\/wp\/v2\/posts"}],"about":[{"href":"https:\/\/editorialhijosdemuleyrubio.com\/index.php?rest_route=\/wp\/v2\/types\/post"}],"author":[{"embeddable":true,"href":"https:\/\/editorialhijosdemuleyrubio.com\/index.php?rest_route=\/wp\/v2\/users\/1"}],"replies":[{"embeddable":true,"href":"https:\/\/editorialhijosdemuleyrubio.com\/index.php?rest_route=%2Fwp%2Fv2%2Fcomments&post=1670"}],"version-history":[{"count":2,"href":"https:\/\/editorialhijosdemuleyrubio.com\/index.php?rest_route=\/wp\/v2\/posts\/1670\/revisions"}],"predecessor-version":[{"id":1711,"href":"https:\/\/editorialhijosdemuleyrubio.com\/index.php?rest_route=\/wp\/v2\/posts\/1670\/revisions\/1711"}],"wp:attachment":[{"href":"https:\/\/editorialhijosdemuleyrubio.com\/index.php?rest_route=%2Fwp%2Fv2%2Fmedia&parent=1670"}],"wp:term":[{"taxonomy":"category","embeddable":true,"href":"https:\/\/editorialhijosdemuleyrubio.com\/index.php?rest_route=%2Fwp%2Fv2%2Fcategories&post=1670"},{"taxonomy":"post_tag","embeddable":true,"href":"https:\/\/editorialhijosdemuleyrubio.com\/index.php?rest_route=%2Fwp%2Fv2%2Ftags&post=1670"}],"curies":[{"name":"wp","href":"https:\/\/api.w.org\/{rel}","templated":true}]}}