{"id":1673,"date":"2014-01-20T11:39:33","date_gmt":"2014-01-20T10:39:33","guid":{"rendered":"http:\/\/editorialhijosdemuleyrubio.com\/?p=1673"},"modified":"2014-01-20T11:39:33","modified_gmt":"2014-01-20T10:39:33","slug":"clasicos-revolucionarios-una-laguna-que-dejo-santiago-amon-y-que-ocupa-federico-utrera","status":"publish","type":"post","link":"https:\/\/editorialhijosdemuleyrubio.com\/?p=1673","title":{"rendered":"\u00abCl\u00e1sicos Revolucionarios\u00bb: una laguna que dej\u00f3 Santiago Am\u00f3n y que ocupa Federico Utrera"},"content":{"rendered":"<p><a href=\"http:\/\/editorialhijosdemuleyrubio.com\/wp-content\/uploads\/2014\/01\/Imagen-16.png\"><img loading=\"lazy\" decoding=\"async\" class=\"alignleft size-medium wp-image-1674\" alt=\"Imagen 1\" src=\"http:\/\/editorialhijosdemuleyrubio.com\/wp-content\/uploads\/2014\/01\/Imagen-16-295x300.png\" width=\"295\" height=\"300\" srcset=\"https:\/\/editorialhijosdemuleyrubio.com\/wp-content\/uploads\/2014\/01\/Imagen-16-295x300.png 295w, https:\/\/editorialhijosdemuleyrubio.com\/wp-content\/uploads\/2014\/01\/Imagen-16.png 607w\" sizes=\"auto, (max-width: 295px) 100vw, 295px\" \/><\/a>\u00abLa mayor\u00eda de los cr\u00edticos de arte que conozco resumen los textos de los cat\u00e1logos enviados previamente a los peri\u00f3dicos sin el menor vistazo a las obras expuestas. <strong>Federico Utrera<\/strong> va directo a mirar el campo de batalla, buscando la opini\u00f3n de los expertos y juzgando por s\u00ed mismo frente a la realidad palpable de la obra. Esto no es tan com\u00fan y no tengo por menos que recordarlo. V\u00ed algo de ello en <strong>Santiago Am\u00f3n<\/strong>, cr\u00edtico de arte fiel a su conciencia y conocedor de la historia del arte. Su ausencia, como bien dijo <strong>Mart\u00edn Ferrand<\/strong>, dej\u00f3 hu\u00e9rfana a la cr\u00edtica. Es l\u00e1stima la falta en la prensa, tan rica, y osada en otras \u00e1reas como la pol\u00edtica y la sociedad. Esto no est\u00e1 fuera de contexto cuando pienso que <strong>Federico Utrera<\/strong> puede bien sustituir la laguna que dej\u00f3 <strong>Santiago Am\u00f3n<\/strong> en la cr\u00edtica de arte\u00bb. \u00a0Con estas palabras, el conservador del Museo del Prado, Mat\u00edas D\u00edaz Padr\u00f3n, prologa este libro cuyo primer volumen del tomo dedicado al Arte se titula <strong>\u00abCl\u00e1sicos Revolucionarios\u00bb<\/strong>.<\/p>\n<p><strong>Vel\u00e1zquez, Durero, Tintoretto, Van der Hamen, Rembrandt, Van Gogh, Sorolla, Corot, Kandinsky o Rodin<\/strong> sobrevuelan estas p\u00e1ginas en las que <strong>Utrera<\/strong> recuerda al verdadero Maestro del Prado, el primero que le ense\u00f1\u00f3 a mirar un cuadro: \u00abEn una ocasi\u00f3n tuve el privilegio de visitar el Museo del Prado con <strong>Mat\u00edas D\u00edaz Padr\u00f3n<\/strong> (Valverde, El Hierro), conservador jefe de la mayor pinacoteca del mundo, que conoce como la palma de su mano y la pinta como su propia vida. Antes hab\u00eda sido invitado por <strong>Mat\u00edas<\/strong> a las c\u00e9lebres tertulias y fiestas en su apartamento de la calle <strong>Casado del Alisal<\/strong>, a las espaldas del Museo, donde me apercib\u00ed como era considerado uno de los mejores especialistas internacionales en pintura flamenca y holandesa, autor de medio centenar de libros y cat\u00e1logos, condecorado en B\u00e9lgica, Venezuela y Canarias pero a\u00fan no en Espa\u00f1a\u00bb.<\/p>\n<p>Y a\u00f1ade: \u00abSu prestigio en el campo cient\u00edfico y art\u00edstico le otorga entre sus admiradores lo que <strong>Goethe<\/strong> o <strong>Aza\u00f1a<\/strong> dibujaron como una \u201csantidad civil\u201d muy ligada a la inteligencia, tolerancia y natural bondad. \u00c9l, que rehuye los elogios f\u00e1ciles y los honores que no son demasiado <i>honorables<\/i>, prefer\u00eda ser en todo caso \u201csant\u00f3n\u201d a \u201csanto\u201d, pues no en vano sus or\u00edgenes estudiantiles estuvieron ligados a La Iglesia Cubana, un movimiento cultural y l\u00fadico que surgi\u00f3 como cr\u00edtica a los dogmas m\u00e1s inflexibles de la curia cat\u00f3lica. Qui\u00e9n se lo iba a decir: la vida termin\u00f3 llev\u00e1ndole por derroteros art\u00edsticos donde las im\u00e1genes de beatos y v\u00edrgenes llevados al lienzo o a la tabla se convirtieron en su quehacer cotidiano. As\u00ed que logr\u00e9 apreciar el gusto por la pintura cl\u00e1sica gracias a <strong>Mat\u00edas<\/strong> y eso me llev\u00f3 a otros museos y artistas diferentes al <strong>Prado<\/strong> y a su apreciado <strong>Pedro Pablo Rubens<\/strong>, en especial el <strong>Palacio Real, la Fundaci\u00f3n Carlos de Amberes y el Museo Thyssen-Bornemisza<\/strong>. A \u00e9l le dedico estos textos sobre estos pintores cl\u00e1sicos, que en su momento fueron j\u00f3venes revolucionarios, por su incansable fervor hacia el Arte y como tributo de sincera amistad\u00bb.<\/p>\n<p><strong>\u00cdndice:<\/strong><\/p>\n<p><b><a href=\"#clasicos\">Cl\u00e1sicos revolucionarios<\/a><\/b><\/p>\n<p>&#8211; Adivina qui\u00e9n te ve (Vel\u00e1zquez)<\/p>\n<p>&#8211; Tintoretto en el zoco<\/p>\n<p>&#8211; Durero, pintor viajero<\/p>\n<p>&#8211; La ronda de Rembrandt<\/p>\n<p>&#8211; Juan Van der Hamen, cuatro siglos oculto<\/p>\n<p>&#8211; El fruto de la fe: arte flamenco<\/p>\n<p>&#8211; \u201cLa hemorro\u00edsa\u201d del obispo<\/p>\n<p>&#8211; Luces y sombras de Ensenada y Riviere<\/p>\n<p>&#8211; Las islas felices de Corot<\/p>\n<p>&#8211; Los \u00faltimos d\u00edas de Van Gogh<\/p>\n<p>&#8211; Las almas gemelas de Sorolla y Sargent<\/p>\n<p>&#8211; Las chumberas de Sorolla<\/p>\n<p>&#8211; Kandinsky y los cr\u00edticos de arte<\/p>\n<p>&#8211; Rodin y vuelta al ruedo.<\/p>\n<p><a href=\"http:\/\/editorialhijosdemuleyrubio.com\/?pfd_checkout=29\"><img decoding=\"async\" alt=\"\" src=\"https:\/\/www.paypal.com\/en_US\/i\/btn\/btn_buynowCC_LG.gif\" \/><\/a><\/p>\n<p><a href=\"http:\/\/editorialhijosdemuleyrubio.com\/?pfd_checkout=29\">Comprar en HMR el libro digital: \u00abCl\u00e1sicos Revolucionarios\u00bb<\/a><\/p>\n<p><a href=\"http:\/\/editorialhijosdemuleyrubio.com\/?pfd_checkout=29\">Comprar el tomo digital completo en Amazon<\/a><\/p>\n<p><a href=\"http:\/\/www.bubok.es\/libros\/224633\/CORDEL-DE-EXTRAVIADOS-ARTE\">Comprar el tomo completo en Bubok (digital o papel)<\/a><\/p>\n<p><a href=\"http:\/\/www.amazon.es\/Cordel-extraviados-literatura-arte-1989-2009\/dp\/8481036161\/ref=sr_1_1?ie=UTF8&amp;qid=1390210533&amp;sr=8-1&amp;keywords=cordel+de+extraviados\">Comprar el libro en papel en Amazon (edici\u00f3n original)<\/a><\/p>\n","protected":false},"excerpt":{"rendered":"<p>\u00abLa mayor\u00eda de los cr\u00edticos de arte que conozco resumen los textos de los cat\u00e1logos enviados previamente a los peri\u00f3dicos sin el menor vistazo a las obras expuestas. Federico Utrera va directo a mirar el campo de batalla, buscando la opini\u00f3n de los expertos y juzgando por s\u00ed mismo frente a la realidad palpable de la obra. Esto no es tan com\u00fan y no tengo por menos que recordarlo. V\u00ed algo de ello en Santiago Am\u00f3n, cr\u00edtico de arte fiel a su conciencia y conocedor de la historia del arte. Su ausencia, como bien dijo Mart\u00edn Ferrand, dej\u00f3 hu\u00e9rfana a la cr\u00edtica. Es l\u00e1stima la falta en la prensa, tan<\/p>\n","protected":false},"author":1,"featured_media":0,"comment_status":"open","ping_status":"open","sticky":false,"template":"","format":"standard","meta":{"footnotes":""},"categories":[261],"tags":[295,289,142,296,298,292,297,294,290,291,293,143],"class_list":["post-1673","post","type-post","status-publish","format-standard","hentry","category-arte-clasico","tag-corot","tag-durero","tag-federico-utrera","tag-kandinsky","tag-matias-diaz-padron","tag-rembrandt","tag-rodin","tag-sorolla","tag-tintoretto","tag-van-der-hamen","tag-van-gogh","tag-velazquez"],"views":1960,"_links":{"self":[{"href":"https:\/\/editorialhijosdemuleyrubio.com\/index.php?rest_route=\/wp\/v2\/posts\/1673","targetHints":{"allow":["GET"]}}],"collection":[{"href":"https:\/\/editorialhijosdemuleyrubio.com\/index.php?rest_route=\/wp\/v2\/posts"}],"about":[{"href":"https:\/\/editorialhijosdemuleyrubio.com\/index.php?rest_route=\/wp\/v2\/types\/post"}],"author":[{"embeddable":true,"href":"https:\/\/editorialhijosdemuleyrubio.com\/index.php?rest_route=\/wp\/v2\/users\/1"}],"replies":[{"embeddable":true,"href":"https:\/\/editorialhijosdemuleyrubio.com\/index.php?rest_route=%2Fwp%2Fv2%2Fcomments&post=1673"}],"version-history":[{"count":2,"href":"https:\/\/editorialhijosdemuleyrubio.com\/index.php?rest_route=\/wp\/v2\/posts\/1673\/revisions"}],"predecessor-version":[{"id":1712,"href":"https:\/\/editorialhijosdemuleyrubio.com\/index.php?rest_route=\/wp\/v2\/posts\/1673\/revisions\/1712"}],"wp:attachment":[{"href":"https:\/\/editorialhijosdemuleyrubio.com\/index.php?rest_route=%2Fwp%2Fv2%2Fmedia&parent=1673"}],"wp:term":[{"taxonomy":"category","embeddable":true,"href":"https:\/\/editorialhijosdemuleyrubio.com\/index.php?rest_route=%2Fwp%2Fv2%2Fcategories&post=1673"},{"taxonomy":"post_tag","embeddable":true,"href":"https:\/\/editorialhijosdemuleyrubio.com\/index.php?rest_route=%2Fwp%2Fv2%2Ftags&post=1673"}],"curies":[{"name":"wp","href":"https:\/\/api.w.org\/{rel}","templated":true}]}}