{"id":1834,"date":"2014-02-10T15:10:38","date_gmt":"2014-02-10T14:10:38","guid":{"rendered":"http:\/\/editorialhijosdemuleyrubio.com\/?p=1834"},"modified":"2014-02-12T16:15:46","modified_gmt":"2014-02-12T15:15:46","slug":"fernando-arrabal-regresa-a-madrid-con-81-anos-dali-versus-picasso-pic-nic-cartas-a-los-reyes-magos-y-a-franco-y-todo-su-cine","status":"publish","type":"post","link":"https:\/\/editorialhijosdemuleyrubio.com\/?p=1834","title":{"rendered":"Fernando Arrabal regresa a Madrid con 81 a\u00f1os: \u201cDal\u00ed versus Picasso\u201d, \u00abPic Nic\u00bb, cartas a los Reyes Magos y a Franco y todo su cine"},"content":{"rendered":"<p><a href=\"http:\/\/editorialhijosdemuleyrubio.com\/wp-content\/uploads\/2014\/02\/arrabal3.jpg\"><img loading=\"lazy\" decoding=\"async\" class=\"alignleft size-medium wp-image-1836\" alt=\"arrabal3\" src=\"http:\/\/editorialhijosdemuleyrubio.com\/wp-content\/uploads\/2014\/02\/arrabal3-300x203.jpg\" width=\"300\" height=\"203\" srcset=\"https:\/\/editorialhijosdemuleyrubio.com\/wp-content\/uploads\/2014\/02\/arrabal3-300x203.jpg 300w, https:\/\/editorialhijosdemuleyrubio.com\/wp-content\/uploads\/2014\/02\/arrabal3-1024x695.jpg 1024w, https:\/\/editorialhijosdemuleyrubio.com\/wp-content\/uploads\/2014\/02\/arrabal3.jpg 1600w\" sizes=\"auto, (max-width: 300px) 100vw, 300px\" \/><\/a>El dramaturgo vivo m\u00e1s representado hoy\u00a0en el mundo y el m\u00e1s llevado a las tablas despu\u00e9s de <strong>William Shakespeare<\/strong> es un espa\u00f1ol muy c\u00e9lebre al que nadie conoce: se llama <strong>Fernando Arrabal<\/strong> y regresa a Espa\u00f1a a sus 81 a\u00f1os para asistir a un clandestino estreno en las naves del Teatro Espa\u00f1ol del Paseo de la Chopera (Madrid): se trata de \u201c<strong>Dal\u00ed versus Picasso<\/strong>\u201d, la obra que vio la luz antes en un libro. A ella le ha antecedido su \u201c<strong>Carta a los Reyes Magos<\/strong>\u201d, la \u201c<strong>Carta al General Franco<\/strong>\u201d, un comic sobre \u201c<strong>Pic Nic<\/strong>\u201d, la edici\u00f3n de <strong>lo mejor de su trayectoria cinematogr\u00e1fica<\/strong> y un libro homenaje por su anterior cumplea\u00f1os titulado \u201c<strong>Arrabal 80<\/strong>\u201d.<!--more--><\/p>\n<figure id=\"attachment_1838\" aria-describedby=\"caption-attachment-1838\" style=\"width: 253px\" class=\"wp-caption alignleft\"><a href=\"http:\/\/editorialhijosdemuleyrubio.com\/wp-content\/uploads\/2014\/02\/emilioPascualMartin.jpg\"><img loading=\"lazy\" decoding=\"async\" class=\"size-full wp-image-1838\" alt=\"Emilio Pascual\" src=\"http:\/\/editorialhijosdemuleyrubio.com\/wp-content\/uploads\/2014\/02\/emilioPascualMartin.jpg\" width=\"253\" height=\"190\" \/><\/a><figcaption id=\"caption-attachment-1838\" class=\"wp-caption-text\">Emilio Pascual<\/figcaption><\/figure>\n<p>\u201c<strong>Dal\u00ed versus Picasso<\/strong>\u201d es un libro de <strong>Fernando Arrabal<\/strong> que fue presentado recientemente por el propio dramaturgo, venido expresamente desde Par\u00eds. La presentaci\u00f3n se produjo en la Librer\u00eda L\u00e9, del Paseo de la Castellana de Madrid, con gentes c\u00e9lebres del mundo del teatro como la actriz <strong>Enma Cohen<\/strong>, el traductor <strong>Pollux Hern\u00fa\u00f1ez<\/strong>, o los integrantes de la Compa\u00f1\u00eda <strong>La Tarada<\/strong>, que estrenaron \u201c<strong>Fando y Lis<\/strong>\u201d en el teatro Mu\u00f1oz Seca de Madrid y despu\u00e9s salieron de gira por Espa\u00f1a, llevando esta obra a Valladolid. <strong>Emilio Pascual<\/strong>, editor de \u201c<strong>Dal\u00ed versus Picasso<\/strong>\u201d convers\u00f3 con <strong>Federico Utrera<\/strong> en los micr\u00f3fonos de Radio Exterior de Espa\u00f1a, donde explic\u00f3 el contenido de esta obra de teatro, qu\u00e9 cosas cont\u00f3 <strong>Fernando Arraba<\/strong>l sobre su relaci\u00f3n y conocimiento de <strong>Dal\u00ed y Picasso<\/strong> durante la presentaci\u00f3n del libro, qu\u00e9 relaci\u00f3n mantiene con el teatro y con Arrabal y hasta cuando se remonta.<\/p>\n<p>No fue el \u00fanico. El dramaturgo espa\u00f1ol afincado en Par\u00eds est\u00e1 siendo protagonista literario en Francia por varios motivos, entre ellos sus novedades editoriales: en \u201c<strong>L\u00b4Atelier du Roman<\/strong>\u201d, que podr\u00eda traducirse como \u201cEl Taller de la Novela\u201d, una revista de referencia que distribuye el grupo de la editorial <strong>Flammarion<\/strong> y donde han sido protagonistas autores como <strong>Milan Kundera, Martin Amis o Michel Houellebecq<\/strong>, Arrabal fue portada. Y <strong>Pollux Hern\u00fa\u00f1ez<\/strong>, traductor, hombre de teatro y prologuista de su\u00a0\u201cCarta a los Reyes Magos\u201d, charl\u00f3 tambi\u00e9n sobre estas cuestiones.<\/p>\n<figure id=\"attachment_1837\" aria-describedby=\"caption-attachment-1837\" style=\"width: 176px\" class=\"wp-caption alignleft\"><a href=\"http:\/\/editorialhijosdemuleyrubio.com\/wp-content\/uploads\/2014\/02\/pollux-hernunez.jpg\"><img loading=\"lazy\" decoding=\"async\" class=\" wp-image-1837 \" alt=\"Pollux Hern\u00fa\u00f1ez\" src=\"http:\/\/editorialhijosdemuleyrubio.com\/wp-content\/uploads\/2014\/02\/pollux-hernunez.jpg\" width=\"176\" height=\"176\" srcset=\"https:\/\/editorialhijosdemuleyrubio.com\/wp-content\/uploads\/2014\/02\/pollux-hernunez.jpg 294w, https:\/\/editorialhijosdemuleyrubio.com\/wp-content\/uploads\/2014\/02\/pollux-hernunez-150x150.jpg 150w\" sizes=\"auto, (max-width: 176px) 100vw, 176px\" \/><\/a><figcaption id=\"caption-attachment-1837\" class=\"wp-caption-text\">Pollux Hern\u00fa\u00f1ez<\/figcaption><\/figure>\n<p>Muchos lectores pensaran que <strong>Pollux Hern\u00fa\u00f1ez<\/strong> es un pseud\u00f3nimo. \u201cYo al principio cre\u00eda que era as\u00ed tambi\u00e9n hasta que el propio Pollux me deshizo el malentendido\u201d, coment\u00f3 <strong>Utrera<\/strong>, que le pidi\u00f3 a su entrevistado algunos datos m\u00e1s sobre esa portada que \u201c<strong>L\u00b4Atelier du Roman<\/strong>\u201d le hab\u00eda dedicado a <strong>Fernando Arrabal<\/strong> y cuales eran los contenidos de esta prestigiosa revista francesa.<\/p>\n<p>En su condici\u00f3n de prologuista de \u201cCarta a los Reyes Magos\u201d, <strong>Pollux Hern\u00fa\u00f1ez<\/strong> describi\u00f3 la esencia de ese libro, al igual que el titulado <strong>\u201cEl Greco<\/strong>\u201d, a secas, donde cuenta genialmente cual era la relaci\u00f3n entre estas dos estrellas del firmamento pict\u00f3rico espa\u00f1ol como fueron <strong>Diego Vel\u00e1zquez y Dominico Theotocopuli<\/strong>. Los dos fueron coet\u00e1neos y posiblemente sab\u00edan cada uno del otro, uno pintor oficial de la Corte (Vel\u00e1zquez), el otro pintor extraviado y libre (El Greco). Pollux ley\u00f3 este libro antes en su edici\u00f3n francesa y anticip\u00f3 su contenido a todos los oyentes de Radio Exterior de Espa\u00f1a.<\/p>\n<figure id=\"attachment_1841\" aria-describedby=\"caption-attachment-1841\" style=\"width: 300px\" class=\"wp-caption alignleft\"><a href=\"http:\/\/editorialhijosdemuleyrubio.com\/wp-content\/uploads\/2014\/02\/jodorowsky1.jpg\"><img loading=\"lazy\" decoding=\"async\" class=\"size-medium wp-image-1841\" alt=\"Jodorowsky y Diego Moldes\" src=\"http:\/\/editorialhijosdemuleyrubio.com\/wp-content\/uploads\/2014\/02\/jodorowsky1-300x225.jpg\" width=\"300\" height=\"225\" srcset=\"https:\/\/editorialhijosdemuleyrubio.com\/wp-content\/uploads\/2014\/02\/jodorowsky1-300x225.jpg 300w, https:\/\/editorialhijosdemuleyrubio.com\/wp-content\/uploads\/2014\/02\/jodorowsky1.jpg 572w\" sizes=\"auto, (max-width: 300px) 100vw, 300px\" \/><\/a><figcaption id=\"caption-attachment-1841\" class=\"wp-caption-text\">Jodorowsky y Diego Moldes<\/figcaption><\/figure>\n<p>Tambi\u00e9n <strong>Diego Moldes<\/strong>, escritor, cr\u00edtico cinematogr\u00e1fico, ejecutivo de marketing y publicista, autor de \u201c<strong>La imaginaci\u00f3n simb\u00f3lica en la obra cinematogr\u00e1fica de Alejandro Jodorowsky<\/strong>\u201d, \u201c<strong>La huella de V\u00e9rtigo<\/strong>\u201d, ensayo de cine sobre la influencia del film \u201cV\u00e9rtigo\u201d de Alfred Hitchcock, alabado por el fil\u00f3sofo <strong>Eugenio Tr\u00edas<\/strong>, o \u201c<strong>Roman Polanski. La fantas\u00eda del atormentado<\/strong>\u201d, primer libro sobre el cineasta escrito en espa\u00f1ol y del que el propio <strong>Roman Polanski<\/strong> le coment\u00f3 estar \u201cmuy impresionado\u201d por su \u201cgran trabajo\u201d, hab\u00eda entrevistado a <strong>Fernando Arrabal<\/strong> en un \u201cpack\u201d que acababa de salir editado por Cameo reuniendo sus mejores pel\u00edculas. De teatro y de literatura habl\u00f3 <strong>Diego Moldes<\/strong> con <strong>Arrabal<\/strong> y en conversaci\u00f3n con <strong>Federico Utrera<\/strong> desvel\u00f3 qu\u00e9 le cont\u00f3 este genio de las tablas.<\/p>\n<p>Aunque la grabaci\u00f3n no pudo encontrarse en los archivos de Prado del Rey, quedan los guiones. <strong>Diego Moldes<\/strong> habl\u00f3 de la creaci\u00f3n del Movimiento P\u00e1nico y de c\u00f3mo <strong>Arrabal<\/strong> conoci\u00f3 a <strong>Topor<\/strong>, primero, y <strong>Jodorowsky<\/strong>, despu\u00e9s. Tambi\u00e9n del componente autobiogr\u00e1fico de las pel\u00edculas <strong>\u201cViva la muerte\u201d, \u201cGuernica\u201d y \u00abJorge Luis Borges (Una vita di poes\u00eda)\u201d.<\/strong><\/p>\n<figure id=\"attachment_1840\" aria-describedby=\"caption-attachment-1840\" style=\"width: 300px\" class=\"wp-caption alignleft\"><a href=\"http:\/\/editorialhijosdemuleyrubio.com\/wp-content\/uploads\/2014\/02\/IMG_1334.jpg\"><img loading=\"lazy\" decoding=\"async\" class=\"size-medium wp-image-1840\" alt=\"Jaime Asensi y Arrabal\" src=\"http:\/\/editorialhijosdemuleyrubio.com\/wp-content\/uploads\/2014\/02\/IMG_1334-300x225.jpg\" width=\"300\" height=\"225\" srcset=\"https:\/\/editorialhijosdemuleyrubio.com\/wp-content\/uploads\/2014\/02\/IMG_1334-300x225.jpg 300w, https:\/\/editorialhijosdemuleyrubio.com\/wp-content\/uploads\/2014\/02\/IMG_1334-1024x768.jpg 1024w, https:\/\/editorialhijosdemuleyrubio.com\/wp-content\/uploads\/2014\/02\/IMG_1334.jpg 1408w\" sizes=\"auto, (max-width: 300px) 100vw, 300px\" \/><\/a><figcaption id=\"caption-attachment-1840\" class=\"wp-caption-text\">Jaime Asensi y Arrabal<\/figcaption><\/figure>\n<p>Otro autor vinculado a Arrabal es <strong>Jaime Asensi<\/strong>, que ha llevado la obra \u201cPic Nic\u201d al comic. Es una versi\u00f3n muy especial de un no menos c\u00e9lebre texto suyo y la adaptaci\u00f3n qued\u00f3 francamente bien. Primero porque hace accesible el texto a un p\u00fablico lector m\u00e1s amplio y quiz\u00e1s m\u00e1s joven tambi\u00e9n y en segundo lugar porque el propio dramaturgo estuvo muy satisfecho con el resultado de esta versi\u00f3n.<\/p>\n<p><strong>Jaime Asensi<\/strong> cuenta en el pr\u00f3logo que primero le envi\u00f3 a <strong>Arrabal<\/strong> una versi\u00f3n en c\u00f3mic del c\u00e9lebre \u201cUbu Rey\u201d de <strong>Alfred Jarry<\/strong> para conocer su opini\u00f3n, pero el propio <strong>Arrabal<\/strong> le contesta a su manera: le hab\u00eda encantado, pero menos de lo que celebrar\u00eda la adaptaci\u00f3n de una obra suya. Y entonces comienza un carteo entre ambos que acaba en este comic de \u201c<strong>Pic Nic<\/strong>\u201d. En conversaci\u00f3n con <strong>Federico Utrera<\/strong>, <strong>Jaime Asensi<\/strong> narra como fue ese cruce de emails o \u201cemilios\u201d, que es como los llama <strong>Arrabal<\/strong>, donde el dramaturgo le otorga una total libertad creativa. \u201c\u00bfEn ning\u00fan momento le dijo, por ejemplo, qu\u00e9 partes del texto original nunca se deb\u00edan suprimir o qu\u00e9 dibujos convendr\u00eda alargar m\u00e1s o desarrollar?\u201d, le pregunta <strong>Utrera, <\/strong>que tambi\u00e9n fue editor del dramaturgo. Y es que <strong>Fernando Arrabal<\/strong> escribe un pr\u00f3logo muy bello sobre esta versi\u00f3n donde celebra su condici\u00f3n de dibujante de comic, tragic\u00f3mico, artista y escritor. \u00bfAcaso el propio <strong>Arrabal<\/strong>, que es un excelente dibujante y pintor, posee experiencia como dibujante y escritor de comic? A todo responde en esta charla, donde <strong>Asensi<\/strong> aborda su faceta como pintor y dibujante, adem\u00e1s de la de escritor, poeta y dramaturgo, es decir su labor m\u00e1s pl\u00e1stica y est\u00e9tica.<\/p>\n<figure id=\"attachment_1843\" aria-describedby=\"caption-attachment-1843\" style=\"width: 300px\" class=\"wp-caption alignleft\"><a href=\"http:\/\/editorialhijosdemuleyrubio.com\/wp-content\/uploads\/2014\/02\/IMGP0085.jpg\"><img loading=\"lazy\" decoding=\"async\" class=\"size-medium wp-image-1843\" alt=\"Ra\u00fal Herrero\" src=\"http:\/\/editorialhijosdemuleyrubio.com\/wp-content\/uploads\/2014\/02\/IMGP0085-300x225.jpg\" width=\"300\" height=\"225\" srcset=\"https:\/\/editorialhijosdemuleyrubio.com\/wp-content\/uploads\/2014\/02\/IMGP0085-300x225.jpg 300w, https:\/\/editorialhijosdemuleyrubio.com\/wp-content\/uploads\/2014\/02\/IMGP0085-1024x768.jpg 1024w, https:\/\/editorialhijosdemuleyrubio.com\/wp-content\/uploads\/2014\/02\/IMGP0085.jpg 1600w\" sizes=\"auto, (max-width: 300px) 100vw, 300px\" \/><\/a><figcaption id=\"caption-attachment-1843\" class=\"wp-caption-text\">Fernando Arrabal y Ra\u00fal Herrero<\/figcaption><\/figure>\n<p>Por \u00faltimo, el editor, dramaturgo y poeta aragon\u00e9s <strong>Ra\u00fal Herrero<\/strong> fue el encargado de presentar \u201c<strong>Arrabal 80<\/strong>\u201d. Acababa de cumplir 80 a\u00f1os y sus editores espa\u00f1oles lo conmemoraron con un precioso libro titulado precisamente as\u00ed. \u201c<strong>Arrabal<\/strong> cumpli\u00f3 en 2012 sus primeros 80 a\u00f1os y nadie sabe como ha sido, pero a partir de ahora seguro que lo sabr\u00e1n porque este estupendo libro de m\u00e1s de 500 p\u00e1ginas que ha editado <strong>Ra\u00fal Herrero<\/strong> desde Zaragoza nos acerca al <strong>Fernando Arrabal<\/strong> m\u00e1s laureado, m\u00e1s perseguido, m\u00e1s representado y m\u00e1s ocultado en la mano de aquellos que mejor lo conocen y han querido homenajearlo escribiendo sobre \u00e9l o para \u00e9l\u201d, dijo <strong>Utrera<\/strong>. Y <strong>Ra\u00fal Herrero<\/strong> enumer\u00f3 los libros que lleva publicados en Espa\u00f1a de o sobre <strong>Fernando Arrabal<\/strong> y qu\u00e9 novedades arrojaba \u00e9ste.<\/p>\n<p>El volumen contiene ensayos, cartas, teatro, poes\u00eda e incluso \u201c<strong>Arte para Arrabal<\/strong>\u201d, un cap\u00edtulo gr\u00e1fico especialmente delicioso. Numerosos artistas han colaborado con sus obras para la edici\u00f3n de este libro, pero tambi\u00e9n est\u00e1n presentes los cl\u00e1sicos y encontramos textos de <strong>Kundera, Ionesco, Beckett o Jodorowski.<\/strong> Y hasta de un perro, <strong>Cl\u00e9ment<\/strong>, el fallecido can del escritor franc\u00e9s <strong>Michel Houellebecq,<\/strong> que acababa de publicar y presentar en Espa\u00f1a su Poes\u00eda Completa. As\u00ed que\u00a0<strong>Utrera<\/strong> formul\u00f3 a <strong>Herrero<\/strong> tres preguntas sobre esta recepci\u00f3n global de su autor: \u00bfEs m\u00e1s conocido en Espa\u00f1a o fuera de Espa\u00f1a? \u00bfDonde es m\u00e1s le\u00eddo? (como editor suyo\u00a0posee cifras muy precisas) \u00bfY donde es m\u00e1s apreciado y valorado? Preguntas que su impresor espa\u00f1ol m\u00e1s tenaz respondi\u00f3 sin ning\u00fan g\u00e9nero de dudas.<\/p>\n<p><a href=\"http:\/\/www.rtve.es\/alacarta\/audios\/un-idioma-sin-fronteras\/idioma-sin-fronteras-27-06-13\/1900618\/\">Entrevista con Emilio Pascual sobre \u201cDal\u00ed versus Picasso\u201d<\/a><\/p>\n<p><a href=\"http:\/\/www.rtve.es\/alacarta\/audios\/un-idioma-sin-fronteras\/idioma-sin-fronteras-18-07-13\/1943433\/\">Entrevista con Pollux Hern\u00fa\u00f1ez sobre la obra de Arrabal en Francia<\/a><\/p>\n<p><a href=\"http:\/\/www.rtve.es\/alacarta\/audios\/un-idioma-sin-fronteras\/idioma-sin-fronteras-24-03-11\/1053585\/\">Entrevista con Jaume Asensi sobre la adaptaci\u00f3n al comic de \u201cPic Nic\u201d<\/a><\/p>\n<p><a href=\"http:\/\/www.rtve.es\/alacarta\/audios\/un-idioma-sin-fronteras\/idioma-sin-frontaras-15-11-12\/1579935\/\">Entrevista con Ra\u00fal Herrero sobre el libro \u201cArrabal 80\u201d<\/a><\/p>\n","protected":false},"excerpt":{"rendered":"<p>El dramaturgo vivo m\u00e1s representado hoy\u00a0en el mundo y el m\u00e1s llevado a las tablas despu\u00e9s de William Shakespeare es un espa\u00f1ol muy c\u00e9lebre al que nadie conoce: se llama Fernando Arrabal y regresa a Espa\u00f1a a sus 81 a\u00f1os para asistir a un clandestino estreno en las naves del Teatro Espa\u00f1ol del Paseo de la Chopera (Madrid): se trata de \u201cDal\u00ed versus Picasso\u201d, la obra que vio la luz antes en un libro. A ella le ha antecedido su \u201cCarta a los Reyes Magos\u201d, la \u201cCarta al General Franco\u201d, un comic sobre \u201cPic Nic\u201d, la edici\u00f3n de lo mejor de su trayectoria cinematogr\u00e1fica y un libro homenaje por su<\/p>\n","protected":false},"author":1,"featured_media":0,"comment_status":"open","ping_status":"open","sticky":false,"template":"","format":"standard","meta":{"footnotes":""},"categories":[20,269],"tags":[366,364,57,367,365,368],"class_list":["post-1834","post","type-post","status-publish","format-standard","hentry","category-arrabal-y-houellebecq","category-teatro","tag-diego-moldes","tag-emilio-pascual","tag-fernando-arrabal","tag-jaime-asensi","tag-pollux-hernunez","tag-raul-herrero"],"views":4007,"_links":{"self":[{"href":"https:\/\/editorialhijosdemuleyrubio.com\/index.php?rest_route=\/wp\/v2\/posts\/1834","targetHints":{"allow":["GET"]}}],"collection":[{"href":"https:\/\/editorialhijosdemuleyrubio.com\/index.php?rest_route=\/wp\/v2\/posts"}],"about":[{"href":"https:\/\/editorialhijosdemuleyrubio.com\/index.php?rest_route=\/wp\/v2\/types\/post"}],"author":[{"embeddable":true,"href":"https:\/\/editorialhijosdemuleyrubio.com\/index.php?rest_route=\/wp\/v2\/users\/1"}],"replies":[{"embeddable":true,"href":"https:\/\/editorialhijosdemuleyrubio.com\/index.php?rest_route=%2Fwp%2Fv2%2Fcomments&post=1834"}],"version-history":[{"count":5,"href":"https:\/\/editorialhijosdemuleyrubio.com\/index.php?rest_route=\/wp\/v2\/posts\/1834\/revisions"}],"predecessor-version":[{"id":1865,"href":"https:\/\/editorialhijosdemuleyrubio.com\/index.php?rest_route=\/wp\/v2\/posts\/1834\/revisions\/1865"}],"wp:attachment":[{"href":"https:\/\/editorialhijosdemuleyrubio.com\/index.php?rest_route=%2Fwp%2Fv2%2Fmedia&parent=1834"}],"wp:term":[{"taxonomy":"category","embeddable":true,"href":"https:\/\/editorialhijosdemuleyrubio.com\/index.php?rest_route=%2Fwp%2Fv2%2Fcategories&post=1834"},{"taxonomy":"post_tag","embeddable":true,"href":"https:\/\/editorialhijosdemuleyrubio.com\/index.php?rest_route=%2Fwp%2Fv2%2Ftags&post=1834"}],"curies":[{"name":"wp","href":"https:\/\/api.w.org\/{rel}","templated":true}]}}