{"id":1870,"date":"2014-02-24T13:36:04","date_gmt":"2014-02-24T12:36:04","guid":{"rendered":"http:\/\/editorialhijosdemuleyrubio.com\/?p=1870"},"modified":"2014-02-24T13:36:56","modified_gmt":"2014-02-24T12:36:56","slug":"miguel-delibes-chaves-nogales-y-herrera-oria-tres-clasicos-del-periodismo-en-espana","status":"publish","type":"post","link":"https:\/\/editorialhijosdemuleyrubio.com\/?p=1870","title":{"rendered":"Miguel Delibes, Chaves Nogales y Herrera Oria: tres cl\u00e1sicos del periodismo en Espa\u00f1a"},"content":{"rendered":"<figure id=\"attachment_1872\" aria-describedby=\"caption-attachment-1872\" style=\"width: 300px\" class=\"wp-caption alignleft\"><a href=\"http:\/\/editorialhijosdemuleyrubio.com\/wp-content\/uploads\/2014\/02\/MIGUEL-DELIBES.jpg\"><img loading=\"lazy\" decoding=\"async\" class=\"size-medium wp-image-1872\" alt=\"Miguel Delibes\" src=\"http:\/\/editorialhijosdemuleyrubio.com\/wp-content\/uploads\/2014\/02\/MIGUEL-DELIBES-300x168.jpg\" width=\"300\" height=\"168\" srcset=\"https:\/\/editorialhijosdemuleyrubio.com\/wp-content\/uploads\/2014\/02\/MIGUEL-DELIBES-300x168.jpg 300w, https:\/\/editorialhijosdemuleyrubio.com\/wp-content\/uploads\/2014\/02\/MIGUEL-DELIBES.jpg 624w\" sizes=\"auto, (max-width: 300px) 100vw, 300px\" \/><\/a><figcaption id=\"caption-attachment-1872\" class=\"wp-caption-text\">Miguel Delibes<\/figcaption><\/figure>\n<p>El periodismo no est\u00e1 re\u00f1ido con la calidad literaria y cuando esto ocurre a veces toma forma de ensayo. <strong>Miguel Delibes, Chaves Nogales y Herrera Oria<\/strong> son tres cl\u00e1sicos ejemplos del periodismo en Espa\u00f1a que han adoptado forma de libro en ediciones de <strong>Ram\u00f3n Garc\u00eda Dom\u00ednguez, David Gonz\u00e1lez Romero y Jos\u00e9 Mar\u00eda Legorburu.<!--more--><\/strong><\/p>\n<p>El sexto volumen de las Obras Completas de <strong>Miguel Delibes<\/strong> est\u00e1 dedicado a su condici\u00f3n de periodista y ensayista. Recordar su faceta period\u00edstica, le\u00edda con ojos cr\u00edticos, aflora a un literato diferente al escritor costumbrista y naturalista. Su editor, <strong>Ram\u00f3n Garc\u00eda Dom\u00ednguez<\/strong>, que fue amigo personal de <strong>Miguel Delibes<\/strong>, charl\u00f3 en Radio Exterior de Espa\u00f1a con <strong>Federico Utrera<\/strong>, quien realiz\u00f3 la siguiente rese\u00f1a: \u201cMe he encontrado con un agudo y perspicaz periodista, dif\u00edcilmente encasillable, pero debo reconocer que el libro me ha enganchado. Comenc\u00e9 con los art\u00edculos de f\u00fatbol, deporte que al igual que a \u00e9l,\u00a0 me apasiona pero que quiz\u00e1s sean los que han envejecido peor. No obstante me volv\u00ed a sus art\u00edculos sobre prensa y el de \u201cardides period\u00edsticos\u201d, le\u00eddo a la contra, me parece memorable, tanto como aquellos sobre las cosas de la vida, sobre la tierra, sobre libros y literatura y sus ensayos sobre escritores que son fant\u00e1sticos, y donde intuye por ejemplo el crecimiento de <strong>Juan Goytisolo<\/strong>, por no hablar sobre los de cine\u201d.<\/p>\n<figure id=\"attachment_1875\" aria-describedby=\"caption-attachment-1875\" style=\"width: 215px\" class=\"wp-caption alignleft\"><a href=\"http:\/\/editorialhijosdemuleyrubio.com\/wp-content\/uploads\/2014\/02\/Ramon-Garcia.jpg\"><img loading=\"lazy\" decoding=\"async\" class=\"size-full wp-image-1875\" alt=\"Ram\u00f3n Garc\u00eda Dom\u00ednguez\" src=\"http:\/\/editorialhijosdemuleyrubio.com\/wp-content\/uploads\/2014\/02\/Ramon-Garcia.jpg\" width=\"215\" height=\"235\" \/><\/a><figcaption id=\"caption-attachment-1875\" class=\"wp-caption-text\">Ram\u00f3n Garc\u00eda Dom\u00ednguez<\/figcaption><\/figure>\n<p>No sab\u00edamos que a <strong>Miguel Delibes<\/strong>, cuyos libros han sido llevados al cine en muchas ocasiones, era tan aficionado al western, y en el libro figuran art\u00edculos sobre pel\u00edculas como \u201cSolo ante el peligro\u201d, \u201cR\u00edo Rojo\u201d, \u201c\u00a1Viva Zapata!\u201d o \u201cDuelo al sol\u201d, que tanto le gusta al cineasta <strong>Pedro Almod\u00f3var<\/strong>, pues la incluy\u00f3 en \u201cMatador\u201d. <strong>Ram\u00f3n Garc\u00eda Dom\u00ednguez<\/strong>, que es periodista y escritor y vive en Valladolid, ciudad cin\u00e9fila por excelencia gracias a su Festival de Cine, ha editado este libro de <strong>Miguel Delibes<\/strong>, que tambi\u00e9n recoge una cr\u00edtica cinematogr\u00e1fica a una pel\u00edcula espa\u00f1ola tipo western como fue \u201cCarne de Horca\u201d, un film de bandoleros rodado en la Serran\u00eda de Ronda y en Sierra Morena, y donde advertimos las memorables actuaciones de\u00a0<strong>Pepe Isbert o Emma Penella<\/strong>.<\/p>\n<p>Y <strong>Utrera<\/strong> a\u00f1ade: \u201cMe he detenido en los art\u00edculos de <strong>Miguel Delibes<\/strong> sobre f\u00fatbol y dec\u00eda que algunos hab\u00edan envejecido peor, como aquel que clama contra los fichajes extranjeros en este deporte, aunque yo est\u00e9 de acuerdo con ese otro que reclama menos divos y m\u00e1s cantera. O el que ensalza el futbol de ataque frente al <em>catenaccio<\/em>\u201d. <strong>Ram\u00f3n Garc\u00eda Dom\u00ednguez<\/strong> expresa su opini\u00f3n sobre estos art\u00edculos y la relaci\u00f3n de <strong>Delibes<\/strong> con el mundo del balompi\u00e9.<\/p>\n<figure id=\"attachment_1873\" aria-describedby=\"caption-attachment-1873\" style=\"width: 197px\" class=\"wp-caption alignleft\"><a href=\"http:\/\/editorialhijosdemuleyrubio.com\/wp-content\/uploads\/2014\/02\/DownloadedFile4.jpeg\"><img loading=\"lazy\" decoding=\"async\" class=\"size-full wp-image-1873\" alt=\"Manuel Chaves Nogales\" src=\"http:\/\/editorialhijosdemuleyrubio.com\/wp-content\/uploads\/2014\/02\/DownloadedFile4.jpeg\" width=\"197\" height=\"256\" \/><\/a><figcaption id=\"caption-attachment-1873\" class=\"wp-caption-text\">Manuel Chaves Nogales<\/figcaption><\/figure>\n<p>Los ensayos de<strong> Delibes<\/strong> sobre escritores coet\u00e1neos suyos son una maravilla, seg\u00fan <strong>Utrera<\/strong>. \u201cMe he fijado concretamente en el de <strong>Juan Goytisolo,<\/strong> que no he logrado averiguar cuando fue escrito pero que enjuicia sus novelas de finales de los 50 y principios de los 60, porque sale en su defensa y aconseja no precipitarse a la hora de catalogarlo. Yo s\u00e9 la versi\u00f3n de <strong>Goytisolo<\/strong> y de su encuentro en Par\u00eds y Formentor con <strong>Delibes<\/strong> pero \u00bfsupo usted algo de esta debilidad de <strong>Delibes<\/strong> por <strong>Juan Goytisolo<\/strong> como escritor y en cualquier caso como la enjuicia?\u201d. A todo ello contesta <strong>Ram\u00f3n Garc\u00eda Dom\u00ednguez<\/strong> en una entrevista que har\u00e1 las delicias de los admiradores del autor de \u201cLa sombra del cipr\u00e9s es alargada\u201d o \u201cEl hereje\u201d.<\/p>\n<figure id=\"attachment_1876\" aria-describedby=\"caption-attachment-1876\" style=\"width: 300px\" class=\"wp-caption alignleft\"><a href=\"http:\/\/editorialhijosdemuleyrubio.com\/wp-content\/uploads\/2014\/02\/a05140fb5b631a5e3af9dc67738e10e1.jpg\"><img loading=\"lazy\" decoding=\"async\" class=\"size-medium wp-image-1876\" alt=\"David Gonz\u00e1lez Romero\" src=\"http:\/\/editorialhijosdemuleyrubio.com\/wp-content\/uploads\/2014\/02\/a05140fb5b631a5e3af9dc67738e10e1-300x225.jpg\" width=\"300\" height=\"225\" srcset=\"https:\/\/editorialhijosdemuleyrubio.com\/wp-content\/uploads\/2014\/02\/a05140fb5b631a5e3af9dc67738e10e1-300x225.jpg 300w, https:\/\/editorialhijosdemuleyrubio.com\/wp-content\/uploads\/2014\/02\/a05140fb5b631a5e3af9dc67738e10e1.jpg 1024w\" sizes=\"auto, (max-width: 300px) 100vw, 300px\" \/><\/a><figcaption id=\"caption-attachment-1876\" class=\"wp-caption-text\">David Gonz\u00e1lez Romero<\/figcaption><\/figure>\n<p>Otro de los cl\u00e1sicos del periodismo espa\u00f1ol ha visto reeditada su obra \u201cIfni, la \u00faltima aventura colonial espa\u00f1ola\u201d, libro del periodista <strong>Manuel Chaves Nogales,<\/strong> que este a\u00f1o 2014 cumple el 70 aniversario de su muerte en Londres. \u00a0Pocos conocen la trayectoria de este escritor y periodista y precisamente el editor del libro, <strong>David Gonz\u00e1lez Romero,<\/strong> habla de este personaje y de su obra en Radio Exterior de Espa\u00f1a, trazando su semblanza biogr\u00e1fica y los cuatro libros suyos que han sido reeditados.<\/p>\n<p>Por \u00faltimo, el periodista <strong>Jos\u00e9 Mar\u00eda Legorburu<\/strong> ha publicado otro libro que re\u00fane una serie de ensayos sobre otro periodista y adem\u00e1s ha producido una pel\u00edcula sobre este otro cl\u00e1sico de la comunicaci\u00f3n. Hablamos de alguien que pertenece ya a la Historia de Espa\u00f1a y el libro \u201cHerrera Oria, periodista\u201d aborda la figura de este informador desde varios planos y \u00f3pticas que Jos\u00e9 Mar\u00eda Legorburu ha indagado con rigor y profundidad.<\/p>\n<figure id=\"attachment_1874\" aria-describedby=\"caption-attachment-1874\" style=\"width: 225px\" class=\"wp-caption alignleft\"><a href=\"http:\/\/editorialhijosdemuleyrubio.com\/wp-content\/uploads\/2014\/02\/340aaae835da021b6bf6d3c68985c612.jpg\"><img loading=\"lazy\" decoding=\"async\" class=\"size-medium wp-image-1874\" alt=\"Angel Herrera Oria \" src=\"http:\/\/editorialhijosdemuleyrubio.com\/wp-content\/uploads\/2014\/02\/340aaae835da021b6bf6d3c68985c612-225x300.jpg\" width=\"225\" height=\"300\" srcset=\"https:\/\/editorialhijosdemuleyrubio.com\/wp-content\/uploads\/2014\/02\/340aaae835da021b6bf6d3c68985c612-225x300.jpg 225w, https:\/\/editorialhijosdemuleyrubio.com\/wp-content\/uploads\/2014\/02\/340aaae835da021b6bf6d3c68985c612.jpg 545w\" sizes=\"auto, (max-width: 225px) 100vw, 225px\" \/><\/a><figcaption id=\"caption-attachment-1874\" class=\"wp-caption-text\">Angel Herrera Oria<\/figcaption><\/figure>\n<p>Una nube de ignorancia se ha cernido sobre <strong>Herrera Oria<\/strong>, periodista que puso en marcha por primera vez una Jefatura de Informaci\u00f3n en un peri\u00f3dico, que especializ\u00f3 a sus redactores en informaci\u00f3n econ\u00f3mica o deportiva tambi\u00e9n por primera vez, que cre\u00f3 la primera escuela de periodismo en Espa\u00f1a y que formaliz\u00f3 el primer convenio colectivo de la prensa espa\u00f1ola. El libro \u201c<strong>Herrera Oria, periodista<\/strong>\u201d re\u00fane ensayos de profesores que han estudiado su trayectoria desde distintos puntos de vista, desde <strong>Juan Cantavella,<\/strong> que investig\u00f3 su labor como profesor de periodistas y recab\u00f3 por primera vez testimonios de sus alumnos, hasta <strong>Pedro P\u00e9rez Cuadrado<\/strong>, que ha analizado el dise\u00f1o period\u00edstico de \u201cEl Debate\u201d, peri\u00f3dico que dirigi\u00f3.<\/p>\n<p><strong>Jos\u00e9 Mar\u00eda Legorburu<\/strong> ha producido tambi\u00e9n un documental sobre <strong>Angel Herrera Oria<\/strong> en el cual sorprenden varias cosas: la primera es que le llamaban \u201cel obispo rojo\u201d en M\u00e1laga, donde cre\u00f3 250 escuelas para ni\u00f1os y adultos, algo de lo que no todos los cargos p\u00fablicos pueden presumir. La segunda fue que alguna vez coment\u00f3 en privado que para ello tuvo que darle un \u201csablazo\u201d a <strong>Franco<\/strong> de 50 millones de pesetas de la \u00e9poca, lo que le convirti\u00f3 en el \u201cprimer sablista de Espa\u00f1a\u201d, seg\u00fan dec\u00eda con iron\u00eda este periodista c\u00e1ntabro.<\/p>\n<figure id=\"attachment_1877\" aria-describedby=\"caption-attachment-1877\" style=\"width: 250px\" class=\"wp-caption alignleft\"><a href=\"http:\/\/editorialhijosdemuleyrubio.com\/wp-content\/uploads\/2014\/02\/87e9a5faa3797aca3a7e8ece804642eb.jpg\"><img loading=\"lazy\" decoding=\"async\" class=\"size-full wp-image-1877\" alt=\"Jos\u00e9 Mar\u00eda Legorburu\" src=\"http:\/\/editorialhijosdemuleyrubio.com\/wp-content\/uploads\/2014\/02\/87e9a5faa3797aca3a7e8ece804642eb.jpg\" width=\"250\" height=\"250\" srcset=\"https:\/\/editorialhijosdemuleyrubio.com\/wp-content\/uploads\/2014\/02\/87e9a5faa3797aca3a7e8ece804642eb.jpg 250w, https:\/\/editorialhijosdemuleyrubio.com\/wp-content\/uploads\/2014\/02\/87e9a5faa3797aca3a7e8ece804642eb-150x150.jpg 150w\" sizes=\"auto, (max-width: 250px) 100vw, 250px\" \/><\/a><figcaption id=\"caption-attachment-1877\" class=\"wp-caption-text\">Jos\u00e9 Mar\u00eda Legorburu<\/figcaption><\/figure>\n<p>\u00bfComo fueron las relaciones de <strong>Herrera Oria<\/strong> con la Rep\u00fablica y con el franquismo? En el libro se afirma que acept\u00f3 la Rep\u00fablica por el acatamiento al poder constituido y que se las tuvo tiesas con <strong>Franco<\/strong> y con <strong>Arias Navarro<\/strong> al reclamarles en un principio una ley de prensa que permitiera los peri\u00f3dicos cat\u00f3licos y despu\u00e9s acabar con el r\u00e9gimen de censura previa. De todo ello conversa <strong>Jos\u00e9 Mar\u00eda Legorburu<\/strong> en una charla con <strong>Federico Utrera<\/strong> que merece la pena rescatarse.<\/p>\n<p><a href=\"http:\/\/www.rtve.es\/alacarta\/audios\/radio\/idioma-sin-fronteras-01-03-11\/1033053\/\">Entrevista con Ram\u00f3n Garc\u00eda Dom\u00ednguez sobre Miguel Delibes <\/a><\/p>\n<p><a href=\"http:\/\/www.rtve.es\/alacarta\/audios\/un-idioma-sin-fronteras\/idioma-sin-fronteras-26-03-13\/1736555\/\">Entrevista con David Gonz\u00e1lez Romero sobre Manuel Chaves Nogales <\/a><\/p>\n<p><a href=\"http:\/\/www.rtve.es\/alacarta\/audios\/un-idioma-sin-fronteras\/idioma-sin-fronteras-05-04-11\/1064976\/\">Entrevista con Jos\u00e9 Mar\u00eda Legorburu sobre Herrera Oria<\/a><\/p>\n","protected":false},"excerpt":{"rendered":"<p>El periodismo no est\u00e1 re\u00f1ido con la calidad literaria y cuando esto ocurre a veces toma forma de ensayo. Miguel Delibes, Chaves Nogales y Herrera Oria son tres cl\u00e1sicos ejemplos del periodismo en Espa\u00f1a que han adoptado forma de libro en ediciones de Ram\u00f3n Garc\u00eda Dom\u00ednguez, David Gonz\u00e1lez Romero y Jos\u00e9 Mar\u00eda Legorburu.<\/p>\n","protected":false},"author":1,"featured_media":0,"comment_status":"open","ping_status":"open","sticky":false,"template":"","format":"standard","meta":{"footnotes":""},"categories":[342,23],"tags":[371,197,372,374,370,373],"class_list":["post-1870","post","type-post","status-publish","format-standard","hentry","category-biblioteca-mariano-jose-de-larra","category-noticias","tag-chaves-nogales","tag-david-gonzalez-romero","tag-herrera-oria","tag-jose-maria-legorburu","tag-miguel-delibes","tag-ramon-garcia-dominguez"],"views":4225,"_links":{"self":[{"href":"https:\/\/editorialhijosdemuleyrubio.com\/index.php?rest_route=\/wp\/v2\/posts\/1870","targetHints":{"allow":["GET"]}}],"collection":[{"href":"https:\/\/editorialhijosdemuleyrubio.com\/index.php?rest_route=\/wp\/v2\/posts"}],"about":[{"href":"https:\/\/editorialhijosdemuleyrubio.com\/index.php?rest_route=\/wp\/v2\/types\/post"}],"author":[{"embeddable":true,"href":"https:\/\/editorialhijosdemuleyrubio.com\/index.php?rest_route=\/wp\/v2\/users\/1"}],"replies":[{"embeddable":true,"href":"https:\/\/editorialhijosdemuleyrubio.com\/index.php?rest_route=%2Fwp%2Fv2%2Fcomments&post=1870"}],"version-history":[{"count":4,"href":"https:\/\/editorialhijosdemuleyrubio.com\/index.php?rest_route=\/wp\/v2\/posts\/1870\/revisions"}],"predecessor-version":[{"id":1880,"href":"https:\/\/editorialhijosdemuleyrubio.com\/index.php?rest_route=\/wp\/v2\/posts\/1870\/revisions\/1880"}],"wp:attachment":[{"href":"https:\/\/editorialhijosdemuleyrubio.com\/index.php?rest_route=%2Fwp%2Fv2%2Fmedia&parent=1870"}],"wp:term":[{"taxonomy":"category","embeddable":true,"href":"https:\/\/editorialhijosdemuleyrubio.com\/index.php?rest_route=%2Fwp%2Fv2%2Fcategories&post=1870"},{"taxonomy":"post_tag","embeddable":true,"href":"https:\/\/editorialhijosdemuleyrubio.com\/index.php?rest_route=%2Fwp%2Fv2%2Ftags&post=1870"}],"curies":[{"name":"wp","href":"https:\/\/api.w.org\/{rel}","templated":true}]}}