{"id":1881,"date":"2014-02-24T14:30:01","date_gmt":"2014-02-24T13:30:01","guid":{"rendered":"http:\/\/editorialhijosdemuleyrubio.com\/?p=1881"},"modified":"2014-02-24T14:30:01","modified_gmt":"2014-02-24T13:30:01","slug":"vargas-llosa-y-vazquez-montalban-otra-forma-de-ejercer-el-periodismo-y-el-ensayo-descritos-por-wilfredo-corral-y-jose-colmeiro","status":"publish","type":"post","link":"https:\/\/editorialhijosdemuleyrubio.com\/?p=1881","title":{"rendered":"Vargas Llosa y V\u00e1zquez Montalb\u00e1n, otra forma de ejercer el periodismo y el ensayo, descritos por Wilfredo Corral y Jos\u00e9 Colmeiro"},"content":{"rendered":"<figure id=\"attachment_1884\" aria-describedby=\"caption-attachment-1884\" style=\"width: 300px\" class=\"wp-caption alignleft\"><a href=\"http:\/\/editorialhijosdemuleyrubio.com\/wp-content\/uploads\/2014\/02\/Vargas-Llosa.jpg\"><img loading=\"lazy\" decoding=\"async\" class=\"size-medium wp-image-1884\" alt=\"Mario Vargas Llosa\" src=\"http:\/\/editorialhijosdemuleyrubio.com\/wp-content\/uploads\/2014\/02\/Vargas-Llosa-300x234.jpg\" width=\"300\" height=\"234\" srcset=\"https:\/\/editorialhijosdemuleyrubio.com\/wp-content\/uploads\/2014\/02\/Vargas-Llosa-300x234.jpg 300w, https:\/\/editorialhijosdemuleyrubio.com\/wp-content\/uploads\/2014\/02\/Vargas-Llosa-1024x801.jpg 1024w, https:\/\/editorialhijosdemuleyrubio.com\/wp-content\/uploads\/2014\/02\/Vargas-Llosa.jpg 2000w\" sizes=\"auto, (max-width: 300px) 100vw, 300px\" \/><\/a><figcaption id=\"caption-attachment-1884\" class=\"wp-caption-text\">Mario Vargas Llosa<\/figcaption><\/figure>\n<p><strong>Wilfrido Corral<\/strong> acaba de publicar \u201c<strong>la batalla en las ideas<\/strong>\u201d, un libro que seguramente har\u00e1 las delicias de los lectores del escritor peruano-espa\u00f1ol y Premio Nobel, que tambi\u00e9n ejerce el periodismo como columnista y ensayista. Algo similar a lo que le ocurr\u00eda al escritor <strong>Manuel V\u00e1zquez Montalb\u00e1n<\/strong>, protagonista de un nuevo volumen: se trata de \u201c<strong>El ruido y la furia<\/strong>\u201d de <strong>Jos\u00e9 Colmeiro<\/strong>, que recoge una serie de conversaciones con el autor barcelon\u00e9s, del que en 2013 se cumplieron 10 a\u00f1os de su muerte.<\/p>\n<p><!--more--><\/p>\n<p>Los que degustan el g\u00e9nero del ensayo quiz\u00e1s m\u00e1s que la novela \u2013en esta \u00e9poca de tan malas novelas y de tanta mediocridad en tantas artes y g\u00e9neros\u2013\u00a0se topar\u00e1n con la grata lectura de \u201c<strong>Vargas Llosa, la batalla en las ideas<\/strong>\u201d porque encontrar\u00e1n un ensayo digno de tal nombre que, como un caleidoscopio, analiza y divulga la complejidad de un escritor como <strong>Vargas Llosa<\/strong>. Todo ello convierte a su autor, en este caso <strong>Wilfrido Corral<\/strong>, en un cr\u00edtico cuya orfebrer\u00eda se asemeja al trabajo de un artista.<\/p>\n<p>Aparte de este trabajo,\u00a0<strong>Wilfrido Corral<\/strong> ha escrito sobre otros autores \u00abrebeldes\u00bb como \u00e9l, en varios sentidos, y de ah\u00ed sus libros sobre <strong>Augusto Monterroso<\/strong> o <strong>Roberto Bola\u00f1o<\/strong>, adem\u00e1s de su C\u00e1tedra Abierta Roberto Bola\u00f1o en Chile. <strong>Wilfrido Corral<\/strong> ha sido\u00a0docente en las universidades de Stanford y\u00a0Massachusetts (Estados Unidos), adem\u00e1s de profesor visitante en otras universidades norteamericanas e hispanoamericanas.<\/p>\n<p>En su libro, al hablar sobre la no ficci\u00f3n en <strong>Vargas Llosa<\/strong>, escribe que el hecho de que el peruano no tenga una calidad afor\u00edstica, epigram\u00e1tica o fragmentaria no quiere decir que no se encuentre en ella una fluidez de la forma. Esta cr\u00edtica que le hace a <strong>Vargas Llosa<\/strong> y si su libro es complaciente o no con el autor fue uno de los temas abordados con <strong>Federico Utrera<\/strong> durante una conversaci\u00f3n mantenida en Radio Exterior de Espa\u00f1a.<\/p>\n<figure id=\"attachment_1886\" aria-describedby=\"caption-attachment-1886\" style=\"width: 262px\" class=\"wp-caption alignleft\"><a href=\"http:\/\/editorialhijosdemuleyrubio.com\/wp-content\/uploads\/2014\/02\/DownloadedFile-14-19-59.jpeg\"><img loading=\"lazy\" decoding=\"async\" class=\"size-full wp-image-1886\" alt=\"Wilfrido Corral\" src=\"http:\/\/editorialhijosdemuleyrubio.com\/wp-content\/uploads\/2014\/02\/DownloadedFile-14-19-59.jpeg\" width=\"262\" height=\"193\" \/><\/a><figcaption id=\"caption-attachment-1886\" class=\"wp-caption-text\">Wilfrido Corral<\/figcaption><\/figure>\n<p>Tambi\u00e9n desvela en el libro que los h\u00e9roes intelectuales de <strong>Vargas Llosa<\/strong> son escritores y pensadores como <strong>Sartre, Camus, Carlos Rangel, Angel Rama, Karl Popper, Isaiah Berlin y Jean Fran\u00e7ois Revel<\/strong>. El texto desgrana su relaci\u00f3n con todos ellos y <strong>Wilfrido Corral<\/strong> esboza una breve pincelada que describe esa relaci\u00f3n con cada uno de estos siete grandes del pensamiento moderno.<\/p>\n<p>El libro sostiene tambi\u00e9n que <strong>Vargas Llosa<\/strong> ejerce un \u201cperiodismo de ideas\u201d donde su excepci\u00f3n es la regla, y en esa tradici\u00f3n de periodistas excepcionales que practicaron el pensamiento podr\u00edamos encuadrar a <strong>Larra o Blanco White<\/strong> (en espa\u00f1ol), <strong>Camus o Sartre<\/strong> (en franc\u00e9s) y <strong>Karl Kraus<\/strong> (en alem\u00e1n, la lengua de ese Larra vien\u00e9s), sin dejar de mencionar a <strong>Chesterton<\/strong> (en lengua inglesa). <strong>Wilfrido Corral<\/strong> corrobora y ampl\u00eda esa relaci\u00f3n de \u201cperiodistas de ideas\u201d como \u00e9l los define y justifica por qu\u00e9 mantiene que <strong>Vargas Llosa<\/strong> es una excepci\u00f3n entre los periodistas vivos de hoy en d\u00eda.<\/p>\n<p>\u201cLa raz\u00f3n de ser de la ficci\u00f3n no es representar la realidad sino negarla\u201d, fueron palabras de <strong>Vargas Llosa<\/strong> al recibir el Premio Cervantes, pues al creador del Quijote le llamaba \u201cprestidigitador verbal\u201d. <strong>Wilfrido Corral<\/strong> recuerda que tambi\u00e9n vaticin\u00f3 que la cultura literaria sobrevivir\u00eda solo al margen de la principal, que ser\u00eda la audiovisual, y que la cultura de occidente est\u00e1 permitiendo que pueda olvidarse la lectura. \u00bfComparte esta visi\u00f3n o realmente siempre ha sido hist\u00f3ricamente as\u00ed \u2013la lectura como un h\u00e1bito de minor\u00edas frente a mayor\u00edas ic\u00f3nicas\u2013? A este pregunta responde <strong>Wilfrido Corral<\/strong> en esta interesante charla con <strong>Utrera<\/strong>, donde el autor del libro se manifiesta adem\u00e1s sobre la libertad de prensa frente al amarillismo, los libelos y los panfletos, el peligro de la autocensura y sus proclamas en favor de la dispersi\u00f3n del poder entre la sociedad civil.<\/p>\n<figure id=\"attachment_1887\" aria-describedby=\"caption-attachment-1887\" style=\"width: 300px\" class=\"wp-caption alignleft\"><a href=\"http:\/\/editorialhijosdemuleyrubio.com\/wp-content\/uploads\/2014\/02\/tonel.jpg\"><img loading=\"lazy\" decoding=\"async\" class=\"size-medium wp-image-1887\" alt=\"Manuel V\u00e1zquez Montalb\u00e1n\" src=\"http:\/\/editorialhijosdemuleyrubio.com\/wp-content\/uploads\/2014\/02\/tonel-300x238.jpg\" width=\"300\" height=\"238\" srcset=\"https:\/\/editorialhijosdemuleyrubio.com\/wp-content\/uploads\/2014\/02\/tonel-300x238.jpg 300w, https:\/\/editorialhijosdemuleyrubio.com\/wp-content\/uploads\/2014\/02\/tonel.jpg 1024w\" sizes=\"auto, (max-width: 300px) 100vw, 300px\" \/><\/a><figcaption id=\"caption-attachment-1887\" class=\"wp-caption-text\">Manuel V\u00e1zquez Montalb\u00e1n<\/figcaption><\/figure>\n<p><strong>Manuel V\u00e1zquez Montalb\u00e1n<\/strong> tambi\u00e9n forma parte de la historia del periodismo moderno y de la literatura espa\u00f1ola de la segunda mitad siglo XX y ahora otro libro rescata sus conversaciones m\u00e1s memorables con <strong>Jos\u00e9 Colmeiro<\/strong>, periodista, profesor y director de la c\u00e1tedra \u00a8Principe de Asturias\u00a8 en la Universidad de Auckland, ubicada en la isla Norte de Nueva Zelanda.<\/p>\n<p><strong>Colmeiro<\/strong> es uno de los mejores especialistas espa\u00f1oles en la vida y obra de <strong>V\u00e1zquez Montalb\u00e1n <\/strong>pero\u00a0\u00bfcuando entabl\u00f3 relaci\u00f3n con \u00e9l y como podr\u00eda resumir la vida y obra de este escritor que naci\u00f3 en Barcelona y muri\u00f3 en Bangkok (Tailandia)? A ello responde en Radio Exterior de Espa\u00f1a durante una charla con <strong>Federico Utrera<\/strong>, que le pregunta adem\u00e1s por su faceta de intelectual, periodista y escritor.<\/p>\n<figure id=\"attachment_1885\" aria-describedby=\"caption-attachment-1885\" style=\"width: 300px\" class=\"wp-caption alignleft\"><a href=\"http:\/\/editorialhijosdemuleyrubio.com\/wp-content\/uploads\/2014\/02\/jose_colmeiro-1024x768.jpg\"><img loading=\"lazy\" decoding=\"async\" class=\"size-medium wp-image-1885\" alt=\"Jos\u00e9 Colmeiro\" src=\"http:\/\/editorialhijosdemuleyrubio.com\/wp-content\/uploads\/2014\/02\/jose_colmeiro-1024x768-300x225.jpg\" width=\"300\" height=\"225\" srcset=\"https:\/\/editorialhijosdemuleyrubio.com\/wp-content\/uploads\/2014\/02\/jose_colmeiro-1024x768-300x225.jpg 300w, https:\/\/editorialhijosdemuleyrubio.com\/wp-content\/uploads\/2014\/02\/jose_colmeiro-1024x768.jpg 1024w\" sizes=\"auto, (max-width: 300px) 100vw, 300px\" \/><\/a><figcaption id=\"caption-attachment-1885\" class=\"wp-caption-text\">Jos\u00e9 Colmeiro<\/figcaption><\/figure>\n<p>Y \u00bfcon cual de ellas cree <strong>Colmeiro<\/strong> que pasar\u00e1 <strong>V\u00e1zquez Montalb\u00e1n<\/strong> a la historia de las letras espa\u00f1olas y cual ha intentado subrayar m\u00e1s en las entrevistas que recoge este libro? Todas estas cuestiones se abordan en un libro donde\u00a0<strong>Colmeiro<\/strong> reivindica el pensamiento cr\u00edtico de <strong>V\u00e1zquez Montalb\u00e1n<\/strong> a lo largo de sus textos y de sus conversaciones con \u00e9l. El poso que ha quedado del pensamiento de este autor en la Espa\u00f1a de hoy es el punto final de esta grata conversaci\u00f3n que sorprende por la frescura y profundidad con que aborda la cuidada y original obra de <strong>Manuel V\u00e1zquez Montalb\u00e1n.<\/strong><\/p>\n<p><a href=\"http:\/\/www.rtve.es\/alacarta\/audios\/un-idioma-sin-fronteras\/idioma-sin-fronteras-13-02-14\/2395408\/\t\">Entrevista con Wilfrido Corral sobre Vargas Llosa<\/a><\/p>\n<p><a href=\"http:\/\/www.rtve.es\/alacarta\/audios\/un-idioma-sin-fronteras\/idioma-sin-fronteras-16-01-14\/2318550\/\">Entrevista con Jos\u00e9 Colmeiro sobre V\u00e1zquez Montalb\u00e1n<\/a><\/p>\n<p>&nbsp;<\/p>\n<p>&nbsp;<\/p>\n","protected":false},"excerpt":{"rendered":"<p>Wilfrido Corral acaba de publicar \u201cla batalla en las ideas\u201d, un libro que seguramente har\u00e1 las delicias de los lectores del escritor peruano-espa\u00f1ol y Premio Nobel, que tambi\u00e9n ejerce el periodismo como columnista y ensayista. Algo similar a lo que le ocurr\u00eda al escritor Manuel V\u00e1zquez Montalb\u00e1n, protagonista de un nuevo volumen: se trata de \u201cEl ruido y la furia\u201d de Jos\u00e9 Colmeiro, que recoge una serie de conversaciones con el autor barcelon\u00e9s, del que en 2013 se cumplieron 10 a\u00f1os de su muerte.<\/p>\n","protected":false},"author":1,"featured_media":0,"comment_status":"open","ping_status":"open","sticky":false,"template":"","format":"standard","meta":{"footnotes":""},"categories":[342,23],"tags":[377,375,376,378],"class_list":["post-1881","post","type-post","status-publish","format-standard","hentry","category-biblioteca-mariano-jose-de-larra","category-noticias","tag-jose-colmeiro","tag-vargas-llosa","tag-vazquez-montalban","tag-wilfrido-corral"],"views":4139,"_links":{"self":[{"href":"https:\/\/editorialhijosdemuleyrubio.com\/index.php?rest_route=\/wp\/v2\/posts\/1881","targetHints":{"allow":["GET"]}}],"collection":[{"href":"https:\/\/editorialhijosdemuleyrubio.com\/index.php?rest_route=\/wp\/v2\/posts"}],"about":[{"href":"https:\/\/editorialhijosdemuleyrubio.com\/index.php?rest_route=\/wp\/v2\/types\/post"}],"author":[{"embeddable":true,"href":"https:\/\/editorialhijosdemuleyrubio.com\/index.php?rest_route=\/wp\/v2\/users\/1"}],"replies":[{"embeddable":true,"href":"https:\/\/editorialhijosdemuleyrubio.com\/index.php?rest_route=%2Fwp%2Fv2%2Fcomments&post=1881"}],"version-history":[{"count":4,"href":"https:\/\/editorialhijosdemuleyrubio.com\/index.php?rest_route=\/wp\/v2\/posts\/1881\/revisions"}],"predecessor-version":[{"id":1889,"href":"https:\/\/editorialhijosdemuleyrubio.com\/index.php?rest_route=\/wp\/v2\/posts\/1881\/revisions\/1889"}],"wp:attachment":[{"href":"https:\/\/editorialhijosdemuleyrubio.com\/index.php?rest_route=%2Fwp%2Fv2%2Fmedia&parent=1881"}],"wp:term":[{"taxonomy":"category","embeddable":true,"href":"https:\/\/editorialhijosdemuleyrubio.com\/index.php?rest_route=%2Fwp%2Fv2%2Fcategories&post=1881"},{"taxonomy":"post_tag","embeddable":true,"href":"https:\/\/editorialhijosdemuleyrubio.com\/index.php?rest_route=%2Fwp%2Fv2%2Ftags&post=1881"}],"curies":[{"name":"wp","href":"https:\/\/api.w.org\/{rel}","templated":true}]}}