{"id":1900,"date":"2014-03-04T19:26:30","date_gmt":"2014-03-04T18:26:30","guid":{"rendered":"http:\/\/editorialhijosdemuleyrubio.com\/?p=1900"},"modified":"2022-09-23T05:53:25","modified_gmt":"2022-09-23T03:53:25","slug":"juan-hidalgo-toni-muntadas-y-pedro-garhel-tres-artistas-visuales-pioneros-en-espana","status":"publish","type":"post","link":"https:\/\/editorialhijosdemuleyrubio.com\/?p=1900","title":{"rendered":"Juan Hidalgo, Toni Muntadas y Pedro Garhel: tres artistas visuales pioneros en Espa\u00f1a"},"content":{"rendered":"<figure id=\"attachment_1907\" aria-describedby=\"caption-attachment-1907\" style=\"width: 300px\" class=\"wp-caption alignleft\"><a href=\"http:\/\/editorialhijosdemuleyrubio.com\/wp-content\/uploads\/2014\/03\/hidalgo.jpg\"><img loading=\"lazy\" decoding=\"async\" class=\"size-medium wp-image-1907\" src=\"http:\/\/editorialhijosdemuleyrubio.com\/wp-content\/uploads\/2014\/03\/hidalgo-300x155.jpg\" alt=\"Juan Hidalgo\" width=\"300\" height=\"155\" srcset=\"https:\/\/editorialhijosdemuleyrubio.com\/wp-content\/uploads\/2014\/03\/hidalgo-300x155.jpg 300w, https:\/\/editorialhijosdemuleyrubio.com\/wp-content\/uploads\/2014\/03\/hidalgo.jpg 400w\" sizes=\"auto, (max-width: 300px) 100vw, 300px\" \/><\/a><figcaption id=\"caption-attachment-1907\" class=\"wp-caption-text\">Juan Hidalgo<\/figcaption><\/figure>\n<p>El grancanario<strong> Juan Hidalgo<\/strong> (1927), el catal\u00e1n <strong>Antoni Muntadas<\/strong> (1942) y el tinerfe\u00f1o <strong>Pedro Garhel<\/strong> (1951-2005) son tres artistas visuales espa\u00f1oles que han sido pioneros en el videoarte, la performance y la acci\u00f3n sonora, el primero como fundador del <strong>grupo ZAJ<\/strong> \u2013los <strong>Fluxus espa\u00f1oles<\/strong>\u2013, el segundo como videoartista y el tercero como performer pero tambi\u00e9n conocido por sus v\u00eddeos, instalaciones y obras sonoras. Tres libros se hacen necesarios para seguir sus trayectorias.<!--more--><\/p>\n<p>El primero se titula \u201c<strong>Zaj. Colecci\u00f3n Archivo Conz<\/strong>\u201d, y recoge la generosa donaci\u00f3n que hizo el mecenas <strong>Francesco Conz<\/strong> de obras del grupo de vanguardia art\u00edstica espa\u00f1ola <strong>ZAJ<\/strong>, fundado en 1964 por los compositores<strong> Juan Hidalgo, Ram\u00f3n Barce y Walter Marchetti<\/strong>, a los que se unieron con posterioridad <strong>Esther Ferrer y Jos\u00e9 Luis Fern\u00e1ndez Castillejo<\/strong>, artistas pioneros en Espa\u00f1a de la denominada \u201cM\u00fasica de Acci\u00f3n\u201d.<\/p>\n<p><strong>Juan Hidalgo<\/strong> pas\u00f3 por los micr\u00f3fonos de Radio Exterior de Espa\u00f1a, donde fue entrevistado por <strong>Federico Utrera<\/strong>: \u201cEs una maravilla, ya la colecci\u00f3n en s\u00ed es un portento de alguien que ha sido definido como \u201cun alma enferma de infinito en una sociedad que s\u00f3lo cree en las cosas finitas\u201d y me parece muy acertada\u201d. \u00bfQue es ZAJ? \u00bfEs m\u00fasica? \u00bfEs fotograf\u00eda? \u00bfEs teatro? \u00bfescultura? \u00bfinstalaciones? \u00bfvideoarte? \u00bfpintura? \u00bfpoes\u00eda?\u00bb, se pregunta <strong>Utrera<\/strong>.<\/p>\n<figure id=\"attachment_1910\" aria-describedby=\"caption-attachment-1910\" style=\"width: 300px\" class=\"wp-caption alignleft\"><a href=\"http:\/\/editorialhijosdemuleyrubio.com\/wp-content\/uploads\/2014\/03\/juan-hidalgo-zaj-L-1.jpeg\"><img loading=\"lazy\" decoding=\"async\" class=\"size-medium wp-image-1910\" src=\"http:\/\/editorialhijosdemuleyrubio.com\/wp-content\/uploads\/2014\/03\/juan-hidalgo-zaj-L-1-300x221.jpeg\" alt=\"Juan Hidalgo\" width=\"300\" height=\"221\" srcset=\"https:\/\/editorialhijosdemuleyrubio.com\/wp-content\/uploads\/2014\/03\/juan-hidalgo-zaj-L-1-300x221.jpeg 300w, https:\/\/editorialhijosdemuleyrubio.com\/wp-content\/uploads\/2014\/03\/juan-hidalgo-zaj-L-1.jpeg 400w\" sizes=\"auto, (max-width: 300px) 100vw, 300px\" \/><\/a><figcaption id=\"caption-attachment-1910\" class=\"wp-caption-text\">Juan Hidalgo<\/figcaption><\/figure>\n<p>\u201cQuiz\u00e1s <strong>ZAJ<\/strong> sea un poco de todo y sabemos tambi\u00e9n lo que no es: ni vulgaridad, ni t\u00f3picos, ni mal gusto, ni provocaci\u00f3n, en el sentido en que la pronuncian sus m\u00e1s encarnizados enemigos, sino m\u00e1s bien evocaci\u00f3n de la sensibilidad, el ritmo (pero otros ritmos que no estamos acostumbrados a escuchar) y sobre todo belleza, la que han puesto en marcha, en marcha de<strong> Marchetti<\/strong>, unas damas como <strong>Esther<\/strong> y un <strong>Hidalgo<\/strong>\u00a0quijotesco que desde hace 45 a\u00f1os, que son muchos a\u00f1os, han querido introducir algo de modernidad y originalidad en el panorama art\u00edstico de la humanidad\u201d, dijo <strong>Utrera<\/strong> en su rese\u00f1a, tras recordar que <strong>Carlos Asti\u00e1rraga<\/strong>, otro artista que lo conoce muy bien, se lo present\u00f3 hace unos a\u00f1os. Porque uno de los principales hidalgos de esta caballer\u00eda del sentido es espa\u00f1ol, canario por m\u00e1s se\u00f1as, de Las Palmas de Gran Canaria, que naci\u00f3 en el m\u00edtico a\u00f1o de 1927: hablamos de <strong>Juan Hidalgo<\/strong>.<\/p>\n<figure id=\"attachment_1909\" aria-describedby=\"caption-attachment-1909\" style=\"width: 291px\" class=\"wp-caption alignleft\"><a href=\"http:\/\/editorialhijosdemuleyrubio.com\/wp-content\/uploads\/2014\/03\/DownloadedFile.jpeg\"><img loading=\"lazy\" decoding=\"async\" class=\"size-full wp-image-1909\" src=\"http:\/\/editorialhijosdemuleyrubio.com\/wp-content\/uploads\/2014\/03\/DownloadedFile.jpeg\" alt=\"Antoni Muntadas\" width=\"291\" height=\"173\" \/><\/a><figcaption id=\"caption-attachment-1909\" class=\"wp-caption-text\">Antoni Muntadas<\/figcaption><\/figure>\n<p>En esta desenfadada entrevista, <strong>Juan Hidalgo<\/strong> valora este libro sobre <strong>ZAJ.<\/strong> La colecci\u00f3n de <strong>Francesco Conz<\/strong> recoge \u201cMusica Visible\u201d, \u201cFotos de Acciones\u201d, \u201cFotos Montaje\u201d. Serigraf\u00edas, Perfomance&#8230; \u201c\u00bfQu\u00e9 obras destacar\u00eda usted porque le atraigan especialmente?\u201d, le preguntan a <strong>Hidalgo<\/strong>. Y <strong>Federico Utrera<\/strong> muestra su extra\u00f1eza por \u201cestos tiempos en los que hablamos de <strong>Juan Goytisolo, Fernando Arrabal o Juan Hidalgo<\/strong> como vanguardistas y resulta que las vanguardias art\u00edsticas las representan los m\u00e1s veteranos y no los m\u00e1s j\u00f3venes\u201d. En el libro se reproducen varios de los famosos pianos del artista: uno de papel higi\u00e9nico, otro con alas y un conjunto formado por tres pianos, verde, blanco y rojo. Todos est\u00e1n abiertos, \u201cpero yo vi otra obra con un piano cerrado por una bandera de Canarias que ha dado lugar a m\u00faltiples interpretaciones \u00bflas banderas son poco compatibles con los pianos?\u201d. Y como siempre, <strong>Juan Hidalgo<\/strong>, en su genialidad, da respuesta al enigma.<\/p>\n<figure id=\"attachment_1905\" aria-describedby=\"caption-attachment-1905\" style=\"width: 300px\" class=\"wp-caption alignleft\"><a href=\"http:\/\/editorialhijosdemuleyrubio.com\/wp-content\/uploads\/2014\/03\/12217628_31da2a6c.jpg\"><img loading=\"lazy\" decoding=\"async\" class=\"size-medium wp-image-1905\" src=\"http:\/\/editorialhijosdemuleyrubio.com\/wp-content\/uploads\/2014\/03\/12217628_31da2a6c-300x200.jpg\" alt=\"Mois\u00e9s P\u00e9rez de Alb\u00e9niz\" width=\"300\" height=\"200\" srcset=\"https:\/\/editorialhijosdemuleyrubio.com\/wp-content\/uploads\/2014\/03\/12217628_31da2a6c-300x200.jpg 300w, https:\/\/editorialhijosdemuleyrubio.com\/wp-content\/uploads\/2014\/03\/12217628_31da2a6c.jpg 990w\" sizes=\"auto, (max-width: 300px) 100vw, 300px\" \/><\/a><figcaption id=\"caption-attachment-1905\" class=\"wp-caption-text\">Mois\u00e9s P\u00e9rez de Alb\u00e9niz<\/figcaption><\/figure>\n<p><strong>\u201cEntre \/ Between\u201d<\/strong> es el t\u00edtulo de otro libro del videoartista espa\u00f1ol <strong>Antoni Muntadas<\/strong>, otro de los pioneros, que es quiz\u00e1s el calificativo que menos le disguste. Recoge una serie de ensayos muy cualificados sobre su obra que, a punto de cumplir 70 a\u00f1os (lo hizo en 2012), supuso alcanzar por fin un reconocimiento por parte del gran p\u00fablico y dejar de ser patrimonio de una minor\u00eda exquisita y vanguardista. Uno de sus galeristas, el navarro <strong>Mois\u00e9s P\u00e9rez de Alb\u00e9niz<\/strong>, que asist\u00eda en Bilbao a la inauguraci\u00f3n de una exposici\u00f3n del artista vasco <strong>Txomin Badiola<\/strong>, recuerda cuando conoci\u00f3 a <strong>Toni Muntadas<\/strong>, qu\u00e9 obra suya ha expuesto en su galer\u00eda y qu\u00e9 le parece como videoartista, como fot\u00f3grafo y como intelectual y pensador.<\/p>\n<figure id=\"attachment_1906\" aria-describedby=\"caption-attachment-1906\" style=\"width: 280px\" class=\"wp-caption alignleft\"><a href=\"http:\/\/editorialhijosdemuleyrubio.com\/wp-content\/uploads\/2014\/03\/jpg2jpg_rec.php_.jpeg\"><img loading=\"lazy\" decoding=\"async\" class=\"size-full wp-image-1906\" src=\"http:\/\/editorialhijosdemuleyrubio.com\/wp-content\/uploads\/2014\/03\/jpg2jpg_rec.php_.jpeg\" alt=\"Pedro Garhel\" width=\"280\" height=\"185\" \/><\/a><figcaption id=\"caption-attachment-1906\" class=\"wp-caption-text\">Pedro Garhel<\/figcaption><\/figure>\n<p>En una charla mantenida en Radio Exterior de Espa\u00f1a, <strong>Federico Utrera<\/strong> le pregunta a <strong>P\u00e9rez de Alb\u00e9niz<\/strong> si no tiene la impresi\u00f3n de que este reconocimiento m\u00e1s extendido con esta gran muestra llega un poco tarde \u00bfo quiz\u00e1s lo hace en su justo momento? Hay varias series de <strong>Muntadas<\/strong> que recogen su faceta de fot\u00f3grafo, todas ellas se han podido ver en las galer\u00edas <strong>Mois\u00e9s P\u00e9rez de Alb\u00e9niz<\/strong> en Navarra, tambi\u00e9n en <strong>Juan Sili\u00f3<\/strong> de Cantabria o en <strong>Joan Prats<\/strong> de Barcelona, pero en concreto hay dos que se titulan \u201cLisboa-Bogot\u00e1\u201d y \u201cAlmer\u00eda-Budapest\u201d que causan especial estupefacci\u00f3n por su t\u00e9cnica y su belleza. De todo ello habla el marchante, en un testimonio que adem\u00e1s se ampl\u00eda con sendas entrevistas escritas de <strong>Utrera<\/strong> con <strong>Muntadas e Hidalgo<\/strong> y que tambi\u00e9n est\u00e1n disponibles en PDF.<\/p>\n<figure id=\"attachment_1908\" aria-describedby=\"caption-attachment-1908\" style=\"width: 274px\" class=\"wp-caption alignleft\"><a href=\"http:\/\/editorialhijosdemuleyrubio.com\/wp-content\/uploads\/2014\/03\/espacio_p_5.jpg\"><img loading=\"lazy\" decoding=\"async\" class=\"size-full wp-image-1908\" src=\"http:\/\/editorialhijosdemuleyrubio.com\/wp-content\/uploads\/2014\/03\/espacio_p_5.jpg\" alt=\"Karin Ohlenschl\u00e4ger\" width=\"274\" height=\"200\" \/><\/a><figcaption id=\"caption-attachment-1908\" class=\"wp-caption-text\">Karin Ohlenschl\u00e4ger<\/figcaption><\/figure>\n<p>Por \u00faltimo, \u201c<strong>Pedro Garhel. Retrospectiva<\/strong>\u201d, es el libro editado en memoria del artista espa\u00f1ol, otro de los pioneros del videoarte, volumen que recoge sobre todo sus aspectos biogr\u00e1ficos y art\u00edsticos. Pocos conocen a <strong>Pedro Garhel<\/strong>, ese artista que falleci\u00f3 en 2005 y que hac\u00eda videoarte cuando nadie sab\u00eda lo que era, hac\u00eda performance cuando no hab\u00eda llegado este arte a Espa\u00f1a y se convirti\u00f3 en un referente de la vanguardia esc\u00e9nica y visual espa\u00f1ola. La coordinadora del libro, <strong>Karin Ohlenschl\u00e4ger<\/strong>, tambi\u00e9n fue entrevistada por <strong>Federico Utrera<\/strong> en Radio Exterior de Espa\u00f1a y all\u00ed le pregunt\u00f3 quien era <strong>Pedro Garhel<\/strong>, donde cre\u00eda que radicaba la mayor originalidad de su arte en un artista tan polifac\u00e9tico y qu\u00e9 ensayos de distintos autores seleccion\u00f3 para este libro.<\/p>\n<p><a href=\"http:\/\/mvod.lvlt.rtve.es\/resources\/TE_SUNIDI\/mp3\/1\/0\/1244031443901.mp3\">Entrevista con Juan Hidalgo. sobre \u00abZAJ. Colecci\u00f3n Archivo Conz\u00bb.<\/a><\/p>\n<p><a href=\"http:\/\/www.rtve.es\/alacarta\/audios\/un-idioma-sin-fronteras\/idioma-sin-fronteras-12-01-12\/1293124\/\">Entrevista con Mois\u00e9s P\u00e9rez de Alb\u00e9niz sobre Antoni Muntadas<\/a><\/p>\n<p><a href=\"http:\/\/www.rtve.es\/alacarta\/audios\/un-idioma-sin-fronteras\/idioma-sin-fronteras-04-08-11\/1167536\/\">Entrevista con Karin Ohlenschl\u00e4ger sobre Pedro Garhel<\/a><\/p>\n<p><a href=\"http:\/\/editorialhijosdemuleyrubio.com\/wp-content\/uploads\/2014\/03\/zaj1.pdf\">Entrevista en prensa con Juan Hidalgo 1<\/a><\/p>\n<p><a href=\"http:\/\/editorialhijosdemuleyrubio.com\/wp-content\/uploads\/2014\/03\/zaj2.pdf\">Entrevista en prensa con Juan Hidalgo 2<\/a><\/p>\n<p><a href=\"http:\/\/editorialhijosdemuleyrubio.com\/wp-content\/uploads\/2014\/03\/zaj-y-3.pdf\">Entrevista en prensa con Juan Hidalgo 3<\/a><\/p>\n<p><a href=\"http:\/\/editorialhijosdemuleyrubio.com\/wp-content\/uploads\/2014\/03\/1.pdf\">Entrevista en prensa con Toni Muntadas<\/a><\/p>\n<p>&nbsp;<\/p>\n<p>&nbsp;<\/p>\n","protected":false},"excerpt":{"rendered":"<p>El grancanario Juan Hidalgo (1927), el catal\u00e1n Antoni Muntadas (1942) y el tinerfe\u00f1o Pedro Garhel (1951-2005) son tres artistas visuales espa\u00f1oles que han sido pioneros en el videoarte, la performance y la acci\u00f3n sonora, el primero como fundador del grupo ZAJ \u2013los Fluxus espa\u00f1oles\u2013, el segundo como videoartista y el tercero como performer pero tambi\u00e9n conocido por sus v\u00eddeos, instalaciones y obras sonoras. Tres libros se hacen necesarios para seguir sus trayectorias.<\/p>\n","protected":false},"author":1,"featured_media":0,"comment_status":"open","ping_status":"open","sticky":false,"template":"","format":"standard","meta":{"footnotes":""},"categories":[270,14,32],"tags":[361,324,389,388,386,387],"class_list":["post-1900","post","type-post","status-publish","format-standard","hentry","category-arte-audiovisual","category-blog-de-videoarte","category-videoarte","tag-antoni-muntadas","tag-juan-hidalgo","tag-karin-ohlenschlager","tag-moises-perez-de-albeniz","tag-pedro-garhel","tag-zaj"],"views":6659,"_links":{"self":[{"href":"https:\/\/editorialhijosdemuleyrubio.com\/index.php?rest_route=\/wp\/v2\/posts\/1900","targetHints":{"allow":["GET"]}}],"collection":[{"href":"https:\/\/editorialhijosdemuleyrubio.com\/index.php?rest_route=\/wp\/v2\/posts"}],"about":[{"href":"https:\/\/editorialhijosdemuleyrubio.com\/index.php?rest_route=\/wp\/v2\/types\/post"}],"author":[{"embeddable":true,"href":"https:\/\/editorialhijosdemuleyrubio.com\/index.php?rest_route=\/wp\/v2\/users\/1"}],"replies":[{"embeddable":true,"href":"https:\/\/editorialhijosdemuleyrubio.com\/index.php?rest_route=%2Fwp%2Fv2%2Fcomments&post=1900"}],"version-history":[{"count":3,"href":"https:\/\/editorialhijosdemuleyrubio.com\/index.php?rest_route=\/wp\/v2\/posts\/1900\/revisions"}],"predecessor-version":[{"id":2442,"href":"https:\/\/editorialhijosdemuleyrubio.com\/index.php?rest_route=\/wp\/v2\/posts\/1900\/revisions\/2442"}],"wp:attachment":[{"href":"https:\/\/editorialhijosdemuleyrubio.com\/index.php?rest_route=%2Fwp%2Fv2%2Fmedia&parent=1900"}],"wp:term":[{"taxonomy":"category","embeddable":true,"href":"https:\/\/editorialhijosdemuleyrubio.com\/index.php?rest_route=%2Fwp%2Fv2%2Fcategories&post=1900"},{"taxonomy":"post_tag","embeddable":true,"href":"https:\/\/editorialhijosdemuleyrubio.com\/index.php?rest_route=%2Fwp%2Fv2%2Ftags&post=1900"}],"curies":[{"name":"wp","href":"https:\/\/api.w.org\/{rel}","templated":true}]}}