{"id":1969,"date":"2014-05-16T13:09:48","date_gmt":"2014-05-16T12:09:48","guid":{"rendered":"http:\/\/editorialhijosdemuleyrubio.com\/?p=1969"},"modified":"2014-05-16T13:10:21","modified_gmt":"2014-05-16T12:10:21","slug":"anna-adell-david-torres-y-llorenc-raich-el-arte-como-expiacion-verdad-y-corpografia","status":"publish","type":"post","link":"https:\/\/editorialhijosdemuleyrubio.com\/?p=1969","title":{"rendered":"Anna Adell, David Torres y Llorenc Raich: el Arte como expiaci\u00f3n, verdad y corpograf\u00eda"},"content":{"rendered":"<figure id=\"attachment_1970\" aria-describedby=\"caption-attachment-1970\" style=\"width: 259px\" class=\"wp-caption alignleft\"><a href=\"http:\/\/editorialhijosdemuleyrubio.com\/wp-content\/uploads\/2014\/05\/images.jpeg\"><img loading=\"lazy\" decoding=\"async\" class=\"size-full wp-image-1970\" src=\"http:\/\/editorialhijosdemuleyrubio.com\/wp-content\/uploads\/2014\/05\/images.jpeg\" alt=\"La c\u00e9lebre &quot;performance&quot; de Chris Burden: &quot;Shot&quot; (disparo)\" width=\"259\" height=\"194\" \/><\/a><figcaption id=\"caption-attachment-1970\" class=\"wp-caption-text\">La c\u00e9lebre \u00abperformance\u00bb de Chris Burden: \u00abShot\u00bb (disparo)<\/figcaption><\/figure>\n<p>Tres libros innovadores en materia de Arte pueden encontrarse ya en las librer\u00edas: \u201cEl Arte como expiaci\u00f3n\u201d de <strong>Anna Adell<\/strong>, \u201cNo m\u00e1s mentiras\u201d, de <strong>David G. Torres<\/strong> y \u201cCorpograf\u00eda\u201d de <strong>Llorenc Raich Mu\u00f1oz<\/strong>. Artistas contempor\u00e1neos como <strong>Chris Burden, Santiago Sierra, Eugenio Merino, Joan Teixidor, Noelia P\u00e9rez<\/strong> o <strong>Pere Formiguera<\/strong> y cl\u00e1sicos como<strong> Ram\u00f3n G\u00f3mez de la Serna<\/strong> \u2013el primer \u201cperformer\u201d espa\u00f1ol\u2013 e incluso <strong>\u201cEl Bosco\u201d<\/strong>, salpican sus p\u00e1ginas, como explican sus autores.<!--more--><\/p>\n<figure id=\"attachment_1972\" aria-describedby=\"caption-attachment-1972\" style=\"width: 245px\" class=\"wp-caption alignleft\"><a href=\"http:\/\/editorialhijosdemuleyrubio.com\/wp-content\/uploads\/2014\/05\/arte_expiacion_anna_adell.jpg\"><img loading=\"lazy\" decoding=\"async\" class=\" wp-image-1972\" src=\"http:\/\/editorialhijosdemuleyrubio.com\/wp-content\/uploads\/2014\/05\/arte_expiacion_anna_adell-300x206.jpg\" alt=\"Cubierta del libro de Anna Adell\" width=\"245\" height=\"168\" srcset=\"https:\/\/editorialhijosdemuleyrubio.com\/wp-content\/uploads\/2014\/05\/arte_expiacion_anna_adell-300x206.jpg 300w, https:\/\/editorialhijosdemuleyrubio.com\/wp-content\/uploads\/2014\/05\/arte_expiacion_anna_adell.jpg 709w\" sizes=\"auto, (max-width: 245px) 100vw, 245px\" \/><\/a><figcaption id=\"caption-attachment-1972\" class=\"wp-caption-text\">Cubierta del libro de Anna Adell<\/figcaption><\/figure>\n<p>\u201cEl Arte como expiaci\u00f3n\u201d es el libro que ha publicado <strong>Anna Adell<\/strong> sobre una propuesta art\u00edstica que comienza a abrirse paso en Espa\u00f1a. Ese \u201cchivo expiatorio\u201d, v\u00eda de escape, met\u00e1fora o poes\u00eda visual que es el <strong>arte conceptual<\/strong> lo describe con detalle su autora, que menciona en el libro a<strong> Santiago Sierra<\/strong> y lo pone como ejemplo de ese \u201carte como expiaci\u00f3n\u201d. Tambi\u00e9n cita al escultor <strong>Eugenio Merino<\/strong> y una de sus obras, casi todas ellas tan controvertidas como bien acabadas, con ese perfeccionismo escult\u00f3rico que caracterizaba a cl\u00e1sicos como el franc\u00e9s <strong>Auguste Rodin<\/strong> o m\u00e1s contempor\u00e1neos como el espa\u00f1ol <strong>Juan Haro<\/strong>. Tambi\u00e9n se refiere a <strong>\u201cEl Bosco\u201d<\/strong>, pero a prop\u00f3sito de un lienzo muy conocido. Y todo ello con una buena prosa y una consistencia cr\u00edtica que hace de este breve volumen una peque\u00f1a delicia.<\/p>\n<p>La Fundaci\u00f3n Arte y Derecho tambi\u00e9n ha premiado un libro de ensayos muy especial. Se trata de \u201cNo m\u00e1s mentiras\u201d de <strong>David G. Torres<\/strong> y lleva como subt\u00edtulo \u201cSobre algunos relatos de verdad en arte (y en literatura, cine y teatro)\u201d. El autor fue obsequiado con este galard\u00f3n por su originalidad y porque pone negro sobre blanco las tendencias m\u00e1s vanguardistas y radicales del actual panorama art\u00edstico contempor\u00e1neo.<\/p>\n<figure id=\"attachment_1971\" aria-describedby=\"caption-attachment-1971\" style=\"width: 186px\" class=\"wp-caption alignleft\"><a href=\"http:\/\/editorialhijosdemuleyrubio.com\/wp-content\/uploads\/2014\/05\/David-G-Torres-1.jpg\"><img loading=\"lazy\" decoding=\"async\" class=\" wp-image-1971\" src=\"http:\/\/editorialhijosdemuleyrubio.com\/wp-content\/uploads\/2014\/05\/David-G-Torres-1-300x225.jpg\" alt=\"David G. Torres\" width=\"186\" height=\"139\" srcset=\"https:\/\/editorialhijosdemuleyrubio.com\/wp-content\/uploads\/2014\/05\/David-G-Torres-1-300x225.jpg 300w, https:\/\/editorialhijosdemuleyrubio.com\/wp-content\/uploads\/2014\/05\/David-G-Torres-1-1024x768.jpg 1024w, https:\/\/editorialhijosdemuleyrubio.com\/wp-content\/uploads\/2014\/05\/David-G-Torres-1.jpg 2048w\" sizes=\"auto, (max-width: 186px) 100vw, 186px\" \/><\/a><figcaption id=\"caption-attachment-1971\" class=\"wp-caption-text\">David G. Torres<\/figcaption><\/figure>\n<p><strong>David Torres<\/strong> cuenta en el libro que el artista <strong>Ignasi Aball\u00ed<\/strong> le dijo una vez que \u00e9l no le\u00eda ficci\u00f3n y cuando le pregunt\u00f3 por qu\u00e9, \u00e9l le respondi\u00f3 que cuando pasase de los cuarenta a\u00f1os lo entender\u00eda. Despu\u00e9s de haber pasado los 40 y escribir este libro el autor parece desentra\u00f1ar este enigma, seg\u00fan desvela en una entrevista con <strong>Federico Utrera<\/strong> en Radio Exterior de Espa\u00f1a. <strong>Elena Vozmediano<\/strong>, la presidenta del jurado que le otorg\u00f3 el premio, destac\u00f3 que este texto \u201cengancha desde la primera l\u00ednea\u201d y <strong>Torres<\/strong> explica en esa conversaci\u00f3n con Utrera con que criterios seleccion\u00f3 a los artistas y los escritos que figuran en \u00e9l.<\/p>\n<figure id=\"attachment_1973\" aria-describedby=\"caption-attachment-1973\" style=\"width: 300px\" class=\"wp-caption alignleft\"><a href=\"http:\/\/editorialhijosdemuleyrubio.com\/wp-content\/uploads\/2014\/05\/indicis2.jpg\"><img loading=\"lazy\" decoding=\"async\" class=\"size-medium wp-image-1973\" src=\"http:\/\/editorialhijosdemuleyrubio.com\/wp-content\/uploads\/2014\/05\/indicis2-300x225.jpg\" alt=\"cc\" width=\"300\" height=\"225\" srcset=\"https:\/\/editorialhijosdemuleyrubio.com\/wp-content\/uploads\/2014\/05\/indicis2-300x225.jpg 300w, https:\/\/editorialhijosdemuleyrubio.com\/wp-content\/uploads\/2014\/05\/indicis2.jpg 400w\" sizes=\"auto, (max-width: 300px) 100vw, 300px\" \/><\/a><figcaption id=\"caption-attachment-1973\" class=\"wp-caption-text\">Llorenc Raich, en primer t\u00e9rmino<\/figcaption><\/figure>\n<p>Por el libro aparecen adem\u00e1s personajes que van desde el \u201cperformer\u201d norteamericano <strong>Chris Burden<\/strong> hasta ese \u201cprimer performer espa\u00f1ol\u201d que fue <strong>Ram\u00f3n G\u00f3mez de la Serna<\/strong>, autor adem\u00e1s de \u201cIsmos\u201d, un libro que constituy\u00f3 la vanguardia de la cr\u00edtica art\u00edstica de su \u00e9poca y que a\u00fan hoy se lee con gusto.\u00a0Tanto como\u00a0\u201cCorpograf\u00eda\u201d, el libro de <strong>Llorenc Raich Mu\u00f1oz<\/strong> acerca del cuerpo en la fotograf\u00eda contempor\u00e1nea. Un volumen muy interesante que aborda la relaci\u00f3n de la fotograf\u00eda con el cuerpo, desde el cl\u00e1sico desnudo hasta las reflexiones sobre cuerpo e identidad, cuerpo y realidad social y por \u00faltimo cuerpo y condici\u00f3n humana.\u00a0<strong>Llorenc<\/strong> conversa con <strong>Federico Utrera<\/strong> sobre algunos fot\u00f3grafos que menciona en su libro a trav\u00e9s de sus corpograf\u00edas, como <strong>Joan Teixidor<\/strong> o <strong>Noelia P\u00e9rez<\/strong> y desgrana la innovaci\u00f3n o experimentaci\u00f3n de otros como <strong>Pere Formiguera<\/strong>.<\/p>\n<p><a href=\"http:\/\/www.rtve.es\/alacarta\/audios\/un-idioma-sin-fronteras\/idioma-sin-fronteras-27-10-11\/1234627\/\">Entrevista con David G. Torres: \u00abNo m\u00e1s mentiras\u00bb.\u00a0<\/a><\/p>\n<p><a href=\"http:\/\/www.rtve.es\/alacarta\/audios\/un-idioma-sin-fronteras\/idioma-sin-fronteras-16-05-13\/1822066\/\">Entrevista con Anna Adell: \u201cEl Arte como expiaci\u00f3n\u201d <\/a><\/p>\n<p><a href=\"http:\/\/www.rtve.es\/alacarta\/audios\/un-idioma-sin-fronteras\/idioma-sin-fronteras-20-06-13\/1885682\/\">Entrevista con Llorenc Raich Mu\u00f1oz: \u201cCorpograf\u00eda\u201d <\/a><\/p>\n","protected":false},"excerpt":{"rendered":"<p>Tres libros innovadores en materia de Arte pueden encontrarse ya en las librer\u00edas: \u201cEl Arte como expiaci\u00f3n\u201d de Anna Adell, \u201cNo m\u00e1s mentiras\u201d, de David G. Torres y \u201cCorpograf\u00eda\u201d de Llorenc Raich Mu\u00f1oz. Artistas contempor\u00e1neos como Chris Burden, Santiago Sierra, Eugenio Merino, Joan Teixidor, Noelia P\u00e9rez o Pere Formiguera y cl\u00e1sicos como Ram\u00f3n G\u00f3mez de la Serna \u2013el primer \u201cperformer\u201d espa\u00f1ol\u2013 e incluso \u201cEl Bosco\u201d, salpican sus p\u00e1ginas, como explican sus autores.<\/p>\n","protected":false},"author":1,"featured_media":0,"comment_status":"open","ping_status":"open","sticky":false,"template":"","format":"standard","meta":{"footnotes":""},"categories":[270,14,250,23,32],"tags":[411,413,410,418,414,415,412,416,417,124,409],"class_list":["post-1969","post","type-post","status-publish","format-standard","hentry","category-arte-audiovisual","category-blog-de-videoarte","category-fotografia","category-noticias","category-videoarte","tag-anna-adell","tag-chris-burden","tag-david-g-torres","tag-el-bosco","tag-eugenio-merino","tag-joan-teixidor","tag-llorenc-raich-munoz","tag-noelia-perez","tag-pere-formiguera","tag-ramon-gomez-de-la-serna","tag-santiago-sierra"],"views":5352,"_links":{"self":[{"href":"https:\/\/editorialhijosdemuleyrubio.com\/index.php?rest_route=\/wp\/v2\/posts\/1969","targetHints":{"allow":["GET"]}}],"collection":[{"href":"https:\/\/editorialhijosdemuleyrubio.com\/index.php?rest_route=\/wp\/v2\/posts"}],"about":[{"href":"https:\/\/editorialhijosdemuleyrubio.com\/index.php?rest_route=\/wp\/v2\/types\/post"}],"author":[{"embeddable":true,"href":"https:\/\/editorialhijosdemuleyrubio.com\/index.php?rest_route=\/wp\/v2\/users\/1"}],"replies":[{"embeddable":true,"href":"https:\/\/editorialhijosdemuleyrubio.com\/index.php?rest_route=%2Fwp%2Fv2%2Fcomments&post=1969"}],"version-history":[{"count":2,"href":"https:\/\/editorialhijosdemuleyrubio.com\/index.php?rest_route=\/wp\/v2\/posts\/1969\/revisions"}],"predecessor-version":[{"id":1975,"href":"https:\/\/editorialhijosdemuleyrubio.com\/index.php?rest_route=\/wp\/v2\/posts\/1969\/revisions\/1975"}],"wp:attachment":[{"href":"https:\/\/editorialhijosdemuleyrubio.com\/index.php?rest_route=%2Fwp%2Fv2%2Fmedia&parent=1969"}],"wp:term":[{"taxonomy":"category","embeddable":true,"href":"https:\/\/editorialhijosdemuleyrubio.com\/index.php?rest_route=%2Fwp%2Fv2%2Fcategories&post=1969"},{"taxonomy":"post_tag","embeddable":true,"href":"https:\/\/editorialhijosdemuleyrubio.com\/index.php?rest_route=%2Fwp%2Fv2%2Ftags&post=1969"}],"curies":[{"name":"wp","href":"https:\/\/api.w.org\/{rel}","templated":true}]}}