{"id":2079,"date":"2017-07-02T18:40:10","date_gmt":"2017-07-02T17:40:10","guid":{"rendered":"http:\/\/editorialhijosdemuleyrubio.com\/?p=2079"},"modified":"2017-07-02T18:40:10","modified_gmt":"2017-07-02T17:40:10","slug":"sad-hill-unearthed-clint-eastwood-morricone-y-metallica-en-el-curso-de-verano-sobre-western-en-la-universidad-de-burgos","status":"publish","type":"post","link":"https:\/\/editorialhijosdemuleyrubio.com\/?p=2079","title":{"rendered":"\u201cSad Hill Unearthed\u201d: Clint Eastwood, Morricone y Metallica en el curso de verano sobre western en la Universidad de Burgos"},"content":{"rendered":"<p><img loading=\"lazy\" decoding=\"async\" class=\"alignleft size-medium wp-image-80622\" src=\"https:\/\/majadahondamagazin.es\/wp-content\/uploads\/2017\/07\/Captura-de-pantalla-2017-07-02-a-las-18.26.27-210x300.png\" alt=\"\" width=\"210\" height=\"300\" \/>\u201cLa <strong>Asociaci\u00f3n Cultural Sad Hill\u00a0<\/strong>presenta unos meses estivales cargados de actos: Curso de cine, Festival de m\u00fasica y <strong>estreno mundial del documental \u201cSad Hill Unearthed\u201d<\/strong>. Con este llamativo titular, la <strong>Asociaci\u00f3n Cultural Sad Hill,<\/strong> encargada de recuperar los sets de rodaje de la pel\u00edcula <strong>\u201cEl Bueno, el Feo y el Malo\u201d<\/strong> en la provincia de Burgos, ha presentado los principales actos culturales en los que quiere centrar sus esfuerzos en los meses estivales. As\u00ed, del 10 al 14 de julio, se llevar\u00e1 a cabo el <strong>Curso de Cine en la Universidad de Burgos \u201cEl Western Europeo. Espa\u00f1a Plat\u00f3 de Cine\u201d<\/strong> con el que se pretende que el alumno se adentre en el g\u00e9nero western (caracter\u00edsticas, influencias\u2026) y en especial, en aquellas producciones que se llevaron a cabo durante los a\u00f1os 60 y 70 en Espa\u00f1a y Europa. Y una sorpresa: el actor y director <strong>Clint Eastwood<\/strong>, el compositor <strong>Ennio Morricone<\/strong> y el cantante de <strong>Metallica, James Hetfield, <\/strong>protagonizan un documental espa\u00f1ol que seguramente de la vuelta al mundo. <a href=\"https:\/\/majadahondamagazin.es\/wp-content\/uploads\/2017\/06\/triptico.pdf\">[Descargar programa]<\/a><!--more--><\/p>\n<p><img loading=\"lazy\" decoding=\"async\" class=\"alignleft size-medium wp-image-80621\" src=\"https:\/\/majadahondamagazin.es\/wp-content\/uploads\/2017\/07\/1497280739_332801_1497284400_sumario_normal_recorte1-300x169.jpg\" alt=\"\" width=\"300\" height=\"169\" \/>\u201cUn g\u00e9nero denostado por la cr\u00edtica y <strong>despectivamente denominado como \u201cSpaghetti Western\u201d<\/strong> pero que, hoy d\u00eda, nos sirve para reflexionar sobre aspectos tan dispares como la cultura mediterr\u00e1nea, la religi\u00f3n, el ideal americano, la \u201capertura\u201d del r\u00e9gimen franquista o la creaci\u00f3n de la industria del cine\u201d, se\u00f1alan sus organizadores. El curso pretende, a partir de las diferentes visiones de los ponentes y de la participaci\u00f3n de los alumnos, \u201cabrir un debate acerca del g\u00e9nero western, de los antecedentes tanto europeos como americanos as\u00ed como del papel de Europa y en especial de Espa\u00f1a como nuevo plat\u00f3 para este tipo de producciones. Un repaso por los directores m\u00e1s importantes, la est\u00e9tica, influencia, la m\u00fasica, los sets de rodaje, los actores y los t\u00e9cnicos que dieron forma a un g\u00e9nero y a una \u00e9poca\u201d. El curso terminar\u00e1 con una visita guiada al propio cementerio de Sad Hill (<a href=\"https:\/\/asociacionculturalsadhill.wordpress.com\/agenda\/\">m\u00e1s informaci\u00f3n en la p\u00e1gina web de la Asociaci\u00f3n<\/a>).<\/p>\n<p><strong><img loading=\"lazy\" decoding=\"async\" class=\"alignleft wp-image-80617\" src=\"https:\/\/majadahondamagazin.es\/wp-content\/uploads\/2017\/07\/IMG_6882-300x225.jpg\" alt=\"\" width=\"175\" height=\"131\" \/>LUNES 10<\/strong><br \/>\n16:00- 16:30. Entrega de documentaci\u00f3n y presentaci\u00f3n del curso.<br \/>\n16:30-20:30:\u00a0<strong>Federico Utrera:<\/strong> Un desierto al Oeste: el western en la Literatura y Arte Contempor\u00e1neos (4h)<br \/>\n<strong>MARTES 11<\/strong><br \/>\n10:00-12:00. <strong>Guillermo de Oliveira:<\/strong> Seth\u2019s Gold: del cine al videojuego, del videojuego al cine\/ Sad Hill deconstruido: documental de guerrilla (2h)<\/p>\n<figure id=\"attachment_80620\" aria-describedby=\"caption-attachment-80620\" style=\"width: 174px\" class=\"wp-caption alignleft\"><img loading=\"lazy\" decoding=\"async\" class=\" wp-image-80620\" src=\"https:\/\/majadahondamagazin.es\/wp-content\/uploads\/2017\/07\/Captura-de-pantalla-2017-07-02-a-las-18.40.01-300x200.png\" alt=\"\" width=\"174\" height=\"116\" \/><figcaption id=\"caption-attachment-80620\" class=\"wp-caption-text\">David Alba<\/figcaption><\/figure>\n<p>12:00-14:00. Asociaci\u00f3n Cultural Sad Hill: <strong>David Alba y Rom\u00e1n Labrador:<\/strong> Los escenarios burgaleses de El bueno, el feo y el malo (2h)<br \/>\n16:30-18:30. <strong>Rafael de Espa\u00f1a:<\/strong> Esplugas City, ciudad western (2h)<br \/>\n18:30-20:30. <strong>Francisco Reyero:<\/strong> Clint Eastwood: un destino al sur de Europa (2h)<br \/>\n<strong>MI\u00c9RCOLES 12<\/strong><br \/>\n10:00-14:00. <strong>Luis Miguel Carmona:<\/strong> Bang! Bang! los m\u00fasicos del western europeo (4h)<\/p>\n<figure id=\"attachment_80625\" aria-describedby=\"caption-attachment-80625\" style=\"width: 171px\" class=\"wp-caption alignleft\"><img loading=\"lazy\" decoding=\"async\" class=\" wp-image-80625\" src=\"https:\/\/majadahondamagazin.es\/wp-content\/uploads\/2017\/07\/Juan-Gabriel-Garci\u0301a-con-un-ejemplar-de-su-obra.-Almeri\u0301a-en-corto.-1-300x200.jpg\" alt=\"\" width=\"171\" height=\"114\" \/><figcaption id=\"caption-attachment-80625\" class=\"wp-caption-text\">Juan Gabriel Garc\u00eda<\/figcaption><\/figure>\n<p>16:30-18:30. <strong>Pedro Guti\u00e9rrez Recacha<\/strong>: Las ra\u00edces espa\u00f1olas del western europeo (2h)<br \/>\n18:30 Proyecci\u00f3n y charla<br \/>\n<strong>JUEVES 13<\/strong><br \/>\n10:00- 14:00. <strong>Juan Gabriel Garc\u00eda:<\/strong> La intertextualidad en el western europeo. De Sergio Leone a Quentin Tarantino. (4h)<br \/>\n16:00- 21:00. Excursi\u00f3n guiada a Sad Hill y los escenarios burgaleses de El bueno, el feo y el malo.<\/p>\n<figure id=\"attachment_80624\" aria-describedby=\"caption-attachment-80624\" style=\"width: 175px\" class=\"wp-caption alignleft\"><img loading=\"lazy\" decoding=\"async\" class=\" wp-image-80624\" src=\"https:\/\/majadahondamagazin.es\/wp-content\/uploads\/2017\/07\/victor-matellano-h-300x236.jpg\" alt=\"\" width=\"175\" height=\"138\" \/><figcaption id=\"caption-attachment-80624\" class=\"wp-caption-text\">V\u00edctor Matellano<\/figcaption><\/figure>\n<p><strong>VIERNES 14<\/strong><br \/>\n10:00-14:00. <strong>V\u00edctor Matellano:<\/strong> Rodar un western en el siglo XXI. Influencias, concepto y realizaci\u00f3n (4h)<br \/>\n14:00 -14:30. Entrega de diplomas (Clausura del curso). A finales de julio, en la tarde-noche del domingo 23, tendr\u00e1 lugar la primera edici\u00f3n del festival <strong>\u201cSad Hill\u00b4s: Hijo de Mil Padres. Rural Summer Party\u201d.<\/strong> Un festival gratuito que nace con el esp\u00edritu de una \u201cromer\u00eda musical\u201d y que pretende animar a todo tipo de p\u00fablico a descubrir los magn\u00edficos parajes de la sierra burgalesa, que incluyen localizaciones cinematogr\u00e1ficas espectaculares en los alrededores del Cementerio de Sad Hill, aderezados con la mejor m\u00fasica de la mano de grupos como <strong>Arizona Baby, Dead Bronco y Cowabunga.<\/strong> Adem\u00e1s de los conciertos en el cementerio de Sad Hill, el mismo domingo 23 por la ma\u00f1ana, habr\u00e1 un concierto-verm\u00fa en Salas de los Infantes con la banda <strong>Sweet Baby James<\/strong> <a href=\"http:\/\/www.hijodemilpadres.com\">(m\u00e1s info)<\/a>.<\/p>\n<p><img loading=\"lazy\" decoding=\"async\" class=\"alignleft wp-image-80618\" src=\"https:\/\/majadahondamagazin.es\/wp-content\/uploads\/2017\/07\/1497280739_332801_1497349912_noticia_fotograma-300x169.jpg\" alt=\"\" width=\"263\" height=\"148\" \/>Y por \u00faltimo, en oto\u00f1o, se producir\u00e1 el estreno mundial del documental <strong>\u201cSad Hill Unearthed\u201d<\/strong>. Un largometraje documental sobre la incre\u00edble historia de una de las localizaciones de cine m\u00e1s famosas de la historia del cine, el cementerio de <strong>Sad Hill.<\/strong> Despu\u00e9s de dos a\u00f1os de duro trabajo, el rodaje por parte del director Guillermo de Oliveira explora los sue\u00f1os y las motivaciones de los fans de esta pel\u00edcula pero tambi\u00e9n la transformaci\u00f3n del arte, la m\u00fasica y el cine en un substituto de la religi\u00f3n.\u00a0Este documental est\u00e1 protagonizado por el propio equipo t\u00e9cnico de la pel\u00edcula<strong> (Ennio Morricone, Clint Eastwood, Carlo Leva, Sergio Salvati y Eugenio Alabiso)<\/strong>; fans como el cantante de <strong>Metallica, James Hetfield<\/strong> y los directores de cine <strong>Joe Dante y Alex de la Iglesia.<\/strong><\/p>\n<p><img loading=\"lazy\" decoding=\"async\" class=\"alignleft wp-image-80619\" src=\"https:\/\/majadahondamagazin.es\/wp-content\/uploads\/2017\/07\/Captura-de-pantalla-2017-07-02-a-las-18.40.57-300x234.png\" alt=\"\" width=\"253\" height=\"197\" \/>Tambi\u00e9n participan expertos como <strong>Peter Hanley, Sir Christopher Frayling y Stephen Leigh,<\/strong> y las verdaderas estrellas detr\u00e1s de este sue\u00f1o, la <strong>Asociaci\u00f3n Cultural Sad Hill.\u00a0<\/strong>El largometraje se presentar\u00e1 en los principales festivales de cine de Europa mostrando los parajes burgaleses. Cabe destacar que para poder financiar este proyecto \u00fanico de turismo cinematogr\u00e1fico burgal\u00e9s, se ha abierto una campa\u00f1a de crowdfunding en el que <a href=\"https:\/\/www.indiegogo.com\/projects\/sad-hill-unearthed-the-documentary-film--2#\/\">cualquiera puede colaborar y poderse ver reflejado en los agradecimientos de la pel\u00edcula (m\u00e1s info).<\/a><\/p>\n<p><a href=\"https:\/\/majadahondamagazin.es\/wp-content\/uploads\/2017\/07\/Nota-de-prensa-1.pdf\">Nota de prensa de Sad Hill<\/a><\/p>\n<p><a href=\"https:\/\/asociacionculturalsadhill.wordpress.com\/prensa\/\">Asociaci\u00f3n Cultural Sad Hill en la prensa<\/a><\/p>\n<p><a href=\"http:\/\/cultura.elpais.com\/cultura\/2017\/06\/12\/actualidad\/1497280739_332801.html\">Un reportaje sobre el cementerio de Sad Hill<\/a><\/p>\n<p><iframe loading=\"lazy\" title=\"Desenterrando Sad Hill | Tr\u00e1iler Oficial | Espa\u00f1ol 4K\" width=\"640\" height=\"360\" src=\"https:\/\/www.youtube.com\/embed\/OUU7auBwyI0?feature=oembed\" frameborder=\"0\" allow=\"accelerometer; autoplay; clipboard-write; encrypted-media; gyroscope; picture-in-picture; web-share\" referrerpolicy=\"strict-origin-when-cross-origin\" allowfullscreen><\/iframe><\/p>\n<p>&nbsp;<\/p>\n","protected":false},"excerpt":{"rendered":"<p>\u201cLa Asociaci\u00f3n Cultural Sad Hill\u00a0presenta unos meses estivales cargados de actos: Curso de cine, Festival de m\u00fasica y estreno mundial del documental \u201cSad Hill Unearthed\u201d. Con este llamativo titular, la Asociaci\u00f3n Cultural Sad Hill, encargada de recuperar los sets de rodaje de la pel\u00edcula \u201cEl Bueno, el Feo y el Malo\u201d en la provincia de Burgos, ha presentado los principales actos culturales en los que quiere centrar sus esfuerzos en los meses estivales. As\u00ed, del 10 al 14 de julio, se llevar\u00e1 a cabo el Curso de Cine en la Universidad de Burgos \u201cEl Western Europeo. Espa\u00f1a Plat\u00f3 de Cine\u201d con el que se pretende que el alumno se adentre<\/p>\n","protected":false},"author":1,"featured_media":0,"comment_status":"open","ping_status":"open","sticky":false,"template":"","format":"standard","meta":{"footnotes":""},"categories":[265],"tags":[427],"class_list":["post-2079","post","type-post","status-publish","format-standard","hentry","category-videowestern","tag-western"],"views":1496,"_links":{"self":[{"href":"https:\/\/editorialhijosdemuleyrubio.com\/index.php?rest_route=\/wp\/v2\/posts\/2079","targetHints":{"allow":["GET"]}}],"collection":[{"href":"https:\/\/editorialhijosdemuleyrubio.com\/index.php?rest_route=\/wp\/v2\/posts"}],"about":[{"href":"https:\/\/editorialhijosdemuleyrubio.com\/index.php?rest_route=\/wp\/v2\/types\/post"}],"author":[{"embeddable":true,"href":"https:\/\/editorialhijosdemuleyrubio.com\/index.php?rest_route=\/wp\/v2\/users\/1"}],"replies":[{"embeddable":true,"href":"https:\/\/editorialhijosdemuleyrubio.com\/index.php?rest_route=%2Fwp%2Fv2%2Fcomments&post=2079"}],"version-history":[{"count":1,"href":"https:\/\/editorialhijosdemuleyrubio.com\/index.php?rest_route=\/wp\/v2\/posts\/2079\/revisions"}],"predecessor-version":[{"id":2080,"href":"https:\/\/editorialhijosdemuleyrubio.com\/index.php?rest_route=\/wp\/v2\/posts\/2079\/revisions\/2080"}],"wp:attachment":[{"href":"https:\/\/editorialhijosdemuleyrubio.com\/index.php?rest_route=%2Fwp%2Fv2%2Fmedia&parent=2079"}],"wp:term":[{"taxonomy":"category","embeddable":true,"href":"https:\/\/editorialhijosdemuleyrubio.com\/index.php?rest_route=%2Fwp%2Fv2%2Fcategories&post=2079"},{"taxonomy":"post_tag","embeddable":true,"href":"https:\/\/editorialhijosdemuleyrubio.com\/index.php?rest_route=%2Fwp%2Fv2%2Ftags&post=2079"}],"curies":[{"name":"wp","href":"https:\/\/api.w.org\/{rel}","templated":true}]}}