{"id":2081,"date":"2017-07-10T09:34:26","date_gmt":"2017-07-10T08:34:26","guid":{"rendered":"http:\/\/editorialhijosdemuleyrubio.com\/?p=2081"},"modified":"2017-07-10T09:34:32","modified_gmt":"2017-07-10T08:34:32","slug":"federico-utrera-en-radio-internacional-cernuda-borges-dali-o-chirico-son-iconos-artisticos-del-western-europeo","status":"publish","type":"post","link":"https:\/\/editorialhijosdemuleyrubio.com\/?p=2081","title":{"rendered":"Federico Utrera en Radio Internacional: \u201cCernuda, Borges, Dal\u00ed o Chirico son iconos art\u00edsticos del western europeo\u201d"},"content":{"rendered":"<p><a href=\"https:\/\/majadahondamagazin.es\/wp-content\/uploads\/2017\/07\/unnamed-2-4.jpg\"><img loading=\"lazy\" decoding=\"async\" class=\"alignleft size-medium wp-image-81254\" src=\"https:\/\/majadahondamagazin.es\/wp-content\/uploads\/2017\/07\/unnamed-2-4-300x225.jpg\" alt=\"\" width=\"300\" height=\"225\" \/><\/a>\u201cLes presentamos el curso de verano \u201cEl western europeo: Espa\u00f1a, plat\u00f3 de cine\u201d que acoge la Universidad de Burgos entre el 10 y el 14 de julio. <strong>Federico Utrera<\/strong>, escritor, periodista, profesor y doctor en Comunicaci\u00f3n Audiovisual, abre este curso con la conferencia titulada \u201cUn desierto al Oeste: el western en la literatura y arte contempor\u00e1neos\u201d. Con esta presentaci\u00f3n, el periodista <strong>V\u00edctor Blanco<\/strong> (Radio Internacional) entrevist\u00f3 al director de MJD Magazin junto a su compa\u00f1era <strong>Maribel Berzosa<\/strong>. El Magazine de Mundo Noticias de Victor Blanco (@VBlancoRadio), que se emite todos los d\u00edas de 10.00 a 12.00, pertenece a \u201cla \u00fanica radio generalista de Espa\u00f1a especializada en programas de alt\u00edsimo nivel informativo, de opini\u00f3n y comprensi\u00f3n de la realidad internacional\u201d y se escucha tambi\u00e9n en Am\u00e9rica Latina. Esta fue el di\u00e1logo mantenido en antena:<!--more--><\/p>\n<p><span style=\"color: #ff0000;\"><strong><a href=\"https:\/\/majadahondamagazin.es\/wp-content\/uploads\/2017\/07\/vwHlHr7l_400x400.jpg\"><img loading=\"lazy\" decoding=\"async\" class=\"alignleft wp-image-81259\" src=\"https:\/\/majadahondamagazin.es\/wp-content\/uploads\/2017\/07\/vwHlHr7l_400x400-300x300.jpg\" alt=\"\" width=\"115\" height=\"115\" \/><\/a>V\u00edctor Blanco: El western sigue teniendo muchos seguidores en nuestro pa\u00eds y hay pel\u00edculas que se van reponiendo de vez en cuando en los diferentes canales y en muchas ocasiones las seguimos porque nos gusta y evidentemente era un cine ideal en los a\u00f1os 60. Espa\u00f1a acogi\u00f3 el rodaje de esas pel\u00edculas y llev\u00f3 a cabo esa producci\u00f3n, pero la primera pregunta va directa: \u00bftiene el sitio que se merece el g\u00e9nero western en la historia del cine mundial? <\/strong><\/span><\/p>\n<p><a href=\"https:\/\/majadahondamagazin.es\/wp-content\/uploads\/2017\/07\/foto-utrera.jpg\"><img loading=\"lazy\" decoding=\"async\" class=\"alignleft wp-image-81256\" src=\"https:\/\/majadahondamagazin.es\/wp-content\/uploads\/2017\/07\/foto-utrera-300x159.jpg\" alt=\"\" width=\"246\" height=\"130\" \/><\/a><span style=\"color: #0000ff;\"><strong>Federico Utrera:<\/strong><\/span> es una pregunta que se suele formular y de hecho es la que formula este curso universitario, si realmente el western puede considerarse no un subg\u00e9nero, no una Serie B, sino una cinematograf\u00eda con entidad propia. Yo creo que s\u00ed, es verdad que somos un grupo de iluminados, peque\u00f1o, reducido, en el que a partir de ahora te incluimos. Porque me has dado a entender que a ti tambi\u00e9n te gustaba el western, \u00bfno?.<\/p>\n<p><span style=\"color: #ff0000;\"><strong><a href=\"https:\/\/majadahondamagazin.es\/wp-content\/uploads\/2017\/07\/DDe77_QXUAEpfVW.jpg\"><img loading=\"lazy\" decoding=\"async\" class=\"alignleft wp-image-81261\" src=\"https:\/\/majadahondamagazin.es\/wp-content\/uploads\/2017\/07\/DDe77_QXUAEpfVW-225x300.jpg\" alt=\"\" width=\"165\" height=\"220\" \/><\/a>V\u00edctor Blanco: Esto hay que agradec\u00e9rselo a mi padre, que de vez en cuando me invita a ver esas pel\u00edculas, \u00e9l no se pierde una y yo lo tengo que reconocer: todas las aguanto, pero todo ese agradecimiento es a mi padre, que no se pierde una. Y s\u00ed, con todo el honor del mundo, formo parte de ese club si te parece.\u00a0<\/strong><\/span>Federico Utrera: quedas incluido, te damos el carnet, aunque la verdad que aqu\u00ed no hace falta, solamente hay que estar iluminado para prever o anticipar lo que ya la posmodernidad est\u00e1 trayendo. No todos los g\u00e9neros art\u00edsticos tienen que ser circunspectos, serios y rimbombantes para que tengan el favor de la cr\u00edtica y del arte. Me refiero, el espaguetti western, que ha sido considerado subg\u00e9nero porque introduc\u00eda el humor y porque sobre todo Sergio Leone, en todas sus pel\u00edculas, no quer\u00eda imitar el western convencional americano.<\/p>\n<p><a href=\"https:\/\/majadahondamagazin.es\/wp-content\/uploads\/2017\/07\/unnamed-1-4.jpg\"><img loading=\"lazy\" decoding=\"async\" class=\"alignleft wp-image-81253\" src=\"https:\/\/majadahondamagazin.es\/wp-content\/uploads\/2017\/07\/unnamed-1-4-200x300.jpg\" alt=\"\" width=\"172\" height=\"258\" \/><\/a>\u00abPor eso el western europeo introduc\u00eda variantes, entre ellas el humor, pero tambi\u00e9n la m\u00fasica: Ennio Morricone compone unas melod\u00edas que no eran las convencionales de las bandas sonoras tradicionales de las pel\u00edculas de western norteamericanas sino que introduc\u00eda el sonido de una campana, un banjo, el sonido de un cristal\u2026 introduc\u00eda elementos que ya John Cage, el padre de la m\u00fasica contempor\u00e1nea y c\u00e9lebre por la destrucci\u00f3n de sus pianos modificados, compositor cl\u00e1sico pero totalmente revolucionario, iba introduciendo tambi\u00e9n en sus melod\u00edas. Por tanto el espaguetti western o western europeo es una variante que estamos intentando reivindicar porque creo que tiene una solvencia igual o mayor incluso en esta \u00e9poca posmoderna, que las pioneras producciones norteamericanas. Y solamente concluir este apunte, para vosotros que est\u00e1is en Argentina tambi\u00e9n y en muchos pa\u00edses de Am\u00e9rica Latina que os siguen: Borges era un gran apasionado del western, pero tambi\u00e9n Luis Cernuda, Salvador Dal\u00ed, Giorgio de Chirico, el pintor italiano\u2026 ha habido muchos artistas de gran renombre y solvencia a los que debemos incluir en este club\u00bb.<\/p>\n<p><span style=\"color: #ff0000;\"><strong><a href=\"https:\/\/majadahondamagazin.es\/wp-content\/uploads\/2017\/07\/DDe77_SXsAIGGZg.jpg\"><img loading=\"lazy\" decoding=\"async\" class=\"alignleft wp-image-81260\" src=\"https:\/\/majadahondamagazin.es\/wp-content\/uploads\/2017\/07\/DDe77_SXsAIGGZg-300x225.jpg\" alt=\"\" width=\"224\" height=\"168\" \/><\/a>V\u00edctor Blanco: Maribel seguro que t\u00fa siempre has escuchado aquello de que en los a\u00f1os 60 Espa\u00f1a, en concreto la provincia de Almer\u00eda, fue uno de los escenarios de producci\u00f3n de este tipo de pel\u00edculas, con lo cual tuvimos mucha importancia y algo tuvimos que ver en esto. Maribel Berzosa: efectivamente Almer\u00eda lo ha sido: ahora ya no se ruedan tantos western al uso, pero Almer\u00eda ha sido un punto universalmente famoso por sus rodajes de western. \u00bfQu\u00e9 papel jug\u00f3 Espa\u00f1a en los a\u00f1os 60 como plat\u00f3 de estas pel\u00edculas?<\/strong><\/span><\/p>\n<p><a href=\"https:\/\/majadahondamagazin.es\/wp-content\/uploads\/2017\/07\/unnamed-3-3.jpg\"><img loading=\"lazy\" decoding=\"async\" class=\"alignleft size-medium wp-image-81255\" src=\"https:\/\/majadahondamagazin.es\/wp-content\/uploads\/2017\/07\/unnamed-3-3-225x300.jpg\" alt=\"\" width=\"225\" height=\"300\" \/><\/a><span style=\"color: #0000ff;\"><strong>Federico Utrera:<\/strong> <\/span>un papel importante, porque realmente nosotros fabricamos los escenarios, pusimos los paisajes, los extras\u2026 es verdad que la mayor\u00eda de los actores ven\u00edan de Italia, pero fuimos los primeros que participamos en una producci\u00f3n europea. La modernidad europea la practicamos nosotros, los espa\u00f1olitos de a pie de los a\u00f1os 60, mucho antes de que entr\u00e1ramos en la entonces Comunidad Econ\u00f3mica Europea. Empez\u00e1bamos a hacer cine entre varios pa\u00edses, co-producciones en las que pon\u00edamos los escenarios, no solamente Almer\u00eda que es el m\u00e1s conocido y el que sigue desarrollando esta actividad a nivel tur\u00edstico, sino Burgos por ejemplo, que la ciudad que patrocina y cuya universidad patrocina este curso universitario y que tambi\u00e9n sirvi\u00f3 de escenario para algunos rodajes, concretamente los de Clint Eastwood y Sergio Leone. Tambi\u00e9n muchos m\u00e1s porque buscaban siempre p\u00e1ramos des\u00e9rticos y tambi\u00e9n hay algunos sitios en Teruel, Granada, Esplugas\u2026 Nuestra aportaci\u00f3n al cine europeo en el western es indiscutible e incluso ahora se sigue haciendo western, no en las cantidades masivas que se produc\u00edan en los a\u00f1os 60 y 70, pero es verdad que Tarantino ha vuelto a reivindicar el g\u00e9nero, el propio Clint Eastwood. Y en Espa\u00f1a podemos presumir de esto, con todas las palabras.<\/p>\n<p><span style=\"color: #ff0000;\"><strong>Victor Blanco: Sobre tu conferencia que va a abrir precisamente este curso de verano en la Universidad de Burgos \u00bfen qu\u00e9 te vas a centrar en concreto? \u00bfcu\u00e1l es la perspectiva o el punto de vista que adoptas?<\/strong><\/span><\/p>\n<p><a href=\"https:\/\/majadahondamagazin.es\/wp-content\/uploads\/2017\/07\/federico-utrera-foto.png\"><img loading=\"lazy\" decoding=\"async\" class=\"alignleft size-medium wp-image-81257\" src=\"https:\/\/majadahondamagazin.es\/wp-content\/uploads\/2017\/07\/federico-utrera-foto-300x201.png\" alt=\"\" width=\"300\" height=\"201\" \/><\/a><span style=\"color: #0000ff;\"><strong>Federico Utrera:<\/strong><\/span> Trata de reivindicar la posmodernidad y contemporaneidad del g\u00e9nero. Es verdad que casi todas esas pel\u00edculas, si no todas algunas m\u00e1s que otras, se siguen viendo con mucho gusto. Yo cuando veo algunos canales de la TDT que emiten estas pel\u00edculas, porque son las m\u00e1s \u201cbaratas\u201d, viendo la serie de \u201cLe llamaban Trinidad\u201d o las de Yul Brynner, o los cl\u00e1sicos de Sergio Leone, que es un director reivindicado desde el Festival Internacional de Cine de Almer\u00eda pr\u00e1cticamente todos los a\u00f1os, lo que intentamos es reconstruir desde el punto de vista intelectual o art\u00edstico el prestigio del g\u00e9nero. Antes mencionaba a Cernuda, Borges, Dal\u00ed o Chirico como iconos art\u00edsticos, pero tambi\u00e9n el videoarte est\u00e1 entrando en el western.<\/p>\n<figure id=\"attachment_81268\" aria-describedby=\"caption-attachment-81268\" style=\"width: 300px\" class=\"wp-caption alignleft\"><a href=\"https:\/\/majadahondamagazin.es\/wp-content\/uploads\/2017\/07\/Rose-Installation-View-bearb.jpg\"><img loading=\"lazy\" decoding=\"async\" class=\"size-medium wp-image-81268\" src=\"https:\/\/majadahondamagazin.es\/wp-content\/uploads\/2017\/07\/Rose-Installation-View-bearb-300x169.jpg\" alt=\"\" width=\"300\" height=\"169\" \/><\/a><figcaption id=\"caption-attachment-81268\" class=\"wp-caption-text\">Videowestern \u00abAmerican Night\u00bb: videoarte de Julian Rosefeldt<\/figcaption><\/figure>\n<p>\u00abHay un artista alem\u00e1n que se llama Julian Rosefeldt que ha rodado una serie maravillosa sobre videowestern en Almer\u00eda pero con todos los conceptos del videoarte, con el manejo del tiempo, con la c\u00e1mara lenta, con la alta calidad de las im\u00e1genes, es una maravilla ver su pol\u00edptico con m\u00faltiples pantallas simult\u00e1neas. Y tambi\u00e9n en la m\u00fasica, he mencionado antes a John Cage pero efectivamente vamos a reivindicar tambi\u00e9n a todo el grupo de Darmstadt, la ciudad alemana que empez\u00f3 a curiosear en la m\u00fasica electr\u00f3nica en los a\u00f1os 60 y 70. Aqu\u00ed tenemos a sus herederos, compositores como el canario Juan Hidalgo, que vienen de la m\u00fasica cl\u00e1sica pero revolucionaron el concepto, romp\u00edan el piano y lanzaban la guitarra al suelo. Esto, que no deja de ser una excentricidad para llamar la atenci\u00f3n, tiene detr\u00e1s toda una envergadura compositora detr\u00e1s que tambi\u00e9n la reivindico\u00bb.<\/p>\n<p><a href=\"https:\/\/majadahondamagazin.es\/wp-content\/uploads\/2017\/07\/Captura-de-pantalla-2017-07-09-a-las-19.58.09.png\"><img loading=\"lazy\" decoding=\"async\" class=\"alignleft size-medium wp-image-81258\" src=\"https:\/\/majadahondamagazin.es\/wp-content\/uploads\/2017\/07\/Captura-de-pantalla-2017-07-09-a-las-19.58.09-300x160.png\" alt=\"\" width=\"300\" height=\"160\" \/><\/a><span style=\"color: #ff0000;\"><strong>Maribel Berzosa: f\u00edjate que el otro d\u00eda haciendo zapping me encuentro con \u201cEl \u00e1rbol del ahorcado\u201d. Y hablando de m\u00fasica, la canci\u00f3n de \u201cEl \u00e1rbol del ahorcado\u201d fue algo que estaba constantemente en nuestras vidas, es uno de los grandes mitos de la m\u00fasica del cine. Y me volvi\u00f3 a emocionar y encantar. Victor Blanco: siempre que hablamos contigo Federico es como asistir a una peque\u00f1a clase de Universidad, en este caso sobre el western, con Luis Cernuda o incluso Juan Luis Panero, saliendo de una especie de tumba en la casa de los Panero, maravillosa referencia.<\/strong> <\/span>Federico Utrera: Y es verdad, acu\u00e9rdate de la escena en \u201cEl Desencanto\u201d donde Juan Luis se disfraza de cowboy y dispara incluso con una pistola\u2026\u00a0<a href=\"https:\/\/www.ivoox.com\/entrevista-federico-utrera-conferencia-curso-audios-mp3_rf_19657665_1.html\">Escuche la entrevista completa en Radio Internacional<\/a><\/p>\n","protected":false},"excerpt":{"rendered":"<p>\u201cLes presentamos el curso de verano \u201cEl western europeo: Espa\u00f1a, plat\u00f3 de cine\u201d que acoge la Universidad de Burgos entre el 10 y el 14 de julio. Federico Utrera, escritor, periodista, profesor y doctor en Comunicaci\u00f3n Audiovisual, abre este curso con la conferencia titulada \u201cUn desierto al Oeste: el western en la literatura y arte contempor\u00e1neos\u201d. Con esta presentaci\u00f3n, el periodista V\u00edctor Blanco (Radio Internacional) entrevist\u00f3 al director de MJD Magazin junto a su compa\u00f1era Maribel Berzosa. El Magazine de Mundo Noticias de Victor Blanco (@VBlancoRadio), que se emite todos los d\u00edas de 10.00 a 12.00, pertenece a \u201cla \u00fanica radio generalista de Espa\u00f1a especializada en programas de alt\u00edsimo nivel<\/p>\n","protected":false},"author":1,"featured_media":0,"comment_status":"open","ping_status":"open","sticky":false,"template":"","format":"standard","meta":{"footnotes":""},"categories":[265],"tags":[142,427],"class_list":["post-2081","post","type-post","status-publish","format-standard","hentry","category-videowestern","tag-federico-utrera","tag-western"],"views":1607,"_links":{"self":[{"href":"https:\/\/editorialhijosdemuleyrubio.com\/index.php?rest_route=\/wp\/v2\/posts\/2081","targetHints":{"allow":["GET"]}}],"collection":[{"href":"https:\/\/editorialhijosdemuleyrubio.com\/index.php?rest_route=\/wp\/v2\/posts"}],"about":[{"href":"https:\/\/editorialhijosdemuleyrubio.com\/index.php?rest_route=\/wp\/v2\/types\/post"}],"author":[{"embeddable":true,"href":"https:\/\/editorialhijosdemuleyrubio.com\/index.php?rest_route=\/wp\/v2\/users\/1"}],"replies":[{"embeddable":true,"href":"https:\/\/editorialhijosdemuleyrubio.com\/index.php?rest_route=%2Fwp%2Fv2%2Fcomments&post=2081"}],"version-history":[{"count":1,"href":"https:\/\/editorialhijosdemuleyrubio.com\/index.php?rest_route=\/wp\/v2\/posts\/2081\/revisions"}],"predecessor-version":[{"id":2082,"href":"https:\/\/editorialhijosdemuleyrubio.com\/index.php?rest_route=\/wp\/v2\/posts\/2081\/revisions\/2082"}],"wp:attachment":[{"href":"https:\/\/editorialhijosdemuleyrubio.com\/index.php?rest_route=%2Fwp%2Fv2%2Fmedia&parent=2081"}],"wp:term":[{"taxonomy":"category","embeddable":true,"href":"https:\/\/editorialhijosdemuleyrubio.com\/index.php?rest_route=%2Fwp%2Fv2%2Fcategories&post=2081"},{"taxonomy":"post_tag","embeddable":true,"href":"https:\/\/editorialhijosdemuleyrubio.com\/index.php?rest_route=%2Fwp%2Fv2%2Ftags&post=2081"}],"curies":[{"name":"wp","href":"https:\/\/api.w.org\/{rel}","templated":true}]}}