{"id":2090,"date":"2017-08-14T10:45:28","date_gmt":"2017-08-14T09:45:28","guid":{"rendered":"http:\/\/editorialhijosdemuleyrubio.com\/?p=2090"},"modified":"2017-08-14T10:45:35","modified_gmt":"2017-08-14T09:45:35","slug":"luis-alemany-entrevista-a-federico-utrera-si-fuera-guionista-de-cine-buscaria-tu-libro-hay-20-peliculas-dentro-esperando","status":"publish","type":"post","link":"https:\/\/editorialhijosdemuleyrubio.com\/?p=2090","title":{"rendered":"Luis Alemany entrevista a Federico Utrera: \u201csi fuera guionista de cine buscar\u00eda tu libro: hay 20 pel\u00edculas dentro esperando\u201d."},"content":{"rendered":"<figure id=\"attachment_83531\" aria-describedby=\"caption-attachment-83531\" style=\"width: 300px\" class=\"wp-caption alignleft\"><a href=\"https:\/\/majadahondamagazin.es\/wp-content\/uploads\/2017\/08\/Captura-de-pantalla-2017-08-10-a-las-10.57.22.png\"><img loading=\"lazy\" decoding=\"async\" class=\"size-medium wp-image-83531\" src=\"https:\/\/majadahondamagazin.es\/wp-content\/uploads\/2017\/08\/Captura-de-pantalla-2017-08-10-a-las-10.57.22-300x239.png\" alt=\"\" width=\"300\" height=\"239\" \/><\/a><figcaption id=\"caption-attachment-83531\" class=\"wp-caption-text\">Federico Utrera ha sido entrevistado por el periodista Luis Alemany en \u00abEl Mundo\u00bb<\/figcaption><\/figure>\n<p>LUIS ALEMANY. \u201c<strong>Canarias, secreto de Estado<\/strong>\u201d es un libro inolvidable. Apareci\u00f3 en 1996 en la editorial Hijos de Muley Rubio y en sus p\u00e1ginas hay material para escribir tres o cuatro novelas de esp\u00edas: hay terrorismo y contraterrorismo, agentes argelinos, caciques tabaqueros, justicieros forajidos, patriotas mesi\u00e1nicos&#8230; Hay insurrecciones populares y pavorosos accidentes a\u00e9reos. La idea que queda despu\u00e9s de leer aquella investigaci\u00f3n sobre la Transici\u00f3n en el archipi\u00e9lago suena en 2017 casi c\u00f3mica, pero fue real: hace 40 a\u00f1os, lo que se discut\u00eda era si Canarias se parec\u00eda m\u00e1s a la Argelia de los pied-noirs que a cualquier otra regi\u00f3n de Espa\u00f1a. Algo ha quedado de esos a\u00f1os de plomo.<!--more--><\/p>\n<figure id=\"attachment_83532\" aria-describedby=\"caption-attachment-83532\" style=\"width: 266px\" class=\"wp-caption alignleft\"><a href=\"https:\/\/majadahondamagazin.es\/wp-content\/uploads\/2017\/08\/15273498868_b74e5d4251_b.jpg\"><img loading=\"lazy\" decoding=\"async\" class=\"wp-image-83532 size-medium\" src=\"https:\/\/majadahondamagazin.es\/wp-content\/uploads\/2017\/08\/15273498868_b74e5d4251_b-266x300.jpg?_t=1502697317\" alt=\"\" width=\"266\" height=\"300\" \/><\/a><figcaption id=\"caption-attachment-83532\" class=\"wp-caption-text\">Luis Alemany, periodista de \u00abEl Mundo\u00bb<\/figcaption><\/figure>\n<p>A menudo, Espa\u00f1a se juzga desde Canarias con la suspicacia de los viejos tiempos. Se la considera soluci\u00f3n y problema al mismo tiempo, igual que ocurr\u00eda cuando la dictadura. <strong>Federico Utrera,<\/strong> el autor de Canarias, secreto de Estado, recuerda que, en los 70, la tensi\u00f3n franquismo-antifranquismo se sent\u00eda como una tensi\u00f3n Espa\u00f1a-Canarias. \u00abSe ve\u00eda as\u00ed hasta el punto infinito y m\u00e1s all\u00e1\u00bb. Desde entonces, los a\u00f1os han ido cayendo cargados de fondos de cohesi\u00f3n como una manera de reparar el pecado original de la metr\u00f3poli. Ya s\u00f3lo nos queda hablar de cultura. Va un secreto: cualquier canario sabe que hay m\u00e1s distancia cultural entre un isle\u00f1o y un peninsular que la que separa a un un catal\u00e1n de un madrile\u00f1o. El sonido del idioma espa\u00f1ol, la arquitectura, la m\u00fasica, la gastronom\u00eda&#8230; Sin embargo, esa distancia raras veces se vive como un conflicto. Como explica <strong>Federico Utrera,<\/strong> el conflicto \u00abmuri\u00f3 por inanici\u00f3n\u00bb. Cuatro preguntas f\u00e1ciles y un cumplido: <strong>si fuera guionista de cine buscar\u00eda en tu libro porque hay 20 pel\u00edculas ah\u00ed dentro esperando.<\/strong><\/p>\n<figure id=\"attachment_83533\" aria-describedby=\"caption-attachment-83533\" style=\"width: 300px\" class=\"wp-caption alignleft\"><a href=\"https:\/\/majadahondamagazin.es\/wp-content\/uploads\/2017\/08\/flyer-cara-a-cara-con-galdocc81s-con-federico-utrera.jpg\"><img loading=\"lazy\" decoding=\"async\" class=\"wp-image-83533 size-medium\" src=\"https:\/\/majadahondamagazin.es\/wp-content\/uploads\/2017\/08\/flyer-cara-a-cara-con-galdocc81s-con-federico-utrera-300x187.jpg?_t=1502384579\" alt=\"\" width=\"300\" height=\"187\" \/><\/a><figcaption id=\"caption-attachment-83533\" class=\"wp-caption-text\">Conferencia sobre Gald\u00f3s en Gran Canaria<\/figcaption><\/figure>\n<p><span style=\"color: #ff0000;\"><strong>Te dir\u00eda que lo que m\u00e1s me llama la atenci\u00f3n del libro \u00abCanarias secreto de Estado\u00bb es que el debate, en un momento dado, era saber si la relaci\u00f3n Canarias-Espa\u00f1a hab\u00eda que juzgarla como la relaci\u00f3n Francia-Argelia en los a\u00f1os 50. \u00bfEs as\u00ed?<\/strong> <\/span><br \/>\n\u2013 Con esta pregunta me pasa igual que cuando le preguntaron a Unamuno: \u00bfCree usted en la existencia de Dios? Y \u00e9l respondi\u00f3: primero habr\u00eda que definir que es \u00abcreer\u00bb, despu\u00e9s que es \u00abexistencia\u00bb y por \u00faltimo, que es \u00abDios\u00bb. Argelia era entonces una potencia econ\u00f3mica emergente y Espa\u00f1a un pa\u00eds en v\u00edas de desarrollo. Hoy es al rev\u00e9s. A partir de ah\u00ed. \u00bfComo habr\u00eda que juzgar hoy en Espa\u00f1a los deseos de independencia de organizaciones bereberes o tuaregs argelinas?<\/p>\n<figure id=\"attachment_83534\" aria-describedby=\"caption-attachment-83534\" style=\"width: 300px\" class=\"wp-caption alignleft\"><a href=\"https:\/\/majadahondamagazin.es\/wp-content\/uploads\/2017\/08\/Federico-con-Panero.jpg\"><img loading=\"lazy\" decoding=\"async\" class=\"wp-image-83534 size-medium\" src=\"https:\/\/majadahondamagazin.es\/wp-content\/uploads\/2017\/08\/Federico-con-Panero-300x199.jpg?_t=1502384552\" alt=\"\" width=\"300\" height=\"199\" \/><\/a><figcaption id=\"caption-attachment-83534\" class=\"wp-caption-text\">Federico Utrera y Leopoldo Mar\u00eda Panero en Las Palmas<\/figcaption><\/figure>\n<p><span style=\"color: #ff0000;\"><strong>\u00bfEstaba justificada esa idea en ese momento?<\/strong> <\/span><br \/>\n\u2013 Digamos que la pugna ideol\u00f3gica, pol\u00edtica, militar y econ\u00f3mica era entre quienes cre\u00edan justificada esa idea y los que no. Para entender aquella \u00e9poca m\u00e1s que los libros de Historia habr\u00eda que ver la serie \u00ab<strong>El Inflitrado<\/strong>\u00bb y creo que en mi libro hay algo de eso. Pero claro, a m\u00ed en lugar de <strong>Hugh Laurie<\/strong> (\u201cDr. House\u201d) me sale <strong>Antonio Cubillo<\/strong> y en vez de <strong>Tom Hiddleston<\/strong> aparece el murciano<strong> Espinosa<\/strong>. Y obviamente <strong>Federico Utrera<\/strong> no es <strong>John Le Carr\u00e9<\/strong>. A\u00fan as\u00ed, todos podr\u00edamos llegar a encarnarlos, y aunque ya se hizo una pel\u00edcula-documental, hay efectivamente material para un film de acci\u00f3n apasionante con materiales hist\u00f3ricos de la vida real.<\/p>\n<p><span style=\"color: #ff0000;\"><strong><a href=\"https:\/\/majadahondamagazin.es\/wp-content\/uploads\/2017\/08\/utreragr.jpg\"><img loading=\"lazy\" decoding=\"async\" class=\"alignleft size-medium wp-image-83535\" src=\"https:\/\/majadahondamagazin.es\/wp-content\/uploads\/2017\/08\/utreragr-300x225.jpg\" alt=\"\" width=\"300\" height=\"225\" \/><\/a>\u00bfPor qu\u00e9 fue abandonada la idea independentista?<\/strong><\/span><br \/>\n\u2013 Por inanici\u00f3n. Lo que no puede ser no puede ser y adem\u00e1s es imposible. Y a\u00fan si\u00e9ndolo, la idea de <strong>Gandhi<\/strong> y del referendum pactado se ha demostrado la \u00fanica eficaz. En EE.UU ahora surge esto con <strong>Puerto Rico o California,<\/strong> pero los anglosajones y galos son m\u00e1s pr\u00e1cticos que los arabo-latinos, aunque la globalizaci\u00f3n lo vaya fundiendo todo.\u00a0<span style=\"color: #ff0000;\"><strong>Si hacemos rebobinado unos a\u00f1os m\u00e1s, \u00bfhasta qu\u00e9 punto la tensi\u00f3n franquismo-antifranquismo hab\u00eda sido percibida como una tensi\u00f3n Espa\u00f1a-Canarias?<\/strong> <\/span><br \/>\n\u2013 Hasta el punto infinito y m\u00e1s all\u00e1: esa fue y es la clave: la modernizaci\u00f3n y la calidad democr\u00e1tica fue el mejor ant\u00eddoto contra los fantasmas independentistas. Y la inteligencia, obviamente. No olvidemos que, contra todo pron\u00f3stico, en aquella \u00e9poca el centrismo de <strong>Adolfo Su\u00e1rez<\/strong> arras\u00f3 electoralmente en el Archipi\u00e9lago.<\/p>\n<p><span style=\"color: #ff0000;\"><strong><a href=\"https:\/\/majadahondamagazin.es\/wp-content\/uploads\/2017\/08\/Goytisolo-Biblioteca-Utrera2-300x225.jpg\"><img loading=\"lazy\" decoding=\"async\" class=\"alignleft size-medium wp-image-83536\" src=\"https:\/\/majadahondamagazin.es\/wp-content\/uploads\/2017\/08\/Goytisolo-Biblioteca-Utrera2-300x225-300x225.jpg\" alt=\"\" width=\"300\" height=\"225\" \/><\/a>Te dir\u00eda que cualquier canario siente que hay m\u00e1s distancia cultural entre un canario y un peninsular de cualquier lugar que la que hay entre un vasco y otro espa\u00f1ol o un catal\u00e1n y otro espa\u00f1ol. \u00bfPor qu\u00e9 esa lejan\u00eda no se ha convertido en conflicto?<\/strong><\/span><br \/>\n\u2013 De nuevo responder\u00eda mejor con <strong>Unamuno<\/strong>, que adem\u00e1s estuvo desterrado en Fuerteventura. No s\u00e9 medir las distancias culturales por origen geogr\u00e1fico sino por sensibilidad art\u00edstica. Aqu\u00ed s\u00ed puede afirmarse que Canarias es una de las comunidades m\u00e1s sensibles y art\u00edsticas emocionalmente, fruto quiz\u00e1s del mestizaje, la frontera y el destierro, tanto de Europa como de Am\u00e9rica y Africa, incluso ahora de Asia. A mi juicio, Canarias fue el primer pueblo global antes de la globalizaci\u00f3n y de ah\u00ed esas distancias que percibes.<\/p>\n<p><span style=\"color: #ff0000;\"><strong><a href=\"https:\/\/majadahondamagazin.es\/wp-content\/uploads\/2017\/08\/33409872.jpg\"><img loading=\"lazy\" decoding=\"async\" class=\"alignleft wp-image-83537\" src=\"https:\/\/majadahondamagazin.es\/wp-content\/uploads\/2017\/08\/33409872-225x300.jpg\" alt=\"\" width=\"141\" height=\"188\" \/><\/a>\u00bfC\u00f3mo juzgas el papel de Coalici\u00f3n Canaria en este camino desde el conflicto hasta la calma chicha?<\/strong><\/span><br \/>\n\u2013 Lo de \u00abchicha\u00bb no s\u00e9 si va con segundas pero, si as\u00ed fuera, ah\u00ed estar\u00eda la respuesta: Tenerife supo liderar mejor desde el punto de vista pol\u00edtico esa corriente tel\u00farica y sentimental porque la provincia de Las Palmas es m\u00e1s cosmopolita. El \u00e9xito fue la simbiosis entre ambas, que convierte a estas Islas en una suerte de Suiza africana. Por algo los cl\u00e1sicos las llamaban Afortunadas&#8230;\u00a0<span style=\"color: #ff0000;\"><strong>Y ya est\u00e1. Sabes que luego s\u00f3lo podr\u00e9 meter cinco frases, est\u00e1s avisado por si me escribes mucho. Me alegro mucho de haberte saludado.<\/strong><\/span><br \/>\n\u2013 Igualmente, ha sido un placer tambi\u00e9n para m\u00ed.<\/p>\n<figure id=\"attachment_83538\" aria-describedby=\"caption-attachment-83538\" style=\"width: 300px\" class=\"wp-caption alignleft\"><a href=\"https:\/\/majadahondamagazin.es\/wp-content\/uploads\/2017\/08\/atXqPtkS.jpg\"><img loading=\"lazy\" decoding=\"async\" class=\"wp-image-83538 size-medium\" src=\"https:\/\/majadahondamagazin.es\/wp-content\/uploads\/2017\/08\/atXqPtkS-300x169.jpg?_t=1502697426\" alt=\"\" width=\"300\" height=\"169\" \/><\/a><figcaption id=\"caption-attachment-83538\" class=\"wp-caption-text\">Luis Alemany escribi\u00f3 una certera semblanza de Juan Goytisolo<\/figcaption><\/figure>\n<p><span style=\"color: #0000ff;\"><strong>LUIS ALEMANY Y JUAN GOYTISOLO<\/strong><\/span>: No debi\u00f3 ser f\u00e1cil querer a <strong>Juan Goytisolo<\/strong>, sentir algo m\u00e1s c\u00e1lido que el respeto temeroso ante esa mezcla escalofriante de distancia altiva y fr\u00e1gil timidez que mostraba al trato. Pero tampoco es f\u00e1cil dejar de sentir fascinaci\u00f3n por una historia llena de contradicciones y de transgresiones que el propio <strong>Goytisolo<\/strong> cont\u00f3 en sus dos libros de memorias, saltando en la narraci\u00f3n de la primera a la segunda persona. <em>Coto vedado<\/em>, su primer libro autobiogr\u00e1fico, apareci\u00f3 en 1985. Es probable que sus primeros lectores apenas recuerden partes del libro, 32 a\u00f1os despu\u00e9s, como el relato de las soledades de un muchacho b\u00e1sicamente homosexual en la Espa\u00f1a de los a\u00f1os 50.<\/p>\n<figure id=\"attachment_77961\" aria-describedby=\"caption-attachment-77961\" style=\"width: 300px\" class=\"wp-caption alignleft\"><a href=\"https:\/\/majadahondamagazin.es\/wp-content\/uploads\/2017\/06\/goytisolo-utrera.jpg\"><img loading=\"lazy\" decoding=\"async\" class=\"size-medium wp-image-77961\" src=\"https:\/\/majadahondamagazin.es\/wp-content\/uploads\/2017\/06\/goytisolo-utrera-300x300.jpg\" alt=\"\" width=\"300\" height=\"300\" \/><\/a><figcaption id=\"caption-attachment-77961\" class=\"wp-caption-text\">Federico Utrera y Juan Goytisolo en Marruecos. Detr\u00e1s su compa\u00f1ero Abdelhadi<\/figcaption><\/figure>\n<p>Algunas escenas est\u00e1n narradas con tanta crudeza y nitidez que, al leerlas hoy, dan ganas de entreg\u00e1rselas a un cineasta. A <strong>Andr\u00e9 T\u00e9chin\u00e9<\/strong>, por ejemplo. Madrid, invierno de 1953. Goytisolo ha dejado Derecho, convencido de que su destino es escribir. Ha terminado <em>Juegos de manos<\/em>, su primera novela, y ha salido de Barcelona sin gran cosa que hacer, un poco por hacer tiempo y un poco para alejarse de la semiquiebra de la empresa de su padre, <strong>Jos\u00e9 Mar\u00eda Goytisolo Taltavull.<\/strong> En Madrid no tiene ninguna obligaci\u00f3n, de modo que sale de juerga. Su barrio es Arg\u00fcelles y su compa\u00f1\u00eda es una pareja de estudiantes colombianos, borrachuzos y descarados, con facilidad para el sablazo y afici\u00f3n a los prost\u00edbulos. Una noche, <strong>Goytisolo<\/strong> sale con Lucho, el preferido de los dos colombianos. Beben tanto que el gui\u00f3n de la noche se vuelve confuso. Al final de la madrugada, &#8216;algo&#8217; inesperado y sin determinar pasa a la puerta de una taberna. Algo grave. Al d\u00eda siguiente, el rumor de que alguien, aparentemente desconocido, ha abusado de la confianza y la integridad de Lucho llega hasta <strong>Goytisolo,<\/strong> aunque el escritor no recuerda nada. Da igual: la noticia cae sobre \u00e9l como una sentencia: esa intuici\u00f3n que el joven siempre hab\u00eda guardado en alg\u00fan rinc\u00f3n de su cabeza ya es una certeza: <strong>Goytisolo<\/strong> pertenece a la \u00abtribu de los malditos\u00bb de la que hablaba <strong>Marcel Proust. <\/strong><\/p>\n<figure id=\"attachment_83539\" aria-describedby=\"caption-attachment-83539\" style=\"width: 200px\" class=\"wp-caption alignleft\"><a href=\"https:\/\/majadahondamagazin.es\/wp-content\/uploads\/2017\/08\/xlarge_4779198.png\"><img loading=\"lazy\" decoding=\"async\" class=\"wp-image-83539 size-full\" src=\"https:\/\/majadahondamagazin.es\/wp-content\/uploads\/2017\/08\/xlarge_4779198.png?_t=1502697361\" alt=\"\" width=\"200\" height=\"113\" \/><\/a><figcaption id=\"caption-attachment-83539\" class=\"wp-caption-text\">Luis Alemany<\/figcaption><\/figure>\n<p>Durante el verano, <strong>Goytisolo<\/strong> se aficiona a un bar de la Barceloneta abandonado ante el mar y frecuentado por gente del arrabal: El Varadero. All\u00ed, entre otros personajes pintorescos, reina Raimundo, un gitano analfabeto y ex presidiario, sin domicilio claro ni familia, fuerte, bigotudo y extremadamente viril. La historia de su vida cambia cada vez que <strong>Goytisolo<\/strong> la escucha pero su estampa y su carisma le fascinan. El molde de todos los hombres que habr\u00edan de atraer a <strong>Goytisolo<\/strong> durante su vida estaba guardado en Raimundo. \u00abNunca me ver\u00e1s con un escritor ni con un hombre educado\u00bb, le dijo al escritor a <strong>Jaime Gil de Biedma<\/strong>, algunos a\u00f1os despu\u00e9s. <a href=\"http:\/\/www.elmundo.es\/espana\/2017\/08\/10\/598b4fd0e5fdea7c178b465a.html\">Leer el art\u00edculo completo.<\/a><\/p>\n<p>&nbsp;<\/p>\n","protected":false},"excerpt":{"rendered":"<p>LUIS ALEMANY. \u201cCanarias, secreto de Estado\u201d es un libro inolvidable. Apareci\u00f3 en 1996 en la editorial Hijos de Muley Rubio y en sus p\u00e1ginas hay material para escribir tres o cuatro novelas de esp\u00edas: hay terrorismo y contraterrorismo, agentes argelinos, caciques tabaqueros, justicieros forajidos, patriotas mesi\u00e1nicos&#8230; Hay insurrecciones populares y pavorosos accidentes a\u00e9reos. La idea que queda despu\u00e9s de leer aquella investigaci\u00f3n sobre la Transici\u00f3n en el archipi\u00e9lago suena en 2017 casi c\u00f3mica, pero fue real: hace 40 a\u00f1os, lo que se discut\u00eda era si Canarias se parec\u00eda m\u00e1s a la Argelia de los pied-noirs que a cualquier otra regi\u00f3n de Espa\u00f1a. Algo ha quedado de esos a\u00f1os de plomo.<\/p>\n","protected":false},"author":1,"featured_media":0,"comment_status":"open","ping_status":"open","sticky":false,"template":"","format":"standard","meta":{"footnotes":""},"categories":[17,268],"tags":[142,429],"class_list":["post-2090","post","type-post","status-publish","format-standard","hentry","category-biblioteca-hispanica-juan-goytisolo","category-periferias-y-ultraperiferias","tag-federico-utrera","tag-luis-alemany"],"views":1911,"_links":{"self":[{"href":"https:\/\/editorialhijosdemuleyrubio.com\/index.php?rest_route=\/wp\/v2\/posts\/2090","targetHints":{"allow":["GET"]}}],"collection":[{"href":"https:\/\/editorialhijosdemuleyrubio.com\/index.php?rest_route=\/wp\/v2\/posts"}],"about":[{"href":"https:\/\/editorialhijosdemuleyrubio.com\/index.php?rest_route=\/wp\/v2\/types\/post"}],"author":[{"embeddable":true,"href":"https:\/\/editorialhijosdemuleyrubio.com\/index.php?rest_route=\/wp\/v2\/users\/1"}],"replies":[{"embeddable":true,"href":"https:\/\/editorialhijosdemuleyrubio.com\/index.php?rest_route=%2Fwp%2Fv2%2Fcomments&post=2090"}],"version-history":[{"count":1,"href":"https:\/\/editorialhijosdemuleyrubio.com\/index.php?rest_route=\/wp\/v2\/posts\/2090\/revisions"}],"predecessor-version":[{"id":2091,"href":"https:\/\/editorialhijosdemuleyrubio.com\/index.php?rest_route=\/wp\/v2\/posts\/2090\/revisions\/2091"}],"wp:attachment":[{"href":"https:\/\/editorialhijosdemuleyrubio.com\/index.php?rest_route=%2Fwp%2Fv2%2Fmedia&parent=2090"}],"wp:term":[{"taxonomy":"category","embeddable":true,"href":"https:\/\/editorialhijosdemuleyrubio.com\/index.php?rest_route=%2Fwp%2Fv2%2Fcategories&post=2090"},{"taxonomy":"post_tag","embeddable":true,"href":"https:\/\/editorialhijosdemuleyrubio.com\/index.php?rest_route=%2Fwp%2Fv2%2Ftags&post=2090"}],"curies":[{"name":"wp","href":"https:\/\/api.w.org\/{rel}","templated":true}]}}