{"id":2128,"date":"2018-01-01T18:35:41","date_gmt":"2018-01-01T17:35:41","guid":{"rendered":"https:\/\/editorialhijosdemuleyrubio.com\/?p=2128"},"modified":"2018-01-01T18:35:41","modified_gmt":"2018-01-01T17:35:41","slug":"lecturas-de-navidad-al-otro-lado-de-aqaba-se-esconde-el-siglo-xxi","status":"publish","type":"post","link":"https:\/\/editorialhijosdemuleyrubio.com\/?p=2128","title":{"rendered":"Lecturas de Navidad: \u201cAl otro lado de Aqaba\u201d se esconde el siglo XXI"},"content":{"rendered":"<p><img loading=\"lazy\" decoding=\"async\" class=\"alignleft size-medium wp-image-94602\" src=\"https:\/\/majadahondamagazin.es\/wp-content\/uploads\/2017\/12\/IMG_9544-300x226.jpg\" alt=\"\" width=\"300\" height=\"226\" \/>FEDERICO UTRERA. Gracias al poeta <strong>Jos\u00e9 Angel Valente<\/strong> descubr\u00ed uno de esos libros que te cambian la vida: \u201c<em>La Universidad espa\u00f1ola, ocaso y restauraci\u00f3n\u201d<\/em>, de <strong>Alberto Jim\u00e9nez Fraud,<\/strong> entonces director de la <strong>Residencia de Estudiantes<\/strong> y mecenas del poeta <strong>Juan Ram\u00f3n Jim\u00e9nez<\/strong> cuando la habitaban <strong>Lorca, Dal\u00ed y Bu\u00f1uel<\/strong>, entre otros muchos genios del siglo pasado. Aquella \u201c<strong>Residencia<\/strong>\u201d no se diferenciar\u00eda mucho de lo que hoy pretende ser una universidad moderna: viajes al extranjero (\u201cErasmus\u201d), conferencias de expertos, laboratorios tecnol\u00f3gicos, pr\u00e1cticas en empresas\u2026 Y el libro concluye: la transmisi\u00f3n del conocimiento se hace est\u00e9ril si no cumple escrupulosamente 3 requisitos: <strong>teor\u00eda, ciencia y experiencia<\/strong>. Las universidades de todo el mundo son aptas en teor\u00eda y ciencia, pero fallan en experiencia porque la mayor\u00eda de sus profesores son hostiles al mundo laboral, ya que sus vidas se han consagrado al estudio, la investigaci\u00f3n y la lectura. De ah\u00ed que en \u00e9pocas de crisis, su hundimiento e ineficacia se haga m\u00e1s palpable y l<strong>a fosa entre formaci\u00f3n acad\u00e9mica y habilidad profesional se abra bajo los pies de los estudiantes y graduados<\/strong>, dando lugar a <strong>alt\u00edsimas tasas de paro juvenil o a parados de larga duraci\u00f3n que no encuentran la manera de reciclarse o reinventarse.<\/strong> Es el mundo del siglo XXI que a causa de estas carencias ya estructurales se ha instalado para quedarse.<!--more--><\/p>\n<figure id=\"attachment_94605\" aria-describedby=\"caption-attachment-94605\" style=\"width: 300px\" class=\"wp-caption alignleft\"><a href=\"https:\/\/majadahondamagazin.es\/wp-content\/uploads\/2017\/12\/IMG_9531.jpg\"><img loading=\"lazy\" decoding=\"async\" class=\"wp-image-94605 size-medium\" src=\"https:\/\/majadahondamagazin.es\/wp-content\/uploads\/2017\/12\/IMG_9531-300x225.jpg?_t=1514623764\" alt=\"\" width=\"300\" height=\"225\" \/><\/a><figcaption id=\"caption-attachment-94605\" class=\"wp-caption-text\">Playa Torregarc\u00eda, Cabo de Gata al fondo, (Navidad 2017)<\/figcaption><\/figure>\n<p>A la ausencia de <strong>\u201cexperiencia\u201d<\/strong> de la que hablaban <strong>Jim\u00e9nez Fraud y Valente<\/strong> se une tambi\u00e9n un cambio de paradigma tecnol\u00f3gico, de esos que ocurren muy pocas veces en nuestro planeta (edad del hierro, imprenta, revoluci\u00f3n industrial&#8230;). Vivimos tiempos parecidos al lejano Oeste donde al inmenso p\u00e1ramo digital que protagoniza la econom\u00eda del siglo XXI han llegado los primeros colonos, que se han instalado sin m\u00e1s armas que la innovaci\u00f3n y originalidad, no exentas de peligros y riesgos. De ah\u00ed que surgiera un g\u00e9nero art\u00edstico (western) que marc\u00f3 una \u00e9poca describiendo los numerosos sucesos que all\u00ed ocurr\u00edan seg\u00fan lo contaban sus protagonistas acorde a sus experiencias. Era algo parecido a lo que el cr\u00edtico italiano de arte del siglo XVI, <strong>Giorgio Vasari,<\/strong> realiz\u00f3 en su c\u00e9lebre libro <strong>\u201cLas vidas de los m\u00e1s excelentes pintores, escultores y arquitectos\u201d, <\/strong>referencia mundial e intemporal en el sector art\u00edstico donde es conocido como las<strong> \u00abVidas\u00bb de Vasari<\/strong>. No se conceb\u00eda una ense\u00f1anza de cualquier tipo si no se contrastaba con el ejemplo biogr\u00e1fico de su autor, su experiencia vital. Y por ah\u00ed pasaron los talleres y estudios de <strong>Leonardo, Miguel Angel, Rafael<\/strong> y tantos otros genios del \u00abquattrocento\u201d y \u201ccinquecento\u00bb, libro que leyeron Vel\u00e1zquez y El Greco.<\/p>\n<p><a href=\"https:\/\/majadahondamagazin.es\/wp-content\/uploads\/2017\/12\/Aqaba-1024x539-e1514553962514.jpg\"><img loading=\"lazy\" decoding=\"async\" class=\"alignleft wp-image-94595 size-medium\" src=\"https:\/\/majadahondamagazin.es\/wp-content\/uploads\/2017\/12\/Aqaba-1024x539-e1514553962514-300x129.jpg?_t=1514553981\" alt=\"\" width=\"300\" height=\"129\" \/><\/a>Por eso las biograf\u00edas y los libros de memorias o entrevistas gozan de enorme popularidad en el sector editorial y es la raz\u00f3n de que se traduzcan en ventas perennes, contrastando con la caducidad de los \u201cproductos literarios\u201d que apenas duran una estaci\u00f3n en los pl\u00fateos de las librer\u00edas. Uno de ellos es <strong>\u201cAl otro lado de Aqaba\u201d<\/strong>, el volumen que re\u00fane una \u201csuite\u201d con entrevistas realizadas por el periodista <strong>Alberto Guti\u00e9rrez<\/strong> y donde lo mismo encontramos al dramaturgo <strong>Albert Boadella,<\/strong> al escritor <strong>S\u00e1nchez Drag\u00f3<\/strong> o al diplom\u00e1tico <strong>Inocencio Arias,<\/strong> que a los periodistas <strong>Mart\u00ednez Soler<\/strong> o <strong>Antonio Torres<\/strong>, al torero <strong>\u201cJoselito\u201d<\/strong>, al guitarrista <strong>\u201cTomatito\u201d<\/strong> o al simp\u00e1tico presentador de televisi\u00f3n\u00a0<strong>Juan y Medio<\/strong>.<\/p>\n<figure id=\"attachment_94606\" aria-describedby=\"caption-attachment-94606\" style=\"width: 198px\" class=\"wp-caption alignleft\"><a href=\"https:\/\/majadahondamagazin.es\/wp-content\/uploads\/2017\/12\/IMG_9486.jpg\"><img loading=\"lazy\" decoding=\"async\" class=\"wp-image-94606 \" src=\"https:\/\/majadahondamagazin.es\/wp-content\/uploads\/2017\/12\/IMG_9486-300x225.jpg?_t=1514623694\" alt=\"\" width=\"198\" height=\"149\" \/><\/a><figcaption id=\"caption-attachment-94606\" class=\"wp-caption-text\">Puerto de Aguadulce (Almer\u00eda)<\/figcaption><\/figure>\n<p>Todos ellos narran sus vidas con gracia e ingenio, ceden a la posteridad sus ense\u00f1anzas como si fueran inscripciones de una l\u00e1pida que tarde o temprano caer\u00e1 sobre sus cuerpos y los de otros.\u00a0<strong>Alberto Guti\u00e9rrez<\/strong> trata de averiguar que ocurri\u00f3 para que sus vidas tuvieran un halo de originalidad que no alcanzaron otras. La compilaci\u00f3n es similar a la que que en los a\u00f1os ochenta y noventa del siglo pasado realizaron otros autores dando testimonio de los personajes m\u00e1s representativos de esas d\u00e9cadas (entonces<strong> Juan Goytisolo<\/strong>, el propio <strong>Valente<\/strong>, el fot\u00f3grafo <strong>Carlos P\u00e9rez Siquier<\/strong> o el pintor <strong>Jes\u00fas de Perceval<\/strong>, por poner algunos ejemplos emblem\u00e1ticos). Ahora, este volumen da paso en este siglo XXI a nuevos personajes que, teniendo su origen, relaci\u00f3n o simplemente siendo \u201caves de paso\u201d en la provincia de Almer\u00eda, se han convertido gracias a sus \u201cexperiencias\u201d, en modelos dignos de ser mostrados.<\/p>\n<figure id=\"attachment_94601\" aria-describedby=\"caption-attachment-94601\" style=\"width: 199px\" class=\"wp-caption alignleft\"><a href=\"https:\/\/majadahondamagazin.es\/wp-content\/uploads\/2017\/12\/IMG_9545.jpg\"><img loading=\"lazy\" decoding=\"async\" class=\"wp-image-94601 \" src=\"https:\/\/majadahondamagazin.es\/wp-content\/uploads\/2017\/12\/IMG_9545-241x300.jpg?_t=1514623249\" alt=\"\" width=\"199\" height=\"248\" \/><\/a><figcaption id=\"caption-attachment-94601\" class=\"wp-caption-text\">Alberto Guti\u00e9rrez (R. Valero)<\/figcaption><\/figure>\n<p>Surge as\u00ed una nueva \u201craza\u201d de emprendedores, vitalistas y tenaces descubridores de esta nueva modernidad que se levantan tras uno y mil tropiezos, h\u00e9roes y hero\u00ednas que saben sacarle partido a ese amargo sabor de la derrota y que han puesto en pie un sue\u00f1o que el propio <strong>Alberto Guti\u00e9rrez <\/strong>\u2013podr\u00eda ser otro de ellos\u2013 materializa <strong>\u201cAl otro lado de Aqaba\u201d<\/strong>. All\u00ed evoca a <strong>\u201cLawrence de Arabia\u201d<\/strong> y el cine rodado en Almer\u00eda, que transform\u00f3 a sus habitantes en beduinos de esta ciudad jordana, convirtiendo el pueblo de <strong>Tabernas<\/strong> en el desierto del <strong>Wadi Rum<\/strong>. El cineasta\u00a0<strong>David Lean<\/strong> supo hacer del libro <strong>\u00abLos siete pilares de la sabidur\u00eda\u00bb<\/strong>\u00a0de\u00a0<strong>T. E. Lawrence\u00a0<\/strong>una \u00e9pica y ya hist\u00f3rica pel\u00edcula de con <strong>Peter O&#8217;Toole, Omar Sharif, Anthony Quinn, Sir Alec Guinness, Jack Hawkins, Jos\u00e9 Ferrer y Fernando Sancho,<\/strong>\u00a0dandole a su vida aires de leyenda. Hoy <strong>Aqaba<\/strong> es una floreciente ciudad portuaria, la \u00fanica salida al mar de <strong>Jordania<\/strong> a lo largo de 24 kil\u00f3metros y puerto en el <strong>Mar Rojo<\/strong>, pero para sus habitantes \u201c<strong>Lawrence de Arabia<\/strong>\u201d <a href=\"https:\/\/elpais.com\/elpais\/2011\/06\/30\/paco_nadal\/1309386879_130938.html\">hoy es un traidor y esp\u00eda brit\u00e1nico que no les trajo nada m\u00e1s que desgracias<\/a>. As\u00ed se escribe la historia.<strong> Almer\u00eda,<\/strong> por el contrario, lo reivindica en celuloide, y esa altura de miras y generosidad hacen que al final sea mejor la versi\u00f3n art\u00edstica sublimada que el rudo y r\u00fastico original. Una vez m\u00e1s, lecci\u00f3n de vida.<\/p>\n<p><a href=\"https:\/\/majadahondamagazin.es\/wp-content\/uploads\/2017\/12\/IMG_9543.jpg\"><img loading=\"lazy\" decoding=\"async\" class=\"alignleft wp-image-94603 size-medium\" src=\"https:\/\/majadahondamagazin.es\/wp-content\/uploads\/2017\/12\/IMG_9543-300x225.jpg?_t=1514623851\" alt=\"\" width=\"300\" height=\"225\" \/><\/a>No s\u00e9 realmente que pinto yo entre tantos pr\u00f3ceres del presente y futuro siglo XXI, pero <strong>Alberto Guti\u00e9rrez<\/strong> decidi\u00f3 un d\u00eda entrevistarme y m\u00e1s tarde incluirme entre ese medio centenar de personajes donde sobresalen j\u00f3venes y valientes innovadores como <strong>Juan Mart\u00ednez Barea, Juanjo Tara, Rafael Martos, Rebeca Minguela, Patricia Ortiz, Patricia Rosales, Juan Pablo Seijo, Adelina Salinas, Ignacio Medrano, Jes\u00fas Aceituno, Pilar Cosentino, Jes\u00fas Alcoba, Jos\u00e9 Fern\u00e1ndez, Nacho Dean, Pablo Beltr\u00e1n o Rodrigo Valero.<\/strong> Y con ellos, sabios experimentados como <strong>Agust\u00edn Melero, Alejandro Reyes, Beatrice Beckett, Dionisio Bisbal<\/strong> (boxeador y t\u00edo del cantante),<strong> Eduardo del Pino, Eduardo Fajardo, Lola G\u00f3mez Terr\u00f3n<\/strong>\u2026 No sobra ninguno de los algo m\u00e1s de 50 elegidos porque ni uno solo va de <em>postureo<\/em> en lo que cuenta y as\u00ed fue que el libro me enganch\u00f3 por ello y me lo merend\u00e9 en una sola tarde.<\/p>\n<figure id=\"attachment_94607\" aria-describedby=\"caption-attachment-94607\" style=\"width: 300px\" class=\"wp-caption alignleft\"><a href=\"https:\/\/majadahondamagazin.es\/wp-content\/uploads\/2017\/12\/IMG_9488.jpg\"><img loading=\"lazy\" decoding=\"async\" class=\"wp-image-94607 size-medium\" src=\"https:\/\/majadahondamagazin.es\/wp-content\/uploads\/2017\/12\/IMG_9488-300x225.jpg?_t=1514623661\" alt=\"\" width=\"300\" height=\"225\" \/><\/a><figcaption id=\"caption-attachment-94607\" class=\"wp-caption-text\">Cabo de Gata visto desde Aguadulce (Roquetas de Mar)<\/figcaption><\/figure>\n<p>Ese mestizaje de juventud y veteran\u00eda (teor\u00eda, ciencia y experiencia), esconde el secreto de la alquimia que tantos frutos suele dar a lo largo de todas las \u00e9pocas. Seguramente <strong>Alberto Guti\u00e9rrez<\/strong> se haya quedado corto en el n\u00famero de sus entrevistas porque echo en falta al fot\u00f3grafo digital <strong>Jos\u00e9 Mar\u00eda Mellado,<\/strong> el pintor<strong> Abraham La Calle<\/strong>, el director de cine <strong>Mart\u00edn Cuenca<\/strong>, el dise\u00f1ador gr\u00e1fico <strong>Carlos Valera<\/strong>, el poeta<strong> Bretones<\/strong> o el pintor<strong> Ib\u00e1\u00f1ez,<\/strong> pero en esto detr\u00e1s de cada escritor hay una constelaci\u00f3n diferente y cada uno tiene su propia \u201cselecci\u00f3n nacional\u201d o su propia alineaci\u00f3n de \u201cfiguras\u201d. Y no son \u201cfigurones\u201d, como se re\u00eda de ellos\u00a0<strong>Miguel de Cervantes\u00a0<\/strong>en <a href=\"https:\/\/books.google.es\/books?id=K33nAwAAQBAJ&amp;pg=PA7&amp;dq=cordel+de+extraviados&amp;hl=es&amp;sa=X&amp;ved=0ahUKEwj45MicpK_YAhXEPxQKHTZaCocQ6AEIKDAA#v=snippet&amp;q=Cervantes%20figura&amp;f=false\">uno de los jerogl\u00edficos<\/a> que ide\u00f3 ese caballero de la triste figura que era el <strong>Quijote<\/strong>. Por eso \u201c<strong>Al otro lado de Aqaba<\/strong>\u201d posee un valor que no me ha pasado desapercibido: no se ha incluido ni un solo pol\u00edtico. Solo por eso merece la pena leerse con ese gusto y placer que poseen las obras bien hechas, donde el humor no sobra gracias a los c\u00f3micos que tambi\u00e9n han puesto su grano de arena para edificar esa enorme y s\u00f3lida construcci\u00f3n en piedra que se ve, como un cactus en el <strong>Cabo de Gata<\/strong>, all\u00e1 lejano en el desierto, <strong>al otro lado de Aqaba<\/strong>&#8230;<\/p>\n","protected":false},"excerpt":{"rendered":"<p>FEDERICO UTRERA. Gracias al poeta Jos\u00e9 Angel Valente descubr\u00ed uno de esos libros que te cambian la vida: \u201cLa Universidad espa\u00f1ola, ocaso y restauraci\u00f3n\u201d, de Alberto Jim\u00e9nez Fraud, entonces director de la Residencia de Estudiantes y mecenas del poeta Juan Ram\u00f3n Jim\u00e9nez cuando la habitaban Lorca, Dal\u00ed y Bu\u00f1uel, entre otros muchos genios del siglo pasado. Aquella \u201cResidencia\u201d no se diferenciar\u00eda mucho de lo que hoy pretende ser una universidad moderna: viajes al extranjero (\u201cErasmus\u201d), conferencias de expertos, laboratorios tecnol\u00f3gicos, pr\u00e1cticas en empresas\u2026 Y el libro concluye: la transmisi\u00f3n del conocimiento se hace est\u00e9ril si no cumple escrupulosamente 3 requisitos: teor\u00eda, ciencia y experiencia. Las universidades de todo el mundo<\/p>\n","protected":false},"author":1,"featured_media":0,"comment_status":"open","ping_status":"open","sticky":false,"template":"","format":"standard","meta":{"footnotes":""},"categories":[268],"tags":[444,445,142],"class_list":["post-2128","post","type-post","status-publish","format-standard","hentry","category-periferias-y-ultraperiferias","tag-al-otro-lado-de-aqaba","tag-alberto-gutierrez","tag-federico-utrera"],"views":1640,"_links":{"self":[{"href":"https:\/\/editorialhijosdemuleyrubio.com\/index.php?rest_route=\/wp\/v2\/posts\/2128","targetHints":{"allow":["GET"]}}],"collection":[{"href":"https:\/\/editorialhijosdemuleyrubio.com\/index.php?rest_route=\/wp\/v2\/posts"}],"about":[{"href":"https:\/\/editorialhijosdemuleyrubio.com\/index.php?rest_route=\/wp\/v2\/types\/post"}],"author":[{"embeddable":true,"href":"https:\/\/editorialhijosdemuleyrubio.com\/index.php?rest_route=\/wp\/v2\/users\/1"}],"replies":[{"embeddable":true,"href":"https:\/\/editorialhijosdemuleyrubio.com\/index.php?rest_route=%2Fwp%2Fv2%2Fcomments&post=2128"}],"version-history":[{"count":1,"href":"https:\/\/editorialhijosdemuleyrubio.com\/index.php?rest_route=\/wp\/v2\/posts\/2128\/revisions"}],"predecessor-version":[{"id":2129,"href":"https:\/\/editorialhijosdemuleyrubio.com\/index.php?rest_route=\/wp\/v2\/posts\/2128\/revisions\/2129"}],"wp:attachment":[{"href":"https:\/\/editorialhijosdemuleyrubio.com\/index.php?rest_route=%2Fwp%2Fv2%2Fmedia&parent=2128"}],"wp:term":[{"taxonomy":"category","embeddable":true,"href":"https:\/\/editorialhijosdemuleyrubio.com\/index.php?rest_route=%2Fwp%2Fv2%2Fcategories&post=2128"},{"taxonomy":"post_tag","embeddable":true,"href":"https:\/\/editorialhijosdemuleyrubio.com\/index.php?rest_route=%2Fwp%2Fv2%2Ftags&post=2128"}],"curies":[{"name":"wp","href":"https:\/\/api.w.org\/{rel}","templated":true}]}}