{"id":2133,"date":"2018-03-02T19:43:30","date_gmt":"2018-03-02T18:43:30","guid":{"rendered":"https:\/\/editorialhijosdemuleyrubio.com\/?p=2133"},"modified":"2018-03-02T19:43:30","modified_gmt":"2018-03-02T18:43:30","slug":"el-ateismo-estetico-de-antonio-garcia-trevijano-retrato-de-federico-utrera","status":"publish","type":"post","link":"https:\/\/editorialhijosdemuleyrubio.com\/?p=2133","title":{"rendered":"El \u00abate\u00edsmo est\u00e9tico\u00bb de Antonio Garc\u00eda Trevijano: retrato de Federico Utrera"},"content":{"rendered":"<p><a href=\"https:\/\/majadahondamagazin.es\/wp-content\/uploads\/2018\/03\/download-3-e1519943236465.jpg\"><img loading=\"lazy\" decoding=\"async\" class=\"alignleft size-full wp-image-100228\" src=\"https:\/\/majadahondamagazin.es\/wp-content\/uploads\/2018\/03\/download-3-e1519943236465.jpg\" alt=\"\" width=\"255\" height=\"148\" \/><\/a>FEDERICO UTRERA. Conoc\u00ed a <strong>Antonio Garc\u00eda Trevijano<\/strong> en una memorable cena de Jueves Santo que ofreci\u00f3 una inteligente anfitriona: <strong>Cristina Ordov\u00e1s<\/strong>. Acud\u00ed junto a <strong>Mat\u00edas D\u00edaz Padr\u00f3n<\/strong>, conservador del Museo del Prado y el mayor especialista del mundo en Rubens. La sobremesa fue una espont\u00e1nea y desinteresada tertulia sobre Arte, algo in\u00e9dito en Espa\u00f1a, pa\u00eds cuyo dial est\u00e1 saturado por la pol\u00edtica de baja estofa y el altisonante chismorreo. De \u00e9l ten\u00eda apenas unas vagas referencias sobre su figura a prop\u00f3sito de la Transici\u00f3n, en las que afloraba como icono frustrado de una futura Rep\u00fablica Constitucional tras la muerte de Franco. Pol\u00edtico y jurista, antes de esa velada no adivinaba que este venerable pr\u00f3cer que jam\u00e1s ha catado el poder escond\u00eda una fina sensibilidad pl\u00e1stica y un conocimiento no menor en filosof\u00eda. Leyendo <strong>\u201cAte\u00edsmo Est\u00e9tico, Arte del Siglo XX. De la Modernidad al Modernismo\u201d<\/strong> (Ed. Landucci) creo no exagerar si defino a Trevijano como uno de nuestros grandes pensadores y te\u00f3ricos del Arte de ese siglo que tan certeramente describe en su libro.<!--more--><\/p>\n<figure id=\"attachment_100242\" aria-describedby=\"caption-attachment-100242\" style=\"width: 197px\" class=\"wp-caption alignleft\"><a href=\"https:\/\/majadahondamagazin.es\/wp-content\/uploads\/2018\/03\/220px-Uffizi_Donatello.jpg\"><img loading=\"lazy\" decoding=\"async\" class=\" wp-image-100242\" src=\"https:\/\/majadahondamagazin.es\/wp-content\/uploads\/2018\/03\/220px-Uffizi_Donatello-210x300.jpg\" alt=\"\" width=\"197\" height=\"281\" \/><\/a><figcaption id=\"caption-attachment-100242\" class=\"wp-caption-text\">Su amado Donatello<\/figcaption><\/figure>\n<p>No me gu\u00edan en mi caso afinidades ideol\u00f3gicas, ni siquiera est\u00e9ticas. Si acaso, me considerar\u00eda m\u00e1s cercano a las teor\u00edas y ensayos de <strong>Sim\u00f3n March\u00e1n Fiz, Jos\u00e9 Luis Brea, Valeriano Bozal o Jaime Brihuega<\/strong> en su reconocimiento de las vanguardias art\u00edsticas y las innovaciones pl\u00e1sticas. Pero es precisamente en eso en lo que radica el tino del libro: remueve conciencias, sacude clich\u00e9s, zarandea t\u00f3picos y cimenta sus ideas con una frescura y una agilidad literaria y argumental con la que no es dif\u00edcil vaticinar que <strong>\u201cAte\u00edsmo Est\u00e9tico\u201d<\/strong> ser\u00e1 un volumen que en los a\u00f1os venideros va a hacer temblar primero y socavar despu\u00e9s los cimientos mismos del arte contempor\u00e1neo.\u00a0<strong>Trevijano<\/strong> hace un repaso por la evoluci\u00f3n de los criterios del gusto y de la belleza, la raz\u00f3n del arte, la expresi\u00f3n est\u00e9tica y el arte de mirar y de pensar. Descrita en trazo grueso, su tesis apunta como las vanguardias, guiadas por su af\u00e1n en destruir un siglo plagado de desastres b\u00e9licos y atrocidades humanas, idearon una nueva forma de expresi\u00f3n que rompiera con el pasado y dibujara un futuro sobre nuevos presupuestos art\u00edsticos. Fueron elitistas e incomprendidos pero a la larga lograron lo que no se propon\u00edan: que el acceso a la obra de arte se hiciera popular y masivo sin importar demasiado el canon anterior del gusto ni la necesaria preparaci\u00f3n hacia el mismo.<\/p>\n<figure id=\"attachment_100240\" aria-describedby=\"caption-attachment-100240\" style=\"width: 190px\" class=\"wp-caption alignleft\"><a href=\"https:\/\/majadahondamagazin.es\/wp-content\/uploads\/2018\/03\/francis-bacon-bajando-escalera.jpg\"><img loading=\"lazy\" decoding=\"async\" class=\" wp-image-100240\" src=\"https:\/\/majadahondamagazin.es\/wp-content\/uploads\/2018\/03\/francis-bacon-bajando-escalera-210x300.jpg\" alt=\"\" width=\"190\" height=\"271\" \/><\/a><figcaption id=\"caption-attachment-100240\" class=\"wp-caption-text\">Admiraba a Francis Bacon<\/figcaption><\/figure>\n<p>Los impresionistas fueron los que tiraron la primera piedra y luego vendr\u00edan los dem\u00e1s, guiados por <strong>Picasso<\/strong> y los surrealistas y culminando con el \u201cready made\u201d de <strong>Marcel Duchamp<\/strong>. Perdida la referencia del arte cl\u00e1sico, el olvido de los <strong>Medicis o Donatello<\/strong>, el escultor que a\u00fan hoy conserva la esencia del esplendor de toda una \u00e9poca, sobreviene el cataclismo. Si alg\u00fan d\u00eda se diera a conocer el bajorrelieve en bronce con el retrato del hijo de <strong>Lorenzo de Medicis,<\/strong> obra in\u00e9dita desvelada por <strong>J. A. Forte<\/strong> en su libro <strong>\u201cDonatello modela la infancia\u201d<\/strong> (Ed. El Viso), quiz\u00e1s pudi\u00e9ramos apreciar esos viejos valores en los nuevos odres de la modernidad.\u00a0El autor repasa a cl\u00e1sicos y contempor\u00e1neos en arte y filosof\u00eda con la autoridad de quien los ha saboreado en toda su magnificencia. De hecho, uno descubre gratamente que este <strong>\u201cAte\u00edsmo Est\u00e9tico\u201d<\/strong> es en realidad una ant\u00edfrasis, pues no hay mayor creyente en la belleza que <strong>Trevijano<\/strong> y esta por fortuna alcanza tambi\u00e9n a <strong>Malevich, Moholy-Nagy o Francis Bacon<\/strong> en sus respectivos estilos y disciplinas. Imposible rese\u00f1ar brevemente lo mejor de su relaci\u00f3n onom\u00e1stico-art\u00edstica, de la que carece el libro en un imperdonable yerro de sus editores, pero que ayudar\u00eda a\u00fan m\u00e1s como gu\u00eda y consulta precisa para los que vamos a incorporarlo como volumen de cabecera.<\/p>\n<figure id=\"attachment_100241\" aria-describedby=\"caption-attachment-100241\" style=\"width: 127px\" class=\"wp-caption alignleft\"><a href=\"https:\/\/majadahondamagazin.es\/wp-content\/uploads\/2018\/03\/cosme_el_viejo.jpg\"><img loading=\"lazy\" decoding=\"async\" class=\" wp-image-100241\" src=\"https:\/\/majadahondamagazin.es\/wp-content\/uploads\/2018\/03\/cosme_el_viejo-291x300.jpg\" alt=\"\" width=\"127\" height=\"131\" \/><\/a><figcaption id=\"caption-attachment-100241\" class=\"wp-caption-text\">\u00a0M\u00e9dicis\/Pontormo<\/figcaption><\/figure>\n<p><strong>Trevijano<\/strong> no es de este mundo ni de esta \u00e9poca, para desgracia de sus contempor\u00e1neos, cuyo establishment lo ignora o ningunea. Me parece a m\u00ed que \u00e9l prefiere dialogar en este libro con <strong>Nicol\u00e1s de Uzzano<\/strong> o con <strong>Cosme de Medicis,<\/strong> de los que me atrevo a vislumbrar perfiles propios en su car\u00e1cter ind\u00f3mito, autodidacta, so\u00f1ador y hombre de acci\u00f3n, como pueden apreciar a diario sus oyentes en <strong>Radio Libertad Constituyente<\/strong> o los lectores de su Diario de la <strong>Rep\u00fablica Constitucional<\/strong>. La <strong>Rep\u00fablica de Florencia<\/strong> en el siglo XV es el h\u00e1bitat natural de este incombustible rom\u00e1ntico que lee a <strong>Maquiavelo<\/strong> e intent\u00f3 organizar una <strong>Espa\u00f1a<\/strong> a la que podr\u00eda parecerse alg\u00fan d\u00eda tras la defunci\u00f3n \u2013en la cama\u2013 del sistema opresor anterior.<\/p>\n<figure id=\"attachment_100239\" aria-describedby=\"caption-attachment-100239\" style=\"width: 300px\" class=\"wp-caption alignleft\"><a href=\"https:\/\/majadahondamagazin.es\/wp-content\/uploads\/2018\/03\/el_pago_del_tributo_al_cesar.jpg\"><img loading=\"lazy\" decoding=\"async\" class=\"size-medium wp-image-100239\" src=\"https:\/\/majadahondamagazin.es\/wp-content\/uploads\/2018\/03\/el_pago_del_tributo_al_cesar-300x133.jpg\" alt=\"\" width=\"300\" height=\"133\" \/><\/a><figcaption id=\"caption-attachment-100239\" class=\"wp-caption-text\">El tributo de Masaccio<\/figcaption><\/figure>\n<p>Al igual que le ocurri\u00f3 al notario <strong>Trevijano<\/strong> en su juventud, <strong>Cosme de Medicis<\/strong> tambi\u00e9n padeci\u00f3 c\u00e1rcel y s\u00f3lo su guardi\u00e1n <strong>Federico Malavotti<\/strong> consigui\u00f3 hacerle comer algo porque tem\u00eda ser envenenado, como le hab\u00eda ocurrido al joven pintor <strong>Masaccio<\/strong> unos pocos a\u00f1os antes tras pintar <strong>\u201cEl Tributo\u201d.<\/strong> Este fresco siempre me ha parecido que quiz\u00e1s albergue los secretos de su asesinato. A\u00fan hoy retumba en mis adentros este crimen cuando oigo en la prensa que el cianuro acab\u00f3 con la vida del empresario brit\u00e1nico <strong>Neil Heywood<\/strong> cuando pretend\u00eda destapar los manejos financieros de su amigo, el dirigente comunista chino<strong> Bo Xilai.<\/strong> O cuando el ruso <strong>Alexander Litvinenko<\/strong> fue envenenado misteriosamente con polonio. Pero <strong>Trevijano<\/strong>, que es uno de los pocos espa\u00f1oles que cree en sus principios y no tiene miedo a difundirlos, nos obsequia ahora en el Arte con la misma lozan\u00eda y renovaci\u00f3n que pretende para la pol\u00edtica.<\/p>\n<figure id=\"attachment_100243\" aria-describedby=\"caption-attachment-100243\" style=\"width: 192px\" class=\"wp-caption alignleft\"><a href=\"https:\/\/majadahondamagazin.es\/wp-content\/uploads\/2018\/03\/Niccolo_da_Uzzano_by_Donatello_-_cast.jpg\"><img loading=\"lazy\" decoding=\"async\" class=\"wp-image-100243\" src=\"https:\/\/majadahondamagazin.es\/wp-content\/uploads\/2018\/03\/Niccolo_da_Uzzano_by_Donatello_-_cast.jpg\" alt=\"\" width=\"192\" height=\"230\" \/><\/a><figcaption id=\"caption-attachment-100243\" class=\"wp-caption-text\">Nicol\u00e1s de Uzzano (Donatello)<\/figcaption><\/figure>\n<p>Tengo para m\u00ed que, por su car\u00e1cter, a<strong> Trevijano<\/strong> le persigue una kafkiana r\u00e9mora de malentendidos de los que no se desembarazar\u00e1 nunca porque los propagan quienes no lo han conocido ni le\u00eddo, que son la mayor\u00eda. O los que habi\u00e9ndolo hecho, prefieren el refugio algo miserable del inter\u00e9s propio y el arte de lo posible. O simplemente discrepan. Se habla mucho de sus defectos humanos, que van del mesianismo \u2013en el sentido menos peyorativo de la palabra\u2013 al egotismo o la grandilocuencia, pero nadie proclama sus virtudes, entre ellas \u2013y no es balad\u00ed en estos d\u00edas\u2013 la generosidad hacia el desvalido, la tolerancia hacia las ideas adversas, la educaci\u00f3n en el trato y el civismo en los principios, de los que hace constantemente gala y bandera en deliciosa conversaci\u00f3n.\u00a0<span style=\"font-family: -apple-system, BlinkMacSystemFont, 'Segoe UI', Roboto, Oxygen-Sans, Ubuntu, Cantarell, 'Helvetica Neue', sans-serif;\">Pero a m\u00ed lo que me ha enamorado de <\/span><strong style=\"font-family: -apple-system, BlinkMacSystemFont, 'Segoe UI', Roboto, Oxygen-Sans, Ubuntu, Cantarell, 'Helvetica Neue', sans-serif;\">Trevijano<\/strong><span style=\"font-family: -apple-system, BlinkMacSystemFont, 'Segoe UI', Roboto, Oxygen-Sans, Ubuntu, Cantarell, 'Helvetica Neue', sans-serif;\"> no ha sido su ideario sino su <\/span><strong style=\"font-family: -apple-system, BlinkMacSystemFont, 'Segoe UI', Roboto, Oxygen-Sans, Ubuntu, Cantarell, 'Helvetica Neue', sans-serif;\">\u201cAte\u00edsmo Est\u00e9tico\u201d<\/strong><span style=\"font-family: -apple-system, BlinkMacSystemFont, 'Segoe UI', Roboto, Oxygen-Sans, Ubuntu, Cantarell, 'Helvetica Neue', sans-serif;\"> que, el d\u00eda en que se lea en Espa\u00f1a y se desmoronen los prejuicios, le har\u00e1 emerger no como excelente notario y jurista \u2013que lo tiene acreditado\u2013, ni siquiera como l\u00facido cr\u00edtico pol\u00edtico y \u201coutsider\u201d \u2013uno de los pocos que dejan obra escrita de su pu\u00f1o y letra\u2013, sino como el fil\u00f3sofo y te\u00f3rico del Arte que no fue valorado en su tiempo en la justa medida en que sus textos lo encumbraban. \u00bfUn idealista? Quiz\u00e1s solo un hombre aseado en sus ideas durante unos sucios tiempos de confusi\u00f3n, c\u00f3lera y consumismo. *<\/span><a style=\"font-family: -apple-system, BlinkMacSystemFont, 'Segoe UI', Roboto, Oxygen-Sans, Ubuntu, Cantarell, 'Helvetica Neue', sans-serif;\" href=\"https:\/\/www.diariorc.com\/2012\/05\/01\/el-ateismo-estetico-de-trevijano\/\">Art\u00edculo publicado en Diario RC el\u00a001\/05\/2012.<\/a><\/p>\n","protected":false},"excerpt":{"rendered":"<p>FEDERICO UTRERA. Conoc\u00ed a Antonio Garc\u00eda Trevijano en una memorable cena de Jueves Santo que ofreci\u00f3 una inteligente anfitriona: Cristina Ordov\u00e1s. Acud\u00ed junto a Mat\u00edas D\u00edaz Padr\u00f3n, conservador del Museo del Prado y el mayor especialista del mundo en Rubens. La sobremesa fue una espont\u00e1nea y desinteresada tertulia sobre Arte, algo in\u00e9dito en Espa\u00f1a, pa\u00eds cuyo dial est\u00e1 saturado por la pol\u00edtica de baja estofa y el altisonante chismorreo. De \u00e9l ten\u00eda apenas unas vagas referencias sobre su figura a prop\u00f3sito de la Transici\u00f3n, en las que afloraba como icono frustrado de una futura Rep\u00fablica Constitucional tras la muerte de Franco. Pol\u00edtico y jurista, antes de esa velada no adivinaba<\/p>\n","protected":false},"author":1,"featured_media":0,"comment_status":"open","ping_status":"open","sticky":false,"template":"","format":"standard","meta":{"footnotes":""},"categories":[19],"tags":[446,447,142],"class_list":["post-2133","post","type-post","status-publish","format-standard","hentry","category-artes-clasicas","tag-antonio-garcia-trevijano","tag-ateismo-estetico","tag-federico-utrera"],"views":4448,"_links":{"self":[{"href":"https:\/\/editorialhijosdemuleyrubio.com\/index.php?rest_route=\/wp\/v2\/posts\/2133","targetHints":{"allow":["GET"]}}],"collection":[{"href":"https:\/\/editorialhijosdemuleyrubio.com\/index.php?rest_route=\/wp\/v2\/posts"}],"about":[{"href":"https:\/\/editorialhijosdemuleyrubio.com\/index.php?rest_route=\/wp\/v2\/types\/post"}],"author":[{"embeddable":true,"href":"https:\/\/editorialhijosdemuleyrubio.com\/index.php?rest_route=\/wp\/v2\/users\/1"}],"replies":[{"embeddable":true,"href":"https:\/\/editorialhijosdemuleyrubio.com\/index.php?rest_route=%2Fwp%2Fv2%2Fcomments&post=2133"}],"version-history":[{"count":1,"href":"https:\/\/editorialhijosdemuleyrubio.com\/index.php?rest_route=\/wp\/v2\/posts\/2133\/revisions"}],"predecessor-version":[{"id":2134,"href":"https:\/\/editorialhijosdemuleyrubio.com\/index.php?rest_route=\/wp\/v2\/posts\/2133\/revisions\/2134"}],"wp:attachment":[{"href":"https:\/\/editorialhijosdemuleyrubio.com\/index.php?rest_route=%2Fwp%2Fv2%2Fmedia&parent=2133"}],"wp:term":[{"taxonomy":"category","embeddable":true,"href":"https:\/\/editorialhijosdemuleyrubio.com\/index.php?rest_route=%2Fwp%2Fv2%2Fcategories&post=2133"},{"taxonomy":"post_tag","embeddable":true,"href":"https:\/\/editorialhijosdemuleyrubio.com\/index.php?rest_route=%2Fwp%2Fv2%2Ftags&post=2133"}],"curies":[{"name":"wp","href":"https:\/\/api.w.org\/{rel}","templated":true}]}}