{"id":2137,"date":"2018-03-11T10:27:43","date_gmt":"2018-03-11T09:27:43","guid":{"rendered":"https:\/\/editorialhijosdemuleyrubio.com\/?p=2137"},"modified":"2018-03-11T10:27:43","modified_gmt":"2018-03-11T09:27:43","slug":"el-autor-de-martin-cuenca-un-genial-retruecano-para-reirse-de-la-literatura-del-cine-y-del-publico","status":"publish","type":"post","link":"https:\/\/editorialhijosdemuleyrubio.com\/?p=2137","title":{"rendered":"\u00abEl Autor\u00bb de Mart\u00edn Cuenca: un genial retru\u00e9cano para re\u00edrse de la literatura, del cine y del p\u00fablico"},"content":{"rendered":"<p><a href=\"https:\/\/majadahondamagazin.es\/wp-content\/uploads\/2018\/03\/IMG_0454.jpg\"><img loading=\"lazy\" decoding=\"async\" class=\"alignleft size-medium wp-image-100976\" src=\"https:\/\/majadahondamagazin.es\/wp-content\/uploads\/2018\/03\/IMG_0454-300x225.jpg\" alt=\"\" width=\"300\" height=\"225\" \/><\/a>FEDERICO UTRERA. El actor ferrolano y asturiano <strong>Javier Guti\u00e9rrez,<\/strong> ganador de un \u00abGoya\u00bb por \u00ab<strong>El Autor\u00bb<\/strong> de <strong>Mart\u00edn Cuenca<\/strong>, visit\u00f3 esta semana los <strong>Cines Zoco de Majadahonda<\/strong> para presentar al p\u00fablico esta exitosa pel\u00edcula que <a href=\"http:\/\/www.elblogdecineespanol.com\/?p=38406\">ha recaudado 1 mill\u00f3n de euros en taquilla.<\/a> J<strong>avier Guti\u00e9rre<\/strong>z <a href=\"http:\/\/www.libertaddigital.com\/chic\/corazon\/2018-02-06\/javier-gutierrez-adriana-paz-vida-privada-secreta-goya-1276613377\/\">es ahora el int\u00e9rprete de moda en Espa\u00f1a<\/a>, le gan\u00f3 el c\u00e9lebre \u00abcabez\u00f3n\u00bb del pintor a <strong>Javier Bardem<\/strong>, por \u00abLoving Pablo\u00bb y a\u00a0<strong>Andr\u00e9s Gertrudix<\/strong> por \u00abMorir\u00bb. Adem\u00e1s <a href=\"http:\/\/www.elcomercio.es\/culturas\/cine\/actor-asturiano-javier-20170924055039-nt.html\">es actualmente el que m\u00e1s trabaja en una profesi\u00f3n con el 90% de paro<\/a>. \u00bfDonde ha estado la clave del \u00e9xito de este film? Ante la sincera reflexi\u00f3n de un espectador de Majadahonda al que la pel\u00edcula le pareci\u00f3 \u00abt\u00f3pica\u00bb y algo facilona, dej\u00f3 entrever que un director como <strong>Mart\u00edn Cuenca<\/strong>, satisfecho ya de reconocimientos internacionales y de las loas de la cr\u00edtica pero sin demasiados espectadores ni dinero para producir, decidi\u00f3 dar un salto y arriesgar con una pel\u00edcula que, sin perder su trayectoria de calidad, buscase el reconocimiento del p\u00fablico. Y parece que lo ha conseguido.<!--more--><\/p>\n<figure id=\"attachment_100978\" aria-describedby=\"caption-attachment-100978\" style=\"width: 300px\" class=\"wp-caption alignleft\"><a href=\"https:\/\/majadahondamagazin.es\/wp-content\/uploads\/2018\/03\/1510923698781.jpg\"><img loading=\"lazy\" decoding=\"async\" class=\"wp-image-100978 size-medium\" src=\"https:\/\/majadahondamagazin.es\/wp-content\/uploads\/2018\/03\/1510923698781-300x168.jpg\" alt=\"\" width=\"300\" height=\"168\" \/><\/a><figcaption id=\"caption-attachment-100978\" class=\"wp-caption-text\">Manuel Martin Cuenca \u00a9David Castro<\/figcaption><\/figure>\n<p><strong>\u00abEl Autor\u00bb<\/strong> es un retrato mordaz de la mezquindad.\u00a0Tendemos a pensar que los artistas poseen una personalidad heroica, pero igual somos m\u00e1s imb\u00e9ciles de lo que creemos. Y hablo tambi\u00e9n por m\u00ed. El motor de la pel\u00edcula son las reflexiones que me hice despu\u00e9s de <strong>\u00abCan\u00edbal\u00bb.<\/strong> Estoy orgulloso de ella, pero \u00bftodo esto\u00a0para qu\u00e9?\u00a0El protagonista de \u00abEl autor\u00bb es un manipulador, pero tambi\u00e9n un ingenuo que lucha\u00a0por lo que cree. La iron\u00eda es la que te coloca: se\u00f1ores, estoy no hay que tomarlo en serio, hay que re\u00edrse de uno mismo. He hecho esta pel\u00edcula para re\u00edrme de m\u00ed mismo\u00bb, <a href=\"https:\/\/www.elperiodico.com\/es\/ocio-y-cultura\/20171118\/entrevista-manuel-martin-cuenca-el-autor-6431022\">confesaba Cuenca en una reciente entrevista.<\/a> El p\u00fablico de los cines <strong>Zoco de Majadahonda<\/strong> se ri\u00f3 pero sobre todo sali\u00f3 encantado. \u00bfEs <strong>\u00abEl Autor\u00bb<\/strong> su primera obra maestra o una plaga de t\u00f3picos que asolan el invernadero del cine espa\u00f1ol? En esta cr\u00edtica, su \u00abautor\u00bb introduce algunas claves que pueden ayudar a responder a esta pregunta.<\/p>\n<p><a href=\"https:\/\/majadahondamagazin.es\/wp-content\/uploads\/2017\/08\/flyer-cara-a-cara-con-galdocc81s-con-federico-utrera-e1511898009136.jpg\"><img loading=\"lazy\" decoding=\"async\" class=\"alignleft wp-image-83533\" src=\"https:\/\/majadahondamagazin.es\/wp-content\/uploads\/2017\/08\/flyer-cara-a-cara-con-galdocc81s-con-federico-utrera-e1511898009136-300x285.jpg\" alt=\"\" width=\"126\" height=\"120\" \/><\/a>FEDERICO UTRERA (Cr\u00edtica). Los escritores y editores somos muy malos cin\u00e9filos porque nuestra materia prima est\u00e1 hecha de sue\u00f1os, como dec\u00eda <strong>Shakespeare.<\/strong> Y el cine los muestra en color para que el espectador los disfrute sin apenas esfuerzo. La pantalla del escritor est\u00e1 en una mente en blanco y negro y puede que si se hacen realidad las predicciones de <strong>Nikola Tesla<\/strong> alg\u00fan d\u00eda podamos incluso proyectarlos de forma virtual y coloreada. Pero mientras ese futuro llega ah\u00ed reside la magia pulmon\u00edaca del teatro \u2013y del cine\u2013 que dec\u00eda <strong>Ram\u00f3n G\u00f3mez de la Serna.<\/strong> Por eso el escritor suele ser buen cr\u00edtico pero mal cineasta y por eso tambi\u00e9n suele ir a contrapelo del p\u00fablico y las modas. Son trincheras distintas.<\/p>\n<p><a href=\"https:\/\/majadahondamagazin.es\/wp-content\/uploads\/2018\/03\/externo-7ae887f20bfe4f6538ddda03167b02a0.jpg\"><img loading=\"lazy\" decoding=\"async\" class=\"alignleft size-medium wp-image-100979\" src=\"https:\/\/majadahondamagazin.es\/wp-content\/uploads\/2018\/03\/externo-7ae887f20bfe4f6538ddda03167b02a0-300x196.jpg\" alt=\"\" width=\"300\" height=\"196\" \/><\/a>El talento cinematogr\u00e1fico de <strong>Cuenca<\/strong> ya se percibe en <strong>\u00abNadie (Un cuento de invierno)\u00bb<\/strong> o <strong>\u00abEl d\u00eda blanco\u00bb<\/strong>, un corto con claras influencias del videoarte. Con <strong>\u00abCan\u00edbal\u00bb<\/strong> obtuvo el aplauso de la cr\u00edtica y la ruina en taquilla, porque <strong>Cuenca<\/strong> ha hipotecado hasta su casa para producir pel\u00edculas. En sus <strong>\u00abHombres sin mujeres\u00bb<\/strong> ya se ve\u00eda su inclinaci\u00f3n a la tragicomedia, que desde el <strong>Lazarillo<\/strong> es la verdadera especialidad espa\u00f1ola frente a la tragedia griega y la comedia italiana o francesa. <strong>Cuenca<\/strong> estudi\u00f3 filolog\u00eda y periodismo, de ah\u00ed su querencia por la literatura y la creaci\u00f3n literaria, e incluso conoci\u00f3 al cubano <strong>Humberto Arenal,<\/strong> el amigo de <strong>Calvert Casey<\/strong>, aquel escritor dandy y homosexual al que <strong>Felicidad Blanc<\/strong>, entonces esposa del poeta <strong>Leopoldo Panero (padre),<\/strong> le tiraba los tejos. Y como tantos, Cuenca se enfrentaba al reto de pintar con luz la creaci\u00f3n literaria.<\/p>\n<p><a href=\"https:\/\/majadahondamagazin.es\/wp-content\/uploads\/2018\/03\/154317.jpg-c_215_290_x-f_jpg-q_x-xxyxx.jpg\"><img loading=\"lazy\" decoding=\"async\" class=\"alignleft wp-image-100981\" src=\"https:\/\/majadahondamagazin.es\/wp-content\/uploads\/2018\/03\/154317.jpg-c_215_290_x-f_jpg-q_x-xxyxx.jpg\" alt=\"\" width=\"102\" height=\"138\" \/><\/a>A\u00fan no se ha estrenado en Espa\u00f1a, pero el pen\u00faltimo intento antes de <strong>Cuenca<\/strong> lo ha hecho <strong>Danny Strong<\/strong>, el creador de la serie <em>Empire<\/em>, con <strong>\u00abRebelde entre el centeno\u00bb,<\/strong> estremecedor filme que iba a recibir una lluvia de estrellas en forma de \u00f3scar pero al que las \u00abcircunstancias\u00bb de <strong>Kevin Spacey<\/strong> se los han arrebatado. El filme logra transmitir esa atm\u00f3sfera tan original del escritor <strong>J.D. Salinger<\/strong> hasta el punto de que en cuanto termin\u00f3 la pel\u00edcula me lanc\u00e9 al <em>ebook<\/em> para leer de nuevo <strong>\u00abEl Guardi\u00e1n del Centeno\u00bb,<\/strong> su obra cumbre que ya ten\u00eda olvidada y que es considerada la mejor novela norteamericana de todos los tiempos. <strong>\u00abRebelde entre el centeno\u00bb<\/strong> describe tambi\u00e9n, desde otra \u00f3ptica y g\u00e9nero, el proceso creativo.<\/p>\n<p><a href=\"https:\/\/majadahondamagazin.es\/wp-content\/uploads\/2018\/03\/download-9.jpg\"><img loading=\"lazy\" decoding=\"async\" class=\"alignleft wp-image-100980\" src=\"https:\/\/majadahondamagazin.es\/wp-content\/uploads\/2018\/03\/download-9.jpg\" alt=\"\" width=\"105\" height=\"150\" \/><\/a>Otros lo han intentado igualmente con buena fortuna: <strong>Bent Hamer,<\/strong> el director de esa genial rareza que es <strong>\u00ab1001 gramos\u00bb,<\/strong> rod\u00f3 \u00ab<strong>Factotum\u00bb<\/strong> sobre <strong>Bukowski<\/strong> y ah\u00ed <strong>Matt Dillon<\/strong> lo borda tanto en el psicodrama como <strong>Javier Guti\u00e9rrez<\/strong> en la tragicomedia. Y quiz\u00e1s entre todos estos talentosos brille <strong>Stephen Daldry<\/strong> (\u00abThe reader\u00bb, \u00abBilly Elliot\u00bb), quien rueda aquella adaptaci\u00f3n de la novela hom\u00f3nima de <strong>Michael Cunningham<\/strong> titulada <strong>\u00abLas Horas\u00bb<\/strong>. All\u00ed describe las vidas de tres mujeres creativas que se conectan a trav\u00e9s de <strong>\u00abMrs. Dalloway\u00bb<\/strong>, la novela de <strong>Virginia Woolf<\/strong>. Son tantos y tan brillantes los que abordan esa alquimia que exige llenar el papel en blanco sin hacer el rid\u00edculo \u2013da igual la disciplina\u2013 que su enumeraci\u00f3n ser\u00eda inabarcable: <strong>\u00abCezanne y yo\u00bb<\/strong>, que enfoca el di\u00e1logo creador del pintor con el novelista <strong>Zola<\/strong> o las que interpreta Ed Harris en <strong>\u00abPollock\u00bb o \u00abCopying Beethoven\u00bb,<\/strong> son las que recuerdo que m\u00e1s me impactaron. Y el reciente di\u00e1logo \u2013esta vez en las tablas del <strong>Mar\u00eda Guerrero<\/strong>\u2013 entre <strong>Voltaire y Rousseau<\/strong> con <strong>\u00abLa disputa\u00bb<\/strong> de <strong>Flotats<\/strong> no le va a la zaga (5 bises de aplausos en la \u00faltima semana de funci\u00f3n).<\/p>\n<p><a href=\"https:\/\/majadahondamagazin.es\/wp-content\/uploads\/2018\/03\/Voltaireminiaturacartel_CDN-wpcf_300x427.jpg\"><img loading=\"lazy\" decoding=\"async\" class=\"alignleft wp-image-100982\" src=\"https:\/\/majadahondamagazin.es\/wp-content\/uploads\/2018\/03\/Voltaireminiaturacartel_CDN-wpcf_300x427-211x300.jpg\" alt=\"\" width=\"104\" height=\"148\" \/><\/a>Habr\u00e1 que unir a <strong>Cuenca<\/strong> a esta n\u00f3mina inacabada pero bajo la luz de <strong>Ortega y Gasset<\/strong>: \u00abyo soy yo y mi circunstancia\u00bb. La continuaci\u00f3n de su archisabida frase es m\u00e1s desconocida: \u00aby si no la salvo a ella no me salvo yo\u00bb. De <strong>Karl Marx<\/strong> tambi\u00e9n todo el mundo ha aprendido que \u00abla religi\u00f3n es el opio del pueblo\u00bb, pero no todos recuerdan la que le antecede: \u00abLa religi\u00f3n es el coraz\u00f3n de un mundo sin coraz\u00f3n y el esp\u00edritu de un mundo sin esp\u00edritu\u00bb, seg\u00fan traducci\u00f3n de <strong>Leopoldo Mar\u00eda Panero (hijo)<\/strong>. Lo mismo podr\u00edamos decir del cine como opio del pueblo desde el punto de vista subjetivo de la literatura. Las frases inacabadas tienen eso: \u00abEl sue\u00f1o de la raz\u00f3n produce monstruos\u00bb, le atribuimos a <strong>Goya<\/strong> para justificar la sinraz\u00f3n racional y razonable del artista. La original, sin embargo, dec\u00eda: \u00abLa fantas\u00eda, aislada de la raz\u00f3n, s\u00f3lo produce monstruos imposibles. Unida a ella, en cambio, es la madre del arte y fuente de sus deseos\u201d.<\/p>\n<p><strong><a href=\"https:\/\/majadahondamagazin.es\/wp-content\/uploads\/2018\/03\/download-1-3.jpg\"><img loading=\"lazy\" decoding=\"async\" class=\"alignleft size-full wp-image-100983\" src=\"https:\/\/majadahondamagazin.es\/wp-content\/uploads\/2018\/03\/download-1-3.jpg\" alt=\"\" width=\"275\" height=\"183\" \/><\/a>Cuenca<\/strong> por ello se ve atenazado por su \u00abcircunstancia\u00bb: rodar en Espa\u00f1a lleva a ensayar los errores solo 1 vez por lustro \u2013que es la media de tiempo en que un director hace una pel\u00edcula\u2013 a causa de una econom\u00eda disparatada que lastra la industria con impuestos imposibles, burocracias monta\u00f1osas y obligados clientelismos pol\u00edticos o feudalismos ideol\u00f3gicos, que ya no se sabe cuales son peores. En \u00ab<strong>El Autor\u00bb de Cuenca<\/strong> el p\u00fablico llano y la \u00e9lite cin\u00e9fila perciben y aplauden sus sombras chinescas, sus silencios (sublimados antes en \u00ab<strong>La mitad de \u00d3scar\u00bb<\/strong>), escenas memorables como la del perro que sorprende una infidelidad, los desnudos rubensianos o cuando <strong>Adelfa Calvo<\/strong>, ganadora del <strong>Goya<\/strong> como actriz de reparto, canta en un karaoke a<strong> Jos\u00e9 Luis Perales<\/strong> reencarn\u00e1ndose en su abuela <strong>\u00abLa Ni\u00f1a de la Puebla\u00bb<\/strong>. Al tiempo, Cuenca siembra de \u00abt\u00f3picos\u00bb la inteligencia del espectador para guiarle con migajas de pan por el camino hasta el aplauso final: ese recurso al genial <strong>Perales<\/strong> que enternece ya desde el principio, ese tributo a<strong> Almod\u00f3var<\/strong> en los decorados de las casas m\u00e1s castizas del edificio, esa sensaci\u00f3n de <strong>13 Rue del Percebe<\/strong>\u00a0que tanto le debe a <strong>Francisco Ib\u00e1\u00f1ez<\/strong>&#8230; Y esa luz blanca final que alumbra el presidio donde <strong>\u00abEl Autor<\/strong>\u00bb purga sus desvar\u00edos, que parece sacada de la ni\u00f1a almeriense encumbrada por <strong>\u00abCamino\u00bb<\/strong> tras sus \u00e9picos e hiperinflados \u00abmelodramones\u00bb.<\/p>\n<p><strong><a href=\"https:\/\/majadahondamagazin.es\/wp-content\/uploads\/2018\/03\/El-autor-mar\u00eda-leon.jpg\"><img loading=\"lazy\" decoding=\"async\" class=\"alignleft size-medium wp-image-100984\" src=\"https:\/\/majadahondamagazin.es\/wp-content\/uploads\/2018\/03\/El-autor-mar\u00eda-leon-300x200.jpg\" alt=\"\" width=\"300\" height=\"200\" \/><\/a>Cuenca<\/strong>, en efecto, se r\u00ede de s\u00ed mismo, del p\u00fablico, de la literatura y del cine. Y lo proverbial de la pel\u00edcula a mi juicio es que lo hace de todos ellos en forma de farsa, como hac\u00eda <strong>Cervantes<\/strong>. Y todos aplauden a rabiar. El retrato m\u00e1s demoledor de una sociedad que asfixia a sus mejores autores hasta llevarlos a la inanici\u00f3n es <strong>\u00abEl Quijote\u00bb<\/strong> pero 4 siglos despu\u00e9s nos seguimos riendo con las aventuras y desventuras del caballero de la triste figura y su escudero <strong>Sancho Panza<\/strong>, culmen de las letras en espa\u00f1ol. Y ya saben ese viejo aforismo que advierte que quien r\u00ede el \u00faltimo r\u00ede mejor. El proceso creativo es as\u00ed al pie de la letra, como lo describe la novela original de <strong>Javier Cercas<\/strong>, pero el \u00e9xito de la versi\u00f3n cinematogr\u00e1fica que hizo <strong>David Trueba<\/strong> de sus <strong>\u00abSoldados de Salamina\u00bb<\/strong> \u2013de esas raras ocasiones en que una pel\u00edcula supera a un libro\u2013, con la vida del maravilloso <strong>Sanchez Mazas<\/strong>, padre de <strong>Sanchez Ferlosio<\/strong>, han terminado retratando a su protagonista como una mezcla de \u00e9l mismo y de\u00a0<strong>Mar\u00eda Le\u00f3n, la esposa de \u00abEl Autor\u00bb<\/strong> y escritora de \u00e9xito con sus libros de s\u00e1bana santa, sobre los que tanta santa paciencia hay que derramar.<\/p>\n<p><a href=\"https:\/\/majadahondamagazin.es\/wp-content\/uploads\/2018\/03\/457609.jpg-r_1280_720-f_jpg-q_x-xxyxx.jpg\"><img loading=\"lazy\" decoding=\"async\" class=\"alignleft size-medium wp-image-100985\" src=\"https:\/\/majadahondamagazin.es\/wp-content\/uploads\/2018\/03\/457609.jpg-r_1280_720-f_jpg-q_x-xxyxx-300x200.jpg\" alt=\"\" width=\"300\" height=\"200\" \/><\/a>Las lecciones del profesor del taller literario (se sale <strong>Antonio de la Torre)<\/strong> que ense\u00f1a a <strong>\u00abEl Autor<\/strong>\u00bb cuando viene de trabajar en sus papeles de la notar\u00eda son algo menos t\u00f3picos. Y as\u00ed ese desencantado y frustrado literato encuentra m\u00e1s placer infl\u00e1ndose de gambas que leyendo a <strong>Edgar Allan Poe<\/strong>, lo que s\u00ed hace bueno el t\u00edpico sino de la vida acad\u00e9mica y burocr\u00e1tica. Tambi\u00e9n el militar facha (<strong>Rafael T\u00e9llez)<\/strong> que guarda sus dineros en la caja fuerte es as\u00ed: no un esc\u00e9ptico de la democracia de <strong>Pericles<\/strong> sino un \u00e9mulo del <strong>Mart\u00ednez de Kim en \u00abEl Jueves\u00bb<\/strong>. No, esta s\u00e1tira trufada de un sano y distanciado humor sobre el proceso creativo es tan aplaudida porque el<strong> \u00abAutor\u00bb<\/strong> literario \u00abvulgaris\u00bb o \u00abvulgata\u00bb es el que se imagina la gente corriente pero no tiene nada que ver con el autor de fuste \u2013un endemismo como otro cualquiera\u2013 que no es como lo pinta con sarcasmos <strong>Cuenca.<\/strong>\u00a0Y de ah\u00ed su sensacional hallazgo en la primera novela de <strong>Javier Cercas<\/strong>, en aquella \u00e9poca un \u00abletraherido\u00bb al que poco le faltaba para que le \u00abdoliese\u00bb Espa\u00f1a. S\u00ed, quiz\u00e1s todos los autores de verdad son as\u00ed en su \u00abprimera ignorancia\u00bb, que dec\u00eda <strong>Cervantes<\/strong>. Lo grave es cuando se quedan as\u00ed toda la vida.<\/p>\n<p><a href=\"https:\/\/majadahondamagazin.es\/wp-content\/uploads\/2018\/03\/download-2-1.jpg\"><img loading=\"lazy\" decoding=\"async\" class=\"alignleft wp-image-100986\" src=\"https:\/\/majadahondamagazin.es\/wp-content\/uploads\/2018\/03\/download-2-1.jpg\" alt=\"\" width=\"115\" height=\"181\" \/><\/a><strong>Cuenca<\/strong> actualiza su novela y ridiculiza al escritor mediocre \u2013que no medio ni mediano\u2013 porque, tal y como yo los he visto, por mi experiencia o por haberlos conocido o \u00abescuchado con los ojos\u00bb de<strong> Quevedo<\/strong>, el verdadero \u00abAutor\u00bb se acerca m\u00e1s a<strong> Juan Goytisolo, J.D. Salinger, Bukowski o los Panero<\/strong> (padre e hijos). Se parece mucho a <strong>S\u00e1nchez Ferlosio y S\u00e1nchez Mazas<\/strong> o a <strong>Virginia Woolf<\/strong> y a la \u00faltima <strong>Colombine<\/strong>. Tambi\u00e9n a <strong>Ram\u00f3n G\u00f3mez de la Serna, a Valle o a Juan Ram\u00f3n<\/strong>. Puede ser un buf\u00f3n como <strong>Arrabal,<\/strong> un depresivo como <strong>Houellebecq<\/strong> o un t\u00edmido como <strong>Valente,<\/strong> pero nunca una persona tan poco l\u00facida, gris y desalmada como a <strong>Cuenca<\/strong> le ha salido esta\u00a0versi\u00f3n caricaturizada del nuevo escritor del siglo XXI que solo quiere \u00abtriunfar\u00bb pero en la \u00abliteratura seria\u00bb. O que a su libro \u00able hagan una pel\u00edcula\u00bb. Por eso salen tantos \u00abproductos\u00bb editoriales con forma de \u00abguiones\u00bb que quieren hacerse pasar por esa amorfa generalidad llamada literatura.<\/p>\n<p><a href=\"https:\/\/majadahondamagazin.es\/wp-content\/uploads\/2018\/03\/img.rtve_.jpg\"><img loading=\"lazy\" decoding=\"async\" class=\"alignleft size-medium wp-image-100987\" src=\"https:\/\/majadahondamagazin.es\/wp-content\/uploads\/2018\/03\/img.rtve_-300x158.jpg\" alt=\"\" width=\"300\" height=\"158\" \/><\/a>Mi aplauso m\u00e1s sincero no tanto por la pel\u00edcula \u2013a mi me aburri\u00f3 al final, pero ya he confesado que soy reo del mal cin\u00e9filo\u2013 sino por este genial retru\u00e9cano, que es mi reconocimiento m\u00e1s sincero. Es muy dif\u00edcil hacer lo que<strong> Cuenca<\/strong> ha hecho y de ah\u00ed que algunos espectadores reconociesen que, como el <strong>Quijote<\/strong>, han ido a verla varias veces porque algo se les escapa. Yo creo haberme apercibido de eso que se \u00abescapa\u00bb y a m\u00ed <strong>Cuenca<\/strong> no me ver\u00e1 otra vez el pelo, ya me he carcajeado de m\u00ed lo suficiente. A esta generaci\u00f3n de cineastas espa\u00f1oles <strong>(David Trueba<\/strong> (\u00abVivir es f\u00e1cil con los ojos cerrados\u00bb), <strong>V\u00edctor Matellano<\/strong> (\u00abParada en el infierno\u00bb), <strong>Gracia Querejeta<\/strong>\u00a0(<em>El \u00faltimo viaje de Robert Rylands<\/em>), <strong>Daniel S\u00e1nchez Ar\u00e9valo<\/strong> (<i>La gran familia espa\u00f1ola<b>)<\/b><\/i>\u00a0 o el propio <strong>Cuenca)<\/strong> solo hay que implorarles que, alcanzada la gloria y el dinero \u2013y que no falte\u2013 solo esperamos que no se abandonen a la comodidad de un p\u00fablico poco exigente apoltronado en mullidas butacas. Que eleven la cabeza y que, como esos consejos que brindaba uno de los personajes de <strong>Cuenca<\/strong> en otro de sus primeros \u00abcortos\u00bb, eleven al bal\u00f3n al cielo de los grandes. Solo as\u00ed conseguir\u00e1n que aunque se mueran de risa \u2013y la comicidad es siempre buena consejera\u2013, esa triste realidad creativa y creadora no les termine agotando por aburrimiento.<\/p>\n","protected":false},"excerpt":{"rendered":"<p>FEDERICO UTRERA. El actor ferrolano y asturiano Javier Guti\u00e9rrez, ganador de un \u00abGoya\u00bb por \u00abEl Autor\u00bb de Mart\u00edn Cuenca, visit\u00f3 esta semana los Cines Zoco de Majadahonda para presentar al p\u00fablico esta exitosa pel\u00edcula que ha recaudado 1 mill\u00f3n de euros en taquilla. Javier Guti\u00e9rrez es ahora el int\u00e9rprete de moda en Espa\u00f1a, le gan\u00f3 el c\u00e9lebre \u00abcabez\u00f3n\u00bb del pintor a Javier Bardem, por \u00abLoving Pablo\u00bb y a\u00a0Andr\u00e9s Gertrudix por \u00abMorir\u00bb. Adem\u00e1s es actualmente el que m\u00e1s trabaja en una profesi\u00f3n con el 90% de paro. \u00bfDonde ha estado la clave del \u00e9xito de este film? Ante la sincera reflexi\u00f3n de un espectador de Majadahonda al que la pel\u00edcula le<\/p>\n","protected":false},"author":1,"featured_media":0,"comment_status":"open","ping_status":"open","sticky":false,"template":"","format":"standard","meta":{"footnotes":""},"categories":[260],"tags":[448,142,449],"class_list":["post-2137","post","type-post","status-publish","format-standard","hentry","category-cine-2","tag-el-autor","tag-federico-utrera","tag-martin-cuenca"],"views":1499,"_links":{"self":[{"href":"https:\/\/editorialhijosdemuleyrubio.com\/index.php?rest_route=\/wp\/v2\/posts\/2137","targetHints":{"allow":["GET"]}}],"collection":[{"href":"https:\/\/editorialhijosdemuleyrubio.com\/index.php?rest_route=\/wp\/v2\/posts"}],"about":[{"href":"https:\/\/editorialhijosdemuleyrubio.com\/index.php?rest_route=\/wp\/v2\/types\/post"}],"author":[{"embeddable":true,"href":"https:\/\/editorialhijosdemuleyrubio.com\/index.php?rest_route=\/wp\/v2\/users\/1"}],"replies":[{"embeddable":true,"href":"https:\/\/editorialhijosdemuleyrubio.com\/index.php?rest_route=%2Fwp%2Fv2%2Fcomments&post=2137"}],"version-history":[{"count":1,"href":"https:\/\/editorialhijosdemuleyrubio.com\/index.php?rest_route=\/wp\/v2\/posts\/2137\/revisions"}],"predecessor-version":[{"id":2138,"href":"https:\/\/editorialhijosdemuleyrubio.com\/index.php?rest_route=\/wp\/v2\/posts\/2137\/revisions\/2138"}],"wp:attachment":[{"href":"https:\/\/editorialhijosdemuleyrubio.com\/index.php?rest_route=%2Fwp%2Fv2%2Fmedia&parent=2137"}],"wp:term":[{"taxonomy":"category","embeddable":true,"href":"https:\/\/editorialhijosdemuleyrubio.com\/index.php?rest_route=%2Fwp%2Fv2%2Fcategories&post=2137"},{"taxonomy":"post_tag","embeddable":true,"href":"https:\/\/editorialhijosdemuleyrubio.com\/index.php?rest_route=%2Fwp%2Fv2%2Ftags&post=2137"}],"curies":[{"name":"wp","href":"https:\/\/api.w.org\/{rel}","templated":true}]}}