{"id":2166,"date":"2018-11-24T19:51:39","date_gmt":"2018-11-24T18:51:39","guid":{"rendered":"https:\/\/editorialhijosdemuleyrubio.com\/?p=2166"},"modified":"2018-11-26T18:17:10","modified_gmt":"2018-11-26T17:17:10","slug":"federico-utrera-hay-un-perfil-tecnico-especializado-e-internacional-interesado-en-el-videoarte","status":"publish","type":"post","link":"https:\/\/editorialhijosdemuleyrubio.com\/?p=2166","title":{"rendered":"Federico Utrera: \u00abHay un perfil t\u00e9cnico, especializado e internacional interesado en el videoarte\u00bb"},"content":{"rendered":"<figure id=\"attachment_122059\" aria-describedby=\"caption-attachment-122059\" style=\"width: 300px\" class=\"wp-caption alignleft\"><a href=\"https:\/\/majadahondamagazin.es\/wp-content\/uploads\/2018\/11\/IMG_5015.jpeg\"><img loading=\"lazy\" decoding=\"async\" class=\"size-medium wp-image-122059\" src=\"https:\/\/majadahondamagazin.es\/wp-content\/uploads\/2018\/11\/IMG_5015-300x225.jpeg\" alt=\"\" width=\"300\" height=\"225\" \/><\/a><figcaption id=\"caption-attachment-122059\" class=\"wp-caption-text\">Federico Utrera con Joaqu\u00edn Segura\u00a0tras la entrevista en Interalmer\u00eda TV<\/figcaption><\/figure>\n<p>JOAQUIN SEGURA. \u00ab<strong>Hay un perfil t\u00e9cnico muy acentuado, de gente incluso que viene fuera de la provincia<\/strong>, tambi\u00e9n de t\u00e9cnicos de Almer\u00eda. Y <strong>personas especializadas y cualificadas del sector audiovisual,<\/strong> pero tambi\u00e9n encontramos alumnos\u00a0 incluso de <strong>fuera de Espa\u00f1a<\/strong>. Tengo inscritos\u00a0varios extranjeros que vienen de <strong>B\u00e9lgica<\/strong>, otros espa\u00f1oles que vienen de <strong>Barcelona<\/strong>, hemos tenido en otros a\u00f1os personas que han venido de <strong>Marruecos<\/strong> que est\u00e1n estudiando aqu\u00ed en Espa\u00f1a, y <strong>que se acercan a Almer\u00eda con motivo de esta secci\u00f3n de videoarte<\/strong>. Y es que vamos siempre seleccionando artistas de car\u00e1cter internacional, que poseen un car\u00e1cter pionero\u00bb. Quien as\u00ed se expresa es <strong>Federico Utrera<\/strong>, doctor en comunicaci\u00f3n audiovisual, profesor de postgrado en la Universidad madrile\u00f1a\u00a0<strong>Next IBS<\/strong> y director del taller de videoarte en el <strong>Festival Internacional de Cine de Almer\u00eda,<\/strong> que se clausura este s\u00e1bado 24 de noviembre de 2018. En esta ocasi\u00f3n, el taller tiene como protagonista al\u00a0artista alem\u00e1n, <strong>Wolf Vostell, pionero de la videoescultura del siglo XXI,<\/strong>\u00a0que cumple el 20\u00ba aniversario de su fallecimiento. Y a lo largo de estas dos entrevistas Federico Utrera desentra\u00f1a la transcendencia de este autor y de esta singular forma de creaci\u00f3n art\u00edstica y detalla el perfil de los interesados en este curso.<!--more--><\/p>\n<p><iframe loading=\"lazy\" title=\"Federico Utrera inaugura con Vostell la secci\u00f3n de Videoarte del Festival de Almer\u00eda 2018\" width=\"640\" height=\"360\" src=\"https:\/\/www.youtube.com\/embed\/pKx2SKIMkc4?feature=oembed\" frameborder=\"0\" allow=\"accelerometer; autoplay; clipboard-write; encrypted-media; gyroscope; picture-in-picture; web-share\" referrerpolicy=\"strict-origin-when-cross-origin\" allowfullscreen><\/iframe><\/p>\n<figure id=\"attachment_122018\" aria-describedby=\"caption-attachment-122018\" style=\"width: 191px\" class=\"wp-caption alignleft\"><a href=\"https:\/\/majadahondamagazin.es\/wp-content\/uploads\/2018\/11\/video1.jpg\"><img loading=\"lazy\" decoding=\"async\" class=\"wp-image-122018 \" src=\"https:\/\/majadahondamagazin.es\/wp-content\/uploads\/2018\/11\/video1-300x220.jpg\" alt=\"\" width=\"191\" height=\"140\" \/><\/a><figcaption id=\"caption-attachment-122018\" class=\"wp-caption-text\">Los asistentes al taller audiovisual posaron al t\u00e9rmino del curso<\/figcaption><\/figure>\n<p><span style=\"color: #ff0000;\"><strong>\u00bfC\u00f3mo va el curso?<\/strong><\/span>\u00a0\u2013 Muy bien, aprendiendo siempre de los alumnos. Es lo mejor que tiene el taller. <span style=\"color: #ff0000;\"><strong>Leo por aqu\u00ed la historia de Wolf Vostell y de Nam June Paik. \u00bfQui\u00e9n fue el pionero?\u00a0<\/strong><\/span>\u2013El poeta Juan Ram\u00f3n Jim\u00e9nez hablaba de \u201cla inutilidad de las escalas\u201d y\u00a0eso es tambi\u00e9n aplicable al videoarte. <strong>No es tan importante saber qui\u00e9n fue el primero<\/strong> porque estamos hablando quiz\u00e1s de meses, cuando no de d\u00edas en el inicio cronol\u00f3gico de la videocreaci\u00f3n, iniciada en la segunda mitad del siglo XX. Estamos hablando adem\u00e1s de dos artistas que eran amigos, compa\u00f1eros de trabajo, y que empezaron en este recorrido por el desierto juntos. Es verdad que hay una investigaci\u00f3n historiogr\u00e1fica para saber quien fue el primero, si Nam June Paik, al que le dedicamos un taller tambi\u00e9n en el Festival de Almer\u00eda, o Wolf Vostell, pero las opiniones est\u00e1n divididas, los indicios a favor de uno y otro son muy controvertidos y <strong>de momento yo creo que es un debate un poco est\u00e9ril porque no importa tanto la cronolog\u00eda sino que los dos son de un alt\u00edsimo nivel, eso es cierto<\/strong>.<\/p>\n<figure id=\"attachment_122017\" aria-describedby=\"caption-attachment-122017\" style=\"width: 182px\" class=\"wp-caption alignleft\"><a href=\"https:\/\/majadahondamagazin.es\/wp-content\/uploads\/2018\/11\/video.jpg\"><img loading=\"lazy\" decoding=\"async\" class=\" wp-image-122017\" src=\"https:\/\/majadahondamagazin.es\/wp-content\/uploads\/2018\/11\/video-300x215.jpg\" alt=\"\" width=\"182\" height=\"130\" \/><\/a><figcaption id=\"caption-attachment-122017\" class=\"wp-caption-text\">Federico Utrera y el especialista audiovisual Pepe Jim\u00e9nez<\/figcaption><\/figure>\n<p><strong><span style=\"color: #ff0000;\">\u00bfQui\u00e9n fue Wolf Vostell?<\/span><\/strong>\u00a0\u2013Es un videoartista que <strong>pens\u00f3 que la escultura adem\u00e1s de ser de m\u00e1rmol, bronce o piedra, pod\u00eda incorporar pantallas e imagen en movimiento<\/strong>, incluso televisores. De hecho eso s\u00ed que esta datado, <strong>es el primer videoartista y<\/strong>\u00a0<strong>videoescultor<\/strong> que utiliza el audiovisual en una escultura. La introduce en una obra que se titula \u201cLa mirada alemana\u201d y fue una alegor\u00eda sobre la construcci\u00f3n del Muro de Berl\u00edn. Todo el mundo tenemos en la memoria cuando cay\u00f3 el muro, pero menos de cuando se construy\u00f3. <strong>Vostell ha dejado una memoria art\u00edstica con su obra sobre la huella de pr\u00e1cticamente todo el siglo XX que le toc\u00f3 vivir<\/strong>. La Segunda Guerra Mundial, la construcci\u00f3n del Muro de Berl\u00edn, el Mayo del 68 con toda aquella revoluci\u00f3n estudiantil y los cambios que se produjeron&#8230; Luego la <em>deconstrucci\u00f3n<\/em> del Muro de Berl\u00edn, y despu\u00e9s las Guerras del Golfo y las Guerras del Petr\u00f3leo de Oriente Medio&#8230; \u00c9l es la memoria viva de todo el siglo XX en videoescultura, que es lo que le hace ser\u00a0 pionero en su g\u00e9nero.<\/p>\n<p><a href=\"https:\/\/majadahondamagazin.es\/wp-content\/uploads\/2018\/11\/Captura-de-pantalla-2018-11-24-a-las-19.39.28.png\"><img loading=\"lazy\" decoding=\"async\" class=\"wp-image-122160 alignleft\" src=\"https:\/\/majadahondamagazin.es\/wp-content\/uploads\/2018\/11\/Captura-de-pantalla-2018-11-24-a-las-19.39.28-300x222.png\" alt=\"\" width=\"178\" height=\"132\" \/><\/a><\/p>\n<p><span style=\"color: #ff0000;\"><strong>\u00bfExiste alg\u00fan centro donde se re\u00fana su obra?<\/strong> <\/span>\u2013En el pueblo de Malpartida (C\u00e1ceres) se encuentra el museo dedicado a <strong>Wolf Vostell<\/strong>\u00a0y en \u00e9l se pueden ver im\u00e1genes de una pel\u00edcula en la que el videoartista muestra su obra a los habitantes del pueblo. Y all\u00ed salen unas se\u00f1oras mayores, que est\u00e1n alucinadas, pero que se expresan con una gran perspicacia porque dicen: \u201d<strong>\u00a1Qu\u00e9 misterio, qu\u00e9 misterio!<\/strong>\u201d. Realmente son obras misteriosas y atienden a ellas con una gran devoci\u00f3n, \u00e9l dice que encontr\u00f3 en Espa\u00f1a m\u00e1s cultura que en Centroeuropa, porque hab\u00eda mas tolerancia que en otros pa\u00edses m\u00e1s desarrollados, modernos y ricos econ\u00f3micamente. Y lo son, pero a lo peor poseen m\u00e1s intolerancia hacia las nuevas tendencias.<\/p>\n<figure id=\"attachment_122062\" aria-describedby=\"caption-attachment-122062\" style=\"width: 179px\" class=\"wp-caption alignleft\"><a href=\"https:\/\/majadahondamagazin.es\/wp-content\/uploads\/2018\/11\/e00d70f9-f57e-4668-8422-a1e81bdc2d70.jpg\"><img loading=\"lazy\" decoding=\"async\" class=\" wp-image-122062\" src=\"https:\/\/majadahondamagazin.es\/wp-content\/uploads\/2018\/11\/e00d70f9-f57e-4668-8422-a1e81bdc2d70-300x225.jpg\" alt=\"\" width=\"179\" height=\"135\" \/><\/a><figcaption id=\"caption-attachment-122062\" class=\"wp-caption-text\">La coordinadora Beatriz Oliver y el t\u00e9cnico audiovisual David Beltr\u00e1n<\/figcaption><\/figure>\n<p><span style=\"color: #ff0000;\"><strong>La humildad del desconocimiento como sin\u00f3nimo de tolerancia y el experto o cr\u00edtico que ve este tipo de obra vanguardista como algo hostil. Quer\u00eda preguntarle si la videoescultura actualmente es un g\u00e9nero que haya creado escuela y si se exhibe con asiduidad\u00a0<\/strong><\/span>.\u00a0\u2013Si, claro que se muestra, pr\u00e1cticamente todos los museos de Arte Contempor\u00e1neo poseen una videoinstalaci\u00f3n, que es otra de sus denominaciones. <strong>El de Malpartida en C\u00e1ceres<\/strong>, que es su museo, al lado de un parque natural espectacular y a solo 5 kil\u00f3metros de la capital, es uno de ellos, pero pr\u00e1cticamente todos los museos de Arte Contempor\u00e1neo ya poseen una secci\u00f3n audiovisual. No hay museo de Arte Contempor\u00e1neo que no exhiba ya pantallas. Esa sustituci\u00f3n de la que hemos hablado en otras ocasiones, del lienzo por el plasma,<strong>\u00a0del pincel o el cincel por la c\u00e1mara de v\u00eddeo<\/strong>. Y del color por el tiempo.\u00a0Por contra, los Museos de Arte Cl\u00e1sico o Hist\u00f3rico se van decantando ya m\u00e1s claramente por la exposici\u00f3n solamente de pintura y escultura tradicional o anal\u00f3gica.<\/p>\n<p><span style=\"color: #ff0000;\"><strong><a href=\"https:\/\/majadahondamagazin.es\/wp-content\/uploads\/2018\/11\/fical3.jpg\"><img loading=\"lazy\" decoding=\"async\" class=\" wp-image-121882 alignleft\" src=\"https:\/\/majadahondamagazin.es\/wp-content\/uploads\/2018\/11\/fical3-300x221.jpg\" alt=\"\" width=\"186\" height=\"137\" \/><\/a>\u00bfC\u00f3mo has estructurado el taller? \u00bfQu\u00e9 estas impartiendo? \u00bfQu\u00e9 cuentas?<\/strong><\/span>\u00a0\u2013Es un recorrido por su vida y obra de Vostell. <strong>La relaci\u00f3n entre biograf\u00eda y videograf\u00eda en los distintos artistas me parece fundamental<\/strong>. Son genios y pioneros, pero est\u00e1n considerados geniales porque la vida y la obra se confunde. Y esas mismas obras son testimonio de todas sus experiencias, que han disfrutado, sufrido y vivido. Eso da lugar a\u00a0 videoesculturas, donde la televisi\u00f3n juega un papel fundamental. Ellos, cuando alumbraron este g\u00e9nero, <strong>pensaban que la televisi\u00f3n tambi\u00e9n pod\u00eda ser un instrumento art\u00edstico, adem\u00e1s de informativo<\/strong>. Y en esa l\u00ednea trabajan.<\/p>\n<p><span style=\"color: #ff0000;\"><strong><a href=\"https:\/\/majadahondamagazin.es\/wp-content\/uploads\/2018\/11\/fical1.jpg\"><img loading=\"lazy\" decoding=\"async\" class=\"alignleft wp-image-121880\" src=\"https:\/\/majadahondamagazin.es\/wp-content\/uploads\/2018\/11\/fical1-300x223.jpg\" alt=\"\" width=\"187\" height=\"139\" \/><\/a>\u00bfTe sorprende que este festival internacional almeriense siga apostando en su s\u00e9ptima edici\u00f3n por el videoarte?<\/strong><\/span>\u00a0\u2013Me sorprende desde el punto de vista de que <strong>se va consolidando<\/strong>. El Festival de San Sebasti\u00e1n cuando empez\u00f3 era de cine y de videoarte tambi\u00e9n. Y cuando ya creci\u00f3, convirti\u00e9ndose en el mejor Festival de Espa\u00f1a y uno de los mejores de Europa, junto con Cannes o Venecia, se olvid\u00f3 del videoarte. \u00bfPor qu\u00e9? En esos primero pasos el v\u00eddeo le daba un prestigio, un pedigr\u00ed, una cierta aureola de vanguardia y por eso el videoarte colabor\u00f3 como otro g\u00e9nero audiovisual con entidad propia. Por lo tanto la sorpresa es para m\u00ed que no nos echemos nuestras siestas hist\u00f3ricas que dir\u00eda Juan Goytisolo y <strong>que contin\u00fae el videoarte de la mano del cine, o al menos como hermano peque\u00f1o<\/strong>.<\/p>\n<figure id=\"attachment_122019\" aria-describedby=\"caption-attachment-122019\" style=\"width: 181px\" class=\"wp-caption alignleft\"><a href=\"https:\/\/majadahondamagazin.es\/wp-content\/uploads\/2018\/11\/video2.jpg\"><img loading=\"lazy\" decoding=\"async\" class=\"wp-image-122019 \" src=\"https:\/\/majadahondamagazin.es\/wp-content\/uploads\/2018\/11\/video2-300x217.jpg\" alt=\"\" width=\"181\" height=\"131\" \/><\/a><figcaption id=\"caption-attachment-122019\" class=\"wp-caption-text\">Antonio Verdegay en otra entrevista a Federico Utrera<\/figcaption><\/figure>\n<p>ANTONIO VERDEGAY.<span style=\"color: #ff0000;\"><strong> \u00bfCu\u00e1l es la aportaci\u00f3n de este videoartista a las nuevas generaciones audiovisuales?<\/strong><\/span>\u00a0\u2013Sobre todo lo que aporta es su experiencia. Como \u00e9l estuvo en el inicio del videoarte y de la videoescultura o videoinstalaci\u00f3n, ense\u00f1a<strong>\u00a0una manera de ver y hacer las cosas, experimentarlas y trasladarlas despu\u00e9s a una obra de arte<\/strong>, teniendo como soporte la televisi\u00f3n y la imagen audiovisual, en movimiento. Esto es el gran cambio de la escultura del siglo XXI que se produce gracias a pioneros como Wolf Vostell. <span style=\"color: #ff0000;\"><strong>\u00bfSu relaci\u00f3n con el cine?<\/strong><\/span>\u00a0\u2013S\u00ed tiene relaci\u00f3n directa, de hecho \u00e9l hizo algunas pel\u00edculas, tambi\u00e9n mostramos en el taller algunas secuencias, pero realmente el videoarte es otro g\u00e9nero: si el cine fuera la novela de la literatura, <strong>el videoarte ser\u00eda la poes\u00eda<\/strong>, en ese \u00e1mbito nos movemos<\/p>\n<p><span style=\"color: #ff0000;\"><strong> <a href=\"https:\/\/majadahondamagazin.es\/wp-content\/uploads\/2018\/11\/fical2.jpg\"><img loading=\"lazy\" decoding=\"async\" class=\" wp-image-121881 alignleft\" src=\"https:\/\/majadahondamagazin.es\/wp-content\/uploads\/2018\/11\/fical2-300x222.jpg\" alt=\"\" width=\"182\" height=\"135\" \/><\/a>\u00bfC\u00f3mo consigue captar la mirada del espectador? En la escultura pueden apreciarse las tres dimensiones<\/strong><\/span>.\u00a0\u2013Con el espacio y el tiempo como materiales audiovisuales se transforma la escultura. Piensa que todos estos videoescultores han sustituido el cincel del escultor tradicional por la televisi\u00f3n. Y el color de los g\u00e9neros anal\u00f3gicos por el tiempo: la imagen en movimiento se puede manipular y moldear como la arcilla con la c\u00e1mara r\u00e1pida y lenta, introduciendo novedades sobre la composici\u00f3n. <strong>Aunque lo m\u00e1s importante es que hay algo que no ha cambiado desde el inicio de los tiempos: lo que el artista entrega en la obra es parte de su coraz\u00f3n<\/strong>. Y cuando t\u00fa ves a su vez que la obra te cambia la vida es que el artista ha conseguido el objetivo. <span style=\"color: #ff0000;\"><strong>En relaci\u00f3n con su trabajo \u00bfQu\u00e9 tipo de reivindicaci\u00f3n realiza a trav\u00e9s de su obra?<\/strong><\/span>\u00a0\u2013Se le ha definido como un artista social m\u00e1s que est\u00e9tico. Aunque tambi\u00e9n \u00e9l luch\u00f3 por zafarse de los clich\u00e9s, realmente es uno de los mejores testigos art\u00edsticos del siglo XX. <strong>Tuvo relaci\u00f3n con Marcel Duchamp, Salvador Dal\u00ed, Nam June Paik&#8230; con los grandes artistas de ese siglo<\/strong>\u00a0y alguno de ellos le pusieron la etiqueta de \u00absocial\u00bb. No obstante, yo creo que la cuesti\u00f3n est\u00e9tica es la que gu\u00eda sus obras, porque ante todo son videoesculturas muy bellas.<\/p>\n","protected":false},"excerpt":{"rendered":"<p>JOAQUIN SEGURA. \u00abHay un perfil t\u00e9cnico muy acentuado, de gente incluso que viene fuera de la provincia, tambi\u00e9n de t\u00e9cnicos de Almer\u00eda. Y personas especializadas y cualificadas del sector audiovisual, pero tambi\u00e9n encontramos alumnos\u00a0 incluso de fuera de Espa\u00f1a. Tengo inscritos\u00a0varios extranjeros que vienen de B\u00e9lgica, otros espa\u00f1oles que vienen de Barcelona, hemos tenido en otros a\u00f1os personas que han venido de Marruecos que est\u00e1n estudiando aqu\u00ed en Espa\u00f1a, y que se acercan a Almer\u00eda con motivo de esta secci\u00f3n de videoarte. Y es que vamos siempre seleccionando artistas de car\u00e1cter internacional, que poseen un car\u00e1cter pionero\u00bb. Quien as\u00ed se expresa es Federico Utrera, doctor en comunicaci\u00f3n audiovisual, profesor de<\/p>\n","protected":false},"author":1,"featured_media":0,"comment_status":"open","ping_status":"open","sticky":false,"template":"","format":"standard","meta":{"footnotes":""},"categories":[270,14,32],"tags":[142,437,45,322],"class_list":["post-2166","post","type-post","status-publish","format-standard","hentry","category-arte-audiovisual","category-blog-de-videoarte","category-videoarte","tag-federico-utrera","tag-festival-internacional-de-cine-de-almeria-fical","tag-videoarte-2","tag-wolf-vostell"],"views":1313,"_links":{"self":[{"href":"https:\/\/editorialhijosdemuleyrubio.com\/index.php?rest_route=\/wp\/v2\/posts\/2166","targetHints":{"allow":["GET"]}}],"collection":[{"href":"https:\/\/editorialhijosdemuleyrubio.com\/index.php?rest_route=\/wp\/v2\/posts"}],"about":[{"href":"https:\/\/editorialhijosdemuleyrubio.com\/index.php?rest_route=\/wp\/v2\/types\/post"}],"author":[{"embeddable":true,"href":"https:\/\/editorialhijosdemuleyrubio.com\/index.php?rest_route=\/wp\/v2\/users\/1"}],"replies":[{"embeddable":true,"href":"https:\/\/editorialhijosdemuleyrubio.com\/index.php?rest_route=%2Fwp%2Fv2%2Fcomments&post=2166"}],"version-history":[{"count":3,"href":"https:\/\/editorialhijosdemuleyrubio.com\/index.php?rest_route=\/wp\/v2\/posts\/2166\/revisions"}],"predecessor-version":[{"id":2169,"href":"https:\/\/editorialhijosdemuleyrubio.com\/index.php?rest_route=\/wp\/v2\/posts\/2166\/revisions\/2169"}],"wp:attachment":[{"href":"https:\/\/editorialhijosdemuleyrubio.com\/index.php?rest_route=%2Fwp%2Fv2%2Fmedia&parent=2166"}],"wp:term":[{"taxonomy":"category","embeddable":true,"href":"https:\/\/editorialhijosdemuleyrubio.com\/index.php?rest_route=%2Fwp%2Fv2%2Fcategories&post=2166"},{"taxonomy":"post_tag","embeddable":true,"href":"https:\/\/editorialhijosdemuleyrubio.com\/index.php?rest_route=%2Fwp%2Fv2%2Ftags&post=2166"}],"curies":[{"name":"wp","href":"https:\/\/api.w.org\/{rel}","templated":true}]}}