{"id":217,"date":"2013-06-17T14:31:28","date_gmt":"2013-06-17T12:31:28","guid":{"rendered":"http:\/\/editorialhijosdemuleyrubio.com\/?p=217"},"modified":"2013-06-17T14:43:32","modified_gmt":"2013-06-17T12:43:32","slug":"indice-cordel-de-extraviados-3","status":"publish","type":"post","link":"https:\/\/editorialhijosdemuleyrubio.com\/?p=217","title":{"rendered":"\u00cdndice: Cordel de Extraviados 3"},"content":{"rendered":"<p><a href=\"http:\/\/editorialhijosdemuleyrubio.com\/wp-content\/uploads\/2013\/06\/revista.gif\"><img loading=\"lazy\" decoding=\"async\" class=\"alignleft size-full wp-image-221\" alt=\"revista\" src=\"http:\/\/editorialhijosdemuleyrubio.com\/wp-content\/uploads\/2013\/06\/revista.gif\" width=\"188\" height=\"250\" \/><\/a>INDICE<\/p>\n<p>Carlos H. Valera, Premio Joaquin Guichot.<\/p>\n<p>Bretones, Premio Gil de Biedma.<\/p>\n<p>Fuera de la v\u00eda. N. Azancot y M. L\u00f3pez-Vega.<\/p>\n<p>Cordel de Extraviados, en literaturas.com.<\/p>\n<p>134.865 Hits durante 2004 en editorialmuleyrubio.com.<\/p>\n<p>Arraballebecq. Federico Utrera.<\/p>\n<p>50 a\u00f1os ya de destierro. Miguel de Luna.<\/p>\n<p>Entrevista con Masbedo. Manifiesto. Giovanna Giovinazzo.<!--more--><\/p>\n<p>\u00bfLey de Integraci\u00f3n o Ley de Extranjer\u00eda? Juan Goytisolo<\/p>\n<p>Espa\u00f1a y sus Ejidos. Jos\u00e9 Mar\u00eda Ridao<\/p>\n<p>Tres preguntas a Juan Goytisolo<\/p>\n<p>JRJ: dos versiones en prosa sobre Madrid. Miguel de Luna<\/p>\n<p>ADDENDA. Jos\u00e9 Luis L\u00f3pez Bretones<\/p>\n<p>Valente y Panero: Extremos a que ha llegado la poes\u00eda<\/p>\n<p>Carmen Conde, Trina Mercader y Valente. F. de \u00c1greda Burillo<\/p>\n<p>Poesia \u00e1rabe de hoy en Marruecos. Jos\u00e9 \u00c1ngel Valente<\/p>\n<p>Poemas: Valente y los Panero<\/p>\n<p>Visiones de Luis Cernuda. Juan Luis Panero<\/p>\n<p>Valente \/ Chevalier: La Palabra y la Imagen. J. L. L. Bretones<\/p>\n<p>Michi Panero: \u00daltima entrevista. Lidia Garc\u00eda Rubio<\/p>\n<p>ARTE. Federico Utrera<\/p>\n<p>Abraham La Calle: Maldito Iceberg<\/p>\n<p>La Pasi\u00f3n de Viola (Bill)<\/p>\n<p>La Br\u00fajula de Mitsuo Miura<\/p>\n<p>Las \u00ednsulas suizas<\/p>\n<p>Un viaje por el Niger hacia Tombuct\u00fa. Diego Barrado<\/p>\n<p>Guerra a la guerra: C. de Burgos y V. Woolf. Esther Zaplana<\/p>\n<p>Novedades de Colombine<\/p>\n<p>Las horas. Esther Zaplana<\/p>\n<p>Blasco Iba\u00f1ez y Cervantes. Federico Utrera<\/p>\n<p>Novedades bibliogr\u00e1ficas: Marisa Pastor i Villalonga<\/p>\n<p>Las causas perdidas de Bandr\u00e9s. Adolfo Su\u00e1rez<\/p>\n<p>Premio Juan Mar\u00eda Bandr\u00e9s<\/p>\n<p>El Problema Vasco. Joaquin M\u00e1rquez Grau<\/p>\n<p>Illy Nes, hija de Ad\u00e1n. Susana Guzner<\/p>\n<p>\u00c9xito de \u00abHijas de Ad\u00e1n\u00bb de Illy Nes en Mexico<\/p>\n<p>Outing. Leopoldo Alas<\/p>\n<p>Homosexualidad laboral Teresa Flor Plaza \/ Enrique Vegas Rioja<\/p>\n<p>El Juzgado N\u00ba 6 de Majadahonda condena al Conde Lecquio<\/p>\n<p>La muerte del Mercader Alfonso L\u00e1zaro<\/p>\n<p>\u00a1A tu mala salud, Alfonso!.<\/p>\n","protected":false},"excerpt":{"rendered":"<p>INDICE Carlos H. Valera, Premio Joaquin Guichot. Bretones, Premio Gil de Biedma. Fuera de la v\u00eda. N. Azancot y M. L\u00f3pez-Vega. Cordel de Extraviados, en literaturas.com. 134.865 Hits durante 2004 en editorialmuleyrubio.com. Arraballebecq. Federico Utrera. 50 a\u00f1os ya de destierro. Miguel de Luna. Entrevista con Masbedo. Manifiesto. Giovanna Giovinazzo.<\/p>\n","protected":false},"author":1,"featured_media":0,"comment_status":"open","ping_status":"open","sticky":false,"template":"","format":"standard","meta":{"footnotes":""},"categories":[8],"tags":[48],"class_list":["post-217","post","type-post","status-publish","format-standard","hentry","category-cordel-de-extraviados-3-4","tag-cordel-de-extraviados-revista"],"views":1991,"_links":{"self":[{"href":"https:\/\/editorialhijosdemuleyrubio.com\/index.php?rest_route=\/wp\/v2\/posts\/217","targetHints":{"allow":["GET"]}}],"collection":[{"href":"https:\/\/editorialhijosdemuleyrubio.com\/index.php?rest_route=\/wp\/v2\/posts"}],"about":[{"href":"https:\/\/editorialhijosdemuleyrubio.com\/index.php?rest_route=\/wp\/v2\/types\/post"}],"author":[{"embeddable":true,"href":"https:\/\/editorialhijosdemuleyrubio.com\/index.php?rest_route=\/wp\/v2\/users\/1"}],"replies":[{"embeddable":true,"href":"https:\/\/editorialhijosdemuleyrubio.com\/index.php?rest_route=%2Fwp%2Fv2%2Fcomments&post=217"}],"version-history":[{"count":5,"href":"https:\/\/editorialhijosdemuleyrubio.com\/index.php?rest_route=\/wp\/v2\/posts\/217\/revisions"}],"predecessor-version":[{"id":472,"href":"https:\/\/editorialhijosdemuleyrubio.com\/index.php?rest_route=\/wp\/v2\/posts\/217\/revisions\/472"}],"wp:attachment":[{"href":"https:\/\/editorialhijosdemuleyrubio.com\/index.php?rest_route=%2Fwp%2Fv2%2Fmedia&parent=217"}],"wp:term":[{"taxonomy":"category","embeddable":true,"href":"https:\/\/editorialhijosdemuleyrubio.com\/index.php?rest_route=%2Fwp%2Fv2%2Fcategories&post=217"},{"taxonomy":"post_tag","embeddable":true,"href":"https:\/\/editorialhijosdemuleyrubio.com\/index.php?rest_route=%2Fwp%2Fv2%2Ftags&post=217"}],"curies":[{"name":"wp","href":"https:\/\/api.w.org\/{rel}","templated":true}]}}