{"id":2180,"date":"2019-02-15T12:39:48","date_gmt":"2019-02-15T11:39:48","guid":{"rendered":"https:\/\/editorialhijosdemuleyrubio.com\/?p=2180"},"modified":"2019-02-15T12:39:48","modified_gmt":"2019-02-15T11:39:48","slug":"el-taller-en-majadahonda-sobre-bill-viola-y-el-videoarte-se-ve-obligado-a-aumentar-las-plazas-por-la-lista-de-espera","status":"publish","type":"post","link":"https:\/\/editorialhijosdemuleyrubio.com\/?p=2180","title":{"rendered":"El taller en Majadahonda sobre \u00abBill Viola y el videoarte\u00bb se ve obligado a aumentar las plazas por la lista de espera"},"content":{"rendered":"<figure id=\"attachment_128255\" aria-describedby=\"caption-attachment-128255\" style=\"width: 300px\" class=\"wp-caption alignleft\"><a href=\"https:\/\/majadahondamagazin.es\/wp-content\/uploads\/2019\/02\/IMG_5630.jpg\"><img loading=\"lazy\" decoding=\"async\" class=\"wp-image-128255 size-medium\" src=\"https:\/\/majadahondamagazin.es\/wp-content\/uploads\/2019\/02\/IMG_5630-300x225.jpg\" alt=\"\" width=\"300\" height=\"225\" \/><\/a><figcaption id=\"caption-attachment-128255\" class=\"wp-caption-text\">El director de Cultura Olimpiades Rivera presenta el curso de Federico Utrera junto a la concejala de Cultura, F\u00e1tima N\u00fa\u00f1ez<\/figcaption><\/figure>\n<p>JULIA BACHILLER. El Taller Audiovisual impartido por el profesor <strong>Federico Mart\u00ednez Utrera<\/strong> en la Casa de la Cultura Carmen Conde de Majadahonda tuvo una buena acogida en su inauguraci\u00f3n y primera jornada, ya que seg\u00fan inform\u00f3 la Concejal\u00eda tuvo que ampliarse el n\u00famero de plazas para acoger a los asistentes que estaban en lista de espera. El comienzo del curso \u201c<strong>Videoarte en Majadahonda: Bill Viola Global<\/strong>\u201d super\u00f3 por ello las expectativas previstas en cuanto al n\u00famero de inscripciones realizadas, lo que llev\u00f3 a crear la citada lista de espera en solicitud de plazas vacantes. Y entre los asistentes merece la pena <strong>destacar la presencia de j\u00f3venes universitarios, aunque figuraban personas de todas las edades.<\/strong>\u00a0El curso se inaugur\u00f3 con la bienvenida a los asistentes por parte del director del centro, Olimpiades Rivera, seguido de la concejal de Educaci\u00f3n, Cultura, Juventud y Seguridad, F\u00e1tima N\u00fa\u00f1ez quien en su agradecimiento por la asistencia recalc\u00f3 la importancia dentro de su Concejal\u00eda de Cultura de \u201c<strong>traer contenidos novedosos y de calidad que atraigan a todo el p\u00fablico en general<\/strong>\u201d. Todo ello sin olvidarse de agradecer el inter\u00e9s de toda la gente joven que representaba a gran parte del p\u00fablico.<!--more--><\/p>\n<figure id=\"attachment_128328\" aria-describedby=\"caption-attachment-128328\" style=\"width: 267px\" class=\"wp-caption alignleft\"><a href=\"https:\/\/majadahondamagazin.es\/wp-content\/uploads\/2019\/02\/7da57a85-93f8-4f0e-851a-5c983e14da8d.jpg\"><img loading=\"lazy\" decoding=\"async\" class=\"wp-image-128328 \" src=\"https:\/\/majadahondamagazin.es\/wp-content\/uploads\/2019\/02\/7da57a85-93f8-4f0e-851a-5c983e14da8d-300x225.jpg\" alt=\"\" width=\"267\" height=\"201\" \/><\/a><figcaption id=\"caption-attachment-128328\" class=\"wp-caption-text\">El curso de 25 plazas tuvo que ampliarse\u00a0<\/figcaption><\/figure>\n<p>F\u00e1tima N\u00fa\u00f1ez quiso finalizar su intervenci\u00f3n con su agradecimiento al profesor Mart\u00ednez Utrera por su iniciativa, la cual calific\u00f3 de \u201cnovedosa en Majadahonda\u201d y \u00abde gran inter\u00e9s\u00bb, como as\u00ed acreditan las solicitudes de inscripci\u00f3n a las que hac\u00edamos referencia. Reiterados los agradecimientos por parte del profesor a la Concejal\u00eda y al Centro cultural, el doctor en Comunicaci\u00f3n Audiovisual y bi\u00f3grafo de Bill Viola hizo una breve introducci\u00f3n al videoarte al cual defini\u00f3 como <strong>la sustituci\u00f3n \u201cdel pincel por la c\u00e1mara, del lienzo por el plasma y el color por el tiempo\u201d<\/strong>. Tras realizar un recorrido por su trayectoria profesional y acad\u00e9mica en esta material, F\u00e1tima N\u00fa\u00f1ez dio por inaugurado el taller audiovisual de este movimiento art\u00edstico centrado en la figura de<strong> Bill Viola, que expone actualmente una antol\u00f3gica de su obra en la ciudad de <a href=\"http:\/\/www.iclm.es\/viamistica\/\">Cuenca bajo el t\u00edtulo de \u00abV\u00eda M\u00edstica\u00bb<\/a> y en la <a href=\"https:\/\/www.royalacademy.org.uk\/exhibition\/bill-viola-michelangelo\">Royal Academy de Londres en conversaci\u00f3n con el cl\u00e1sico Miguel Angel en \u00abVida, muerte, renacimiento\u00bb<\/a><\/strong>.<\/p>\n<figure id=\"attachment_128259\" aria-describedby=\"caption-attachment-128259\" style=\"width: 267px\" class=\"wp-caption alignleft\"><a href=\"https:\/\/majadahondamagazin.es\/wp-content\/uploads\/2019\/02\/IMG_5635.jpg\"><img loading=\"lazy\" decoding=\"async\" class=\" wp-image-128259\" src=\"https:\/\/majadahondamagazin.es\/wp-content\/uploads\/2019\/02\/IMG_5635-300x225.jpg\" alt=\"\" width=\"267\" height=\"201\" \/><\/a><figcaption id=\"caption-attachment-128259\" class=\"wp-caption-text\">F\u00e1tima N\u00fa\u00f1ez abog\u00f3 por introducir el videoarte en las aulas<\/figcaption><\/figure>\n<p>En esta primera clase se dieron a conocer sus inicios, los artistas precursores de este movimiento, el destacado papel de la m\u00fasica experimental en sus or\u00edgenes, ya que <strong>son diferentes objetos met\u00e1licos de uso cotidiano los que son origen de la fecundaci\u00f3n de una obra y los que crean el sonido en contacto con un un haz de l\u00e1ser<\/strong>, as\u00ed como su evoluci\u00f3n en el presente motivada por la tecnolog\u00eda, que ha mejorado en cuanto a la calidad de la imagen y sonido disponible en comparaci\u00f3n con la segunda mitad del siglo XX, que fue cuando naci\u00f3 esta disciplina. Este mi\u00e9rcoles 13 de febrero de 2019 se clausura el taller, que proporcionar\u00e1 a los asistentes que lo soliciten un certificado de asistencia de <strong>11 horas de duraci\u00f3n v\u00e1lido como cr\u00e9dito universitario ECTS de libre asignaci\u00f3n<\/strong>.\u00a0ECTS es la sigla correspondiente al European Credit Transder System (Sistema Europeo de Transferencia de Cr\u00e9ditos) y es el sistema adoptado por todas las universidades del Espacio Europeo de Educaci\u00f3n Superior (EEES) para garantizar la homogeneidad y la calidad de los estudios que ofrecen.<\/p>\n<figure id=\"attachment_128260\" aria-describedby=\"caption-attachment-128260\" style=\"width: 300px\" class=\"wp-caption alignleft\"><a href=\"https:\/\/majadahondamagazin.es\/wp-content\/uploads\/2019\/02\/IMG_5637.jpg\"><img loading=\"lazy\" decoding=\"async\" class=\"wp-image-128260 size-medium\" src=\"https:\/\/majadahondamagazin.es\/wp-content\/uploads\/2019\/02\/IMG_5637-300x225.jpg\" alt=\"\" width=\"300\" height=\"225\" \/><\/a><figcaption id=\"caption-attachment-128260\" class=\"wp-caption-text\">Utrera explic\u00f3 los or\u00edgenes del videoarte y el papel de Bill Viola<\/figcaption><\/figure>\n<figure id=\"attachment_128327\" aria-describedby=\"caption-attachment-128327\" style=\"width: 300px\" class=\"wp-caption alignleft\"><a href=\"https:\/\/majadahondamagazin.es\/wp-content\/uploads\/2019\/02\/5f8247b5-7e18-46e7-871e-531f0daeeb18.jpg\"><img loading=\"lazy\" decoding=\"async\" class=\"wp-image-128327 size-medium\" src=\"https:\/\/majadahondamagazin.es\/wp-content\/uploads\/2019\/02\/5f8247b5-7e18-46e7-871e-531f0daeeb18-300x225.jpg\" alt=\"\" width=\"300\" height=\"225\" \/><\/a><figcaption id=\"caption-attachment-128327\" class=\"wp-caption-text\">Alumnos de todas las edades se interesaron por el videoarte<\/figcaption><\/figure>\n<p>&nbsp;<\/p>\n<p>&nbsp;<\/p>\n","protected":false},"excerpt":{"rendered":"<p>JULIA BACHILLER. El Taller Audiovisual impartido por el profesor Federico Mart\u00ednez Utrera en la Casa de la Cultura Carmen Conde de Majadahonda tuvo una buena acogida en su inauguraci\u00f3n y primera jornada, ya que seg\u00fan inform\u00f3 la Concejal\u00eda tuvo que ampliarse el n\u00famero de plazas para acoger a los asistentes que estaban en lista de espera. El comienzo del curso \u201cVideoarte en Majadahonda: Bill Viola Global\u201d super\u00f3 por ello las expectativas previstas en cuanto al n\u00famero de inscripciones realizadas, lo que llev\u00f3 a crear la citada lista de espera en solicitud de plazas vacantes. Y entre los asistentes merece la pena destacar la presencia de j\u00f3venes universitarios, aunque figuraban personas<\/p>\n","protected":false},"author":1,"featured_media":0,"comment_status":"open","ping_status":"open","sticky":false,"template":"","format":"standard","meta":{"footnotes":""},"categories":[270,18,15,14,32],"tags":[44,142,45,137],"class_list":["post-2180","post","type-post","status-publish","format-standard","hentry","category-arte-audiovisual","category-biblioteca-bill-viola","category-bill-viola","category-blog-de-videoarte","category-videoarte","tag-bill-viola-2","tag-federico-utrera","tag-videoarte-2","tag-viola-on-video"],"views":1491,"_links":{"self":[{"href":"https:\/\/editorialhijosdemuleyrubio.com\/index.php?rest_route=\/wp\/v2\/posts\/2180","targetHints":{"allow":["GET"]}}],"collection":[{"href":"https:\/\/editorialhijosdemuleyrubio.com\/index.php?rest_route=\/wp\/v2\/posts"}],"about":[{"href":"https:\/\/editorialhijosdemuleyrubio.com\/index.php?rest_route=\/wp\/v2\/types\/post"}],"author":[{"embeddable":true,"href":"https:\/\/editorialhijosdemuleyrubio.com\/index.php?rest_route=\/wp\/v2\/users\/1"}],"replies":[{"embeddable":true,"href":"https:\/\/editorialhijosdemuleyrubio.com\/index.php?rest_route=%2Fwp%2Fv2%2Fcomments&post=2180"}],"version-history":[{"count":1,"href":"https:\/\/editorialhijosdemuleyrubio.com\/index.php?rest_route=\/wp\/v2\/posts\/2180\/revisions"}],"predecessor-version":[{"id":2181,"href":"https:\/\/editorialhijosdemuleyrubio.com\/index.php?rest_route=\/wp\/v2\/posts\/2180\/revisions\/2181"}],"wp:attachment":[{"href":"https:\/\/editorialhijosdemuleyrubio.com\/index.php?rest_route=%2Fwp%2Fv2%2Fmedia&parent=2180"}],"wp:term":[{"taxonomy":"category","embeddable":true,"href":"https:\/\/editorialhijosdemuleyrubio.com\/index.php?rest_route=%2Fwp%2Fv2%2Fcategories&post=2180"},{"taxonomy":"post_tag","embeddable":true,"href":"https:\/\/editorialhijosdemuleyrubio.com\/index.php?rest_route=%2Fwp%2Fv2%2Ftags&post=2180"}],"curies":[{"name":"wp","href":"https:\/\/api.w.org\/{rel}","templated":true}]}}