{"id":223,"date":"2013-06-17T10:04:33","date_gmt":"2013-06-17T08:04:33","guid":{"rendered":"http:\/\/editorialhijosdemuleyrubio.com\/?p=223"},"modified":"2013-06-17T10:04:33","modified_gmt":"2013-06-17T08:04:33","slug":"carlos-horacio-valera-premio-joaquin-guichot","status":"publish","type":"post","link":"https:\/\/editorialhijosdemuleyrubio.com\/?p=223","title":{"rendered":"Carlos Horacio Valera, premio Joaqu\u00edn Guichot"},"content":{"rendered":"<p><a href=\"http:\/\/editorialhijosdemuleyrubio.com\/wp-content\/uploads\/2013\/06\/valera.jpeg\"><img loading=\"lazy\" decoding=\"async\" class=\"alignleft size-full wp-image-224\" alt=\"valera\" src=\"http:\/\/editorialhijosdemuleyrubio.com\/wp-content\/uploads\/2013\/06\/valera.jpeg\" width=\"200\" height=\"286\" \/><\/a>El editor gr\u00e1fico de HMR, Carlos Valera (Almer\u00eda, 1963), ha sido galardonado con una menci\u00f3n especial del premio Joaquin Guichot de fomento a la investigaci\u00f3n educativa por su libro \u00abJes\u00fas de Perceval\u00bb, premio que se otorga junto al \u00abAntonio Dom\u00ednguez Ortiz\u00bb sobre desarrollo curricular. Valera fue autor junto a Antonio D\u00edaz Ramos, M\u00aa Dolores Dur\u00e1n y Carmen Rubio, todos ellos profesores que ejercen en distintos centros educativos de la provincia de Almer\u00eda, de este cuidado libro de texto que ahonda en la figura del polifac\u00e9tico artista Jes\u00fas de Perceval y divulga su vida y obra entre los ni\u00f1os.<\/p>\n","protected":false},"excerpt":{"rendered":"<p>El editor gr\u00e1fico de HMR, Carlos Valera (Almer\u00eda, 1963), ha sido galardonado con una menci\u00f3n especial del premio Joaquin Guichot de fomento a la investigaci\u00f3n educativa por su libro \u00abJes\u00fas de Perceval\u00bb, premio que se otorga junto al \u00abAntonio Dom\u00ednguez Ortiz\u00bb sobre desarrollo curricular. Valera fue autor junto a Antonio D\u00edaz Ramos, M\u00aa Dolores Dur\u00e1n y Carmen Rubio, todos ellos profesores que ejercen en distintos centros educativos de la provincia de Almer\u00eda, de este cuidado libro de texto que ahonda en la figura del polifac\u00e9tico artista Jes\u00fas de Perceval y divulga su vida y obra entre los ni\u00f1os.<\/p>\n","protected":false},"author":1,"featured_media":0,"comment_status":"open","ping_status":"open","sticky":false,"template":"","format":"standard","meta":{"footnotes":""},"categories":[8],"tags":[49],"class_list":["post-223","post","type-post","status-publish","format-standard","hentry","category-cordel-de-extraviados-3-4","tag-carlos-valera-joaquin-guichot"],"views":1693,"_links":{"self":[{"href":"https:\/\/editorialhijosdemuleyrubio.com\/index.php?rest_route=\/wp\/v2\/posts\/223","targetHints":{"allow":["GET"]}}],"collection":[{"href":"https:\/\/editorialhijosdemuleyrubio.com\/index.php?rest_route=\/wp\/v2\/posts"}],"about":[{"href":"https:\/\/editorialhijosdemuleyrubio.com\/index.php?rest_route=\/wp\/v2\/types\/post"}],"author":[{"embeddable":true,"href":"https:\/\/editorialhijosdemuleyrubio.com\/index.php?rest_route=\/wp\/v2\/users\/1"}],"replies":[{"embeddable":true,"href":"https:\/\/editorialhijosdemuleyrubio.com\/index.php?rest_route=%2Fwp%2Fv2%2Fcomments&post=223"}],"version-history":[{"count":1,"href":"https:\/\/editorialhijosdemuleyrubio.com\/index.php?rest_route=\/wp\/v2\/posts\/223\/revisions"}],"predecessor-version":[{"id":225,"href":"https:\/\/editorialhijosdemuleyrubio.com\/index.php?rest_route=\/wp\/v2\/posts\/223\/revisions\/225"}],"wp:attachment":[{"href":"https:\/\/editorialhijosdemuleyrubio.com\/index.php?rest_route=%2Fwp%2Fv2%2Fmedia&parent=223"}],"wp:term":[{"taxonomy":"category","embeddable":true,"href":"https:\/\/editorialhijosdemuleyrubio.com\/index.php?rest_route=%2Fwp%2Fv2%2Fcategories&post=223"},{"taxonomy":"post_tag","embeddable":true,"href":"https:\/\/editorialhijosdemuleyrubio.com\/index.php?rest_route=%2Fwp%2Fv2%2Ftags&post=223"}],"curies":[{"name":"wp","href":"https:\/\/api.w.org\/{rel}","templated":true}]}}