{"id":2237,"date":"2019-04-03T21:02:56","date_gmt":"2019-04-03T19:02:56","guid":{"rendered":"https:\/\/editorialhijosdemuleyrubio.com\/?p=2237"},"modified":"2019-04-03T21:03:57","modified_gmt":"2019-04-03T19:03:57","slug":"canal-sur-estrena-la-pelicula-carmen-de-burgos-la-voz-silenciada-con-la-intervencion-de-federico-utrera","status":"publish","type":"post","link":"https:\/\/editorialhijosdemuleyrubio.com\/?p=2237","title":{"rendered":"Canal Sur estrena la pel\u00edcula \u00abCarmen de Burgos, la voz silenciada\u00bb con la intervenci\u00f3n de Federico Utrera"},"content":{"rendered":"<p><a href=\"https:\/\/majadahondamagazin.es\/wp-content\/uploads\/2019\/03\/Captura-de-pantalla-2019-03-27-a-las-21.21.23.png\"><img loading=\"lazy\" decoding=\"async\" class=\"alignleft size-medium wp-image-131932\" src=\"https:\/\/majadahondamagazin.es\/wp-content\/uploads\/2019\/03\/Captura-de-pantalla-2019-03-27-a-las-21.21.23-300x190.png\" alt=\"\" width=\"300\" height=\"190\" \/><\/a>SONIA BLUE. Canal Sur TV ha estrenado el documental <strong>\u00abCarmen de Burgos. La voz silenciada\u00bb<\/strong> que seg\u00fan resumen sus programadores \u00abreconstruye la vida y trayectoria de la periodista Carmen de Burgos, \u00abColombine\u00bb, una pionera que fue acallada por la historia oficial del franquismo\u00bb y que <strong><a href=\"http:\/\/www.canalsur.es\/multimedia.html?id=1408588\">puede verse y descargarse \u00edntegramente en internet.<\/a><\/strong> Su director, <strong>Pedro Callejas<\/strong>, incluye en la pel\u00edcula a <strong>Federico Utrera, <\/strong>autor del libro<strong> \u00abMemorias de Colombine.<\/strong> <strong>La primera periodista\u00bb<\/strong> (HMR Ediciones) y director de MJD Magazin, en lo que supone <a href=\"https:\/\/federicoutrera.wordpress.com\/experiencia-profesional\/\"><strong>su quinto film sobre la tem\u00e1tica de sus libros<\/strong>.<\/a> En el rodaje intervienen tambi\u00e9n los poetas <strong>Luis Garc\u00eda Montero y Benjam\u00edn Prado<\/strong>, los periodistas <strong>Rosa Mar\u00eda Calaf, Jos\u00e9 Antonio Mart\u00ednez Soler y Nieves Concostrina<\/strong> y el ex ministro de Cultura<strong> C\u00e9sar Antonio Molina, <\/strong>entre otros. Y es que este mes de marzo de 2019 se han multiplicado en toda Espa\u00f1a los homenajes en recuerdo a <strong>Carmen de Burgos<\/strong>, desde <strong>Madrid a Le\u00f3n, M\u00e1laga, Almer\u00eda, Granada, Segovia etc. Mediaset Espa\u00f1a<\/strong> le ha dedicado tambi\u00e9n uno de sus homenajes mensuales y los art\u00edculos sobre su vida y obra han florecido por todo el universo de internet. Esta es una breve muestra de ellos:<!--more--><br \/>\nVideo: <a href=\"https:\/\/www.youtube.com\/watch?v=Oh5uBRy3ivg\">https:\/\/www.youtube.com\/watch?v=Oh5uBRy3ivg<\/a><\/p>\n<p><a href=\"https:\/\/majadahondamagazin.es\/wp-content\/uploads\/2019\/03\/Captura-de-pantalla-2019-03-27-a-las-21.08.30.png\"><img loading=\"lazy\" decoding=\"async\" class=\"alignleft wp-image-131929\" src=\"https:\/\/majadahondamagazin.es\/wp-content\/uploads\/2019\/03\/Captura-de-pantalla-2019-03-27-a-las-21.08.30-277x300.png\" alt=\"\" width=\"199\" height=\"216\" \/><\/a><span style=\"color: #339966;\"><strong>LUIS ANTONIO DE VILLENA (El Mundo):<\/strong><\/span> Carmen de Burgos, \u201cColombine\u201d y su Modernidad: (Ahora que se ha publicado en dos tomos la importante y plural obra period\u00edstica de \u201cColombine\u201d -muy notable labor- no est\u00e1 de m\u00e1s renovar el recuerdo de una notable mujer no poco opacada todav\u00eda\u2026) El art\u00edculo fue publicado en El Mundo: \u00abBastante represi\u00f3n antimoderna y antifeminista (que existi\u00f3 ya en vida de la autora) est\u00e1 detr\u00e1s no s\u00f3lo del olvido sino de la frivolizaci\u00f3n, si se recordaba, del nombre y de la obra de la almeriense Carmen de Burgos (1867-1932) que desde que se dedic\u00f3 al periodismo y la literatura us\u00f3 junto a su nombre (no fue por tanto nunca un pseud\u00f3nimo) el apodo, un tanto ligero y modernista de \u201cColombine\u201d \u2013 la Colombina de la italiana Comedia del Arte- pese a que su labor principal fue la lucha por la libertad y emancipaci\u00f3n de la mujer, y por la libertad general en aquella Espa\u00f1a atrasada y pobre, dominada por un conservadurismo eclesial y rampl\u00f3n. Cierto que Carmen \u2013 como escritora de \u00e9xito en la \u201cbelle-\u00e8poque\u201d- tuvo un sal\u00f3n literario (los comentados \u201cmi\u00e9rcoles de Colombine\u201d) y jug\u00f3 algo a la mundanidad, que entendi\u00f3 como esencialmente europea, sin desentenderse jam\u00e1s de lo que llamar\u00edamos su fuerte veta social\u00bb.\u00a0 <a href=\"http:\/\/luisantoniodevillena.es\/web\/noticias\/carmen-burgos-colombine-modernidad\/\">Leer m\u00e1s<\/a>.<\/p>\n<p><a href=\"https:\/\/majadahondamagazin.es\/wp-content\/uploads\/2019\/03\/Captura-de-pantalla-2019-03-27-a-las-21.06.56.png\"><img loading=\"lazy\" decoding=\"async\" class=\"alignleft wp-image-131927\" src=\"https:\/\/majadahondamagazin.es\/wp-content\/uploads\/2019\/03\/Captura-de-pantalla-2019-03-27-a-las-21.06.56-300x273.png\" alt=\"\" width=\"198\" height=\"180\" \/><\/a><span style=\"color: #339966;\"><strong>MEDIASET ESPA\u00d1A:<\/strong> <\/span>\u201cNo debemos oponernos a la libertad en nombre de la libertad\u201d. En una sociedad asfixiada por la moral, ella era ind\u00f3mita. Fue una gran luchadora por los derechos de la mujer y a favor de las libertades. Naci\u00f3 en Almer\u00eda en 1867, estudi\u00f3 magisterio y a los 33 a\u00f1os abandon\u00f3 a su alcoh\u00f3lico y mujeriego marido y se fue con su hija a Madrid para comenzar una nueva vida ejerciendo su vocaci\u00f3n literaria. Luch\u00f3 por los derechos de las mujeres y los ni\u00f1os, la oposici\u00f3n a la pena de muerte, el divorcio y el sufragio universal. Carmen de Burgos tuvo que esconder su perfil reformista detr\u00e1s de multitud de seud\u00f3nimos como Perico el de los palotes, Gabriel Luna o Marianela, pero el m\u00e1s famoso de todos fue Colombine. El mote se lo puso Augusto Su\u00e1rez de Figueroa, que fund\u00f3 el Diario Universal. Adem\u00e1s, fue la primera corresponsal mujer en pisar un campo de batalla, en la Guerra de Melilla. Escribi\u00f3 cuentos, biograf\u00edas, libros de viajes y de divulgaci\u00f3n feminista y progresista, como El divorcio en Espa\u00f1a (1904) o La mujer moderna y sus derechos, en 1927. Fue una escritora que quiso construir una Espa\u00f1a m\u00e1s rica, plural y m\u00e1s moderna. El 9 de octubre de 1932 falleci\u00f3 en Madrid, y posteriormente todo su trabajo fue silenciado por la censura franquista. En la actualidad la fundaci\u00f3n que lleva su nombre lucha darle la visibilidad que merece en los libros de texto y por ponerla en el lugar hist\u00f3rico que le corresponde.<\/p>\n<p><a href=\"https:\/\/majadahondamagazin.es\/wp-content\/uploads\/2019\/03\/Captura-de-pantalla-2019-03-27-a-las-21.08.02.png\"><img loading=\"lazy\" decoding=\"async\" class=\"alignleft wp-image-131928\" src=\"https:\/\/majadahondamagazin.es\/wp-content\/uploads\/2019\/03\/Captura-de-pantalla-2019-03-27-a-las-21.08.02-189x300.png\" alt=\"\" width=\"113\" height=\"179\" \/><\/a><span style=\"color: #339966;\"><strong>YOLANDA FERN\u00c1NDEZ BLANCO<\/strong><\/span> (Informauva). Carmen de Burgos (1878-1932) es una figura hist\u00f3rica de gran relevancia tanto por su lucha para alcanzar la igualdad de la mujer, como en el campo de la literatura y del periodismo. Ha sido la primera mujer periodista, reportera de guerra y defensora de los derechos de la mujer. Adem\u00e1s, es reconocida como la escritora y periodista de mayor prestigio de la Edad de Plata de las cultura espa\u00f1ola (primer tercio del siglo XX). Sin embargo, el franquismo la llev\u00f3 al olvido tras secuestrar, censurar y quemar cualquier obra que tuviera su firma al ser considerada una amenaza para el r\u00e9gimen a pesar de que hab\u00eda fallecido a\u00f1os atr\u00e1s. Carmen de Burgos fue traductora, periodista y escritora, pero sobre todo, fue una activista feminista que luch\u00f3 a lo largo de toda su vida por los derechos de la mujer, pero tambi\u00e9n por la educaci\u00f3n infantil y la defensa de la comunidad jud\u00eda. <a href=\"https:\/\/www.informauva.com\/carmen-de-burgos-la-primera-periodista-espanola-y-feminista-olvidada\/\">Leer m\u00e1s<\/a>.<\/p>\n<p><a href=\"https:\/\/majadahondamagazin.es\/wp-content\/uploads\/2019\/03\/Captura-de-pantalla-2019-03-27-a-las-21.12.05.png\"><img loading=\"lazy\" decoding=\"async\" class=\"alignleft wp-image-131931\" src=\"https:\/\/majadahondamagazin.es\/wp-content\/uploads\/2019\/03\/Captura-de-pantalla-2019-03-27-a-las-21.12.05-297x300.png\" alt=\"\" width=\"194\" height=\"196\" \/><\/a><span style=\"color: #339966;\"><strong>PROYECTO KAHLO.<\/strong> <\/span>Luchando a contracorriente, contra pol\u00edticos, pensadores y fil\u00f3sofos, tambi\u00e9n cient\u00edficos, especialmente a aquellos que quer\u00edan demostrar a trav\u00e9s de la ciencia que la mujer era biol\u00f3gicamente inferior. Colombine lo ten\u00eda claro: el feminismo era la fuente de cambio, la \u00fanica agua del que los movimientos trasgresores pod\u00edan beber y alimentarse para seguir avanzando en sociedad. Hoy seguimos luchando por esta idea del constructo social, un momento perfecto para recordar que ya en tiempos, hace m\u00e1s de cien a\u00f1os, hubo mujeres como Carmen de Burgos, que llenaron con sus palabras y su inteligencia el vac\u00edo que dejaron y que dejan las injusticias y la desigualdad social. Su memoria est\u00e1 viva, fuente de conocimiento que nos sigue empujando, ense\u00f1ando y que, precisamente por eso, debemos casi sentir la obligaci\u00f3n de aprovecharla, para que sigamos tejiendo entre todes esa madeja de las justicias, de los sue\u00f1os y de las verdades. Aquella que es capaz de transformar el mundo. <a href=\"http:\/\/www.proyecto-kahlo.com\/2019\/03\/__trashed\/\">Leer m\u00e1s.<\/a><\/p>\n<p><a href=\"https:\/\/majadahondamagazin.es\/wp-content\/uploads\/2019\/03\/victoriano-borreguero-696x481.jpg\"><img loading=\"lazy\" decoding=\"async\" class=\"alignleft wp-image-131934\" src=\"https:\/\/majadahondamagazin.es\/wp-content\/uploads\/2019\/03\/victoriano-borreguero-696x481-300x207.jpg\" alt=\"\" width=\"134\" height=\"92\" \/><\/a><span style=\"color: #339966;\"><strong>VICTORIANO BORREGUERO (El Adelantado de Segovia)<\/strong><\/span>. \u201cTirar la primera piedra\u201d suele decirse en referencia a un pasaje del Nuevo Testamento en el que Jes\u00fas de Nazaret evita la lapidaci\u00f3n de una mujer ad\u00faltera avergonzando a los acusadores -En referencia a un pasaje del Nuevo Testamento en el que Jes\u00fas de Nazaret evita la lapidaci\u00f3n de una mujer ad\u00faltera avergonzando a los acusadores -Juan 7:53-8:11-. Se suele usar en forma negativa para indicar que la persona que lo hace no debe criticar porque tampoco est\u00e1 libre de falta. Comenzar\u00e9 por especificar que Perico el de los Palotes era una mujer. En El Arco del Triunfo de la Moncloa madrile\u00f1a se encuentran estas dos inscripciones latinas: \u201cArmis hic victricibus mens iugiter victura mumentum hoc\u201d -en castellano, \u201cla mente que siempre ha de vencer da, dona y dedica estemonumento a las armas que vencieron aqu\u00ed\u201d-. Y en el reverso: \u201cMunificencia regia condita ab hispaniorum duce restaurata aedes studiorum matritensis florescit inconspectu dei\u201d -\u201dFundado por la generosidad del Rey, restaurado por el Caudillo de los espa\u00f1oles, el santuario de los estudios de Madrid, florece a la vista de Dios\u201d. Hay quien dice que se deber\u00edan borrar esas inscripciones y llevar a cabo un acto simb\u00f3lico para dedicarlo a algo m\u00e1s democr\u00e1tico, por ejemplo a \u201cPerico el de los Palotes\u201d que en realidad era una mujer llamada Carmen de Burgos, la primera espa\u00f1ola que trabaj\u00f3 como corresponsal de guerra. <a href=\"http:\/\/www.eladelantado.com\/opinion\/victoriano-borreguero-perico-el-de-los-palotes\/\">Leer m\u00e1s<\/a>.<\/p>\n<p><a href=\"https:\/\/majadahondamagazin.es\/wp-content\/uploads\/2019\/03\/Captura-de-pantalla-2019-03-27-a-las-21.09.38.png\"><img loading=\"lazy\" decoding=\"async\" class=\"alignleft wp-image-131930\" src=\"https:\/\/majadahondamagazin.es\/wp-content\/uploads\/2019\/03\/Captura-de-pantalla-2019-03-27-a-las-21.09.38-300x262.png\" alt=\"\" width=\"205\" height=\"179\" \/><\/a><span style=\"color: #339966;\"><strong>MAR\u00cdA SERRANO (P\u00fablico).<\/strong><\/span> Carmen de Burgos firmaba sus art\u00edculos period\u00edsticos a principios del siglo XX como Colombine. El director del medio para el que trabajaba no quer\u00eda que se supiera su identidad. Su g\u00e9nero. Y es que fue una aut\u00e9ntica precursora del feminismo que a d\u00eda de hoy poco se conoce en el imaginario popular. Se adelant\u00f3 a la escritora francesa Simone de Beauvoir en un libro in\u00e9dito como fue La mujer moderna y sus derechos. De haber nacido en otro rinc\u00f3n de Europa, este libro, publicado en 1927, hubiera sido una de las obras m\u00e1s influyentes del movimiento feminista. Nacer a finales del siglo XIX, criarse en el valle de Rodalquilar, en pleno del Cabo de Gata, y querer aspirar a una vida independiente no fueron brechas f\u00e1ciles de superar para la escritora y periodista Carmen de Burgos, cuya obra fue totalmente desterrada y sometida al oscurantismo al inicio de la dictadura de Franco\u201d. <a href=\"https:\/\/www.publico.es\/sociedad\/carmen-burgos-periodista-ocultada-franco.html\">Leer m\u00e1s<\/a>.<\/p>\n<p>&nbsp;<\/p>\n","protected":false},"excerpt":{"rendered":"<p>SONIA BLUE. Canal Sur TV ha estrenado el documental \u00abCarmen de Burgos. La voz silenciada\u00bb que seg\u00fan resumen sus programadores \u00abreconstruye la vida y trayectoria de la periodista Carmen de Burgos, \u00abColombine\u00bb, una pionera que fue acallada por la historia oficial del franquismo\u00bb y que puede verse y descargarse \u00edntegramente en internet. Su director, Pedro Callejas, incluye en la pel\u00edcula a Federico Utrera, autor del libro \u00abMemorias de Colombine. La primera periodista\u00bb (HMR Ediciones) y director de MJD Magazin, en lo que supone su quinto film sobre la tem\u00e1tica de sus libros. En el rodaje intervienen tambi\u00e9n los poetas Luis Garc\u00eda Montero y Benjam\u00edn Prado, los periodistas Rosa Mar\u00eda Calaf,<\/p>\n","protected":false},"author":1,"featured_media":0,"comment_status":"open","ping_status":"open","sticky":false,"template":"","format":"standard","meta":{"footnotes":""},"categories":[26,260],"tags":[82,83,142],"class_list":["post-2237","post","type-post","status-publish","format-standard","hentry","category-material-memoria","category-cine-2","tag-carmen-de-burgos","tag-colombine","tag-federico-utrera"],"views":1375,"_links":{"self":[{"href":"https:\/\/editorialhijosdemuleyrubio.com\/index.php?rest_route=\/wp\/v2\/posts\/2237","targetHints":{"allow":["GET"]}}],"collection":[{"href":"https:\/\/editorialhijosdemuleyrubio.com\/index.php?rest_route=\/wp\/v2\/posts"}],"about":[{"href":"https:\/\/editorialhijosdemuleyrubio.com\/index.php?rest_route=\/wp\/v2\/types\/post"}],"author":[{"embeddable":true,"href":"https:\/\/editorialhijosdemuleyrubio.com\/index.php?rest_route=\/wp\/v2\/users\/1"}],"replies":[{"embeddable":true,"href":"https:\/\/editorialhijosdemuleyrubio.com\/index.php?rest_route=%2Fwp%2Fv2%2Fcomments&post=2237"}],"version-history":[{"count":2,"href":"https:\/\/editorialhijosdemuleyrubio.com\/index.php?rest_route=\/wp\/v2\/posts\/2237\/revisions"}],"predecessor-version":[{"id":2239,"href":"https:\/\/editorialhijosdemuleyrubio.com\/index.php?rest_route=\/wp\/v2\/posts\/2237\/revisions\/2239"}],"wp:attachment":[{"href":"https:\/\/editorialhijosdemuleyrubio.com\/index.php?rest_route=%2Fwp%2Fv2%2Fmedia&parent=2237"}],"wp:term":[{"taxonomy":"category","embeddable":true,"href":"https:\/\/editorialhijosdemuleyrubio.com\/index.php?rest_route=%2Fwp%2Fv2%2Fcategories&post=2237"},{"taxonomy":"post_tag","embeddable":true,"href":"https:\/\/editorialhijosdemuleyrubio.com\/index.php?rest_route=%2Fwp%2Fv2%2Ftags&post=2237"}],"curies":[{"name":"wp","href":"https:\/\/api.w.org\/{rel}","templated":true}]}}