{"id":2241,"date":"2019-05-02T22:07:06","date_gmt":"2019-05-02T20:07:06","guid":{"rendered":"https:\/\/editorialhijosdemuleyrubio.com\/?p=2241"},"modified":"2019-05-02T22:07:06","modified_gmt":"2019-05-02T20:07:06","slug":"federico-utrera-y-mjd-magazin-en-la-semana-cultural-de-humanidades-de-la-universidad-de-almeria-ual","status":"publish","type":"post","link":"https:\/\/editorialhijosdemuleyrubio.com\/?p=2241","title":{"rendered":"Federico Utrera y MJD Magazin en la Semana Cultural de Humanidades de la Universidad de Almer\u00eda (UAL)"},"content":{"rendered":"<p><a href=\"https:\/\/majadahondamagazin.es\/wp-content\/uploads\/2019\/04\/c8c2478b-3d78-4289-bb5a-39f96cffde26.jpg\"><img loading=\"lazy\" decoding=\"async\" class=\"alignleft size-medium wp-image-134634\" src=\"https:\/\/majadahondamagazin.es\/wp-content\/uploads\/2019\/04\/c8c2478b-3d78-4289-bb5a-39f96cffde26-300x225.jpg\" alt=\"\" width=\"300\" height=\"225\" \/><\/a>SONIA BLUE. La <strong>Semana Cultural de la Facultad de Humanidades de la Universidad de Almer\u00eda<\/strong> cont\u00f3 con la presencia del periodista y escritor, <strong>Federico Utrera<\/strong>, que cont\u00f3 su experiencia como director de <strong>MJD Magazin<\/strong> junto a los tambi\u00e9n periodistas <strong>Juan Tortosa<\/strong> (Canal Sur), <strong>Lola \u00c1lvarez<\/strong> (Universidad Loyola-Andaluc\u00eda) y los informadores almerienses <strong>Antonio Torres<\/strong> (Canal Sur),<strong> Iv\u00e1n G\u00f3mez<\/strong> (Diario de Almer\u00eda), <strong>Manuel Le\u00f3n<\/strong> (La Voz de Almer\u00eda) y <strong>Mar\u00eda Jos\u00e9 L\u00f3pez D\u00edaz<\/strong>, presidenta del Colegio de Periodistas de Andaluc\u00eda en Almer\u00eda (CPPA Almer\u00eda), todos ellos moderados por la tambi\u00e9n periodista y profesora <strong>Yolanda Cruz. <\/strong>Durante el coloquio posterior a las ponencias, <strong>Federico Utrera<\/strong> defendi\u00f3 el papel de la Universidad y la escuela en la formaci\u00f3n de la competencia lectora y de comunicaci\u00f3n, con grados, posgrados y asignaturas espec\u00edficas en la Secundaria impartidas por los periodistas mejor formados acad\u00e9micamente. Y asegur\u00f3 que \u00abel principal problema de la Comunicaci\u00f3n no es la mala formaci\u00f3n de los periodistas sino la <strong>obsolescencia de la estructura administrativa e industrial en Espa\u00f1a\u00bb<\/strong>. Por su parte, algunos de los ponentes mencionaron durante sus intervenciones sus libros \u00abViola on Video\u00bb (biograf\u00eda y cat\u00e1logo razonado del videoartista Bill Viola), \u00abMemorias de Colombine\u00bb, \u00abLos Leones del Congreso\u00bb y \u00ab\u00a1Diputado Blasco Ib\u00e1\u00f1ez!\u00bb. Ofrecemos algunas de las rese\u00f1as period\u00edsticas de este acto acad\u00e9mico y cultural as\u00ed como varias fotograf\u00edas in\u00e9ditas del encuentro:<!--more--><\/p>\n<p><a href=\"https:\/\/majadahondamagazin.es\/wp-content\/uploads\/2019\/04\/n.png\"><img loading=\"lazy\" decoding=\"async\" class=\"alignleft wp-image-134621\" src=\"https:\/\/majadahondamagazin.es\/wp-content\/uploads\/2019\/04\/n-300x271.png\" alt=\"\" width=\"244\" height=\"220\" \/><\/a><span style=\"color: #3366ff;\"><strong>NOTICIAS DE ALMERIA<\/strong><\/span>: La <strong>Facultad de Humanidades<\/strong> ha celebrado su patr\u00f3n entregando reconocimientos a su labor docente a los profesores <strong>Mar\u00eda Elena S\u00e1nchez, Rafael Quirosa y Miguel Gallego<\/strong>; as\u00ed como a los mejores expedientes fin de carrera a los estudiantes <strong>Alejandro Cuevas<\/strong>, por Humanidades; Javier Soto, de Filolog\u00eda Hisp\u00e1nica; <strong>Nicol\u00e1s Alberto Rodr\u00edguez<\/strong>, por el Grado de Historia y<strong> Silvia Garc\u00eda<\/strong>, por Estudios Ingleses. Como cierre de la jornada de este mi\u00e9rcoles ha tenido lugar una mesa redonda a cargo de periodistas y profesionales de los medios de comunicaci\u00f3n, organizada junto a <strong>Centro de Investigaci\u00f3n \u2018Comunicaci\u00f3n y Sociedad\u2019, CySOC.<\/strong> En la mesa redonda han participado<strong> Juan Tortosa,<\/strong> periodista y escritor; <strong>Lola \u00c1lvarez,<\/strong> profesora de la Universidad Loyola de Andaluc\u00eda y <strong>Federico Utrera,<\/strong> periodista, parlamentario y escritor. \u201cCreo que ha sido muy acertado llamarla \u2018La comunicaci\u00f3n en la actUALidad\u2019 porque la Facultad lleva desde hace un tiempo luchando y peleando por un nuevo t\u00edtulo que es el de Comunicaci\u00f3n, al que hacemos un gui\u00f1o a esto con esta mesa\u201d, ha indicado <strong>Francisco Javier Garc\u00eda<\/strong>, decano de la Facultad de Humanidades.<\/p>\n<p><strong><a href=\"https:\/\/majadahondamagazin.es\/wp-content\/uploads\/2019\/04\/e4c4dfab-1b0c-4b42-86a1-40d24e90b46c.jpg\"><img loading=\"lazy\" decoding=\"async\" class=\"alignleft wp-image-134637\" src=\"https:\/\/majadahondamagazin.es\/wp-content\/uploads\/2019\/04\/e4c4dfab-1b0c-4b42-86a1-40d24e90b46c-300x225.jpg\" alt=\"\" width=\"239\" height=\"179\" \/><\/a>Manuel L\u00f3pez<\/strong>, director de CyCOC, <strong>Centro de Investigaci\u00f3n \u2018Comunicaci\u00f3n y Sociedad\u2019<\/strong>, ha se\u00f1alado el objetivo de esta mesa redonda. \u201cCre\u00edmos oportuno invitar a periodistas de reconocido prestigio tanto del \u00e1mbito local como no local para que reflexionen sobre el fen\u00f3meno de la comunicaci\u00f3n, algo fundamental porque una sociedad sin comunicaci\u00f3n, ni tiene comunicaci\u00f3n, ni tiene sociedad\u201d. El periodista y escritor, <strong>Juan Tortosa<\/strong>, ha hablado en su intervenci\u00f3n de la situaci\u00f3n actual de la informaci\u00f3n. \u201cCreo que para nuestra \u2018desgracia\u2019 de unos a\u00f1os a esta parte el ejercicio del periodismo en Espa\u00f1a es casi un acto heroico para aquellos que realmente lo quieren hacer tal como debe hacerse, sin plegarse a intereses que no sean solo de las personas a quien va destinado. Creo que con que nunca se olvidara que el destinatario \u00faltimo no es quien nos paga ni los poderes sino los ciudadanos estar\u00edamos avanzando mucho por la dignidad del periodismo en nuestro pa\u00eds en estos momentos\u201d.<\/p>\n<p><a href=\"https:\/\/majadahondamagazin.es\/wp-content\/uploads\/2019\/04\/079b229f-63a7-4b8f-8120-6414ec076bc9.jpg\"><img loading=\"lazy\" decoding=\"async\" class=\"alignleft wp-image-134636\" src=\"https:\/\/majadahondamagazin.es\/wp-content\/uploads\/2019\/04\/079b229f-63a7-4b8f-8120-6414ec076bc9-225x300.jpg\" alt=\"\" width=\"145\" height=\"194\" \/><\/a>Por su parte, <strong>Lola \u00c1lvarez<\/strong>, profesora de la <strong>Universidad Loyola de Andaluc\u00eda<\/strong> ha hablado sobre la formaci\u00f3n para ser periodista. \u201cEstos tiempos que corren no es solo una cuesti\u00f3n de saber mucho de tecnolog\u00edas, sino que en la base del periodismo est\u00e1 saber ver la realidad y saber contarla adecuadamente a la gente. Y para ello hay que tener claro en qu\u00e9 mundo est\u00e1s, saber leer, saber escribir y tener una enorme pasi\u00f3n por contarles a los dem\u00e1s la verdad de las cosas. Todo lo dem\u00e1s no es periodismo es show\u201d. <strong>Lola \u00c1lvarez,<\/strong> ha insistido en la necesidad de formaci\u00f3n. \u201cParece que hoy ser periodista puede ser cualquiera, y a priori es as\u00ed, pero no cualquiera puede serlo. La diferencia debe estar en una determinada formaci\u00f3n, en un background y en un respeto tambi\u00e9n de la sociedad respecto a los profesionales del periodismo\u201d. Por \u00faltimo, <strong>Federico Utrera,<\/strong> periodista, parlamentario y escritor ha trasladado a los asistentes su experiencia \u201ccomo fundador y director de un peri\u00f3dico multimedia (MJD Magazin) que tenemos en Madrid y que a\u00fana el texto, la radio y la televisi\u00f3n\u201d. Tambi\u00e9n les ha hablado de sus vivencias desde el punto de vista del periodismo literario, periodismo cultural, y como corresponsal pol\u00edtico y parlamentario puesto que estuvo durante dos d\u00e9cadas en el Congreso de los Diputados y fund\u00f3 la Asociaci\u00f3n de Periodistas Parlamentarios. La <strong>Semana Cultural de Humanidade<\/strong>s continu\u00f3 con la presencia del escritor <strong>Javier Sierra<\/strong> y este viernes 26 de abril de 2019 con actividades enfocadas a los estudiantes. \u201cCon esta Semana Cultural ofrecemos una visi\u00f3n completa de lo que Facultad quiere significar dentro del colectivo de la comunidad universitaria\u201d, ha concluido el decano <strong>Francisco Javier Garc\u00eda<\/strong>.<\/p>\n<p><a href=\"https:\/\/majadahondamagazin.es\/wp-content\/uploads\/2019\/04\/Captura-de-pantalla-2019-04-25-a-las-14.52.56.png\"><img loading=\"lazy\" decoding=\"async\" class=\"alignleft wp-image-134620\" src=\"https:\/\/majadahondamagazin.es\/wp-content\/uploads\/2019\/04\/Captura-de-pantalla-2019-04-25-a-las-14.52.56-300x285.png\" alt=\"\" width=\"247\" height=\"235\" \/><\/a><span style=\"color: #ff0000;\"><strong>IDEAL ALMERIA:<\/strong><\/span> Con motivo de la Semana Cultural de la <strong>Facultad de Humanidades,<\/strong> tuvo lugar en el <strong>Aula Magna<\/strong> de dicha facultad una mesa redonda compuesta por profesionales de los medios bajo el nombre de &#8216;La comunicaci\u00f3n en la actUALidad&#8217;. Desde el decanato aseguran que esta iniciativa tiene como objetivo acercar a los estudiantes al mundo de la comunicaci\u00f3n y, adem\u00e1s, hacer un gui\u00f1o a la lucha que mantiene la Universidad de Almer\u00eda para conseguir implantar el grado en comunicaci\u00f3n en su oferta educativa. <strong>Manuel L\u00f3pez Mu\u00f1oz<\/strong>, como organizador de este encuentro, asegur\u00f3 que \u00abel objetivo de esta mesa redonda en primer lugar es colaborar con la organizaci\u00f3n de la semana de las humanidades de la facultad. El segundo, profundizar en las tareas de nuestro centro de investigaci\u00f3n en comunicaci\u00f3n y sociedad, que tiene como tarea principal desarrollar las conexiones de la universidad con el resto de la sociedad almeriense a trav\u00e9s de la investigaci\u00f3n, la docencia y la divulgaci\u00f3n, que son las tres patas en las que se debe basar toda la actividad universitaria\u00bb, a lo que a\u00f1adi\u00f3 que \u00abnos pareci\u00f3 buena idea invitar a periodistas de reconocido prestigio tanto del \u00e1mbito local como para el no local, para que reflexionen sobre el fen\u00f3meno de la comunicaci\u00f3n, porque una sociedad sin comunicaci\u00f3n no tiene ni comunicaci\u00f3n ni tampoco sociedad\u00bb.<\/p>\n<p><strong><a href=\"https:\/\/majadahondamagazin.es\/wp-content\/uploads\/2019\/04\/9beb7b2a-99b9-496f-9032-7680f562bb0b.jpg\"><img loading=\"lazy\" decoding=\"async\" class=\"alignleft wp-image-134633\" src=\"https:\/\/majadahondamagazin.es\/wp-content\/uploads\/2019\/04\/9beb7b2a-99b9-496f-9032-7680f562bb0b-225x300.jpg\" alt=\"\" width=\"188\" height=\"250\" \/><\/a>Juan Tortosa Mar\u00edn<\/strong> fue uno de los ponentes que, como periodista almeriense con 40 a\u00f1os de experiencia, quiso destacar que \u00abhay tanto trabajo pendiente por hacer en c\u00f3mo luchar por una buena informaci\u00f3n, que eso es una buena noticia para quien este interesado en el oficio y para quien quiera restablecer y aumentar la dignidad de quienes se dedican a \u00e9l\u00bb, ya que \u00abel ejercicio del periodismo en Espa\u00f1a es casi un acto heroico para aquellos que realmente lo quieren hacer, tal como debe hacerse el periodismo, sin pegarse a intereses\u00bb. Otra de las profesionales que intervino fue <strong>Lola \u00c1lvarez<\/strong>, quien actualmente es profesora en la Universidad de Loyola, que se\u00f1al\u00f3 que \u00abno hay seminarios de olfatos, no hay cursillos de perseverancia, es necesaria la formaci\u00f3n\u00bb, apuntando, igualmente, que \u00aben estos tiempos que corren no es s\u00f3lo cuesti\u00f3n de saber mucho de tecnolog\u00eda. En la base del periodismo est\u00e1 saber ver la realidad y saber contarla adecuadamente a la gente. Para ver esa realidad y saber contarla hay que tener claras algunas cosas, saber en qu\u00e9 mundo est\u00e1s, saber leer y saber escribir, y sobre todo una enorme pasi\u00f3n por contarle a los dem\u00e1s la verdad de las cosas\u00bb. <strong>Federico Utrera,<\/strong> periodista parlamentario, record\u00f3 sus comienzos profesionales aprendiendo de compa\u00f1eros almerienses con gran experiencia.<\/p>\n<p><strong><a href=\"https:\/\/majadahondamagazin.es\/wp-content\/uploads\/2019\/04\/Captura-de-pantalla-2019-04-26-a-las-9.30.35.png\"><img loading=\"lazy\" decoding=\"async\" class=\"alignleft wp-image-134622\" src=\"https:\/\/majadahondamagazin.es\/wp-content\/uploads\/2019\/04\/Captura-de-pantalla-2019-04-26-a-las-9.30.35-300x263.png\" alt=\"\" width=\"228\" height=\"200\" \/><\/a><span style=\"color: #800080;\">AP-APAL \/ CPPA ALMER\u00cdA \/ COMUNICACI\u00d3N UAL<\/span><\/strong>. \u201cLa cifra anual de egresados en Periodismo hace insoportable la frase de que \u2018cualquiera\u2019 pueda ejercerlo sin titulaci\u00f3n\u201d, ha dicho<strong> Mar\u00eda Jos\u00e9 L\u00f3pez D\u00edaz<\/strong>, presidenta del Colegio de Periodistas de Andaluc\u00eda en Almer\u00eda (CPPA Almer\u00eda) y directiva de la Asociaci\u00f3n de Periodistas \u2013 Asociaci\u00f3n de la Prensa de Almer\u00eda (AP-APAL), en la mesa redonda \u201cLa comunicaci\u00f3n en la actualidad\u201c, celebrada en la Universidad de Almer\u00eda. Tras una primera intervenci\u00f3n de los periodistas <strong>Juan Tortosa, Federico Mart\u00ednez Utrera y Lola \u00c1lvarez<\/strong>, en la que ofrecieron una visi\u00f3n global del periodismo practicado en Espa\u00f1a en los \u00faltimos 40 a\u00f1os, se integraron a la mesa redonda los periodistas de Diario de Almer\u00eda,<strong> Iv\u00e1n G\u00f3mez;<\/strong> de La Voz de Almer\u00eda, <strong>Manuel Le\u00f3n;<\/strong> el director de la RTVA en Almer\u00eda, <strong>Antonio Torres<\/strong> (los dos \u00faltimos miembros de la AP-APAL); y la presidenta del Colegio Profesional de Periodistas de Andaluc\u00eda (CPPA), en su demarcaci\u00f3n de Almer\u00eda, <strong>Mar\u00eda Jos\u00e9 L\u00f3pez D\u00edaz.<\/strong><\/p>\n<p><a href=\"https:\/\/majadahondamagazin.es\/wp-content\/uploads\/2019\/04\/1637a0fe-1a60-4ef9-82dd-4c4ca59985fe.jpg\"><img loading=\"lazy\" decoding=\"async\" class=\"alignleft wp-image-134629\" src=\"https:\/\/majadahondamagazin.es\/wp-content\/uploads\/2019\/04\/1637a0fe-1a60-4ef9-82dd-4c4ca59985fe-225x300.jpg\" alt=\"\" width=\"179\" height=\"238\" \/><\/a>En su intervenci\u00f3n, la presidenta del CPPA en Almer\u00eda defendi\u00f3 la necesidad de acreditar la titulaci\u00f3n en Comunicaci\u00f3n y\/o Periodismo para los profesionales que ejercen en los medios de comunicaci\u00f3n. \u201cEntiendo que, hasta hace muy pocos a\u00f1os, el no contar con la titulaci\u00f3n no imped\u00eda ejercer el periodismo y es cierto que hay grandes periodistas que carecen de ella o que cuentan con otras titulaciones. Pero, con 6.000 egresados al a\u00f1o de las diferentes facultades de Comunicaci\u00f3n y Periodismo que hay en Espa\u00f1a, se me antoja del todo injusto para ellos y sus familias dejar que otros ejerzan este oficio sin pasar por las facultades de comunicaci\u00f3n\u201d. En ese sentido, <strong>L\u00f3pez D\u00edaz<\/strong> pidi\u00f3 un ejercicio de honestidad desde el mundo universitario. \u201cPodemos criticar que cuando un egresado sale de la facultad de comunicaci\u00f3n no tiene ese \u2018olfato\u2019 o la \u2018esencia\u2019 de c\u00f3mo funciona esto realmente. Pero\u2026 \u00bfacaso la tiene un m\u00e9dico reci\u00e9n salido de la facultad de medicina? \u00bfy un abogado? Por tanto, si titubeamos a la hora de exigir el t\u00edtulo de periodista para ejercer, \u00bfqu\u00e9 sentido tienen entonces la facultades?\u201d, reflexion\u00f3. \u201cLa cifra de egresados anual en Periodismo hace caducar la frase de que \u2018cualquiera\u2019 puede ejercerlo. La hace insoportable\u201d, concluy\u00f3. El foro de debate ha tenido lugar este 24 de abril de 2019, en la Universidad de Almer\u00eda, dentro de la semana de actividades por la celebraci\u00f3n del patr\u00f3n de la Facultad de Humanidades, organizada junto a Centro de Investigaci\u00f3n \u2018Comunicaci\u00f3n y Sociedad\u2019, CySOC. Han participado en la primera parte de la mesa redonda, como hemos se\u00f1alado, <strong>Juan Tortosa<\/strong>, periodista y escritor; <strong>Lola \u00c1lvarez<\/strong>, profesora de la Universidad Loyola de Andaluc\u00eda y <strong>Federico Mart\u00ednez Utrera<\/strong>, periodista almeriense y escritor. Ha moderado la tambi\u00e9n periodista <strong>Yolanda Cruz,<\/strong> miembro de la AP-APAL y del CPPA Almer\u00eda.<\/p>\n<p><span style=\"color: #993366;\"><strong><a href=\"https:\/\/majadahondamagazin.es\/wp-content\/uploads\/2019\/04\/6a325aa2-8b25-4759-b2a3-1c52e20718dc.jpg\"><img loading=\"lazy\" decoding=\"async\" class=\"alignleft wp-image-134632\" src=\"https:\/\/majadahondamagazin.es\/wp-content\/uploads\/2019\/04\/6a325aa2-8b25-4759-b2a3-1c52e20718dc-300x225.jpg\" alt=\"\" width=\"252\" height=\"189\" \/><\/a>Periodismo: un acto heroico<\/strong><\/span>: El periodista y escritor, <strong>Juan Tortosa,<\/strong> ha hablado en su intervenci\u00f3n de la situaci\u00f3n actual de la informaci\u00f3n. \u201cCreo que para nuestra \u2018desgracia\u2019 de unos a\u00f1os a esta parte el ejercicio del periodismo en Espa\u00f1a es casi un acto heroico para aquellos que realmente lo quieren hacer tal como debe hacerse, sin plegarse a intereses que no sean solo de las personas a quien va destinado. Creo que con que nunca se olvidara que el destinatario \u00faltimo no es quien nos paga ni los poderes sino los ciudadanos estar\u00edamos avanzando mucho por la dignidad del periodismo en nuestro pa\u00eds en estos momentos\u201d. Por su parte, <strong>Lola \u00c1lvarez,<\/strong> profesora de la Universidad Loyola de Andaluc\u00eda ha hablado sobre la formaci\u00f3n para ser periodista. \u201cEstos tiempos que corren no es solo una cuesti\u00f3n de saber mucho de tecnolog\u00edas, sino que en la base del periodismo est\u00e1 saber ver la realidad y saber contarla adecuadamente a la gente. Y para ello hay que tener claro en qu\u00e9 mundo est\u00e1s, saber leer, saber escribir y tener una enorme pasi\u00f3n por contarles a los dem\u00e1s la verdad de las cosas. Todo lo dem\u00e1s no es periodismo es show\u201d. <strong>Lola \u00c1lvarez<\/strong>, ha insistido en la necesidad de formaci\u00f3n. \u201cParece que hoy ser periodista puede ser cualquiera, y a priori es as\u00ed, pero no cualquiera puede serlo. La diferencia debe estar en una determinada formaci\u00f3n, en un background y en un respeto tambi\u00e9n de la sociedad respecto a los profesionales del periodismo\u201d.<\/p>\n<p><a href=\"https:\/\/majadahondamagazin.es\/wp-content\/uploads\/2019\/04\/8a479e24-145d-4eea-9bfc-45438acf967b.jpg\"><img loading=\"lazy\" decoding=\"async\" class=\"alignleft wp-image-134623\" src=\"https:\/\/majadahondamagazin.es\/wp-content\/uploads\/2019\/04\/8a479e24-145d-4eea-9bfc-45438acf967b-225x300.jpg\" alt=\"\" width=\"174\" height=\"231\" \/><\/a>Por \u00faltimo, <strong>Federico Mart\u00ednez Utrera,<\/strong> periodista parlamentario y escritor ha trasladado a los asistentes su experiencia \u201ccomo fundador y director de un peri\u00f3dico multimedia que tenemos en Madrid y que a\u00fana el texto, la radio y la televisi\u00f3n\u201d. Tambi\u00e9n les ha hablado de sus vivencias desde el punto de vista del periodismo literario, periodismo cultural, y como corresponsal pol\u00edtico y parlamentario puesto que estuvo durante dos d\u00e9cadas en el Congreso de los Diputados y fund\u00f3 la Asociaci\u00f3n de Periodistas Parlamentarios. \u201cCreo que ha sido muy acertado llamar a esta mesa redonda de la \u2018La comunicaci\u00f3n en la actUALidad\u2019 porque la Facultad lleva desde hace un tiempo luchando y peleando por un nuevo t\u00edtulo que es el de Comunicaci\u00f3n, al que hacemos un gui\u00f1o a esto con esta mesa\u201d, ha indicado <strong>Francisco Javier Garc\u00eda<\/strong>, decano de la Facultad de Humanidades, al introducir la jornada que se celebr\u00f3. <strong>Manuel L\u00f3pez,<\/strong> director de CyCOC, Centro de Investigaci\u00f3n \u2018Comunicaci\u00f3n y Sociedad\u2019, ha se\u00f1alado el objetivo de esta mesa redonda. \u201cCre\u00edmos oportuno invitar a periodistas de reconocido prestigio tanto del \u00e1mbito local como no local para que reflexionen sobre el fen\u00f3meno de la comunicaci\u00f3n, algo fundamental porque una sociedad sin comunicaci\u00f3n, ni tiene comunicaci\u00f3n, ni tiene sociedad\u201d.<\/p>\n<p><a href=\"https:\/\/majadahondamagazin.es\/wp-content\/uploads\/2019\/04\/0f4fc275-cb8b-43b2-b8b1-a06d54f17f9f-e1556265270466.jpg\"><img loading=\"lazy\" decoding=\"async\" class=\"alignleft wp-image-134625 \" src=\"https:\/\/majadahondamagazin.es\/wp-content\/uploads\/2019\/04\/0f4fc275-cb8b-43b2-b8b1-a06d54f17f9f-e1556265270466-300x180.jpg?_t=1556265276\" alt=\"\" width=\"228\" height=\"137\" \/><\/a>La Facultad de Humanidades que celebra con una semana de actividades a su patr\u00f3n, tambi\u00e9n ha entregado reconocimientos a su labor docente a los profesores <strong>Mar\u00eda Elena S\u00e1nchez, Rafael Quirosa y Miguel Gallego;<\/strong> as\u00ed como a los mejores expedientes fin de carrera a los estudiantes <strong>Alejandro Cuevas<\/strong>, por Humanidades; <strong>Javier Soto,<\/strong> de Filolog\u00eda Hisp\u00e1nica; <strong>Nicol\u00e1s Alberto Rodr\u00edguez,<\/strong> por Historia y <strong>Silvia Garc\u00eda,<\/strong> por Estudios Ingleses. La Semana Cultural de Humanidades contin\u00faa este 25 de abril de 2019 con la presencia del escritor <strong>Javier Sierra<\/strong> y el 26 con actividades enfocadas a los estudiantes. \u201cCon esta Semana Cultural ofrecemos una visi\u00f3n completa de lo que Facultad quiere significar dentro del colectivo de la comunidad universitaria\u201d, ha concluido el decano <strong>Francisco Javier Garc\u00eda.<\/strong><\/p>\n","protected":false},"excerpt":{"rendered":"<p>SONIA BLUE. La Semana Cultural de la Facultad de Humanidades de la Universidad de Almer\u00eda cont\u00f3 con la presencia del periodista y escritor, Federico Utrera, que cont\u00f3 su experiencia como director de MJD Magazin junto a los tambi\u00e9n periodistas Juan Tortosa (Canal Sur), Lola \u00c1lvarez (Universidad Loyola-Andaluc\u00eda) y los informadores almerienses Antonio Torres (Canal Sur), Iv\u00e1n G\u00f3mez (Diario de Almer\u00eda), Manuel Le\u00f3n (La Voz de Almer\u00eda) y Mar\u00eda Jos\u00e9 L\u00f3pez D\u00edaz, presidenta del Colegio de Periodistas de Andaluc\u00eda en Almer\u00eda (CPPA Almer\u00eda), todos ellos moderados por la tambi\u00e9n periodista y profesora Yolanda Cruz. Durante el coloquio posterior a las ponencias, Federico Utrera defendi\u00f3 el papel de la Universidad y la<\/p>\n","protected":false},"author":1,"featured_media":0,"comment_status":"open","ping_status":"open","sticky":false,"template":"","format":"standard","meta":{"footnotes":""},"categories":[259],"tags":[142,462],"class_list":["post-2241","post","type-post","status-publish","format-standard","hentry","category-editores-2","tag-federico-utrera","tag-universidad-de-almeria"],"views":1582,"_links":{"self":[{"href":"https:\/\/editorialhijosdemuleyrubio.com\/index.php?rest_route=\/wp\/v2\/posts\/2241","targetHints":{"allow":["GET"]}}],"collection":[{"href":"https:\/\/editorialhijosdemuleyrubio.com\/index.php?rest_route=\/wp\/v2\/posts"}],"about":[{"href":"https:\/\/editorialhijosdemuleyrubio.com\/index.php?rest_route=\/wp\/v2\/types\/post"}],"author":[{"embeddable":true,"href":"https:\/\/editorialhijosdemuleyrubio.com\/index.php?rest_route=\/wp\/v2\/users\/1"}],"replies":[{"embeddable":true,"href":"https:\/\/editorialhijosdemuleyrubio.com\/index.php?rest_route=%2Fwp%2Fv2%2Fcomments&post=2241"}],"version-history":[{"count":1,"href":"https:\/\/editorialhijosdemuleyrubio.com\/index.php?rest_route=\/wp\/v2\/posts\/2241\/revisions"}],"predecessor-version":[{"id":2242,"href":"https:\/\/editorialhijosdemuleyrubio.com\/index.php?rest_route=\/wp\/v2\/posts\/2241\/revisions\/2242"}],"wp:attachment":[{"href":"https:\/\/editorialhijosdemuleyrubio.com\/index.php?rest_route=%2Fwp%2Fv2%2Fmedia&parent=2241"}],"wp:term":[{"taxonomy":"category","embeddable":true,"href":"https:\/\/editorialhijosdemuleyrubio.com\/index.php?rest_route=%2Fwp%2Fv2%2Fcategories&post=2241"},{"taxonomy":"post_tag","embeddable":true,"href":"https:\/\/editorialhijosdemuleyrubio.com\/index.php?rest_route=%2Fwp%2Fv2%2Ftags&post=2241"}],"curies":[{"name":"wp","href":"https:\/\/api.w.org\/{rel}","templated":true}]}}