{"id":2246,"date":"2019-07-08T09:14:03","date_gmt":"2019-07-08T07:14:03","guid":{"rendered":"https:\/\/editorialhijosdemuleyrubio.com\/?p=2246"},"modified":"2019-07-08T09:14:03","modified_gmt":"2019-07-08T07:14:03","slug":"el-maestro-del-prado-matias-diaz-padron-reune-a-su-tertulia-en-la-gran-pena-de-madrid","status":"publish","type":"post","link":"https:\/\/editorialhijosdemuleyrubio.com\/?p=2246","title":{"rendered":"El \u00abMaestro del Prado\u00bb Mat\u00edas D\u00edaz Padr\u00f3n re\u00fane a su tertulia en la Gran Pe\u00f1a de Madrid"},"content":{"rendered":"<p><a href=\"https:\/\/majadahondamagazin.es\/wp-content\/uploads\/2019\/06\/IMG_20190627_163047.jpg\"><img loading=\"lazy\" decoding=\"async\" class=\"alignleft size-medium wp-image-140042\" src=\"https:\/\/majadahondamagazin.es\/wp-content\/uploads\/2019\/06\/IMG_20190627_163047-300x225.jpg\" alt=\"\" width=\"300\" height=\"225\" \/><\/a>JULIA S\u00c1EZ-ANGULO. Vive y anda siempre rodeado de <strong>Meninas<\/strong>, bien sean las de la pintura de Vel\u00e1zquez en Madrid y las de Londres o las de carne y hueso que revolotean en su derredor para beber de su sabidur\u00eda art\u00edstica. Las tiene de toda raza, color y estado civil: solteras, casadas, viudas, separadas, hermana, sobrinas monjas, por lo que le resulta f\u00e1cil elegir la m\u00e1s apropiada, para cada ocasi\u00f3n social: bodas, bautizos, banquetes, inauguraci\u00f3n de exposiciones, conferencias, discotecas&#8230; Las <strong>meninas<\/strong> reales lo queremos tanto, que no sentimos celos entre nosotras y somos capaces de estar juntas con \u00e9l sin agredirnos, mientras la sabidur\u00eda brota por la boca del maestro. Cuando yo he tenido el honor de acompa\u00f1arle, mayormente a lo eventos art\u00edsticos, siempre aparece una pl\u00e9yade de jovencitas, muchachas en flor, verdaderos bombones, que se le acercan para saludarlo y venerarlo, record\u00e1ndole que han sido alumnas suyas. Ellas le dicen el nombre, \u00e9l les sonr\u00ede y les dice que s\u00ed se acuerda de ellas, pero a m\u00ed siempre me queda la duda de que as\u00ed sea, por la cara que pone, porque es despistado oficial, aunque tambi\u00e9n viejo zorro, y, sobre todo porque \u00e9l siempre ha estado rodeado de belleza y est\u00e1 acostumbrado a ella, por lo que no le sorprende. <strong>Mat\u00edas<\/strong> no se cas\u00f3, pese a haber sido un guapo, atleta y asediado, porque es un tipo cabal y supo, desde muy pronto, que \u00e9l no estaba hecho para las disciplinas y rigores del matrimonio.<!--more--><\/p>\n<figure id=\"attachment_140039\" aria-describedby=\"caption-attachment-140039\" style=\"width: 159px\" class=\"wp-caption alignleft\"><a href=\"https:\/\/majadahondamagazin.es\/wp-content\/uploads\/2019\/06\/IMG_9822.jpg\"><img loading=\"lazy\" decoding=\"async\" class=\"wp-image-140039\" src=\"https:\/\/majadahondamagazin.es\/wp-content\/uploads\/2019\/06\/IMG_9822-300x225.jpg\" alt=\"\" width=\"159\" height=\"119\" \/><\/a><figcaption id=\"caption-attachment-140039\" class=\"wp-caption-text\">Julia S\u00e1ez-Angulo y Mat\u00edas D. Padr\u00f3n<\/figcaption><\/figure>\n<p><strong>Mat\u00edas D\u00edaz Padr\u00f3n<\/strong> (El Hierro, Islas Canarias, 1934) historiador, profesor universitario, estudioso e investigador en la Pintura Flamenca y conservador del <strong>Museo del Prado<\/strong> hasta su jubilaci\u00f3n, es un experto muy respetado en su especialidad y a \u00e9l acuden los museos y coleccionistas de todo el mundo, que cuentan con cuadros de <strong>Jordaens, Van Dyck o Rubens<\/strong>, entre otros pintores flamencos, porque de ellos el profesor conoce su vida y sus obras, desde la cuna a la sepultura. De esos tres autores citados, el profesor <strong>Padr\u00f3n<\/strong> ha escrito brillantes monograf\u00edas publicadas por el <strong>Instituto Moll<\/strong>, que son tres libros de referencia obligada.\u00a0 El profesor habla bajo para obligar a sus interlocutores a escucharle con atenci\u00f3n y cuando estos le dicen o hacen se\u00f1as para que levante la voz, obedece por breves instantes para volver a los pocos segundos a su tono inicial.<\/p>\n<p><a href=\"https:\/\/majadahondamagazin.es\/wp-content\/uploads\/2019\/06\/IMG_9824.jpg\"><img loading=\"lazy\" decoding=\"async\" class=\"alignleft size-medium wp-image-140041\" src=\"https:\/\/majadahondamagazin.es\/wp-content\/uploads\/2019\/06\/IMG_9824-300x225.jpg\" alt=\"\" width=\"300\" height=\"225\" \/><\/a>El diplom\u00e1tico <strong>Ojeda<\/strong>, buen amigo suyo, dice que ha aprendido a leerle los labios y lo sigue perfectamente y si no, imagina lo que dice y son capaces de conversar as\u00ed toda una tarde. Al profesor <strong>D\u00edaz Padr\u00f3n<\/strong>, le gusta citar a sus amigos y amigas \u2013v\u00e9ase el plural femenino utilizado al uso- en la exquisita, minoritaria, reservada y decadente <strong>Gran Pe\u00f1a<\/strong>, en plena Gran V\u00eda. All\u00ed se est\u00e1 de manera c\u00f3moda y silenciosa para poder conversar a gusto -y mejor o\u00edrle-, a la par que el ambiente est\u00e1 bien refrigerado en verano y caliente en invierno. Adem\u00e1s la <strong>Gran Pe\u00f1a<\/strong> no permite ordenadores y plaquetas en sus salones. Sus ujieres, como mayordomos sol\u00edcitos, recuerdan gentilmente que se deben apagar esos aparatos. Todo un lujo de burgu\u00e9s que a <strong>Mat\u00edas<\/strong> le encanta y tambi\u00e9n a los que nos hace part\u00edcipes de la instituci\u00f3n en que es socio y lo tratan con veneraci\u00f3n e inclinaci\u00f3n de cabeza, cuando llega y saludan por su nombre a <strong>Don Mat\u00edas<\/strong>.<\/p>\n<p><a href=\"https:\/\/majadahondamagazin.es\/wp-content\/uploads\/2019\/06\/IMG_20190627_163115.jpg\"><img loading=\"lazy\" decoding=\"async\" class=\"alignleft size-medium wp-image-140043\" src=\"https:\/\/majadahondamagazin.es\/wp-content\/uploads\/2019\/06\/IMG_20190627_163115-300x225.jpg\" alt=\"\" width=\"300\" height=\"225\" \/><\/a>El profesor invita generosamente por tandas y recientemente nos junt\u00f3 al diplom\u00e1tico canario Juan Ojeda y a los periodistas canarios (Mat\u00edas ejerce de canari\u00f3n a todas horas) <strong>Federico Utrera<\/strong>, experto en <strong>Gald\u00f3s<\/strong> y <strong>Fernando Canellada Crespo<\/strong>, subdirector de La Provincia. Yo era entre ellos un verso suelto, pero disfrut\u00e9 de su conversaci\u00f3n sobre don <strong>Benito P\u00e9rez Gald\u00f3s<\/strong> y sus particularidades en el universo femenino, o su viaje por el norte de \u00c1frica, de donde sac\u00f3 material para su novela <em>Aita Tettauen<\/em>. <strong>Ojeda<\/strong> habl\u00f3 de la buena situaci\u00f3n de la familia de <strong>Gald\u00f3s<\/strong> en Canarias, por sus ping\u00fces extensiones de tierras y empresas. Tambi\u00e9n hablamos del agua y su importancias, porque <strong>Ojeda<\/strong> lo sabe todo, y que dirigi\u00f3 el <strong>Canal de Isabel II<\/strong> y est\u00e1 escribiendo una tetralog\u00eda m\u00edtica y literaria sobre el l\u00edquido elemento, fundamental para la vida. De ah\u00ed se deriv\u00f3 al agua bebible que recog\u00edan los canarios del garo\u00e9, conocido como tilo, \u00e1rbol sagrado de los bimaches, antiguos pobladores de la isla <strong>El Hierro<\/strong>, que recoge con su copa, rodeada de nubes del que caen gotas de agua. y de ella beb\u00edan sus habitantes. No olvidemos que la capital de la isla est\u00e1 situada en lo alto, por encima de las nubes. En suma una reuni\u00f3n de canariones ilustres que saben y ense\u00f1an sobre su tierra, all\u00e1 donde vayan. <a href=\"https:\/\/lamiradaactual.blogspot.com\/search?q=Mat%C3%ADas+D%C3%ADaz+Padr%C3%B3n\">Leer m\u00e1s<\/a>.<\/p>\n","protected":false},"excerpt":{"rendered":"<p>JULIA S\u00c1EZ-ANGULO. Vive y anda siempre rodeado de Meninas, bien sean las de la pintura de Vel\u00e1zquez en Madrid y las de Londres o las de carne y hueso que revolotean en su derredor para beber de su sabidur\u00eda art\u00edstica. Las tiene de toda raza, color y estado civil: solteras, casadas, viudas, separadas, hermana, sobrinas monjas, por lo que le resulta f\u00e1cil elegir la m\u00e1s apropiada, para cada ocasi\u00f3n social: bodas, bautizos, banquetes, inauguraci\u00f3n de exposiciones, conferencias, discotecas&#8230; Las meninas reales lo queremos tanto, que no sentimos celos entre nosotras y somos capaces de estar juntas con \u00e9l sin agredirnos, mientras la sabidur\u00eda brota por la boca del maestro. Cuando<\/p>\n","protected":false},"author":1,"featured_media":0,"comment_status":"open","ping_status":"open","sticky":false,"template":"","format":"standard","meta":{"footnotes":""},"categories":[261],"tags":[142,298,463],"class_list":["post-2246","post","type-post","status-publish","format-standard","hentry","category-arte-clasico","tag-federico-utrera","tag-matias-diaz-padron","tag-museo-del-prado"],"views":1397,"_links":{"self":[{"href":"https:\/\/editorialhijosdemuleyrubio.com\/index.php?rest_route=\/wp\/v2\/posts\/2246","targetHints":{"allow":["GET"]}}],"collection":[{"href":"https:\/\/editorialhijosdemuleyrubio.com\/index.php?rest_route=\/wp\/v2\/posts"}],"about":[{"href":"https:\/\/editorialhijosdemuleyrubio.com\/index.php?rest_route=\/wp\/v2\/types\/post"}],"author":[{"embeddable":true,"href":"https:\/\/editorialhijosdemuleyrubio.com\/index.php?rest_route=\/wp\/v2\/users\/1"}],"replies":[{"embeddable":true,"href":"https:\/\/editorialhijosdemuleyrubio.com\/index.php?rest_route=%2Fwp%2Fv2%2Fcomments&post=2246"}],"version-history":[{"count":1,"href":"https:\/\/editorialhijosdemuleyrubio.com\/index.php?rest_route=\/wp\/v2\/posts\/2246\/revisions"}],"predecessor-version":[{"id":2247,"href":"https:\/\/editorialhijosdemuleyrubio.com\/index.php?rest_route=\/wp\/v2\/posts\/2246\/revisions\/2247"}],"wp:attachment":[{"href":"https:\/\/editorialhijosdemuleyrubio.com\/index.php?rest_route=%2Fwp%2Fv2%2Fmedia&parent=2246"}],"wp:term":[{"taxonomy":"category","embeddable":true,"href":"https:\/\/editorialhijosdemuleyrubio.com\/index.php?rest_route=%2Fwp%2Fv2%2Fcategories&post=2246"},{"taxonomy":"post_tag","embeddable":true,"href":"https:\/\/editorialhijosdemuleyrubio.com\/index.php?rest_route=%2Fwp%2Fv2%2Ftags&post=2246"}],"curies":[{"name":"wp","href":"https:\/\/api.w.org\/{rel}","templated":true}]}}