{"id":2248,"date":"2019-07-08T09:18:19","date_gmt":"2019-07-08T07:18:19","guid":{"rendered":"https:\/\/editorialhijosdemuleyrubio.com\/?p=2248"},"modified":"2019-07-08T09:18:19","modified_gmt":"2019-07-08T07:18:19","slug":"un-nuevo-libro-sobre-leopoldo-ma-panero-recoge-la-ultima-entrevista-de-michi-panero-por-federico-utrera","status":"publish","type":"post","link":"https:\/\/editorialhijosdemuleyrubio.com\/?p=2248","title":{"rendered":"Un nuevo libro sobre Leopoldo M\u00aa Panero recoge la \u00faltima entrevista de Michi Panero por Federico Utrera"},"content":{"rendered":"<p><a href=\"https:\/\/majadahondamagazin.es\/wp-content\/uploads\/2019\/06\/peque2-1.jpg\"><img loading=\"lazy\" decoding=\"async\" class=\"alignleft size-medium wp-image-140138\" src=\"https:\/\/majadahondamagazin.es\/wp-content\/uploads\/2019\/06\/peque2-1-184x300.jpg\" alt=\"\" width=\"184\" height=\"300\" \/><\/a>LIDIA GARCIA. \u00abDesde Ediciones Contrabando nos permitimos el inmenso placer de invocar al esp\u00edritu de Leopoldo Mar\u00eda Panero\u2026 \u00bf<strong>Leopoldo<\/strong>?, \u00bf<strong>Leopoldo<\/strong>?, \u00bfest\u00e1s ah\u00ed?, (se escucha el sonido de un pel\u00edcano), perfecto, aqu\u00ed est\u00e1s, gracias, muchas gracias Leopoldo; <strong>Leopoldo<\/strong>, nos hemos tomado la molestia de volver a poner en circulaci\u00f3n un poemario tuyo pr\u00e1cticamente in\u00e9dito y descatalogad\u00edsimo \u2014\u00bb<strong>El globo rojo<\/strong>\u00ab\u2014 celebrando esa fecha que a ti te importa un pito y a nosotros menos pero que en el imaginario de la civil vil vil vil -lizaci\u00f3n est\u00e1 de lo m\u00e1s sofisticado ahora, los treinta, la treintena, <strong>treinta a\u00f1os de desencanto<\/strong> ahora que todos los ni\u00f1os son chefs, ya sabes de qu\u00e9 tortura hablo\u00bb. As\u00ed presenta la editorial \u00ab<strong>Ediciones Contrabando<\/strong>\u00bb del valenciano Miguel Blasco el libro \u00ab<strong>Poes\u00eda y locura en la obra de Leopoldo Mar\u00eda Panero\u00bb<\/strong>, que incluye la \u00faltima entrevista de su hermano <strong>Michi Panero<\/strong> con el periodista y escritor <strong>Federico Utrera.<\/strong> El texto est\u00e1 incluido en su libro \u00ab<a href=\"https:\/\/editorialhijosdemuleyrubio.com\/?page_id=2226\"><strong>Despu\u00e9s de Tantos Desencantos<\/strong><\/a>\u00bb y en una separata posterior titulada \u00ab<a href=\"https:\/\/www.amazon.es\/El-Dios-Salvaje-Michi-Panero-ebook\/dp\/B00CSRFUKS\/ref=sr_1_5?__mk_es_ES=%C3%85M%C3%85%C5%BD%C3%95%C3%91&amp;crid=7SEJ6XIC83C8&amp;keywords=el+dios+salvaje&amp;qid=1561931685&amp;s=gateway&amp;sprefix=el+dios+sa%2Caps%2C162&amp;sr=8-5\"><strong>El Dios Salvaje<\/strong><\/a>\u00ab, t\u00edtulo que el propio Michi hab\u00eda sugerido, pero ha cedido los derechos de esta tercera publicaci\u00f3n para el proyecto de vivienda tutelada \u00ab<strong>El Mas de Mussol de Ll\u00edria\u00bb.<\/strong><!--more--><\/p>\n<figure id=\"attachment_140131\" aria-describedby=\"caption-attachment-140131\" style=\"width: 300px\" class=\"wp-caption alignleft\"><a href=\"https:\/\/majadahondamagazin.es\/wp-content\/uploads\/2019\/06\/img_23276.jpg\"><img loading=\"lazy\" decoding=\"async\" class=\"wp-image-140131 size-medium\" src=\"https:\/\/majadahondamagazin.es\/wp-content\/uploads\/2019\/06\/img_23276-300x200.jpg\" alt=\"\" width=\"300\" height=\"200\" \/><\/a><figcaption id=\"caption-attachment-140131\" class=\"wp-caption-text\">Federico Utrera en la Casa Panero de Astorga: imagen del fot\u00f3grafo leon\u00e9s Eloy Rubio Carro<\/figcaption><\/figure>\n<p>El editor <strong>Miguel Blasco<\/strong> presenta as\u00ed este original \u00abartefacto\u00bb literario: \u00abCelebramos treinta a\u00f1os de que estos poemas no se conozcan y en tu mirada glauca, <strong>Leopoldo<\/strong>, en tu pose de cementerio, all\u00e1 donde siempre quisiste estar y all\u00e1 a donde nosotros vamos aunque realicemos estos vanos gestos, brindamos con esta copa por ti, sabemos que esta invocaci\u00f3n s\u00f3lo nos va a traer bueno; y al respetable, a ti lector\/a que compras esta humilde pieza de reciclaje o arqueolog\u00eda pirata, que sepas que los beneficios de esta primera edici\u00f3n van a ir para la Asociaci\u00f3n Podem de Ll\u00edria y su proyecto de vivienda tutelada \u00ab<strong>El Mas del Mussol<\/strong>\u00ab, a la que le tenemos mucho cari\u00f1o y en donde nos parece que est\u00e1n ejerciendo una labor mondragoniana\u00bb. Y concluye: \u00abEsta edici\u00f3n se completa con un emotivo prefacio de <strong>Wences Ventura<\/strong>, con fragmentos de los Poemas del manicomio de Mondrag\u00f3n, con la \u00faltima entrevista de <strong>Federico Utrera<\/strong> a su hermano <strong>Michi<\/strong> y con un collage panerista desencantado realizado por <strong>Miguel Blasco<\/strong>. Veo que <strong>Leopoldo<\/strong> alza su lata de Coca Cola y, sin m\u00e1s, os dejamos con \u00c9l\u00bb.<\/p>\n<figure id=\"attachment_140133\" aria-describedby=\"caption-attachment-140133\" style=\"width: 300px\" class=\"wp-caption alignleft\"><a href=\"https:\/\/majadahondamagazin.es\/wp-content\/uploads\/2019\/06\/Libros_325730400_91381883_1024x576.jpg\"><img loading=\"lazy\" decoding=\"async\" class=\"wp-image-140133 size-medium\" src=\"https:\/\/majadahondamagazin.es\/wp-content\/uploads\/2019\/06\/Libros_325730400_91381883_1024x576-300x169.jpg\" alt=\"\" width=\"300\" height=\"169\" \/><\/a><figcaption id=\"caption-attachment-140133\" class=\"wp-caption-text\">Leopoldo Mar\u00eda Panero, su madre Felicidad Blanc y su hermano Michi en El Desencanto<\/figcaption><\/figure>\n<p><span style=\"color: #ff0000;\"><strong>PRESENTACION EN VALENCIA<\/strong><\/span>. El s\u00e1bado 4 de mayo (2019), tuvo lugar una Mesa Redonda en la Llibreria <strong>Ramon Llull<\/strong> y presentaci\u00f3n del libro \u00abPoes\u00eda y locura en la obra de <strong>Leopoldo Mar\u00eda Panero<\/strong>\u00bb editado en la Colecci\u00f3n Marte. Este libro rescata \u00ab<strong>El globo rojo. Una antolog\u00eda de la locura\u00bb<\/strong> y se completa con un emotivo prefacio de <strong>Wences Ventura<\/strong>, con fragmentos de los Poemas del manicomio de <strong>Mondrag\u00f3n<\/strong>, con la \u00faltima entrevista de <strong>Federico Utrera<\/strong> a su hermano <strong>Michi<\/strong> y con un collage panerista desencantado realizado por Miguel Blasco. Esta mesa-presentaci\u00f3n se encuadra en las actividades de la Primavera Literaria que organiza la librer\u00eda y tuvo como intervinientes a <strong>Wences Ventura, Javi Llorens y Miguel Blasco<\/strong>. Abri\u00f3 el acto <strong>Manuel Tur\u00e9gano<\/strong>.<\/p>\n<p><a href=\"https:\/\/majadahondamagazin.es\/wp-content\/uploads\/2019\/07\/Captura-de-pantalla-2019-06-28-a-las-11.56.03.png\"><img loading=\"lazy\" decoding=\"async\" class=\"alignleft size-medium wp-image-140155\" src=\"https:\/\/majadahondamagazin.es\/wp-content\/uploads\/2019\/07\/Captura-de-pantalla-2019-06-28-a-las-11.56.03-300x188.png\" alt=\"\" width=\"300\" height=\"188\" \/><\/a> <a href=\"https:\/\/majadahondamagazin.es\/wp-content\/uploads\/2019\/07\/Leopoldo2.jpg\"><img loading=\"lazy\" decoding=\"async\" class=\"alignleft size-medium wp-image-140156\" src=\"https:\/\/majadahondamagazin.es\/wp-content\/uploads\/2019\/07\/Leopoldo2-300x225.jpg\" alt=\"\" width=\"300\" height=\"225\" \/><\/a> <a href=\"https:\/\/majadahondamagazin.es\/wp-content\/uploads\/2019\/07\/Leopoldo3.jpg\"><img loading=\"lazy\" decoding=\"async\" class=\"alignleft size-medium wp-image-140157\" src=\"https:\/\/majadahondamagazin.es\/wp-content\/uploads\/2019\/07\/Leopoldo3-300x225.jpg\" alt=\"\" width=\"300\" height=\"225\" \/><\/a> <a href=\"https:\/\/majadahondamagazin.es\/wp-content\/uploads\/2019\/07\/maw.jpg\"><img loading=\"lazy\" decoding=\"async\" class=\"alignleft size-medium wp-image-140158\" src=\"https:\/\/majadahondamagazin.es\/wp-content\/uploads\/2019\/07\/maw-300x225.jpg\" alt=\"\" width=\"300\" height=\"225\" \/><\/a><\/p>\n<p><a href=\"https:\/\/majadahondamagazin.es\/wp-content\/uploads\/2019\/06\/51i9TrVIs2L._SX330_BO1204203200_.jpg\"><img loading=\"lazy\" decoding=\"async\" class=\"alignleft size-medium wp-image-140140\" src=\"https:\/\/majadahondamagazin.es\/wp-content\/uploads\/2019\/06\/51i9TrVIs2L._SX330_BO1204203200_-200x300.jpg\" alt=\"\" width=\"200\" height=\"300\" \/><\/a><\/p>\n<p><a href=\"https:\/\/majadahondamagazin.es\/wp-content\/uploads\/2019\/06\/unnamed-12.jpg\"><img loading=\"lazy\" decoding=\"async\" class=\"alignleft size-medium wp-image-140134\" src=\"https:\/\/majadahondamagazin.es\/wp-content\/uploads\/2019\/06\/unnamed-12-300x225.jpg\" alt=\"\" width=\"300\" height=\"225\" \/><\/a> <a href=\"https:\/\/majadahondamagazin.es\/wp-content\/uploads\/2019\/06\/michi-1.jpg\"><img loading=\"lazy\" decoding=\"async\" class=\"alignleft size-medium wp-image-140136\" src=\"https:\/\/majadahondamagazin.es\/wp-content\/uploads\/2019\/06\/michi-1-300x169.jpg\" alt=\"\" width=\"300\" height=\"169\" \/><\/a> <a href=\"https:\/\/majadahondamagazin.es\/wp-content\/uploads\/2019\/06\/41hMnz-i52L.jpg\"><img loading=\"lazy\" decoding=\"async\" class=\"alignleft size-medium wp-image-140135\" src=\"https:\/\/majadahondamagazin.es\/wp-content\/uploads\/2019\/06\/41hMnz-i52L-188x300.jpg\" alt=\"\" width=\"188\" height=\"300\" \/><\/a><\/p>\n","protected":false},"excerpt":{"rendered":"<p>LIDIA GARCIA. \u00abDesde Ediciones Contrabando nos permitimos el inmenso placer de invocar al esp\u00edritu de Leopoldo Mar\u00eda Panero\u2026 \u00bfLeopoldo?, \u00bfLeopoldo?, \u00bfest\u00e1s ah\u00ed?, (se escucha el sonido de un pel\u00edcano), perfecto, aqu\u00ed est\u00e1s, gracias, muchas gracias Leopoldo; Leopoldo, nos hemos tomado la molestia de volver a poner en circulaci\u00f3n un poemario tuyo pr\u00e1cticamente in\u00e9dito y descatalogad\u00edsimo \u2014\u00bbEl globo rojo\u00ab\u2014 celebrando esa fecha que a ti te importa un pito y a nosotros menos pero que en el imaginario de la civil vil vil vil -lizaci\u00f3n est\u00e1 de lo m\u00e1s sofisticado ahora, los treinta, la treintena, treinta a\u00f1os de desencanto ahora que todos los ni\u00f1os son chefs, ya sabes de qu\u00e9 tortura<\/p>\n","protected":false},"author":1,"featured_media":0,"comment_status":"open","ping_status":"open","sticky":false,"template":"","format":"standard","meta":{"footnotes":""},"categories":[1],"tags":[142,66,75,464],"class_list":["post-2248","post","type-post","status-publish","format-standard","hentry","category-uncategorized","tag-federico-utrera","tag-leopoldo-maria-panero","tag-michi-panero","tag-poesia-y-locura-en-la-obra-de-leopoldo-maria-panero"],"views":1228,"_links":{"self":[{"href":"https:\/\/editorialhijosdemuleyrubio.com\/index.php?rest_route=\/wp\/v2\/posts\/2248","targetHints":{"allow":["GET"]}}],"collection":[{"href":"https:\/\/editorialhijosdemuleyrubio.com\/index.php?rest_route=\/wp\/v2\/posts"}],"about":[{"href":"https:\/\/editorialhijosdemuleyrubio.com\/index.php?rest_route=\/wp\/v2\/types\/post"}],"author":[{"embeddable":true,"href":"https:\/\/editorialhijosdemuleyrubio.com\/index.php?rest_route=\/wp\/v2\/users\/1"}],"replies":[{"embeddable":true,"href":"https:\/\/editorialhijosdemuleyrubio.com\/index.php?rest_route=%2Fwp%2Fv2%2Fcomments&post=2248"}],"version-history":[{"count":1,"href":"https:\/\/editorialhijosdemuleyrubio.com\/index.php?rest_route=\/wp\/v2\/posts\/2248\/revisions"}],"predecessor-version":[{"id":2249,"href":"https:\/\/editorialhijosdemuleyrubio.com\/index.php?rest_route=\/wp\/v2\/posts\/2248\/revisions\/2249"}],"wp:attachment":[{"href":"https:\/\/editorialhijosdemuleyrubio.com\/index.php?rest_route=%2Fwp%2Fv2%2Fmedia&parent=2248"}],"wp:term":[{"taxonomy":"category","embeddable":true,"href":"https:\/\/editorialhijosdemuleyrubio.com\/index.php?rest_route=%2Fwp%2Fv2%2Fcategories&post=2248"},{"taxonomy":"post_tag","embeddable":true,"href":"https:\/\/editorialhijosdemuleyrubio.com\/index.php?rest_route=%2Fwp%2Fv2%2Ftags&post=2248"}],"curies":[{"name":"wp","href":"https:\/\/api.w.org\/{rel}","templated":true}]}}