{"id":2275,"date":"2019-10-30T12:43:50","date_gmt":"2019-10-30T11:43:50","guid":{"rendered":"https:\/\/editorialhijosdemuleyrubio.com\/?p=2275"},"modified":"2019-10-30T12:43:50","modified_gmt":"2019-10-30T11:43:50","slug":"arrabal-audiovisual-en-el-festival-internacional-de-cine-almeria-2019-taller-de-federico-utrera","status":"publish","type":"post","link":"https:\/\/editorialhijosdemuleyrubio.com\/?p=2275","title":{"rendered":"\u00abArrabal Audiovisual\u00bb en el Festival Internacional de Cine Almer\u00eda 2019: taller de Federico Utrera"},"content":{"rendered":"<p><a href=\"https:\/\/majadahondamagazin.es\/wp-content\/uploads\/2019\/10\/1-9.jpg\"><img loading=\"lazy\" decoding=\"async\" class=\"alignleft size-medium wp-image-149590\" src=\"https:\/\/majadahondamagazin.es\/wp-content\/uploads\/2019\/10\/1-9-300x174.jpg\" alt=\"\" width=\"300\" height=\"174\" \/><\/a>M. MAR RUBIO GARCIA. El Festival Internacional de Cine de Almer\u00eda (FICAL) ha previsto la organizaci\u00f3n del taller de videoarte \u201c<strong>Arrabal audiovisual<\/strong>\u201d de car\u00e1cter <strong>interactivo<\/strong> con la finalidad de generar \u00e1mbitos para las manifestaciones audiovisuales alternativas y propiciar espacios de encuentro para la reflexi\u00f3n hist\u00f3rica y est\u00e9tica videogr\u00e1fica. Esta octava edici\u00f3n del taller de videoarte de FICAL aborda la faceta exclusivamente audiovisual del polifac\u00e9tico dramaturgo, cineasta y artista <strong>Fernando Arrabal<\/strong>. Si en el siglo XX el primer cine experimental norteamericano dio lugar, d\u00e9cadas despu\u00e9s, al videoarte de <strong>Paik, Nauman, Viola,<\/strong> etc, el cine de <strong>Fernando Arrabal<\/strong> bien pudiera ser uno de los or\u00edgenes del videoarte europeo. El taller ser\u00e1 impartido por el profesor <strong>Federico Mart\u00ednez Utrera<\/strong>, durante las ma\u00f1anas de los d\u00edas <strong>18 al 20 de noviembre<\/strong> de 2019 en el sal\u00f3n de actos del edificio Alfareros de la Diputaci\u00f3n de Almer\u00eda.<!--more--><\/p>\n<p><a href=\"https:\/\/majadahondamagazin.es\/wp-content\/uploads\/2019\/10\/Captura-de-pantalla-2019-10-30-a-las-11.10.13.png\"><img loading=\"lazy\" decoding=\"async\" class=\"alignleft size-medium wp-image-149588\" src=\"https:\/\/majadahondamagazin.es\/wp-content\/uploads\/2019\/10\/Captura-de-pantalla-2019-10-30-a-las-11.10.13-294x300.png\" alt=\"\" width=\"294\" height=\"300\" \/><\/a>El n\u00famero m\u00e1ximo de participantes ser\u00e1 de 50, admitidos por riguroso orden de inscripci\u00f3n (pudiendo quedar en lista de espera). Cualquier informaci\u00f3n adicional, en los tel\u00e9fonos 950 211 705 y 950 211 183. La inscripci\u00f3n ser\u00e1 con car\u00e1cter <strong>gratuito<\/strong> <a href=\"https:\/\/www.dipalme.org\/Servicios\/cmsdipro\/index.nsf\/fiestas.xsp?p=cultura&amp;documentId=162F6E2AF9C249B1C1258487003FE875\"><span style=\"color: #ff0000;\"><strong>pulsando el bot\u00f3n de reserva<\/strong><\/span><\/a> desde este enlace. <strong>El plazo de inscripci\u00f3n finaliza el pr\u00f3ximo 8 de noviembre de 2019 o cuando se cubran las plazas<\/strong>. Habr\u00e1 opci\u00f3n de registrarse en lista de espera. La informaci\u00f3n completa del taller, que incluye la programaci\u00f3n diaria, se encuentra en este <a href=\"https:\/\/majadahondamagazin.es\/wp-content\/uploads\/2019\/10\/Informacio\u0301n-Taller-Videoarte-Arrabal-Audiovisual.pdf\">documento asociado<\/a>. Los inscritos tendr\u00e1n derecho a un diploma de 11 horas lectivas acreditando su asistencia mediante control presencial.<\/p>\n","protected":false},"excerpt":{"rendered":"<p>M. MAR RUBIO GARCIA. El Festival Internacional de Cine de Almer\u00eda (FICAL) ha previsto la organizaci\u00f3n del taller de videoarte \u201cArrabal audiovisual\u201d de car\u00e1cter interactivo con la finalidad de generar \u00e1mbitos para las manifestaciones audiovisuales alternativas y propiciar espacios de encuentro para la reflexi\u00f3n hist\u00f3rica y est\u00e9tica videogr\u00e1fica. Esta octava edici\u00f3n del taller de videoarte de FICAL aborda la faceta exclusivamente audiovisual del polifac\u00e9tico dramaturgo, cineasta y artista Fernando Arrabal. Si en el siglo XX el primer cine experimental norteamericano dio lugar, d\u00e9cadas despu\u00e9s, al videoarte de Paik, Nauman, Viola, etc, el cine de Fernando Arrabal bien pudiera ser uno de los or\u00edgenes del videoarte europeo. El taller ser\u00e1 impartido<\/p>\n","protected":false},"author":1,"featured_media":0,"comment_status":"open","ping_status":"open","sticky":false,"template":"","format":"standard","meta":{"footnotes":""},"categories":[270,20,14,32],"tags":[142,57,437,468,45],"class_list":["post-2275","post","type-post","status-publish","format-standard","hentry","category-arte-audiovisual","category-arrabal-y-houellebecq","category-blog-de-videoarte","category-videoarte","tag-federico-utrera","tag-fernando-arrabal","tag-festival-internacional-de-cine-de-almeria-fical","tag-fical","tag-videoarte-2"],"views":1151,"_links":{"self":[{"href":"https:\/\/editorialhijosdemuleyrubio.com\/index.php?rest_route=\/wp\/v2\/posts\/2275","targetHints":{"allow":["GET"]}}],"collection":[{"href":"https:\/\/editorialhijosdemuleyrubio.com\/index.php?rest_route=\/wp\/v2\/posts"}],"about":[{"href":"https:\/\/editorialhijosdemuleyrubio.com\/index.php?rest_route=\/wp\/v2\/types\/post"}],"author":[{"embeddable":true,"href":"https:\/\/editorialhijosdemuleyrubio.com\/index.php?rest_route=\/wp\/v2\/users\/1"}],"replies":[{"embeddable":true,"href":"https:\/\/editorialhijosdemuleyrubio.com\/index.php?rest_route=%2Fwp%2Fv2%2Fcomments&post=2275"}],"version-history":[{"count":1,"href":"https:\/\/editorialhijosdemuleyrubio.com\/index.php?rest_route=\/wp\/v2\/posts\/2275\/revisions"}],"predecessor-version":[{"id":2276,"href":"https:\/\/editorialhijosdemuleyrubio.com\/index.php?rest_route=\/wp\/v2\/posts\/2275\/revisions\/2276"}],"wp:attachment":[{"href":"https:\/\/editorialhijosdemuleyrubio.com\/index.php?rest_route=%2Fwp%2Fv2%2Fmedia&parent=2275"}],"wp:term":[{"taxonomy":"category","embeddable":true,"href":"https:\/\/editorialhijosdemuleyrubio.com\/index.php?rest_route=%2Fwp%2Fv2%2Fcategories&post=2275"},{"taxonomy":"post_tag","embeddable":true,"href":"https:\/\/editorialhijosdemuleyrubio.com\/index.php?rest_route=%2Fwp%2Fv2%2Ftags&post=2275"}],"curies":[{"name":"wp","href":"https:\/\/api.w.org\/{rel}","templated":true}]}}