{"id":2280,"date":"2019-11-12T19:25:22","date_gmt":"2019-11-12T18:25:22","guid":{"rendered":"https:\/\/editorialhijosdemuleyrubio.com\/?p=2280"},"modified":"2019-11-12T19:25:22","modified_gmt":"2019-11-12T18:25:22","slug":"el-curso-sobre-arrabal-audiovisual-del-festival-de-cine-de-almeria-2019-alcanza-amplio-eco-en-la-prensa","status":"publish","type":"post","link":"https:\/\/editorialhijosdemuleyrubio.com\/?p=2280","title":{"rendered":"El curso sobre \u00abArrabal Audiovisual\u00bb del Festival de Cine de Almer\u00eda 2019 alcanza amplio eco en la prensa"},"content":{"rendered":"<p><a href=\"https:\/\/majadahondamagazin.es\/wp-content\/uploads\/2019\/11\/fund.png\"><img loading=\"lazy\" decoding=\"async\" class=\"alignleft size-medium wp-image-149853\" src=\"https:\/\/majadahondamagazin.es\/wp-content\/uploads\/2019\/11\/fund-300x223.png\" alt=\"\" width=\"300\" height=\"223\" \/><\/a>MANU RAMOS. \u00abEl <strong>XVIII Festival Internacional de Cine de Almer\u00eda<\/strong> (Fical), previsto del <strong>18 al 20 de noviembre de 2019,<\/strong> contar\u00e1 con un <a href=\"https:\/\/www.dipalme.org\/Servicios\/cmsdipro\/index.nsf\/fiestas.xsp?p=cultura&amp;documentId=162F6E2AF9C249B1C1258487003FE875\"><span style=\"color: #ff0000;\"><strong>taller formativo<\/strong><\/span><\/a> denominado \u201c<strong>Arrabal Audiovisual<\/strong>\u201d, en el que se pretende, a trav\u00e9s de la experiencia de <strong>Federico Mart\u00ednez Utrera<\/strong>, mostrar el videoarte de <strong>Fernando Arrabal<\/strong>, uno de los debutantes europeos en esta modalidad audiovisual\u00bb. As\u00ed presenta \u00abla biograf\u00eda visual del novelista, dramaturgo, poeta y cineasta bajo el marco de un taller formativo\u00bb la web de la <strong>Fundaci\u00f3n Audiovisual P\u00fablica Andaluza<\/strong> perteneciente a Canal Sur. \u00abEl objetivo de este es el de crear un espacio en el que reflexionar sobre el nivel est\u00e9tico y videogr\u00e1fico por medio de la decodificaci\u00f3n de las etapas y las facetas de las producciones de <strong>Arrabal<\/strong>\u00bb a\u00f1ade.<!--more--><\/p>\n<p><a href=\"https:\/\/majadahondamagazin.es\/wp-content\/uploads\/2019\/11\/DA.png\"><img loading=\"lazy\" decoding=\"async\" class=\"alignleft size-medium wp-image-149856\" src=\"https:\/\/majadahondamagazin.es\/wp-content\/uploads\/2019\/11\/DA-300x258.png\" alt=\"\" width=\"300\" height=\"258\" \/><\/a>Y a continuaci\u00f3n explica: \u00abLa web \u201c<strong>Espa\u00f1a es cultura<\/strong>\u201d describe sus obras como \u201cmotivo de pol\u00e9micas\u201d y de tratarse de un medio por el que el director, guionista y actor \u201crefleja sus inquietudes pol\u00edticas, religiosas y humanas\u201d a trav\u00e9s de la mezcla de las distintas disciplinas art\u00edsticas, apreciables en obras como \u2018\u00a1<strong>Viva la muerte!\u2019 o \u2018El \u00e1rbol de Guernica<\/strong>\u2019. La voz que da forma al cineasta vanguardista es de <strong>Federico Mart\u00ednez Utrera<\/strong>, profesor de postgrado de Comunicaci\u00f3n Audiovisual en la <strong>Next International Business School y la Universidad Rey Juan Carlos.<\/strong> El v\u00ednculo con el polifac\u00e9tico <strong>Arrabal<\/strong> tiene su inicio en \u201c<strong>Arraballebecq<\/strong>\u201d, una obra de teatro nunca presentada, que reconstruye la relaci\u00f3n entre el protagonista de la jornada, <strong>Fernando Arrabal<\/strong>, y el novelista franc\u00e9s <strong>Michel Houellebecq<\/strong>.<\/p>\n<p><a href=\"https:\/\/majadahondamagazin.es\/wp-content\/uploads\/2019\/11\/tp.png\"><img loading=\"lazy\" decoding=\"async\" class=\"alignleft size-medium wp-image-149852\" src=\"https:\/\/majadahondamagazin.es\/wp-content\/uploads\/2019\/11\/tp-300x201.png\" alt=\"\" width=\"300\" height=\"201\" \/><\/a>Sin embargo, esto en el futuro dar\u00eda lugar una relaci\u00f3n cordial entre ambos que se extender\u00eda 16 a\u00f1os, que finalmente lo convertir\u00edan en un ponente ideal para comprender los pasos del protagonista que da nombre a la jornada. \u201c<strong>Arrabal Audiovisual<\/strong>\u201d se impartir\u00e1 en el sal\u00f3n de actos del edificio Alfareros de la Diputaci\u00f3n de Almer\u00eda y contar\u00e1 con un foro gratuito en el que se dar\u00e1 cabida a un total de 50 participantes. La manera de acceder a la jornada ser\u00e1 por medio de <a href=\"https:\/\/www.dipalme.org\/Servicios\/cmsdipro\/index.nsf\/fiestas.xsp?p=cultura&amp;documentId=162F6E2AF9C249B1C1258487003FE875\"><span style=\"color: #ff0000;\"><strong>inscripciones hasta completar aforo<\/strong><\/span><\/a>, marcando su plazo de finalizaci\u00f3n en el 8 de noviembre. Adem\u00e1s, tambi\u00e9n cabr\u00e1 la posibilidad de inscribirse \u2013en fecha-, a\u00fan habi\u00e9ndose completado las plazas, pues contar\u00e1 con una lista de espera para posibles vacantes\u00bb.<\/p>\n<p><a href=\"https:\/\/majadahondamagazin.es\/wp-content\/uploads\/2019\/11\/ag.png\"><img loading=\"lazy\" decoding=\"async\" class=\"alignleft size-medium wp-image-149851\" src=\"https:\/\/majadahondamagazin.es\/wp-content\/uploads\/2019\/11\/ag-300x199.png\" alt=\"\" width=\"300\" height=\"199\" \/><\/a> <a href=\"https:\/\/majadahondamagazin.es\/wp-content\/uploads\/2019\/11\/ID.png\"><img loading=\"lazy\" decoding=\"async\" class=\"alignleft size-medium wp-image-149855\" src=\"https:\/\/majadahondamagazin.es\/wp-content\/uploads\/2019\/11\/ID-294x300.png\" alt=\"\" width=\"294\" height=\"300\" \/><\/a> <a href=\"https:\/\/majadahondamagazin.es\/wp-content\/uploads\/2019\/11\/Captura-de-pantalla-2019-11-03-a-las-20.26.08.png\"><img loading=\"lazy\" decoding=\"async\" class=\"alignleft size-medium wp-image-149860\" src=\"https:\/\/majadahondamagazin.es\/wp-content\/uploads\/2019\/11\/Captura-de-pantalla-2019-11-03-a-las-20.26.08-300x179.png\" alt=\"\" width=\"300\" height=\"179\" \/><\/a><a href=\"https:\/\/majadahondamagazin.es\/wp-content\/uploads\/2019\/11\/AI.png\"><img loading=\"lazy\" decoding=\"async\" class=\"alignleft size-medium wp-image-149854\" src=\"https:\/\/majadahondamagazin.es\/wp-content\/uploads\/2019\/11\/AI-293x300.png\" alt=\"\" width=\"293\" height=\"300\" \/><\/a><\/p>\n","protected":false},"excerpt":{"rendered":"<p>MANU RAMOS. \u00abEl XVIII Festival Internacional de Cine de Almer\u00eda (Fical), previsto del 18 al 20 de noviembre de 2019, contar\u00e1 con un taller formativo denominado \u201cArrabal Audiovisual\u201d, en el que se pretende, a trav\u00e9s de la experiencia de Federico Mart\u00ednez Utrera, mostrar el videoarte de Fernando Arrabal, uno de los debutantes europeos en esta modalidad audiovisual\u00bb. As\u00ed presenta \u00abla biograf\u00eda visual del novelista, dramaturgo, poeta y cineasta bajo el marco de un taller formativo\u00bb la web de la Fundaci\u00f3n Audiovisual P\u00fablica Andaluza perteneciente a Canal Sur. \u00abEl objetivo de este es el de crear un espacio en el que reflexionar sobre el nivel est\u00e9tico y videogr\u00e1fico por medio de<\/p>\n","protected":false},"author":1,"featured_media":0,"comment_status":"open","ping_status":"open","sticky":false,"template":"","format":"standard","meta":{"footnotes":""},"categories":[270,20,14,32],"tags":[142,57,437,45],"class_list":["post-2280","post","type-post","status-publish","format-standard","hentry","category-arte-audiovisual","category-arrabal-y-houellebecq","category-blog-de-videoarte","category-videoarte","tag-federico-utrera","tag-fernando-arrabal","tag-festival-internacional-de-cine-de-almeria-fical","tag-videoarte-2"],"views":1339,"_links":{"self":[{"href":"https:\/\/editorialhijosdemuleyrubio.com\/index.php?rest_route=\/wp\/v2\/posts\/2280","targetHints":{"allow":["GET"]}}],"collection":[{"href":"https:\/\/editorialhijosdemuleyrubio.com\/index.php?rest_route=\/wp\/v2\/posts"}],"about":[{"href":"https:\/\/editorialhijosdemuleyrubio.com\/index.php?rest_route=\/wp\/v2\/types\/post"}],"author":[{"embeddable":true,"href":"https:\/\/editorialhijosdemuleyrubio.com\/index.php?rest_route=\/wp\/v2\/users\/1"}],"replies":[{"embeddable":true,"href":"https:\/\/editorialhijosdemuleyrubio.com\/index.php?rest_route=%2Fwp%2Fv2%2Fcomments&post=2280"}],"version-history":[{"count":1,"href":"https:\/\/editorialhijosdemuleyrubio.com\/index.php?rest_route=\/wp\/v2\/posts\/2280\/revisions"}],"predecessor-version":[{"id":2281,"href":"https:\/\/editorialhijosdemuleyrubio.com\/index.php?rest_route=\/wp\/v2\/posts\/2280\/revisions\/2281"}],"wp:attachment":[{"href":"https:\/\/editorialhijosdemuleyrubio.com\/index.php?rest_route=%2Fwp%2Fv2%2Fmedia&parent=2280"}],"wp:term":[{"taxonomy":"category","embeddable":true,"href":"https:\/\/editorialhijosdemuleyrubio.com\/index.php?rest_route=%2Fwp%2Fv2%2Fcategories&post=2280"},{"taxonomy":"post_tag","embeddable":true,"href":"https:\/\/editorialhijosdemuleyrubio.com\/index.php?rest_route=%2Fwp%2Fv2%2Ftags&post=2280"}],"curies":[{"name":"wp","href":"https:\/\/api.w.org\/{rel}","templated":true}]}}