{"id":2290,"date":"2020-03-13T14:03:55","date_gmt":"2020-03-13T13:03:55","guid":{"rendered":"https:\/\/editorialhijosdemuleyrubio.com\/?p=2290"},"modified":"2020-03-13T14:04:30","modified_gmt":"2020-03-13T13:04:30","slug":"federico-utrera-pide-el-premio-cervantes-para-arrabal-tras-la-racaneria-y-retraso-con-goytisolo-y-ferlosio","status":"publish","type":"post","link":"https:\/\/editorialhijosdemuleyrubio.com\/?p=2290","title":{"rendered":"Federico Utrera pide el Premio Cervantes para Arrabal tras la \u00abracaner\u00eda\u00bb y \u00abretraso\u00bb con Goytisolo y Ferlosio"},"content":{"rendered":"<p><a href=\"https:\/\/majadahondamagazin.es\/wp-content\/uploads\/2019\/11\/1-6.jpg\"><img loading=\"lazy\" decoding=\"async\" class=\"alignleft size-medium wp-image-150829\" src=\"https:\/\/majadahondamagazin.es\/wp-content\/uploads\/2019\/11\/1-6-300x212.jpg\" alt=\"\" width=\"300\" height=\"212\" \/><\/a>EUROPA PRESS. El <strong>Festival Internacional de Cine de Almer\u00eda (FICAL 2019)<\/strong> le dedica un curso\/taller de videoarte a <strong>Fernando Arrabal<\/strong> titulado \u00ab<strong>Arrabal Audiovisual<\/strong>\u00bb que recorrer\u00e1 sus creaciones videoart\u00edsticas y cinematogr\u00e1ficas con varios producciones relacionadas con su biograf\u00eda. \u00ab<strong>Melilla, Ciudad Rodrigo, Guernica o Madrid<\/strong> han estado muy presentes en su obra audiovisual, pero tambi\u00e9n vamos a viajar por <strong>Canad\u00e1, Francia, M\u00e9xico, Alemania, EE.UU e Italia<\/strong>, pues emitiremos fragmentos de otras obras rodadas all\u00ed\u00bb, seg\u00fan explic\u00f3 <strong>Federico Utrera<\/strong>, director y profesor de este taller en esta secci\u00f3n de videoarte. <strong>Utrera<\/strong> es doctor en Comunicaci\u00f3n Audiovisual, escritor y editor, adem\u00e1s de periodista. En declaraciones a Europa Press, asegur\u00f3 que \u00ab<strong>Fernando Arrabal<\/strong> no debe ser encasillado solo como dramaturgo o poeta\u00bb, de hecho vaticin\u00f3 que \u00abser\u00e1 reconocido m\u00e1s y mejor como creador audiovisual en su condici\u00f3n de videoartista, cineasta, guionista, actor y personaje de televisi\u00f3n\u00bb.<!--more--><\/p>\n<ol>\n<li><a href=\"https:\/\/majadahondamagazin.es\/wp-content\/uploads\/2019\/11\/ARRABAL-SALAMANCA.png\"><img loading=\"lazy\" decoding=\"async\" class=\"alignleft size-medium wp-image-150833\" src=\"https:\/\/majadahondamagazin.es\/wp-content\/uploads\/2019\/11\/ARRABAL-SALAMANCA-275x300.png\" alt=\"\" width=\"275\" height=\"300\" \/><\/a>\u00ab<strong>Arrabal<\/strong> cumpli\u00f3 86 a\u00f1os el pasado 11 de agosto por lo que en su larga y f\u00e9rtil vida creativa ha pasado por pr\u00e1cticamente <strong>todas las vanguardia europeas: Dada\u00edsmo, Surrealismo, P\u00e1nico<\/strong> -que \u00e9l fund\u00f3 con Topor y Jodorowski- y <strong>Pataf\u00edsico<\/strong>. Y sigue creando\u00bb, a\u00f1adi\u00f3. <strong>Federico Utrera<\/strong> reclam\u00f3 tambi\u00e9n el <strong>Premio Cervantes para Arrabal<\/strong>: \u00abA <strong>Juan Goytisolo<\/strong> se lo dieron con 83 a\u00f1os y a <strong>Ferlosio<\/strong> con 77. Ignoro por qu\u00e9 esa racaner\u00eda con los literatos espa\u00f1oles, sabiendo adem\u00e1s que <strong>Arrabal<\/strong> est\u00e1 a las puertas del <strong>Premio Nobel<\/strong> tras haberlo obtenido ya otros dramaturgos de su categor\u00eda como <strong>Dar\u00edo Fo o Harold Pinter<\/strong>\u00ab. En este sentido indic\u00f3 que \u00absi siempre se ha dicho que no hay un d\u00eda en el a\u00f1o en que no se interprete una obra de <strong>Shakespeare<\/strong> en alg\u00fan lugar del mundo, puedo asegurar que quiz\u00e1s <strong>Arrabal<\/strong> sea hoy el dramaturgo vivo m\u00e1s representado del planeta, algo que puede verificarse a diario <a href=\"https:\/\/laregledujeu.org\/arrabal\/\"><strong>en su blog de Laregledujeu.org<\/strong><\/a>\u00ab. No obstante, <strong>Utrera<\/strong> defendi\u00f3 que el siglo XXI avanza hacia <strong>un \u00fanico c\u00f3digo digital que fusione todas las obras multimedia<\/strong>: \u00abLa profec\u00eda del comunic\u00f3logo norteamericano <strong>Gene Youngblood<\/strong> va camino de cumplirse y el videoarte, adem\u00e1s de una extensi\u00f3n del trabajo experimental del cine, reunir\u00e1 todas las formas de expresi\u00f3n comunicacional y art\u00edstica, de la misma forma que <strong>los peri\u00f3dicos o los libros no se aceptar\u00e1n si no son multimedia<\/strong>\u00ab. Por eso sostiene que <strong>Arrabal<\/strong> ser\u00e1 \u00absobre todo reconocido como creador audiovisual\u00bb. [<a href=\"https:\/\/www.dipalme.org\/Servicios\/cmsdipro\/index.nsf\/fiestas.xsp?p=cultura&amp;documentId=162F6E2AF9C249B1C1258487003FE875\"><span style=\"color: #ff0000;\"><strong>Para inscribirse gratuitamente en el curso\/taller pulse aqu\u00ed<\/strong><\/span><\/a>]<\/li>\n<\/ol>\n<p><a href=\"https:\/\/majadahondamagazin.es\/wp-content\/uploads\/2019\/11\/Innombrable-arrabal.png\"><img loading=\"lazy\" decoding=\"async\" class=\"alignleft size-medium wp-image-150830\" src=\"https:\/\/majadahondamagazin.es\/wp-content\/uploads\/2019\/11\/Innombrable-arrabal-300x124.png\" alt=\"\" width=\"300\" height=\"124\" \/><\/a> <a href=\"https:\/\/majadahondamagazin.es\/wp-content\/uploads\/2019\/11\/Ciudad-Rodrigo.png\"><img loading=\"lazy\" decoding=\"async\" class=\"alignleft size-medium wp-image-150831\" src=\"https:\/\/majadahondamagazin.es\/wp-content\/uploads\/2019\/11\/Ciudad-Rodrigo-300x207.png\" alt=\"\" width=\"300\" height=\"207\" \/><\/a> <a href=\"https:\/\/majadahondamagazin.es\/wp-content\/uploads\/2019\/11\/arrabal-almeria.png\"><img loading=\"lazy\" decoding=\"async\" class=\"alignleft size-medium wp-image-150832\" src=\"https:\/\/majadahondamagazin.es\/wp-content\/uploads\/2019\/11\/arrabal-almeria-300x105.png\" alt=\"\" width=\"300\" height=\"105\" \/><\/a><\/p>\n","protected":false},"excerpt":{"rendered":"<p>EUROPA PRESS. El Festival Internacional de Cine de Almer\u00eda (FICAL 2019) le dedica un curso\/taller de videoarte a Fernando Arrabal titulado \u00abArrabal Audiovisual\u00bb que recorrer\u00e1 sus creaciones videoart\u00edsticas y cinematogr\u00e1ficas con varios producciones relacionadas con su biograf\u00eda. \u00abMelilla, Ciudad Rodrigo, Guernica o Madrid han estado muy presentes en su obra audiovisual, pero tambi\u00e9n vamos a viajar por Canad\u00e1, Francia, M\u00e9xico, Alemania, EE.UU e Italia, pues emitiremos fragmentos de otras obras rodadas all\u00ed\u00bb, seg\u00fan explic\u00f3 Federico Utrera, director y profesor de este taller en esta secci\u00f3n de videoarte. Utrera es doctor en Comunicaci\u00f3n Audiovisual, escritor y editor, adem\u00e1s de periodista. En declaraciones a Europa Press, asegur\u00f3 que \u00abFernando Arrabal no debe<\/p>\n","protected":false},"author":1,"featured_media":0,"comment_status":"open","ping_status":"open","sticky":false,"template":"","format":"standard","meta":{"footnotes":""},"categories":[32],"tags":[142,57],"class_list":["post-2290","post","type-post","status-publish","format-standard","hentry","category-videoarte","tag-federico-utrera","tag-fernando-arrabal"],"views":985,"_links":{"self":[{"href":"https:\/\/editorialhijosdemuleyrubio.com\/index.php?rest_route=\/wp\/v2\/posts\/2290","targetHints":{"allow":["GET"]}}],"collection":[{"href":"https:\/\/editorialhijosdemuleyrubio.com\/index.php?rest_route=\/wp\/v2\/posts"}],"about":[{"href":"https:\/\/editorialhijosdemuleyrubio.com\/index.php?rest_route=\/wp\/v2\/types\/post"}],"author":[{"embeddable":true,"href":"https:\/\/editorialhijosdemuleyrubio.com\/index.php?rest_route=\/wp\/v2\/users\/1"}],"replies":[{"embeddable":true,"href":"https:\/\/editorialhijosdemuleyrubio.com\/index.php?rest_route=%2Fwp%2Fv2%2Fcomments&post=2290"}],"version-history":[{"count":1,"href":"https:\/\/editorialhijosdemuleyrubio.com\/index.php?rest_route=\/wp\/v2\/posts\/2290\/revisions"}],"predecessor-version":[{"id":2291,"href":"https:\/\/editorialhijosdemuleyrubio.com\/index.php?rest_route=\/wp\/v2\/posts\/2290\/revisions\/2291"}],"wp:attachment":[{"href":"https:\/\/editorialhijosdemuleyrubio.com\/index.php?rest_route=%2Fwp%2Fv2%2Fmedia&parent=2290"}],"wp:term":[{"taxonomy":"category","embeddable":true,"href":"https:\/\/editorialhijosdemuleyrubio.com\/index.php?rest_route=%2Fwp%2Fv2%2Fcategories&post=2290"},{"taxonomy":"post_tag","embeddable":true,"href":"https:\/\/editorialhijosdemuleyrubio.com\/index.php?rest_route=%2Fwp%2Fv2%2Ftags&post=2290"}],"curies":[{"name":"wp","href":"https:\/\/api.w.org\/{rel}","templated":true}]}}