{"id":2294,"date":"2020-03-13T14:09:00","date_gmt":"2020-03-13T13:09:00","guid":{"rendered":"https:\/\/editorialhijosdemuleyrubio.com\/?p=2294"},"modified":"2020-03-13T14:09:00","modified_gmt":"2020-03-13T13:09:00","slug":"noche-de-poesia-y-locura-anecdotas-y-coloquio-en-madrid-con-leopoldo-ma-panero-y-su-familia","status":"publish","type":"post","link":"https:\/\/editorialhijosdemuleyrubio.com\/?p=2294","title":{"rendered":"Noche de \u00abPoes\u00eda y Locura\u00bb, an\u00e9cdotas y coloquio en Madrid con Leopoldo M\u00aa Panero y su familia"},"content":{"rendered":"<figure id=\"attachment_150863\" aria-describedby=\"caption-attachment-150863\" style=\"width: 300px\" class=\"wp-caption alignleft\"><a href=\"https:\/\/majadahondamagazin.es\/wp-content\/uploads\/2019\/11\/IMG_2711.jpg\"><img loading=\"lazy\" decoding=\"async\" class=\"wp-image-150863 size-medium\" src=\"https:\/\/majadahondamagazin.es\/wp-content\/uploads\/2019\/11\/IMG_2711-300x225.jpg?_t=1573975351\" alt=\"\" width=\"300\" height=\"225\" \/><\/a><figcaption id=\"caption-attachment-150863\" class=\"wp-caption-text\">P\u00fablico asistente al acto, a la derecha Javier Mendoza.<\/figcaption><\/figure>\n<p>LIDIA GARCIA. <strong>Noche de poes\u00eda, an\u00e9cdotas y coloquio en Madrid<\/strong> a cargo de la valenciana Ediciones Contrabando (@edicionescontra), editorial de Espa\u00f1a y de Hispanoam\u00e9rica especializada en \u00abautores noveles, obras poco convencionales, innovadoras\u00bb que busca \u00abuna estrecha relaci\u00f3n editor-escritores-lectores\u00bb. Y la velada fue presentada as\u00ed: \u00aben Madrid, en la Librer\u00eda Juan Rulfo, presentando \u00ab<strong>Poes\u00eda y Locura en la obra de Leopoldo Mar\u00eda Panero<\/strong>\u00ab, de izquierda a derecha, <strong>Federico Utrera, Miguel Blasco y Wences Ventura<\/strong>\u00ab. La cita fue secundada tambi\u00e9n por la mexicana editorial FCE Espa\u00f1a (@FCEEspana), filial espa\u00f1ola del <strong>Fondo de Cultura Econ\u00f3mica<\/strong>, con las siguientes palabras: \u00abNo hay mejor plan para un viernes por la tarde que disfrutar de la poes\u00eda de Leopoldo Mar\u00eda Panero. En estos momentos presentamos \u00abPoes\u00eda y locura de <strong>Leopoldo Mar\u00eda Panero<\/strong>\u00bb (@edicionescontra) con <strong>Federico Utrera, Miguel Blasco y Wences Ventura<\/strong> en la <strong>Librer\u00eda Juan Rulfo<\/strong>\u00ab.<!--more--><\/p>\n<figure id=\"attachment_150858\" aria-describedby=\"caption-attachment-150858\" style=\"width: 247px\" class=\"wp-caption alignleft\"><a href=\"https:\/\/majadahondamagazin.es\/wp-content\/uploads\/2019\/11\/8853dcd3-2304-46a9-aa34-7018a57fe458.jpg\"><img loading=\"lazy\" decoding=\"async\" class=\"wp-image-150858 \" src=\"https:\/\/majadahondamagazin.es\/wp-content\/uploads\/2019\/11\/8853dcd3-2304-46a9-aa34-7018a57fe458-300x174.jpg\" alt=\"\" width=\"247\" height=\"143\" \/><\/a><figcaption id=\"caption-attachment-150858\" class=\"wp-caption-text\">F. Utrera, M. Blasco y Wences V.<\/figcaption><\/figure>\n<p>El acto fue un \u00e9xito de cr\u00edtica y p\u00fablico, esa entra\u00f1able <em>tribu paneriana<\/em> que sigue al personaje de la familia que m\u00e1s le interesa y que se concentra en todos sus actos, expresando su veredicto con un largo aplauso. Eso s\u00ed, con <strong>Leopoldo Mar\u00eda<\/strong> y el resto de los <strong>Panero<\/strong> siempre presentes (<strong>Juan Luis, Michi<\/strong> e incluso sus padres <strong>Leopoldo Panero y Felicidad Blanch<\/strong>), sus dos pel\u00edculas <em>largas<\/em> (\u00abEl Desencanto\u00bb y \u00abDespu\u00e9s de Tantos A\u00f1os\u00bb), adem\u00e1s de numerosos cortos, sus referencias literarias (<strong>Ezra Pound, Holderlin, Lautremont, Cernuda, Pere Gimferrer<\/strong>, etc&#8230;), cinematogr\u00e1ficas (sobre todo el western y el spaguetti western con Sergio Leone y Clint Eastwood), tambi\u00e9n musicales (<strong>Ennio Morricone<\/strong>) e incluso hist\u00f3ricas con los <strong>Wittelsbach<\/strong>, al que Leopoldo Mar\u00eda le dedic\u00f3 un <a href=\"https:\/\/books.google.es\/books?id=c5L27RsrS3kC&amp;pg=PA241&amp;lpg=PA241&amp;dq=wittelsbach+panero&amp;source=bl&amp;ots=sS_l6kyzD-&amp;sig=ACfU3U2pQmHjhtBGGDENWdg-DsDTi3kCUA&amp;hl=es&amp;sa=X&amp;ved=2ahUKEwjNiZDq2vDlAhVLD2MBHWBvD50Q6AEwBHoECAoQAQ#v=onepage&amp;q=wittelsbach%20panero&amp;f=false\">poema por la figura de <strong>Luis II de Baviera<\/strong><\/a>, mecenas de Wagner.<\/p>\n<figure id=\"attachment_150861\" aria-describedby=\"caption-attachment-150861\" style=\"width: 247px\" class=\"wp-caption alignleft\"><a href=\"https:\/\/majadahondamagazin.es\/wp-content\/uploads\/2019\/11\/IMG_2709.jpg\"><img loading=\"lazy\" decoding=\"async\" class=\"wp-image-150861\" src=\"https:\/\/majadahondamagazin.es\/wp-content\/uploads\/2019\/11\/IMG_2709-300x225.jpg\" alt=\"\" width=\"247\" height=\"185\" \/><\/a><figcaption id=\"caption-attachment-150861\" class=\"wp-caption-text\">Wences y Blasco en el acto<\/figcaption><\/figure>\n<p>Estuvo presente un equipo de la ETB vasca, del que casualmente formaba parte una periodista que fue editora de los art\u00edculos de <strong>Michi Panero<\/strong> en el m\u00edtico Diario 16, equipo audiovisual que tom\u00f3 im\u00e1genes del acto y entrevist\u00f3 a <strong>Federico Utrera<\/strong>. E intervinieron tambi\u00e9n en el debate los editores <strong>Manuel Tur\u00e9gano<\/strong> (\u00ab<a href=\"https:\/\/www.google.com\/search?safe=active&amp;rlz=1C5CHFA_enES746ES746&amp;sxsrf=ACYBGNRKFjJVWB7uikmzd76zWeFyjq6D5g%3A1573909315350&amp;ei=Q_PPXZ_-FMv4aJP8uYAB&amp;q=Tur%C3%A9gano+valencia+editor&amp;oq=Tur%C3%A9gano+valencia+editor&amp;gs_l=psy-ab.3..33i160.10143.11878..12187...0.0..0.128.1645.1j14......0....1..gws-wiz.......38j0i22i30j0i8i13i30j33i21.aRGXlY918yE&amp;ved=0ahUKEwjfq5mN5e7lAhVLPBoKHRN-DhAQ4dUDCAs&amp;uact=5\">El libro tiene que aspirar a ser un objeto perfecto<\/a>\u00ab) y <strong>Javier Mendoza<\/strong>, hijo adoptivo de <strong>Michi Panero<\/strong> y editor de su antolog\u00eda \u00ab<a href=\"https:\/\/www.efe.com\/efe\/espana\/cultura\/funerales-vikingos-el-primer-libro-de-michi-panero-escritor-sin-libros\/10005-3168719\"><strong>Funerales vikingos<\/strong><\/a>\u00ab, as\u00ed como parte del numeroso p\u00fablico que poco a poco fue llenando la coqueta sala de presentaciones de la librer\u00eda mexicana, un referente ya en el panorama cultural madrile\u00f1o. Y para quienes no pudieron ir pero quieran disfrutarla, dejamos el enlace en <strong>Radio MJD<\/strong> as\u00ed como algunas fotograf\u00edas del memorable acto que tuvo su continuaci\u00f3n de vinos y ca\u00f1as por los aleda\u00f1os del barrio de <strong>Moncloa<\/strong>. Escuche el acto de presentaci\u00f3n del libro <a href=\"https:\/\/www.ivoox.com\/presentacion-coloquio-libreria-juan-rulfo-audios-mp3_rf_44377243_1.html\"><span style=\"color: #ff0000;\"><strong>pinchando aqu\u00ed<\/strong><\/span><\/a>.<\/p>\n<figure id=\"attachment_150864\" aria-describedby=\"caption-attachment-150864\" style=\"width: 300px\" class=\"wp-caption alignleft\"><a href=\"https:\/\/majadahondamagazin.es\/wp-content\/uploads\/2019\/11\/e33b72fb-c5d4-4fe9-aa2d-ab26ddc2f700.jpg\"><img loading=\"lazy\" decoding=\"async\" class=\"wp-image-150864 size-medium\" src=\"https:\/\/majadahondamagazin.es\/wp-content\/uploads\/2019\/11\/e33b72fb-c5d4-4fe9-aa2d-ab26ddc2f700-300x139.jpg?_t=1573975530\" alt=\"\" width=\"300\" height=\"139\" \/><\/a><figcaption id=\"caption-attachment-150864\" class=\"wp-caption-text\">Un momento de la presentaci\u00f3n<\/figcaption><\/figure>\n<figure id=\"attachment_150862\" aria-describedby=\"caption-attachment-150862\" style=\"width: 300px\" class=\"wp-caption alignleft\"><a href=\"https:\/\/majadahondamagazin.es\/wp-content\/uploads\/2019\/11\/IMG_2710.jpg\"><img loading=\"lazy\" decoding=\"async\" class=\"wp-image-150862 size-medium\" src=\"https:\/\/majadahondamagazin.es\/wp-content\/uploads\/2019\/11\/IMG_2710-300x225.jpg?_t=1573975447\" alt=\"\" width=\"300\" height=\"225\" \/><\/a><figcaption id=\"caption-attachment-150862\" class=\"wp-caption-text\">Manuel Tur\u00e9gano (izq) y Javier Mendoza (der)<\/figcaption><\/figure>\n<figure id=\"attachment_150860\" aria-describedby=\"caption-attachment-150860\" style=\"width: 300px\" class=\"wp-caption alignleft\"><a href=\"https:\/\/majadahondamagazin.es\/wp-content\/uploads\/2019\/11\/IMG_2708.jpg\"><img loading=\"lazy\" decoding=\"async\" class=\"wp-image-150860 size-medium\" src=\"https:\/\/majadahondamagazin.es\/wp-content\/uploads\/2019\/11\/IMG_2708-300x225.jpg?_t=1573975501\" alt=\"\" width=\"300\" height=\"225\" \/><\/a><figcaption id=\"caption-attachment-150860\" class=\"wp-caption-text\">Manuel Tur\u00e9gano (izq) y Lidia Garc\u00eda (der)<\/figcaption><\/figure>\n<figure id=\"attachment_150859\" aria-describedby=\"caption-attachment-150859\" style=\"width: 300px\" class=\"wp-caption alignleft\"><a href=\"https:\/\/majadahondamagazin.es\/wp-content\/uploads\/2019\/11\/d881985f-7a52-467a-96bb-2365db90ce17.jpg\"><img loading=\"lazy\" decoding=\"async\" class=\"wp-image-150859 size-medium\" src=\"https:\/\/majadahondamagazin.es\/wp-content\/uploads\/2019\/11\/d881985f-7a52-467a-96bb-2365db90ce17-300x171.jpg?_t=1573975542\" alt=\"\" width=\"300\" height=\"171\" \/><\/a><figcaption id=\"caption-attachment-150859\" class=\"wp-caption-text\">Los tres presentadores disertaron sobre los Panero<\/figcaption><\/figure>\n<figure id=\"attachment_150881\" aria-describedby=\"caption-attachment-150881\" style=\"width: 300px\" class=\"wp-caption alignleft\"><a href=\"https:\/\/majadahondamagazin.es\/wp-content\/uploads\/2019\/11\/unnamed-12.jpg\"><img loading=\"lazy\" decoding=\"async\" class=\"wp-image-150881 size-medium\" src=\"https:\/\/majadahondamagazin.es\/wp-content\/uploads\/2019\/11\/unnamed-12-300x225.jpg\" alt=\"\" width=\"300\" height=\"225\" \/><\/a><figcaption id=\"caption-attachment-150881\" class=\"wp-caption-text\">Lidia Garc\u00eda en la \u00faltima entrevista de Michi Panero en Astorga<\/figcaption><\/figure>\n<figure id=\"attachment_150882\" aria-describedby=\"caption-attachment-150882\" style=\"width: 266px\" class=\"wp-caption alignleft\"><a href=\"https:\/\/majadahondamagazin.es\/wp-content\/uploads\/2019\/11\/0000272858.jpg\"><img loading=\"lazy\" decoding=\"async\" class=\"wp-image-150882 size-medium\" src=\"https:\/\/majadahondamagazin.es\/wp-content\/uploads\/2019\/11\/0000272858-266x300.jpg\" alt=\"\" width=\"266\" height=\"300\" \/><\/a><figcaption id=\"caption-attachment-150882\" class=\"wp-caption-text\">Federico Utrera y Leopoldo Mar\u00eda Panero en Las Palmas<\/figcaption><\/figure>\n<figure id=\"attachment_150880\" aria-describedby=\"caption-attachment-150880\" style=\"width: 276px\" class=\"wp-caption alignleft\"><a href=\"https:\/\/majadahondamagazin.es\/wp-content\/uploads\/2019\/11\/download-7.jpg\"><img loading=\"lazy\" decoding=\"async\" class=\"size-full wp-image-150880\" src=\"https:\/\/majadahondamagazin.es\/wp-content\/uploads\/2019\/11\/download-7.jpg\" alt=\"\" width=\"276\" height=\"183\" \/><\/a><figcaption id=\"caption-attachment-150880\" class=\"wp-caption-text\">Federico Utrera con Leopoldo Mar\u00eda Panero en el Festival de Cine de Las Palmas<\/figcaption><\/figure>\n<p>&nbsp;<\/p>\n","protected":false},"excerpt":{"rendered":"<p>LIDIA GARCIA. Noche de poes\u00eda, an\u00e9cdotas y coloquio en Madrid a cargo de la valenciana Ediciones Contrabando (@edicionescontra), editorial de Espa\u00f1a y de Hispanoam\u00e9rica especializada en \u00abautores noveles, obras poco convencionales, innovadoras\u00bb que busca \u00abuna estrecha relaci\u00f3n editor-escritores-lectores\u00bb. Y la velada fue presentada as\u00ed: \u00aben Madrid, en la Librer\u00eda Juan Rulfo, presentando \u00abPoes\u00eda y Locura en la obra de Leopoldo Mar\u00eda Panero\u00ab, de izquierda a derecha, Federico Utrera, Miguel Blasco y Wences Ventura\u00ab. La cita fue secundada tambi\u00e9n por la mexicana editorial FCE Espa\u00f1a (@FCEEspana), filial espa\u00f1ola del Fondo de Cultura Econ\u00f3mica, con las siguientes palabras: \u00abNo hay mejor plan para un viernes por la tarde que disfrutar de la<\/p>\n","protected":false},"author":1,"featured_media":0,"comment_status":"open","ping_status":"open","sticky":false,"template":"","format":"standard","meta":{"footnotes":""},"categories":[16],"tags":[142,66],"class_list":["post-2294","post","type-post","status-publish","format-standard","hentry","category-biblioteca-panero","tag-federico-utrera","tag-leopoldo-maria-panero"],"views":1012,"_links":{"self":[{"href":"https:\/\/editorialhijosdemuleyrubio.com\/index.php?rest_route=\/wp\/v2\/posts\/2294","targetHints":{"allow":["GET"]}}],"collection":[{"href":"https:\/\/editorialhijosdemuleyrubio.com\/index.php?rest_route=\/wp\/v2\/posts"}],"about":[{"href":"https:\/\/editorialhijosdemuleyrubio.com\/index.php?rest_route=\/wp\/v2\/types\/post"}],"author":[{"embeddable":true,"href":"https:\/\/editorialhijosdemuleyrubio.com\/index.php?rest_route=\/wp\/v2\/users\/1"}],"replies":[{"embeddable":true,"href":"https:\/\/editorialhijosdemuleyrubio.com\/index.php?rest_route=%2Fwp%2Fv2%2Fcomments&post=2294"}],"version-history":[{"count":1,"href":"https:\/\/editorialhijosdemuleyrubio.com\/index.php?rest_route=\/wp\/v2\/posts\/2294\/revisions"}],"predecessor-version":[{"id":2295,"href":"https:\/\/editorialhijosdemuleyrubio.com\/index.php?rest_route=\/wp\/v2\/posts\/2294\/revisions\/2295"}],"wp:attachment":[{"href":"https:\/\/editorialhijosdemuleyrubio.com\/index.php?rest_route=%2Fwp%2Fv2%2Fmedia&parent=2294"}],"wp:term":[{"taxonomy":"category","embeddable":true,"href":"https:\/\/editorialhijosdemuleyrubio.com\/index.php?rest_route=%2Fwp%2Fv2%2Fcategories&post=2294"},{"taxonomy":"post_tag","embeddable":true,"href":"https:\/\/editorialhijosdemuleyrubio.com\/index.php?rest_route=%2Fwp%2Fv2%2Ftags&post=2294"}],"curies":[{"name":"wp","href":"https:\/\/api.w.org\/{rel}","templated":true}]}}