{"id":2300,"date":"2020-03-13T14:14:53","date_gmt":"2020-03-13T13:14:53","guid":{"rendered":"https:\/\/editorialhijosdemuleyrubio.com\/?p=2300"},"modified":"2020-03-13T14:14:53","modified_gmt":"2020-03-13T13:14:53","slug":"una-propuesta-para-salvar-las-librerias-impuestos-cero","status":"publish","type":"post","link":"https:\/\/editorialhijosdemuleyrubio.com\/?p=2300","title":{"rendered":"Una propuesta para salvar las librer\u00edas: impuestos cero"},"content":{"rendered":"<p><a href=\"https:\/\/majadahondamagazin.es\/wp-content\/uploads\/2020\/01\/Fachada_Altazor-e1563037775845.jpg\"><img loading=\"lazy\" decoding=\"async\" class=\"alignleft size-medium wp-image-155267\" src=\"https:\/\/majadahondamagazin.es\/wp-content\/uploads\/2020\/01\/Fachada_Altazor-e1563037775845-300x207.jpg\" alt=\"\" width=\"300\" height=\"207\" \/><\/a><\/p>\n<p>FEDERICO UTRERA. He sido cocinero antes que fraile, es decir, editor antes que autor y en cierta medida librero, pero digital. Cuando el sistema econ\u00f3mico anal\u00f3gico se derrumb\u00f3 en 2008, pas\u00e9 todos mis libros a soporte digital y me acostumbr\u00e9 a leer en pantalla en lugar de papel. Resultado: mi biblioteca mengu\u00f3 un 99%&#8230; y mis ingresos tambi\u00e9n. Algo parecido sufrieron los peri\u00f3dicos algunos a\u00f1os antes. Hu\u00ed raudo de los libros sin mirar atr\u00e1s antes de que la debacle me alcanzara hasta los tu\u00e9tanos y dej\u00e9 para mis memorias la aventura m\u00e1s maravillosa que he vivido nunca, pues adem\u00e1s de escritor era bibli\u00f3filo y bibli\u00f3grafo, aunque sin alcanzar la plomiza categor\u00eda de \u00abletraherido\u00bb. Gracias a los libros conoc\u00ed a genios, ingenios e ingenuos que han conformado mi genoma literario: <strong>Juan Goytisolo, Fernando Arrabal, Jos\u00e9 Angel Valente, Michel Houellebecq, los Panero<\/strong>&#8230; pero tambi\u00e9n \u00abescuch\u00e9 con mis ojos a los muertos\u00bb y me atraparon entre otros muchos y sobre todos <strong>Cervantes, Juan Ram\u00f3n Jim\u00e9nez y Gald\u00f3s<\/strong> a trav\u00e9s de sus l\u00facidos \u00abdescubridores\u00bb, <strong>Leandro Rodr\u00edguez<\/strong>, l\u00edder de la secta heterodoxa cervantista zamorana, la sobrina nieta del poeta y Premio N\u00f3bel, <strong>Carmen Hern\u00e1ndez Pinz\u00f3n<\/strong> y el catedr\u00e1tico de Harvard, <strong>Paco M\u00e1rquez Villanueva, <\/strong>que estuvo a punto de llevarme al exilio en su vecina Universidad de Brown antes de su desgraciado fallecimiento. El libro \u00ab<a href=\"https:\/\/www.amazon.es\/Cordel-Extraviados-Literatura-Federico-Utrera-ebook\/dp\/B00CM7OCFS\"><strong>Cordel de Extraviados<\/strong><\/a>\u00bb recoge aquel desvar\u00edo en toda su extensi\u00f3n.<!--more--><\/p>\n<figure id=\"attachment_144735\" aria-describedby=\"caption-attachment-144735\" style=\"width: 131px\" class=\"wp-caption alignleft\"><a href=\"https:\/\/majadahondamagazin.es\/wp-content\/uploads\/2019\/08\/Federico.jpg\"><img loading=\"lazy\" decoding=\"async\" class=\"wp-image-144735 \" src=\"https:\/\/majadahondamagazin.es\/wp-content\/uploads\/2019\/08\/Federico-218x300.jpg\" alt=\"\" width=\"131\" height=\"180\" \/><\/a><figcaption id=\"caption-attachment-144735\" class=\"wp-caption-text\">Federico Utrera<\/figcaption><\/figure>\n<p>Mi biblioteca alcanz\u00f3 m\u00e1s de 15.000 vol\u00famenes y a\u00fan hoy reposan en un viejo almac\u00e9n la mayor parte de ellos, ya que esa desmedida y creciente pasi\u00f3n devoraba mi casa, mi hacienda y mi matrimonio. Hoy, felizmente curado de tama\u00f1a adicci\u00f3n, he vuelto al periodismo y me he exiliado en el videoarte. La met\u00e1fora tampoco es m\u00eda: el propio <strong>Goytisolo<\/strong> ironizaba diciendo que \u00e9l hab\u00eda pasado de \u00abconsumidor\u00bb a \u00abtraficante\u00bb cuando quem\u00f3 sus naves como editor en la francesa <strong>Gallimard<\/strong> y decidi\u00f3 \u00abmalvivir\u00bb de la literatura, que si bien no daba para comer, al menos s\u00ed daba para merendar. Hoy nos desayunamos, sin embargo, con el <strong>cierre de la librer\u00eda Altazor de Majadahonda<\/strong> y quer\u00eda entonar un r\u00e9quiem por sus cenizas no sin antes proponer que para evitar que desaparezcan estos centros de dispensa y desintoxicaci\u00f3n, ser\u00eda necesario que nuestros pol\u00edticos renunciaran a unos pocos de los impuestos con los que sangran a la poblaci\u00f3n y eximieran de los mismos a las librer\u00edas. Sus nietos se lo agradecer\u00edan ya que, si persiste la cola de libreros en el paro, ser\u00e1n sus propios hijos los que los maldecir\u00e1n.<\/p>\n","protected":false},"excerpt":{"rendered":"<p>FEDERICO UTRERA. He sido cocinero antes que fraile, es decir, editor antes que autor y en cierta medida librero, pero digital. Cuando el sistema econ\u00f3mico anal\u00f3gico se derrumb\u00f3 en 2008, pas\u00e9 todos mis libros a soporte digital y me acostumbr\u00e9 a leer en pantalla en lugar de papel. Resultado: mi biblioteca mengu\u00f3 un 99%&#8230; y mis ingresos tambi\u00e9n. Algo parecido sufrieron los peri\u00f3dicos algunos a\u00f1os antes. Hu\u00ed raudo de los libros sin mirar atr\u00e1s antes de que la debacle me alcanzara hasta los tu\u00e9tanos y dej\u00e9 para mis memorias la aventura m\u00e1s maravillosa que he vivido nunca, pues adem\u00e1s de escritor era bibli\u00f3filo y bibli\u00f3grafo, aunque sin alcanzar la plomiza<\/p>\n","protected":false},"author":1,"featured_media":0,"comment_status":"open","ping_status":"open","sticky":false,"template":"","format":"standard","meta":{"footnotes":""},"categories":[30],"tags":[142,470],"class_list":["post-2300","post","type-post","status-publish","format-standard","hentry","category-librerias","tag-federico-utrera","tag-libreria"],"views":1121,"_links":{"self":[{"href":"https:\/\/editorialhijosdemuleyrubio.com\/index.php?rest_route=\/wp\/v2\/posts\/2300","targetHints":{"allow":["GET"]}}],"collection":[{"href":"https:\/\/editorialhijosdemuleyrubio.com\/index.php?rest_route=\/wp\/v2\/posts"}],"about":[{"href":"https:\/\/editorialhijosdemuleyrubio.com\/index.php?rest_route=\/wp\/v2\/types\/post"}],"author":[{"embeddable":true,"href":"https:\/\/editorialhijosdemuleyrubio.com\/index.php?rest_route=\/wp\/v2\/users\/1"}],"replies":[{"embeddable":true,"href":"https:\/\/editorialhijosdemuleyrubio.com\/index.php?rest_route=%2Fwp%2Fv2%2Fcomments&post=2300"}],"version-history":[{"count":1,"href":"https:\/\/editorialhijosdemuleyrubio.com\/index.php?rest_route=\/wp\/v2\/posts\/2300\/revisions"}],"predecessor-version":[{"id":2301,"href":"https:\/\/editorialhijosdemuleyrubio.com\/index.php?rest_route=\/wp\/v2\/posts\/2300\/revisions\/2301"}],"wp:attachment":[{"href":"https:\/\/editorialhijosdemuleyrubio.com\/index.php?rest_route=%2Fwp%2Fv2%2Fmedia&parent=2300"}],"wp:term":[{"taxonomy":"category","embeddable":true,"href":"https:\/\/editorialhijosdemuleyrubio.com\/index.php?rest_route=%2Fwp%2Fv2%2Fcategories&post=2300"},{"taxonomy":"post_tag","embeddable":true,"href":"https:\/\/editorialhijosdemuleyrubio.com\/index.php?rest_route=%2Fwp%2Fv2%2Ftags&post=2300"}],"curies":[{"name":"wp","href":"https:\/\/api.w.org\/{rel}","templated":true}]}}