{"id":2302,"date":"2020-03-13T14:16:36","date_gmt":"2020-03-13T13:16:36","guid":{"rendered":"https:\/\/editorialhijosdemuleyrubio.com\/?p=2302"},"modified":"2020-03-13T14:16:36","modified_gmt":"2020-03-13T13:16:36","slug":"el-33o-festival-de-cine-de-medina-valladolid-decide-sus-premios-de-video-con-federico-utrera-carlos-trigueros-y-zeltia-montes-como-jurado","status":"publish","type":"post","link":"https:\/\/editorialhijosdemuleyrubio.com\/?p=2302","title":{"rendered":"El 33\u00ba Festival de Cine de Medina (Valladolid) decide sus premios de v\u00eddeo con Federico Utrera, Carlos Trigueros y Zeltia Montes como jurado"},"content":{"rendered":"<figure id=\"attachment_157999\" aria-describedby=\"caption-attachment-157999\" style=\"width: 300px\" class=\"wp-caption alignleft\"><img loading=\"lazy\" decoding=\"async\" class=\"wp-image-157999 size-medium\" src=\"https:\/\/majadahondamagazin.es\/wp-content\/uploads\/2020\/03\/db9459fa-c0e5-40c5-872a-97779927c18d-300x224.jpg?_t=1583949580\" alt=\"\" width=\"300\" height=\"224\" \/><figcaption id=\"caption-attachment-157999\" class=\"wp-caption-text\">Zeltia, Trigueros y Utrera durante la presentaci\u00f3n del jurado<\/figcaption><\/figure>\n<p>LIDIA GARCIA. El Festival de Cine de Medina del Campo 2020 ha tenido que suspender la gala de clausura de este s\u00e1bado 14 de marzo pero ha contado en su 33\u00aa edici\u00f3n con la presencia del director de MJD Magazin, <strong>Federico Utrera<\/strong> (\u00abViola on Video\u00bb) como miembro del jurado de la secci\u00f3n de video junto con el escritor <strong>Carlos Trigueros<\/strong> (\u00abCaras B de la Historia del V\u00eddeo Arte en Espa\u00f1a\u00bb) y la pianista madrile\u00f1a <strong>Zeltia Montes<\/strong>, residente en Los Angeles (EE.UU). Este jurado evalu\u00f3 un total de 16 videoclips musicales cuyos premios se desvelan este mismo s\u00e1bado. En el Auditorio Municipal de la ciudad vallisoletana, <strong>Utrera<\/strong> agradeci\u00f3 durante la inauguraci\u00f3n y en nombre del jurado, la selecci\u00f3n de sus componentes. En un breve e improvisado discurso elogi\u00f3 a su organizador <strong>Javier Panera<\/strong>, profesor en la Universidad de Salamanca, como uno de los mayores expertos del mundo en videoclips, subrayando su sensibilidad hacia este soporte y comparando esta <a href=\"http:\/\/medinafilmfestival.com\/home\"><strong>Semana de Cine (SECIME33)<\/strong> <\/a>con los inicios del Festival de Cine de San Sebasti\u00e1n. Y es que Donostia tambi\u00e9n tuvo una secci\u00f3n de videoarte en la que llegaron a participar los hist\u00f3ricos <strong>Nam June Paik, Bill Viola o los Vasulka <\/strong>junto al pionero <em><strong>curator<\/strong><\/em> norteamericano de video<strong>, David Ross<\/strong><strong>.<\/strong><!--more--><\/p>\n<figure id=\"attachment_157981\" aria-describedby=\"caption-attachment-157981\" style=\"width: 300px\" class=\"wp-caption alignleft\"><img loading=\"lazy\" decoding=\"async\" class=\"wp-image-157981 size-medium\" src=\"https:\/\/majadahondamagazin.es\/wp-content\/uploads\/2020\/03\/IMG_1120-300x225.jpg?_t=1583949758\" alt=\"\" width=\"300\" height=\"225\" \/><figcaption id=\"caption-attachment-157981\" class=\"wp-caption-text\">Jiajie Yu Yan (China), Fernando Bonelli (Espa\u00f1a) y Diane Malherbe (Francia). Detr\u00e1s Eduardo L\u00f3pez y Emiliano Allende<\/figcaption><\/figure>\n<p>\u00abSan Sebasti\u00e1n abandon\u00f3 la secci\u00f3n de v\u00eddeo cuando creci\u00f3 con el cine y quiz\u00e1s alg\u00fan d\u00eda Medina se vea forzada a hacer lo mismo cuando sea comparada con Cannes o Venecia\u00bb, lament\u00f3 con cierta iron\u00eda el experto en videoarte. El Festival, que dirige <strong>Emiliano Allende<\/strong> y coordina <strong>Eduardo L\u00f3pez<\/strong>, ha premiado este a\u00f1o la trayectoria del cineasta <strong>Santiago Segura<\/strong>, a la joven directora <strong>Bel\u00e9n Funes<\/strong> (\u00abLa hija de un ladr\u00f3n\u00bb), el actor <strong>Luis Callejo<\/strong> (\u00abMientras dure la guerra\u00bb) y la actriz <strong>Greta Fern\u00e1ndez<\/strong> (\u00abLa hija de un ladr\u00f3n\u00bb). El jurado que ha elegido a los ganadores del certamen tambi\u00e9n fue de lo m\u00e1s acreditado: el conocido director y escritor <strong>Achero Ma\u00f1as<\/strong>, ganador de 4 premios Goya con \u00abEl Bola\u00bb; la actriz <strong>Ruth Gabriel<\/strong>, Goya por \u00abD\u00edas Contados\u00bb de Imanol Uribe, el ex responsable del Festival de Teatro de Almagro y hoy del Teatro Espa\u00f1ol, <strong>Fernando Bonelli<\/strong>, la historiadora del Arte, <strong>Jara Y\u00e1\u00f1ez<\/strong> y la gestora cultural <strong>Mar Sancho<\/strong>.<\/p>\n<figure id=\"attachment_157993\" aria-describedby=\"caption-attachment-157993\" style=\"width: 300px\" class=\"wp-caption alignleft\"><img loading=\"lazy\" decoding=\"async\" class=\"wp-image-157993 size-medium\" src=\"https:\/\/majadahondamagazin.es\/wp-content\/uploads\/2020\/03\/IMG_1235-300x225.jpg?_t=1583949829\" alt=\"\" width=\"300\" height=\"225\" \/><figcaption id=\"caption-attachment-157993\" class=\"wp-caption-text\">Javier Panera en la interesante exposici\u00f3n \u00abCensura, autocensura y control pol\u00edtico sobre la m\u00fasica popular (1962-2020)\u00bb, simult\u00e1nea al Festival de Medina<\/figcaption><\/figure>\n<p><strong>Federico Utrera<\/strong> fue presentado en la Gala de Inauguraci\u00f3n como \u00abescritor, periodista, investigador en videoarte y profesor de Comunicaci\u00f3n Audiovisual, Premio extraordinario de doctorado por su tesis \u00ab<strong>Videoarte, Nuevos Medios y Mass Media Art<\/strong>\u00bb que dio lugar al libro \u00ab<strong>Viola on video<\/strong>\u00ab. Ha impartido cursos y talleres sobre videoarte en el Instituto Cervantes de Nueva York y en numerosos Festivales de Cine. Como periodista es uno de los fundadores de la Asociaci\u00f3n de Periodistas Parlamentarios (APP). En radio ha colaborado en programas y tertulias de la cadena Cope, RNE y Radio Exterior de Espa\u00f1a. Actualmente ejerce como director de MJD Magazin, grupo multimedia local en <strong>Majadahonda<\/strong> (Madrid). Ha publicado entre otros \u00ab<strong>Los leones del Congreso<\/strong>\u00bb (2012), \u00ab<strong>Memorias de Colombine. La primera periodista<\/strong>\u00bb (1998) y \u201c<strong>Los Panero, despu\u00e9s de tantos desencantos<\/strong>\u201d (2009), y estos dos \u00faltimos le han dado lugar a intervenir en sendas pel\u00edculas documentales\u00bb.<\/p>\n<figure id=\"attachment_157966\" aria-describedby=\"caption-attachment-157966\" style=\"width: 300px\" class=\"wp-caption alignleft\"><img loading=\"lazy\" decoding=\"async\" class=\"wp-image-157966 size-medium\" src=\"https:\/\/majadahondamagazin.es\/wp-content\/uploads\/2020\/03\/Captura-de-pantalla-2020-03-10-a-las-0.15.19-300x193.png?_t=1583950010\" alt=\"\" width=\"300\" height=\"193\" \/><figcaption id=\"caption-attachment-157966\" class=\"wp-caption-text\">Ficha de Federico Utrera en el Festival de Medina<\/figcaption><\/figure>\n<p><span style=\"color: #ff0000;\"><strong>MEDINA, LA \u00abCAPITAL ECON\u00d3MICA Y POLITICA\u00bb DE ESPA\u00d1A ANTES DEL DESCUBRIMIENTO DE AMERICA<\/strong><\/span>. FEDERICO UTRERA. Seis capitales de provincia castellanoleonesas se encuentran a menos de 100 kil\u00f3metros de la <strong>villa de Medina del Campo<\/strong> y Madrid a solo 160 km, con parada del AVE incluida. Oficiosa capital econ\u00f3mica y pol\u00edtica de Espa\u00f1a en la Corte itinerante de los Reyes Cat\u00f3licos (siglo XV), desde Medina se convirtieron las Espa\u00f1as en una sola casi federal. Y con ello la llevaron al m\u00e1s alto esplendor que la han otorgado los siglos. La arriesgada financiaci\u00f3n que supuso lo que a la postre ser\u00eda el descubrimiento de Am\u00e9rica fue decisiva y por ello sus habitantes a\u00fan conservan ese ancestral arraigo con la econom\u00eda, aunque la Espa\u00f1a del paro sigue ancl\u00e1ndola en su desarrollo.<\/p>\n<figure id=\"attachment_157972\" aria-describedby=\"caption-attachment-157972\" style=\"width: 264px\" class=\"wp-caption alignleft\"><img loading=\"lazy\" decoding=\"async\" class=\"wp-image-157972\" src=\"https:\/\/majadahondamagazin.es\/wp-content\/uploads\/2020\/03\/IMG_1277-300x225.jpg\" alt=\"\" width=\"264\" height=\"198\" \/><figcaption id=\"caption-attachment-157972\" class=\"wp-caption-text\">El impresionante castillo de la Mota, donde la reina Isabel retuvo a su hija Juana \u00abla loca\u00bb casada a los 16 con un amor de Flandes no correspondido<\/figcaption><\/figure>\n<p>Es Medina del Campo una ciudad se\u00f1orial, bella y majestuosa, que atesora sus leyendas bajo el orgullo de sus pobladores. Tierra de Reyes y de comuneros, de conquistadores, soldados y escritores como <strong>Bernal D\u00edaz del Castillo,<\/strong> autor de la sorprendente \u00abHistoria verdadera de la conquista de la Nueva Espa\u00f1a\u00bb, pero tambi\u00e9n de futbolistas humildes y elegantes como el lateral internacional <strong>Eusebio<\/strong> -hoy dir\u00edamos carrilero\u2013, que lleg\u00f3 a la cima del planeta f\u00fatbol con el FC Barcelona y entren\u00f3 a la Real Sociedad. Las austeras estancias de la <strong>Reina Isabel<\/strong> en su <strong>Palacio Testamentario,<\/strong> con cama incluida, son una maravilla museogr\u00e1fica por su didactismo. Y el tenebroso y ultradefensivo <strong>Castillo de la Mota<\/strong> junto con el <strong>Museo de las Ferias<\/strong>, que era el c\u00f3nclave comercial m\u00e1s relevante de Europa, son algunos de los actuales atractivos de Medina.<\/p>\n<figure id=\"attachment_157986\" aria-describedby=\"caption-attachment-157986\" style=\"width: 197px\" class=\"wp-caption alignleft\"><img loading=\"lazy\" decoding=\"async\" class=\"wp-image-157986\" src=\"https:\/\/majadahondamagazin.es\/wp-content\/uploads\/2020\/03\/IMG_1243-225x300.jpg\" alt=\"\" width=\"197\" height=\"262\" \/><figcaption id=\"caption-attachment-157986\" class=\"wp-caption-text\">C\u00e9lebre retrato de Isabel por el pintor Juan de Flandes en el Palacio Testamentario<\/figcaption><\/figure>\n<p>Tambi\u00e9n el <strong>Palacio de las Salinas<\/strong>, esa <em>petit<\/em> Magdalena de los mismos arquitectos que asombraron con el de Santander (<strong>Javier Riancho y Gonzalo Bringas<\/strong>) que surge entre una alfombra verde con su hotel de aguas termales. Todos ellos observan en pie y muy bien acicalados aquel envidiable pasado que el cine hace presente gracias a su Semana. \u00bfEl futuro? Yo apostar\u00eda por <strong>Medina<\/strong> y sus vecinos, porque una ciudad que tuvo&#8230; tambi\u00e9n retuvo, seg\u00fan se aprecia ahora. Y un municipio lo construyen sus habitantes, esos que han logrado ponerla en el mapa como segunda ciudad vallisoletana gracias a su tenacidad, esfuerzo y tino frente a las adversidades de la vida y de la historia. La tecnolog\u00eda les abre ahora las puertas y la escena audiovisual la imaginaci\u00f3n. El siglo XXI, con su eje Atl\u00e1ntico y su salida natural a la Villa y Corte de Madrid, si se sabe aprovechar y el Festival de Cine lo hace muy bien, es tambi\u00e9n suyo.<\/p>\n<figure id=\"attachment_157991\" aria-describedby=\"caption-attachment-157991\" style=\"width: 300px\" class=\"wp-caption alignleft\"><img loading=\"lazy\" decoding=\"async\" class=\"wp-image-157991 size-medium\" src=\"https:\/\/majadahondamagazin.es\/wp-content\/uploads\/2020\/03\/IMG_1158-300x225.jpg?_t=1583950745\" alt=\"\" width=\"300\" height=\"225\" \/><figcaption id=\"caption-attachment-157991\" class=\"wp-caption-text\">Lidia Garc\u00eda entre los hist\u00f3ricos retratos cinematogr\u00e1ficos de participantes del festival<\/figcaption><\/figure>\n<figure id=\"attachment_158001\" aria-describedby=\"caption-attachment-158001\" style=\"width: 294px\" class=\"wp-caption alignleft\"><img loading=\"lazy\" decoding=\"async\" class=\"wp-image-158001 size-medium\" src=\"https:\/\/majadahondamagazin.es\/wp-content\/uploads\/2020\/03\/0-8-294x300.jpg?_t=1583950774\" alt=\"\" width=\"294\" height=\"300\" \/><figcaption id=\"caption-attachment-158001\" class=\"wp-caption-text\">Zeltia Montes, Emiliano Allende, F. Utrera y Lidia Garc\u00eda en el photocall del Festival<\/figcaption><\/figure>\n<figure id=\"attachment_157997\" aria-describedby=\"caption-attachment-157997\" style=\"width: 300px\" class=\"wp-caption alignleft\"><img loading=\"lazy\" decoding=\"async\" class=\"wp-image-157997 size-medium\" src=\"https:\/\/majadahondamagazin.es\/wp-content\/uploads\/2020\/03\/IMG_1167-300x225.jpg?_t=1583950841\" alt=\"\" width=\"300\" height=\"225\" \/><figcaption id=\"caption-attachment-157997\" class=\"wp-caption-text\">El cr\u00edtico de cine Carlos Pumares (\u00abPolvo de Estrellas\u00bb) con Federico Utrera<\/figcaption><\/figure>\n<figure id=\"attachment_157995\" aria-describedby=\"caption-attachment-157995\" style=\"width: 225px\" class=\"wp-caption alignleft\"><img loading=\"lazy\" decoding=\"async\" class=\"wp-image-157995 size-medium\" src=\"https:\/\/majadahondamagazin.es\/wp-content\/uploads\/2020\/03\/IMG_1161-225x300.jpg?_t=1583955360\" alt=\"\" width=\"225\" height=\"300\" \/><figcaption id=\"caption-attachment-157995\" class=\"wp-caption-text\">F. Utrera posa con la foto de El\u00edas Querejeta (\u00abEl Desencanto\u00bb) en el Festival de Medina<\/figcaption><\/figure>\n<figure id=\"attachment_157994\" aria-describedby=\"caption-attachment-157994\" style=\"width: 300px\" class=\"wp-caption alignleft\"><img loading=\"lazy\" decoding=\"async\" class=\"wp-image-157994 size-medium\" src=\"https:\/\/majadahondamagazin.es\/wp-content\/uploads\/2020\/03\/IMG_1256-300x225.jpg?_t=1583955407\" alt=\"\" width=\"300\" height=\"225\" \/><figcaption id=\"caption-attachment-157994\" class=\"wp-caption-text\">La casa donde vivi\u00f3 la reina Isabel se conserva en Medina<\/figcaption><\/figure>\n<figure id=\"attachment_157990\" aria-describedby=\"caption-attachment-157990\" style=\"width: 300px\" class=\"wp-caption alignleft\"><img loading=\"lazy\" decoding=\"async\" class=\"wp-image-157990 size-medium\" src=\"https:\/\/majadahondamagazin.es\/wp-content\/uploads\/2020\/03\/IMG_1220-300x203.jpg?_t=1583955431\" alt=\"\" width=\"300\" height=\"203\" \/><figcaption id=\"caption-attachment-157990\" class=\"wp-caption-text\">El Auditorio de Medina, escenario del Festival de Cine<\/figcaption><\/figure>\n<figure id=\"attachment_157989\" aria-describedby=\"caption-attachment-157989\" style=\"width: 300px\" class=\"wp-caption alignleft\"><img loading=\"lazy\" decoding=\"async\" class=\"wp-image-157989 size-medium\" src=\"https:\/\/majadahondamagazin.es\/wp-content\/uploads\/2020\/03\/IMG_1170-300x225.jpg?_t=1583955460\" alt=\"\" width=\"300\" height=\"225\" \/><figcaption id=\"caption-attachment-157989\" class=\"wp-caption-text\">La 33\u00aa edici\u00f3n del Festival lo ha llevado a su m\u00e1ximo apogeo<\/figcaption><\/figure>\n<figure id=\"attachment_157988\" aria-describedby=\"caption-attachment-157988\" style=\"width: 225px\" class=\"wp-caption alignleft\"><img loading=\"lazy\" decoding=\"async\" class=\"wp-image-157988 size-medium\" src=\"https:\/\/majadahondamagazin.es\/wp-content\/uploads\/2020\/03\/IMG_1157-225x300.jpg?_t=1583955483\" alt=\"\" width=\"225\" height=\"300\" \/><figcaption id=\"caption-attachment-157988\" class=\"wp-caption-text\">F. Utrera, autor de \u00ab\u00a1Diputado Blasco Ib\u00e1\u00f1ez!\u00bb, bajo la foto de Luis Garc\u00eda Berlanga en el Festival de Medina<\/figcaption><\/figure>\n<figure id=\"attachment_158068\" aria-describedby=\"caption-attachment-158068\" style=\"width: 300px\" class=\"wp-caption alignleft\"><img loading=\"lazy\" decoding=\"async\" class=\"wp-image-158068 size-medium\" src=\"https:\/\/majadahondamagazin.es\/wp-content\/uploads\/2020\/03\/0-9-300x225.jpg\" alt=\"\" width=\"300\" height=\"225\" \/><figcaption id=\"caption-attachment-158068\" class=\"wp-caption-text\">Diane Malherbe (jurado Internacional), Lidia Garc\u00eda, Bernab\u00e9 Rico (director de la original comedia futbolera \u00abIntermedio\u00bb), Maite Conesa, directora de la Filmoteca de Castilla-Le\u00f3n y su hija<\/figcaption><\/figure>\n<figure id=\"attachment_157968\" aria-describedby=\"caption-attachment-157968\" style=\"width: 300px\" class=\"wp-caption alignleft\"><img loading=\"lazy\" decoding=\"async\" class=\"size-medium wp-image-157968\" src=\"https:\/\/majadahondamagazin.es\/wp-content\/uploads\/2020\/03\/IMG_1204-300x225.jpg\" alt=\"\" width=\"300\" height=\"225\" \/><figcaption id=\"caption-attachment-157968\" class=\"wp-caption-text\">El Palacio de las Salinas, al natural<\/figcaption><\/figure>\n<figure id=\"attachment_157984\" aria-describedby=\"caption-attachment-157984\" style=\"width: 300px\" class=\"wp-caption alignleft\"><img loading=\"lazy\" decoding=\"async\" class=\"wp-image-157984 size-medium\" src=\"https:\/\/majadahondamagazin.es\/wp-content\/uploads\/2020\/03\/IMG_1212-300x225.jpg\" alt=\"\" width=\"300\" height=\"225\" \/><figcaption id=\"caption-attachment-157984\" class=\"wp-caption-text\">Maqueta del Palacio de las Salinas de Medina<\/figcaption><\/figure>\n<figure id=\"attachment_157983\" aria-describedby=\"caption-attachment-157983\" style=\"width: 300px\" class=\"wp-caption alignleft\"><img loading=\"lazy\" decoding=\"async\" class=\"wp-image-157983 size-medium\" src=\"https:\/\/majadahondamagazin.es\/wp-content\/uploads\/2020\/03\/IMG_1268-300x225.jpg\" alt=\"\" width=\"300\" height=\"225\" \/><figcaption id=\"caption-attachment-157983\" class=\"wp-caption-text\">La cama donde durmi\u00f3 y muri\u00f3 la reina Isabel en Medina<\/figcaption><\/figure>\n<figure id=\"attachment_157982\" aria-describedby=\"caption-attachment-157982\" style=\"width: 300px\" class=\"wp-caption alignleft\"><img loading=\"lazy\" decoding=\"async\" class=\"wp-image-157982 size-medium\" src=\"https:\/\/majadahondamagazin.es\/wp-content\/uploads\/2020\/03\/IMG_1169-300x225.jpg\" alt=\"\" width=\"300\" height=\"225\" \/><figcaption id=\"caption-attachment-157982\" class=\"wp-caption-text\">La Orquesta de Medina deleit\u00f3 con un aplaudido repertorio cinematogr\u00e1fico<\/figcaption><\/figure>\n<figure id=\"attachment_157980\" aria-describedby=\"caption-attachment-157980\" style=\"width: 300px\" class=\"wp-caption alignleft\"><img loading=\"lazy\" decoding=\"async\" class=\"wp-image-157980 size-medium\" src=\"https:\/\/majadahondamagazin.es\/wp-content\/uploads\/2020\/03\/IMG_1174-300x225.jpg\" alt=\"\" width=\"300\" height=\"225\" \/><figcaption id=\"caption-attachment-157980\" class=\"wp-caption-text\">El cineasta Fernando Bonelli (Teatro Espa\u00f1ol) y su esposa<\/figcaption><\/figure>\n<figure id=\"attachment_157979\" aria-describedby=\"caption-attachment-157979\" style=\"width: 300px\" class=\"wp-caption alignleft\"><img loading=\"lazy\" decoding=\"async\" class=\"wp-image-157979 size-medium\" src=\"https:\/\/majadahondamagazin.es\/wp-content\/uploads\/2020\/03\/IMG_1239-300x225.jpg\" alt=\"\" width=\"300\" height=\"225\" \/><figcaption id=\"caption-attachment-157979\" class=\"wp-caption-text\">Ruth Gabriel, Achero Mallas y el resto del jurado del Premio de Cortos, en plena deliberaci\u00f3n en el Hotel Villa de Ferias<\/figcaption><\/figure>\n<figure id=\"attachment_157978\" aria-describedby=\"caption-attachment-157978\" style=\"width: 300px\" class=\"wp-caption alignleft\"><img loading=\"lazy\" decoding=\"async\" class=\"wp-image-157978 size-medium\" src=\"https:\/\/majadahondamagazin.es\/wp-content\/uploads\/2020\/03\/IMG_1113-300x225.jpg\" alt=\"\" width=\"300\" height=\"225\" \/><figcaption id=\"caption-attachment-157978\" class=\"wp-caption-text\">La casa Mercedes hizo de \u00abcarrier\u00bb de premiados, jurados e invitados<\/figcaption><\/figure>\n<figure id=\"attachment_157976\" aria-describedby=\"caption-attachment-157976\" style=\"width: 300px\" class=\"wp-caption alignleft\"><img loading=\"lazy\" decoding=\"async\" class=\"wp-image-157976 size-medium\" src=\"https:\/\/majadahondamagazin.es\/wp-content\/uploads\/2020\/03\/Captura-de-pantalla-2020-03-09-a-las-22.41.04-300x257.png\" alt=\"\" width=\"300\" height=\"257\" \/><figcaption id=\"caption-attachment-157976\" class=\"wp-caption-text\">El p\u00fablico tambi\u00e9n otorga un Premio al mejor V\u00eddeo mediante una \u00aburna virtual\u00bb<\/figcaption><\/figure>\n<figure id=\"attachment_157975\" aria-describedby=\"caption-attachment-157975\" style=\"width: 300px\" class=\"wp-caption alignleft\"><img loading=\"lazy\" decoding=\"async\" class=\"wp-image-157975 size-medium\" src=\"https:\/\/majadahondamagazin.es\/wp-content\/uploads\/2020\/03\/IMG_1147-300x225.jpg?_t=1583956495\" alt=\"\" width=\"300\" height=\"225\" \/><figcaption id=\"caption-attachment-157975\" class=\"wp-caption-text\">El escritor y director Achero Ma\u00f1as durante el Festival<\/figcaption><\/figure>\n<figure id=\"attachment_157973\" aria-describedby=\"caption-attachment-157973\" style=\"width: 225px\" class=\"wp-caption alignleft\"><img loading=\"lazy\" decoding=\"async\" class=\"wp-image-157973 size-medium\" src=\"https:\/\/majadahondamagazin.es\/wp-content\/uploads\/2020\/03\/IMG_1200-225x300.jpg?_t=1583956538\" alt=\"\" width=\"225\" height=\"300\" \/><figcaption id=\"caption-attachment-157973\" class=\"wp-caption-text\">El escritor, soldado y conquistador Bernal D\u00edaz del Castillo era de Medina: su historia de las Indias es una referencia bibliogr\u00e1fica y literaria.<\/figcaption><\/figure>\n<figure id=\"attachment_157971\" aria-describedby=\"caption-attachment-157971\" style=\"width: 300px\" class=\"wp-caption alignleft\"><img loading=\"lazy\" decoding=\"async\" class=\"wp-image-157971 size-medium\" src=\"https:\/\/majadahondamagazin.es\/wp-content\/uploads\/2020\/03\/IMG_1150-300x225.jpg?_t=1583956601\" alt=\"\" width=\"300\" height=\"225\" \/><figcaption id=\"caption-attachment-157971\" class=\"wp-caption-text\">De pie Javier Panera y Ruth Gabriel. Debajo, Diane Malherbe y Emiliano Allende<\/figcaption><\/figure>\n<figure id=\"attachment_157970\" aria-describedby=\"caption-attachment-157970\" style=\"width: 300px\" class=\"wp-caption alignleft\"><img loading=\"lazy\" decoding=\"async\" class=\"wp-image-157970 size-medium\" src=\"https:\/\/majadahondamagazin.es\/wp-content\/uploads\/2020\/03\/IMG_1134-300x225.jpg?_t=1583956785\" alt=\"\" width=\"300\" height=\"225\" \/><figcaption id=\"caption-attachment-157970\" class=\"wp-caption-text\">El periodista Javier Tolentino (Radio 3, El s\u00e9ptimo vicio) tambi\u00e9n fue galardonado en Medina 2020<\/figcaption><\/figure>\n<p>&nbsp;<\/p>\n","protected":false},"excerpt":{"rendered":"<p>LIDIA GARCIA. El Festival de Cine de Medina del Campo 2020 ha tenido que suspender la gala de clausura de este s\u00e1bado 14 de marzo pero ha contado en su 33\u00aa edici\u00f3n con la presencia del director de MJD Magazin, Federico Utrera (\u00abViola on Video\u00bb) como miembro del jurado de la secci\u00f3n de video junto con el escritor Carlos Trigueros (\u00abCaras B de la Historia del V\u00eddeo Arte en Espa\u00f1a\u00bb) y la pianista madrile\u00f1a Zeltia Montes, residente en Los Angeles (EE.UU). Este jurado evalu\u00f3 un total de 16 videoclips musicales cuyos premios se desvelan este mismo s\u00e1bado. En el Auditorio Municipal de la ciudad vallisoletana, Utrera agradeci\u00f3 durante la inauguraci\u00f3n<\/p>\n","protected":false},"author":1,"featured_media":0,"comment_status":"open","ping_status":"open","sticky":false,"template":"","format":"standard","meta":{"footnotes":""},"categories":[32],"tags":[142,471],"class_list":["post-2302","post","type-post","status-publish","format-standard","hentry","category-videoarte","tag-federico-utrera","tag-festival-de-cine-de-medina-del-campo"],"views":1229,"_links":{"self":[{"href":"https:\/\/editorialhijosdemuleyrubio.com\/index.php?rest_route=\/wp\/v2\/posts\/2302","targetHints":{"allow":["GET"]}}],"collection":[{"href":"https:\/\/editorialhijosdemuleyrubio.com\/index.php?rest_route=\/wp\/v2\/posts"}],"about":[{"href":"https:\/\/editorialhijosdemuleyrubio.com\/index.php?rest_route=\/wp\/v2\/types\/post"}],"author":[{"embeddable":true,"href":"https:\/\/editorialhijosdemuleyrubio.com\/index.php?rest_route=\/wp\/v2\/users\/1"}],"replies":[{"embeddable":true,"href":"https:\/\/editorialhijosdemuleyrubio.com\/index.php?rest_route=%2Fwp%2Fv2%2Fcomments&post=2302"}],"version-history":[{"count":1,"href":"https:\/\/editorialhijosdemuleyrubio.com\/index.php?rest_route=\/wp\/v2\/posts\/2302\/revisions"}],"predecessor-version":[{"id":2303,"href":"https:\/\/editorialhijosdemuleyrubio.com\/index.php?rest_route=\/wp\/v2\/posts\/2302\/revisions\/2303"}],"wp:attachment":[{"href":"https:\/\/editorialhijosdemuleyrubio.com\/index.php?rest_route=%2Fwp%2Fv2%2Fmedia&parent=2302"}],"wp:term":[{"taxonomy":"category","embeddable":true,"href":"https:\/\/editorialhijosdemuleyrubio.com\/index.php?rest_route=%2Fwp%2Fv2%2Fcategories&post=2302"},{"taxonomy":"post_tag","embeddable":true,"href":"https:\/\/editorialhijosdemuleyrubio.com\/index.php?rest_route=%2Fwp%2Fv2%2Ftags&post=2302"}],"curies":[{"name":"wp","href":"https:\/\/api.w.org\/{rel}","templated":true}]}}