{"id":2311,"date":"2020-04-23T16:55:25","date_gmt":"2020-04-23T14:55:25","guid":{"rendered":"https:\/\/editorialhijosdemuleyrubio.com\/?p=2311"},"modified":"2020-04-23T16:55:25","modified_gmt":"2020-04-23T14:55:25","slug":"fernando-arrabal-el-dia-en-que-a-mis-88-anos-vi-por-primera-vez-a-mi-desconocida-abuela","status":"publish","type":"post","link":"https:\/\/editorialhijosdemuleyrubio.com\/?p=2311","title":{"rendered":"Fernando Arrabal: \u00abEl d\u00eda en que a mis 88 a\u00f1os vi por primera vez a mi desconocida abuela\u00bb"},"content":{"rendered":"<p><img loading=\"lazy\" decoding=\"async\" class=\"alignleft wp-image-160736\" src=\"https:\/\/majadahondamagazin.es\/wp-content\/uploads\/2020\/04\/unnamed-6-239x300.jpg\" alt=\"\" width=\"154\" height=\"193\" \/>FEDERICO UTRERA. Prosigue la colaboraci\u00f3n del dramaturgo, cineasta, videoartista, escritor y poeta <strong>Fernando Arrabal<\/strong> con MJD Magazin con la publicaci\u00f3n del epistolario relativo al d\u00eda 22 de abril de 2020, A\u00f1o del Coronavirus, a las 12:54 horas, que recoge el siguiente texto: \u00ab\u00a1muchas gracias! su peri\u00f3dico y usted me honran publicando mis \u00abcosas\u00bb y a\u00fan me honrar\u00edan m\u00e1s si <strong>mi abuela-Coraje<\/strong> apareciera en sus p\u00e1ginas 122 a\u00f1os despu\u00e9s de su nacimiento &amp; unos d\u00edas despu\u00e9s de que yo reconociera su existencia, su firma y su r\u00fabrica precisamente el d\u00eda que se inici\u00f3 la concepci\u00f3n; inolvidable Utrera\u00bb. Firma: FA.<!--more--><\/p>\n<figure id=\"attachment_160829\" aria-describedby=\"caption-attachment-160829\" style=\"width: 192px\" class=\"wp-caption alignleft\"><img loading=\"lazy\" decoding=\"async\" class=\"wp-image-160829 size-medium\" src=\"https:\/\/majadahondamagazin.es\/wp-content\/uploads\/2020\/04\/unnamed-7-192x300.jpg\" alt=\"\" width=\"192\" height=\"300\" \/><figcaption id=\"caption-attachment-160829\" class=\"wp-caption-text\">C\u00f3rdoba, 1918 (20 a\u00f1os de la \u00abincivil guerra\u00bb: la abuela de Fernando Arrabal, Concepci\u00f3n Ruiz, con sus tres hijos: el peque\u00f1o, sentado, \u00c1ngel, su padre, Fernando, en el medio, y su t\u00edo, Rafael, a su izquierda.<\/figcaption><\/figure>\n<p>FERNANDO ARRABAL. <strong>Tanya Pixoto<\/strong> me record\u00f3 en su d\u00eda \u00ab<em>la rose the fest of the annunciation<\/em>\u00bb en el momento (con casi 88 a\u00f1os) en que vi por primera vez que mi desconocida abuela <strong>Concepci\u00f3n Ruiz<\/strong> firma y escribe con una letra tan preciosa como precisa. Lo supe aquel d\u00eda de marzo gracias a <strong>Marina Llobera<\/strong> de Alternativa per Pollen\u00e7a. \u00a1Con qu\u00e9 arte se dirige mi abuela-Coraje por instancia al carcelero-jefe y verdugo de su hijo <strong>Rafael<\/strong>! \u00bfhubiera sido delito dirigirse a \u00e9l con una simple carta? <strong>Mi abuela madre-Coraje<\/strong> \u00bfc\u00f3mo hizo para recorrer el trayecto C\u00f3rdoba\/Palma de Mallorca en plena incivil guerra? \u00bflleg\u00f3 por fin a besar a su hijo en el pasillo de la muerte dos meses antes de su fusilamiento, el d\u00eda de <strong>San Rafael<\/strong>, en el Fort\u00edn de Illetres de Palma de Mallorca?\u00bfPudo igualmente hacer el recorrido C\u00f3rdoba\/Ceuta para besar a su hijo <strong>Fernando<\/strong>, mi padre, durante el a\u00f1o que pas\u00f3 en el pasillo de la muerte? \u00bfPudo igualmente hacer el recorrido C\u00f3rdoba\/Barcelona para besar a su hijo <strong>\u00c1ngel<\/strong> durante el a\u00f1o que pas\u00f3 en el pasillo de la muerte?. Haciendo de tripas coraz\u00f3n tuvo que decir a los vencedores y verdugos de sus tres hijos que ten\u00eda el dolor de haber perdido los otros dos hijos que le quedaban a manos de la furia roja. Haciendo de tripas coraz\u00f3n tuvo que llamar al matarife de su hijo \u00abExcelencia\u00bb. Y con el m\u00e1s rendido respeto y consideraci\u00f3n, haciendo de tripas coraz\u00f3n, tuvo que decir que por azares de la vida su hijo hab\u00eda tenido la desgracia de verse privado de la libertad. Haciendo de tripas coraz\u00f3n tuvo que referirse al bondadoso coraz\u00f3n del say\u00f3n de su hijo y pedir que \u00absu vida guarde Dios muchos a\u00f1os para bien de nuestra querida Espa\u00f1a\u00bb. Haciendo de tripas coraz\u00f3n tuvo que llamar \u00aba\u00f1o triunfal\u00bb a aquel a\u00f1o que vio todas sus penas de madre acumuladas.<\/p>\n<p><span style=\"color: #ff0000;\"><strong><img loading=\"lazy\" decoding=\"async\" class=\"alignleft size-medium wp-image-160828\" src=\"https:\/\/majadahondamagazin.es\/wp-content\/uploads\/2020\/04\/unnamed-1-2-300x150.jpg\" alt=\"\" width=\"300\" height=\"150\" \/>Abuela-coraje (Poema).<\/strong><\/span><br \/>\nA menudo me ilusion\u00e9 imaginando<br \/>\nque se me hac\u00eda pagar en torno m\u00edo<br \/>\nla lealtad y el proceder \u00bf\u00fanico?<br \/>\nde aquellos tres arra-beaux<br \/>\n(\u00bfc\u00f3mo intuy\u00f3 Andr\u00e9 Breton?);<br \/>\naquellos hermanos fieles<br \/>\na sus vocaciones y promesas;<br \/>\nMe quedaba por descubrir<br \/>\na casi mis 88 a\u00f1os<br \/>\na la hero\u00edna silente y acallada<br \/>\nde aquel vendaval de gritos;<br \/>\ncon la ind\u00f3mita mujer<br \/>\nausente de todas las cr\u00f3nicas<br \/>\ny tan presente<br \/>\nen su humilde gesta de guerra:<br \/>\nla haza\u00f1a de su arrojo<\/p>\n<figure id=\"attachment_160824\" aria-describedby=\"caption-attachment-160824\" style=\"width: 225px\" class=\"wp-caption alignleft\"><img loading=\"lazy\" decoding=\"async\" class=\"wp-image-160824 size-medium\" src=\"https:\/\/majadahondamagazin.es\/wp-content\/uploads\/2020\/04\/unnamed-2-1-225x300.jpg?_t=1587633785\" alt=\"\" width=\"225\" height=\"300\" \/><figcaption id=\"caption-attachment-160824\" class=\"wp-caption-text\">La entrada \u00abRafael Arrabal\u00bb que se encuentra en el \u00abDiccionari Vermell\u00bb con informaci\u00f3n sobre su t\u00edo<\/figcaption><\/figure>\n<figure id=\"attachment_160827\" aria-describedby=\"caption-attachment-160827\" style=\"width: 300px\" class=\"wp-caption alignleft\"><img loading=\"lazy\" decoding=\"async\" class=\"wp-image-160827 size-medium\" src=\"https:\/\/majadahondamagazin.es\/wp-content\/uploads\/2020\/04\/unnamed-3-1-300x225.jpg?_t=1587633846\" alt=\"\" width=\"300\" height=\"225\" \/><figcaption id=\"caption-attachment-160827\" class=\"wp-caption-text\">Una foto en la que sale su t\u00edo Rafael con corbata (era el entrenador de futbol de la Juventud Pollencina)<\/figcaption><\/figure>\n<figure id=\"attachment_160825\" aria-describedby=\"caption-attachment-160825\" style=\"width: 300px\" class=\"wp-caption alignleft\"><img loading=\"lazy\" decoding=\"async\" class=\"wp-image-160825 size-medium\" src=\"https:\/\/majadahondamagazin.es\/wp-content\/uploads\/2020\/04\/unnamed-4-1-e1587633942343-300x177.jpg?_t=1587633944\" alt=\"\" width=\"300\" height=\"177\" \/><figcaption id=\"caption-attachment-160825\" class=\"wp-caption-text\">Una nota de pie de p\u00e1gina de un libro sobre la Guerra Civil en Pollen\u00e7a que reproduce una an\u00e9cdota sobre su t\u00edo explicada por un compa\u00f1ero suyo de reclusi\u00f3n<\/figcaption><\/figure>\n<figure id=\"attachment_160826\" aria-describedby=\"caption-attachment-160826\" style=\"width: 225px\" class=\"wp-caption alignleft\"><img loading=\"lazy\" decoding=\"async\" class=\"wp-image-160826 size-medium\" src=\"https:\/\/majadahondamagazin.es\/wp-content\/uploads\/2020\/04\/unnamed-5-1-225x300.jpg\" alt=\"\" width=\"225\" height=\"300\" \/><figcaption id=\"caption-attachment-160826\" class=\"wp-caption-text\">Carta firmada por la madre y la esposa de su t\u00edo, suplicando que las dejen visitar al condenado<\/figcaption><\/figure>\n<p>&nbsp;<\/p>\n<p>&nbsp;<\/p>\n","protected":false},"excerpt":{"rendered":"<p>FEDERICO UTRERA. Prosigue la colaboraci\u00f3n del dramaturgo, cineasta, videoartista, escritor y poeta Fernando Arrabal con MJD Magazin con la publicaci\u00f3n del epistolario relativo al d\u00eda 22 de abril de 2020, A\u00f1o del Coronavirus, a las 12:54 horas, que recoge el siguiente texto: \u00ab\u00a1muchas gracias! su peri\u00f3dico y usted me honran publicando mis \u00abcosas\u00bb y a\u00fan me honrar\u00edan m\u00e1s si mi abuela-Coraje apareciera en sus p\u00e1ginas 122 a\u00f1os despu\u00e9s de su nacimiento &amp; unos d\u00edas despu\u00e9s de que yo reconociera su existencia, su firma y su r\u00fabrica precisamente el d\u00eda que se inici\u00f3 la concepci\u00f3n; inolvidable Utrera\u00bb. Firma: FA.<\/p>\n","protected":false},"author":1,"featured_media":0,"comment_status":"open","ping_status":"open","sticky":false,"template":"","format":"standard","meta":{"footnotes":""},"categories":[20],"tags":[142,57],"class_list":["post-2311","post","type-post","status-publish","format-standard","hentry","category-arrabal-y-houellebecq","tag-federico-utrera","tag-fernando-arrabal"],"views":1239,"_links":{"self":[{"href":"https:\/\/editorialhijosdemuleyrubio.com\/index.php?rest_route=\/wp\/v2\/posts\/2311","targetHints":{"allow":["GET"]}}],"collection":[{"href":"https:\/\/editorialhijosdemuleyrubio.com\/index.php?rest_route=\/wp\/v2\/posts"}],"about":[{"href":"https:\/\/editorialhijosdemuleyrubio.com\/index.php?rest_route=\/wp\/v2\/types\/post"}],"author":[{"embeddable":true,"href":"https:\/\/editorialhijosdemuleyrubio.com\/index.php?rest_route=\/wp\/v2\/users\/1"}],"replies":[{"embeddable":true,"href":"https:\/\/editorialhijosdemuleyrubio.com\/index.php?rest_route=%2Fwp%2Fv2%2Fcomments&post=2311"}],"version-history":[{"count":1,"href":"https:\/\/editorialhijosdemuleyrubio.com\/index.php?rest_route=\/wp\/v2\/posts\/2311\/revisions"}],"predecessor-version":[{"id":2312,"href":"https:\/\/editorialhijosdemuleyrubio.com\/index.php?rest_route=\/wp\/v2\/posts\/2311\/revisions\/2312"}],"wp:attachment":[{"href":"https:\/\/editorialhijosdemuleyrubio.com\/index.php?rest_route=%2Fwp%2Fv2%2Fmedia&parent=2311"}],"wp:term":[{"taxonomy":"category","embeddable":true,"href":"https:\/\/editorialhijosdemuleyrubio.com\/index.php?rest_route=%2Fwp%2Fv2%2Fcategories&post=2311"},{"taxonomy":"post_tag","embeddable":true,"href":"https:\/\/editorialhijosdemuleyrubio.com\/index.php?rest_route=%2Fwp%2Fv2%2Ftags&post=2311"}],"curies":[{"name":"wp","href":"https:\/\/api.w.org\/{rel}","templated":true}]}}