{"id":2318,"date":"2020-05-04T22:20:35","date_gmt":"2020-05-04T20:20:35","guid":{"rendered":"https:\/\/editorialhijosdemuleyrubio.com\/?p=2318"},"modified":"2020-05-04T22:20:35","modified_gmt":"2020-05-04T20:20:35","slug":"virus-y-politica-ii-toda-generacion-tiene-su-virus-o-su-guerra-y-ante-ese-dilema-es-preferible-el-covid-19","status":"publish","type":"post","link":"https:\/\/editorialhijosdemuleyrubio.com\/?p=2318","title":{"rendered":"Virus y Pol\u00edtica (II): \u201cToda generaci\u00f3n tiene su virus o su guerra y ante ese dilema es preferible el Covid 19\u201d"},"content":{"rendered":"<p><img loading=\"lazy\" decoding=\"async\" class=\"wp-image-161287 size-medium alignleft\" src=\"https:\/\/majadahondamagazin.es\/wp-content\/uploads\/2020\/05\/virus-moralmente-derrotado-300x188.jpg?_t=1588500046\" alt=\"\" width=\"300\" height=\"188\" \/>FEDERICO UTRERA. A veces las pandemias aprovechan para \u00abrenovar\u00bb la clase pol\u00edtica: fue el caso de <strong>Mari\u0301a II de Inglaterra<\/strong> (1694), <strong>Jose\u0301 I de Alemania<\/strong> (1711), <strong>Luis I de Espan\u0303a<\/strong> (1724), <strong>Pedro II de Rusia<\/strong> (1730) y <strong>Luis XV de Francia<\/strong> (1774). La Casa Real inglesa de los <strong>Estuardos<\/strong> desapareci\u00f3 y los <strong>Habsburgos<\/strong> quedaron muy disminuidos. <strong>La viruela, la gripe y el sarampio\u0301n<\/strong> acabaron con las civilizaciones <strong>azteca y maya<\/strong> y de hecho el jefe inca <strong>Huayna Capac<\/strong> falleci\u00f3 por virus antes de que el hombre blanco pisara sus tierras: no fue la violencia espa\u00f1ola o portuguesa sino su mestizaje la que le dio alas. En <strong>Ame\u0301rica del Norte,<\/strong> los <strong>Padres Peregrinos<\/strong> y el <strong>tra\u0301fico de esclavos<\/strong> tambi\u00e9n la propagaron la viruela en 1620, seg\u00fan el estudio del cirujano y consultor sanitario internacional Omar Di\u0301az. Cuando <strong>Pizarro<\/strong> llego\u0301 a <strong>Cuzco<\/strong>, la viruela, el sarampio\u0301n y la gripe existi\u0301an desde 10 an\u0303os antes fruto de su alta densidad de poblacio\u0301n y el fluido intercambio con Ame\u0301rica Central, lo que propag\u00f3 los virus hacia el Sur.<!--more--><\/p>\n<figure id=\"attachment_134807\" aria-describedby=\"caption-attachment-134807\" style=\"width: 151px\" class=\"wp-caption alignleft\"><img loading=\"lazy\" decoding=\"async\" class=\" wp-image-134807\" src=\"https:\/\/majadahondamagazin.es\/wp-content\/uploads\/2019\/04\/Federico-Utrera-Arco-colectivo-Democracia_562153883_18660013_1208x1024-e1572695753456-267x300.jpg\" alt=\"\" width=\"151\" height=\"170\" \/><figcaption id=\"caption-attachment-134807\" class=\"wp-caption-text\">Federico Utrera<\/figcaption><\/figure>\n<p>Cada pandemia populariza adem\u00e1s su vocabulario. Estos virus que nos atemorizan tanto proceden de la \u00ab<strong>zoonosis<\/strong>\u00bb (se transmiten de animal a persona) y el <strong>cultivo intensivo de la ganader\u00eda<\/strong> los fomenta (<strong>pollo y cerdo<\/strong> sobre todo). Miden su ferocidad por la tasa de \u00ab<strong>letalidad<\/strong>\u00bb (muertes por % de infectados). La del Covid es del 1,38% y 0,66%( The Lancet). Otros estudios m\u00e1s optimistas mencionan el 0,37% (MIT). Como el virus solo se disolver\u00e1 cuando se haga \u00abcirculante\u00bb y el 80% de la poblaci\u00f3n mundial lo agarre y se inmunice, estar\u00edamos hablando de 50\/60 millones de muertos. Al final somos n\u00fameros que se van renovando, quiz\u00e1s seamos siempre los mismos y solo cambie el decorado, de ah\u00ed ese \u00abdeja vu\u00bb que nos dejan los sue\u00f1os&#8230; Pero eso ser\u00eda novela y hoy toca ciencia: <strong>Ramse\u0301s V<\/strong> (1157 A.C) ya muri\u00f3 por un virus, la guerra de los hititas y los egipcios que ha novelado el majariego <strong>Hurtado<\/strong> tambi\u00e9n gener\u00f3 los suyos, lo hacen tambi\u00e9n las migraciones, con permiso de <strong>Le Pen<\/strong> y su versi\u00f3n espa\u00f1ola&#8230;<\/p>\n<p><strong>Pens\u00e1bamos que no hay generaci\u00f3n sin guerra pero en realidad no hay generaci\u00f3n sin pandemia<\/strong>, se repiten cada 100 a\u00f1os aproximadamente. Y yo prefiero el Covid 19 a una confrontaci\u00f3n b\u00e9lica. El <strong>estr\u00e9s<\/strong> de las guerras, el <strong>hacinamiento<\/strong> y la <strong>insalubridad<\/strong> es el caldo de cultivo de estas <strong>zoonosis<\/strong> y ver las im\u00e1genes de los \u00ab<strong>mercados l\u00edquidos<\/strong>\u00bb (otra palabreja de esta pandemia) no solo de <strong>Wuham<\/strong> (China) sino de <strong>India, Vietnam, Africa o Latinoam\u00e9rica<\/strong> har\u00eda las delicias del m\u00e1s vomitivo cine gore: sangre, tripas, escamas y agua que empapan el suelo con los restos de animales brutalmente sacrificados para los clientes que desean comer carne reci\u00e9n matada. Se esperan pronto versiones cin\u00e9filas de <strong>Lars von Trier y Tarantino<\/strong>. Pr\u00f3ximo capitulo: <span style=\"color: #ff0000;\"><strong>Virus y Pol\u00edtica (III): \u00abVacuna viene de vaca y dos h\u00e9roes espa\u00f1oles la popularizaron en Am\u00e9rica y Filipinas\u00bb<\/strong><\/span><\/p>\n","protected":false},"excerpt":{"rendered":"<p>FEDERICO UTRERA. A veces las pandemias aprovechan para \u00abrenovar\u00bb la clase pol\u00edtica: fue el caso de Mari\u0301a II de Inglaterra (1694), Jose\u0301 I de Alemania (1711), Luis I de Espan\u0303a (1724), Pedro II de Rusia (1730) y Luis XV de Francia (1774). La Casa Real inglesa de los Estuardos desapareci\u00f3 y los Habsburgos quedaron muy disminuidos. La viruela, la gripe y el sarampio\u0301n acabaron con las civilizaciones azteca y maya y de hecho el jefe inca Huayna Capac falleci\u00f3 por virus antes de que el hombre blanco pisara sus tierras: no fue la violencia espa\u00f1ola o portuguesa sino su mestizaje la que le dio alas. En Ame\u0301rica del Norte, los<\/p>\n","protected":false},"author":1,"featured_media":0,"comment_status":"open","ping_status":"open","sticky":false,"template":"","format":"standard","meta":{"footnotes":""},"categories":[255],"tags":[142],"class_list":["post-2318","post","type-post","status-publish","format-standard","hentry","category-historia","tag-federico-utrera"],"views":1105,"_links":{"self":[{"href":"https:\/\/editorialhijosdemuleyrubio.com\/index.php?rest_route=\/wp\/v2\/posts\/2318","targetHints":{"allow":["GET"]}}],"collection":[{"href":"https:\/\/editorialhijosdemuleyrubio.com\/index.php?rest_route=\/wp\/v2\/posts"}],"about":[{"href":"https:\/\/editorialhijosdemuleyrubio.com\/index.php?rest_route=\/wp\/v2\/types\/post"}],"author":[{"embeddable":true,"href":"https:\/\/editorialhijosdemuleyrubio.com\/index.php?rest_route=\/wp\/v2\/users\/1"}],"replies":[{"embeddable":true,"href":"https:\/\/editorialhijosdemuleyrubio.com\/index.php?rest_route=%2Fwp%2Fv2%2Fcomments&post=2318"}],"version-history":[{"count":1,"href":"https:\/\/editorialhijosdemuleyrubio.com\/index.php?rest_route=\/wp\/v2\/posts\/2318\/revisions"}],"predecessor-version":[{"id":2319,"href":"https:\/\/editorialhijosdemuleyrubio.com\/index.php?rest_route=\/wp\/v2\/posts\/2318\/revisions\/2319"}],"wp:attachment":[{"href":"https:\/\/editorialhijosdemuleyrubio.com\/index.php?rest_route=%2Fwp%2Fv2%2Fmedia&parent=2318"}],"wp:term":[{"taxonomy":"category","embeddable":true,"href":"https:\/\/editorialhijosdemuleyrubio.com\/index.php?rest_route=%2Fwp%2Fv2%2Fcategories&post=2318"},{"taxonomy":"post_tag","embeddable":true,"href":"https:\/\/editorialhijosdemuleyrubio.com\/index.php?rest_route=%2Fwp%2Fv2%2Ftags&post=2318"}],"curies":[{"name":"wp","href":"https:\/\/api.w.org\/{rel}","templated":true}]}}