{"id":2338,"date":"2020-11-04T11:14:56","date_gmt":"2020-11-04T10:14:56","guid":{"rendered":"https:\/\/editorialhijosdemuleyrubio.com\/?p=2338"},"modified":"2020-11-04T11:14:56","modified_gmt":"2020-11-04T10:14:56","slug":"el-festival-internacional-de-cine-de-almeria-fical-2020-desvela-la-seccion-de-videoarte-de-federico-utrera-joseph-beuys-1o-centenario","status":"publish","type":"post","link":"https:\/\/editorialhijosdemuleyrubio.com\/?p=2338","title":{"rendered":"El Festival Internacional de Cine de Almer\u00eda (Fical 2020) desvela la secci\u00f3n de videoarte de Federico Utrera: \u00abJoseph Beuys, 1\u00ba centenario\u00bb"},"content":{"rendered":"<p><a href=\"https:\/\/majadahondamagazin.es\/wp-content\/uploads\/2020\/10\/Captura-de-pantalla-2020-10-29-a-las-16.59.30.png\"><img loading=\"lazy\" decoding=\"async\" class=\"alignleft size-medium wp-image-170715\" src=\"https:\/\/majadahondamagazin.es\/wp-content\/uploads\/2020\/10\/Captura-de-pantalla-2020-10-29-a-las-16.59.30-300x217.png\" alt=\"\" width=\"300\" height=\"217\" \/><\/a>MANU RAMOS. \u00abEl <strong>Festival Internacional de Cine de Almer\u00eda 2020<\/strong> ha previsto, como en ediciones anteriores, la organizaci\u00f3n de un taller de car\u00e1cter interactivo con la finalidad de generar \u00e1mbitos para las manifestaciones audiovisuales alternativas y propiciar espacios de encuentro para la reflexi\u00f3n hist\u00f3rica y est\u00e9tica videogr\u00e1fica. Esta novena edici\u00f3n del taller de videoarte de FICAL aborda la figura del polifac\u00e9tico artista <strong>Joseph Beuys<\/strong> dada la cercan\u00eda de su centenario (1921-2021). El taller ser\u00e1 impartido por el profesor <a href=\"https:\/\/federicoutrera.wordpress.com\/videoarte-talleres\/\"><strong>Federico Mart\u00ednez Utrera<\/strong>,<\/a> durante las ma\u00f1anas de los d\u00edas 16 al 18 de noviembre de 2020 en el sal\u00f3n de actos del edificio Alfareros de la <strong>Diputaci\u00f3n de Almer\u00eda<\/strong>\u00ab. As\u00ed informa la <strong>Asociaci\u00f3n de la Prensa de Almer\u00eda<\/strong> (<a href=\"http:\/\/almeria.fape.es\/nuevo-taller-de-videoarte-a-cargo-de-federico-m-utrera-en-fical-joseph-beuys-primer-centenario\/\"><strong>APA<\/strong><\/a>) sobre la pr\u00f3xima actividad videogr\u00e1fica del <strong>Festival Internacional de Cine 2020.<\/strong> La propia <strong>Diputaci\u00f3n de Almer\u00eda<\/strong>, en su p\u00e1gina web a\u00f1ade: \u00abEl primer centenario del videoartista alem\u00e1n Joseph Beuys (1921-2021) deber\u00eda comenzar exactamente el 12 de mayo del pr\u00f3ximo a\u00f1o, pero la secci\u00f3n de videoarte del Festival Internacional de Cine de Almer\u00eda (FICAL 2020) ha querido adelantarse seis meses al evento y dar la salida como pionera a lo que sin duda ser\u00e1 un marat\u00f3n de eventos en todo el mundo\u00bb.<!--more--><\/p>\n<p><a href=\"https:\/\/majadahondamagazin.es\/wp-content\/uploads\/2020\/10\/Captura-de-pantalla-2020-10-29-a-las-17.01.17.png\"><img loading=\"lazy\" decoding=\"async\" class=\"alignleft size-medium wp-image-170716\" src=\"https:\/\/majadahondamagazin.es\/wp-content\/uploads\/2020\/10\/Captura-de-pantalla-2020-10-29-a-las-17.01.17-300x163.png\" alt=\"\" width=\"300\" height=\"163\" \/><\/a>La <strong>APA<\/strong> adelanta que \u00abel n\u00famero m\u00e1ximo de participantes ser\u00e1 de 18, admitidos por riguroso orden de inscripci\u00f3n (pudiendo quedar en lista de espera) y <a href=\"https:\/\/www.dipalme.org\/Servicios\/cmsdipro\/index.nsf\/fiestas.xsp?p=cultura&amp;documentId=5CF51E9457BABC58C125860F00358F5A\"><strong>la inscripci\u00f3n ser\u00e1 con car\u00e1cter gratuito pulsando este enlace<\/strong><\/a>\u00ab, aunque lo cierto es que en las primeras 24 horas ya se hab\u00edan cubierto pr\u00e1cticamente la totalidad de las plazas. No obstante, por si hubiera alguna baja, el <strong>departamento de Cultura de la Diputaci\u00f3n de Almer\u00eda<\/strong> a\u00f1ade que \u00abel <strong>plazo de inscripci\u00f3n finaliza el pr\u00f3ximo 6 de noviembre<\/strong> o <strong>cuando se cubran las plazas<\/strong>. Los inscritos tendr\u00e1n derecho a un <strong>diploma de 11 horas lectivas<\/strong> acreditando su asistencia mediante control presencial\u00bb. Y advierte que hay m\u00e1s informaci\u00f3n en los tel\u00e9fonos 950 211 705 y 950 211 216 aunque previene que \u00abdebido a la situaci\u00f3n actual, ser\u00e1 obligatorio el uso de mascarilla durante todas las jornadas del taller. Igualmente habr\u00e1 gel hidroalc\u00f3holico a la entrada del centro.<\/p>\n<p><a href=\"https:\/\/majadahondamagazin.es\/wp-content\/uploads\/2020\/10\/Captura-de-pantalla-2020-10-29-a-las-7.41.23.png\"><img loading=\"lazy\" decoding=\"async\" class=\"alignleft size-medium wp-image-170714\" src=\"https:\/\/majadahondamagazin.es\/wp-content\/uploads\/2020\/10\/Captura-de-pantalla-2020-10-29-a-las-7.41.23-175x300.png\" alt=\"\" width=\"175\" height=\"300\" \/><\/a>El primer centenario del videoartista alem\u00e1n <strong>Joseph Beuys<\/strong> (1921-2021) deber\u00eda comenzar exactamente el 12 de mayo del pr\u00f3ximo a\u00f1o, pero la secci\u00f3n de videoarte del <strong>Festival Internacional de Cine de Almer\u00eda<\/strong> (FICAL 2020) ha querido adelantarse seis meses al evento y dar la salida como pionera a lo que sin duda ser\u00e1 un marat\u00f3n de eventos en todo el mundo\u00bb, indica la web de la APA. Y recuerda que el encargado de la docencia de este taller ser\u00e1 el periodista almeriense <strong>Federico Mart\u00ednez Utrera<\/strong> (Almer\u00eda, 1963), \u00abquien es profesor de posgrado en Comunicaci\u00f3n Audiovisual en la Next International Business School (IBS) y de la Universidad Rey Juan Carlos (URJC), ambas en Madrid. Fue <strong>premio extraordinario<\/strong> por su tesis doctoral sobre el <strong>Mass Media Art<\/strong> y es autor de la primera biograf\u00eda y cat\u00e1logo razonado sobre el videoartista norteamericano <strong>Bill Viola<\/strong>. Ha participado impartiendo talleres o como jurado en diversos festivales internacionales de cine y videoarte: Las Palmas de Gran Canaria, Medina del Campo (Valladolid), T\u00e1nger (Marruecos), Astorga (Le\u00f3n), etc&#8230; y ha sido invitado y acreditado en diferentes exposiciones de videoarte en museos y centros de arte de todo el mundo: Instituto Cervantes (Nueva York), Fundaci\u00f3n Strozzi (Florencia), Grand Palais (Par\u00eds), Museo Guggenheim (Nueva York y Bilbao), Museo de Arte abstracto espa\u00f1ol \/ Fundaci\u00f3n Juan March (Cuenca), etc&#8230;\u00bb. <strong>Federico Utrera<\/strong> \u00abha reunido su obra critica en \u201c<strong>Cordel de Extraviados. Literatura y Arte\u201d,<\/strong> prologados por el Conservador del Museo del Prado, <strong>Mat\u00edas D\u00edaz Padr\u00f3n<\/strong> y por el Premio Cervantes, <strong>Juan Goytisolo<\/strong>. Ha realizado en ediciones anteriores de FICAL talleres de videoarte dedicados a <strong>Nam June Paik (Corea), Wolf Vostell (Alemania), Yoko Ono (Jap\u00f3n), Bill Viola (EE.UU), Fernando Arrabal (Espa\u00f1a), Julian Rosefeldt (Alemania) y Michel Houellebecq (Francia)\u00bb<\/strong>, concluye la web.<\/p>\n<figure id=\"attachment_170730\" aria-describedby=\"caption-attachment-170730\" style=\"width: 300px\" class=\"wp-caption alignleft\"><a href=\"https:\/\/majadahondamagazin.es\/wp-content\/uploads\/2020\/10\/w620_h465_x310_y232_ab0cfe2ed02a4553.jpg\"><img loading=\"lazy\" decoding=\"async\" class=\"wp-image-170730 size-medium\" src=\"https:\/\/majadahondamagazin.es\/wp-content\/uploads\/2020\/10\/w620_h465_x310_y232_ab0cfe2ed02a4553-300x225.jpg\" alt=\"\" width=\"300\" height=\"225\" \/><\/a><figcaption id=\"caption-attachment-170730\" class=\"wp-caption-text\">Josep Beuys: El Festival de Cine de Almer\u00eda, pionero en la celebraci\u00f3n de su Primer Centenario<\/figcaption><\/figure>\n<p><span style=\"color: #3366ff;\"><strong>LOS MUSEOS DE ALEMANIA TAMBIEN PREPARAN SU CENTENARIO<\/strong>.<\/span> DPA PRESS. (Krefeld (Alemania). Los museos de arte de la ciudad de <strong>Krefeld<\/strong> presentar\u00e1n, con motivo del centenario del nacimiento del famoso artista alem\u00e1n <strong>Joseph Beuys<\/strong> (1921-1986), una gran muestra titulada \u00ab<strong>Beuys &amp; Duchamp<\/strong>\u00ab. Artistas del futuro\u00bb, anunciaron las salas. Los museos se\u00f1alaron que confrontar\u00e1n por primera vez la obra de Beuys con la del franc\u00e9s <strong>Marcel Duchamp<\/strong> (1887-1968), el pionero del arte conceptual. La exposici\u00f3n abrir\u00e1 sus puertas al p\u00fablico el 8 de octubre de 2021 y est\u00e1 programada hasta el 16 de enero de 2022. El propio Beuys se refiri\u00f3 al provocador artista franc\u00e9s en 1964 en D\u00fcsseldorf con su acci\u00f3n Fluxus titulada \u00abDas Schweigen von <strong>Marcel Duchamp<\/strong> wird \u00fcberbewertet\u00bb <strong>(el silencio de Marcel Duchamp est\u00e1 sobrevalorado)<\/strong>. Con motivo del centenario del nacimiento de <strong>Beuys<\/strong>, el estado federado de Renania del Norte-Westfalia planea toda una serie de eventos en 2021. Alrededor de 20 museos e instituciones culturales del estado participar\u00e1n con exposiciones y expresiones de arte de acci\u00f3n. Beuys es considerado uno de los artistas m\u00e1s influyentes del siglo pasado en todo el mundo. Como escultor, artista de acci\u00f3n y dibujante revolucion\u00f3 el concepto del arte. El \u00abhombre con el sombrero de fieltro\u00bb naci\u00f3 en <strong>Krefeld<\/strong> en 1921 y fue docente en la <strong>Academia de Arte de D\u00fcsseldorf<\/strong>, donde muri\u00f3 en 1986.<\/p>\n<p><span style=\"color: #ff0000;\"><strong><a href=\"https:\/\/majadahondamagazin.es\/wp-content\/uploads\/2020\/10\/106-0.jpg\"><img loading=\"lazy\" decoding=\"async\" class=\"alignleft size-medium wp-image-170731\" src=\"https:\/\/majadahondamagazin.es\/wp-content\/uploads\/2020\/10\/106-0-300x237.jpg\" alt=\"\" width=\"300\" height=\"237\" \/><\/a>ALMERIA YA CELEBR\u00d3 HACE 10 A\u00d1OS UNA MUESTRA SOBRE BEUYS<\/strong><\/span>. <strong>Joseph Beuys<\/strong> fue un polifac\u00e9tico artista alem\u00e1n que destac\u00f3 por sus trabajos en campos como la escultura, la performance, el happening o la v\u00eddeoinstalaci\u00f3n. <strong>Beuys<\/strong> hubiera cumplido en 2011 90 a\u00f1os, fecha en la que tambi\u00e9n se cumpl\u00eda el 25 aniversario de su fallecimiento. Por este motivo, la <strong>asociaci\u00f3n Insomnya<\/strong> organiz\u00f3 aquel a\u00f1o una muestra fotogr\u00e1fica con los trabajos de j\u00f3venes fot\u00f3grafos, que se pudo ver en la sede del Instituto Andaluz de la Juventud, en la calle General Tamayo, y que se titul\u00f3 \u00ab<strong>Todo Ser Humano es un Artista: Tributo a Joseph Beuys\u00bb<\/strong>. La muestra estaba compuesta por los trabajos fotogr\u00e1ficos de 19 j\u00f3venes artistas y fue convocada por la asociaci\u00f3n cultural <strong>Insomnya-Iniciativa Social por la M\u00fasica Nueva y el Arte<\/strong>. Con este proyecto este joven colectivo pretend\u00eda rendir homenaje a la figura del polifac\u00e9tico artista alem\u00e1n <strong>Joseph Beuys<\/strong>, con motivo de aquel 90 aniversario de su nacimiento y del 25 de su muerte. <strong>Los j\u00f3venes que mostraron su obra<\/strong> al p\u00fablico almeriense fueron Montse Alonso, Mar\u00eda Rodr\u00edguez, Francisco Marco, Marlene Freniche, Dory Hern\u00e1ndez, Charles Bignon, Gabriel Sergent, Antonia Colomina, Francisco Secci, Yahaira Grao, Dejana Rubcic, Seraf\u00edn Rodr\u00edguez, Jos\u00e9 P\u00e9rez, Paka Reyes, Cris Guti\u00e9rrez, Mar\u00eda Ib\u00e1\u00f1ez, Marixa Dionis, PSYK80 y Juanan Dress.<\/p>\n","protected":false},"excerpt":{"rendered":"<p>MANU RAMOS. \u00abEl Festival Internacional de Cine de Almer\u00eda 2020 ha previsto, como en ediciones anteriores, la organizaci\u00f3n de un taller de car\u00e1cter interactivo con la finalidad de generar \u00e1mbitos para las manifestaciones audiovisuales alternativas y propiciar espacios de encuentro para la reflexi\u00f3n hist\u00f3rica y est\u00e9tica videogr\u00e1fica. Esta novena edici\u00f3n del taller de videoarte de FICAL aborda la figura del polifac\u00e9tico artista Joseph Beuys dada la cercan\u00eda de su centenario (1921-2021). El taller ser\u00e1 impartido por el profesor Federico Mart\u00ednez Utrera, durante las ma\u00f1anas de los d\u00edas 16 al 18 de noviembre de 2020 en el sal\u00f3n de actos del edificio Alfareros de la Diputaci\u00f3n de Almer\u00eda\u00ab. As\u00ed informa la<\/p>\n","protected":false},"author":1,"featured_media":0,"comment_status":"open","ping_status":"open","sticky":false,"template":"","format":"standard","meta":{"footnotes":""},"categories":[32],"tags":[142,437,476,45],"class_list":["post-2338","post","type-post","status-publish","format-standard","hentry","category-videoarte","tag-federico-utrera","tag-festival-internacional-de-cine-de-almeria-fical","tag-joseph-beuys","tag-videoarte-2"],"views":1233,"_links":{"self":[{"href":"https:\/\/editorialhijosdemuleyrubio.com\/index.php?rest_route=\/wp\/v2\/posts\/2338","targetHints":{"allow":["GET"]}}],"collection":[{"href":"https:\/\/editorialhijosdemuleyrubio.com\/index.php?rest_route=\/wp\/v2\/posts"}],"about":[{"href":"https:\/\/editorialhijosdemuleyrubio.com\/index.php?rest_route=\/wp\/v2\/types\/post"}],"author":[{"embeddable":true,"href":"https:\/\/editorialhijosdemuleyrubio.com\/index.php?rest_route=\/wp\/v2\/users\/1"}],"replies":[{"embeddable":true,"href":"https:\/\/editorialhijosdemuleyrubio.com\/index.php?rest_route=%2Fwp%2Fv2%2Fcomments&post=2338"}],"version-history":[{"count":1,"href":"https:\/\/editorialhijosdemuleyrubio.com\/index.php?rest_route=\/wp\/v2\/posts\/2338\/revisions"}],"predecessor-version":[{"id":2339,"href":"https:\/\/editorialhijosdemuleyrubio.com\/index.php?rest_route=\/wp\/v2\/posts\/2338\/revisions\/2339"}],"wp:attachment":[{"href":"https:\/\/editorialhijosdemuleyrubio.com\/index.php?rest_route=%2Fwp%2Fv2%2Fmedia&parent=2338"}],"wp:term":[{"taxonomy":"category","embeddable":true,"href":"https:\/\/editorialhijosdemuleyrubio.com\/index.php?rest_route=%2Fwp%2Fv2%2Fcategories&post=2338"},{"taxonomy":"post_tag","embeddable":true,"href":"https:\/\/editorialhijosdemuleyrubio.com\/index.php?rest_route=%2Fwp%2Fv2%2Ftags&post=2338"}],"curies":[{"name":"wp","href":"https:\/\/api.w.org\/{rel}","templated":true}]}}