{"id":2344,"date":"2020-11-16T10:30:33","date_gmt":"2020-11-16T09:30:33","guid":{"rendered":"https:\/\/editorialhijosdemuleyrubio.com\/?p=2344"},"modified":"2020-11-16T10:30:33","modified_gmt":"2020-11-16T09:30:33","slug":"joseph-beuys-1o-centenario-taller-de-videoarte-en-almeria-y-exposicion-en-madrid","status":"publish","type":"post","link":"https:\/\/editorialhijosdemuleyrubio.com\/?p=2344","title":{"rendered":"Joseph Beuys (1\u00ba Centenario): taller de videoarte en Almer\u00eda y exposici\u00f3n en Madrid"},"content":{"rendered":"<figure id=\"attachment_171473\" aria-describedby=\"caption-attachment-171473\" style=\"width: 300px\" class=\"wp-caption alignleft\"><a href=\"https:\/\/majadahondamagazin.es\/wp-content\/uploads\/2020\/11\/111111-scaled.jpg\"><img loading=\"lazy\" decoding=\"async\" class=\"size-medium wp-image-171473\" src=\"https:\/\/majadahondamagazin.es\/wp-content\/uploads\/2020\/11\/111111-300x225.jpg\" alt=\"\" width=\"300\" height=\"225\" \/><\/a><figcaption id=\"caption-attachment-171473\" class=\"wp-caption-text\">Lidia Garc\u00eda junto al cartel con la fotograf\u00eda de Joseph Beuys en la exposici\u00f3n de Madrid: su vida y obra videogr\u00e1fica se estudiar\u00e1 en el Festival de Almer\u00eda 2020<\/figcaption><\/figure>\n<p>LIDIA GARCIA. \u00ab<strong>1921-2021: Joseph Beuys: Primer Centenario\u00bb<\/strong> es el t\u00edtulo de la secci\u00f3n de videoarte que el Festival Internacional de Cine de Almer\u00eda (FICAL 2020) inaugura <strong><a href=\"https:\/\/majadahondamagazin.es\/el-festival-internacional-de-cine-de-almeria-fical-2020-desvela-la-seccion-de-videoarte-de-federico-utrera-joseph-beuys-1o-centenario-170713\">este lunes 16 de noviembre (2020)<\/a> <\/strong>con el taller audiovisual de Federico Utrera (Almer\u00eda, 1963), profesor en la Next ISB de Madrid y especialista en videoarte. El \u00abworkshop\u00bb inteactivo, gratuito y de tres d\u00edas de duraci\u00f3n, ha tenido que reprogramarse a la ma\u00f1ana en lugar de la tarde debido a las medidas de confinamiento en Andaluc\u00eda, pero igualmente emitir\u00e1 <strong>45 v\u00eddeos<\/strong> de o sobre <strong>Joseph Beuys<\/strong>. Y a\u00fan quedan <a href=\"https:\/\/www.dipalme.org\/Servicios\/cmsdipro\/index.nsf\/fiestas.xsp?p=cultura&amp;documentId=5CF51E9457BABC58C125860F00358F5A\"><strong>algunas plazas libres<\/strong><\/a>. La muestra de videoarte en Almer\u00eda coincide con la presencia del c\u00e9lebre artista alem\u00e1n en la exposici\u00f3n que tiene lugar en Madrid titulada \u00ab<a href=\"https:\/\/www.teatrofernangomez.es\/actividades\/exposicion-not-love-song\"><strong>This is not a love song<\/strong><\/a>. Cruce de caminos entre las artes visuales y la m\u00fasica pop (1965\u20132020)\u00bb. La muestra, comisariada por el profesor <strong>Javier Panera<\/strong> (Universidad de Salamanca), puede verse hasta abril de 2021 y sus im\u00e1genes ilustran esta noticia. El programa definitivo del taller de videoarte de <strong>Federico Utrera<\/strong> es el siguiente:<!--more--><\/p>\n<figure id=\"attachment_171435\" aria-describedby=\"caption-attachment-171435\" style=\"width: 300px\" class=\"wp-caption alignleft\"><a href=\"https:\/\/majadahondamagazin.es\/wp-content\/uploads\/2020\/11\/IMG_5656.jpeg\"><img loading=\"lazy\" decoding=\"async\" class=\"wp-image-171435 size-medium\" src=\"https:\/\/majadahondamagazin.es\/wp-content\/uploads\/2020\/11\/IMG_5656-300x225.jpeg\" alt=\"\" width=\"300\" height=\"225\" \/><\/a><figcaption id=\"caption-attachment-171435\" class=\"wp-caption-text\">El v\u00eddeoclip musical de Beuys se emite en Madrid y en Almer\u00eda junto al resto de su obra videoart\u00edstica<\/figcaption><\/figure>\n<p><strong><span style=\"color: #ff0000;\">DIA 1: INAUGURACION<\/span><\/strong>. <strong>Kleve<\/strong> (Krefeld) 1921-1941. Juventudes Hitlerianas. \u201cTodo es <strong>Escultura<\/strong>\u201d. 19-41-1946: 2\u00aa Guerra Mundial. Testimonios de Joseph <strong>Beuys<\/strong>. 1946: La Postguerra. Pasado, Presente y Futuro en JB. <strong>T\u00e1rtaros<\/strong>, Soldados y Grasa: La Historia. W. <strong>Kruger<\/strong> y JB. 1947: Academia de Arte de <strong>Dusseldorf<\/strong>. 1949: Galer\u00eda <strong>Parnass<\/strong>. 1953: Primera Exposici\u00f3n en <strong>Kleve<\/strong>. Los Hermanos <strong>Grinten<\/strong>. Beuys en Kleve. 1954\/58: Depresiones, Dudas, Privaciones. 1956\/58: <strong>Paik<\/strong> llega a Alemania. <strong>John Cage<\/strong>. Expo Grupo Zero: \u00abMotion In Vision \u2013 Vision In Motion\u201d (Dusseldorf 1957, Amberes 1959). 1957\/58 Galeri\u0301a <strong>Schmela<\/strong> \/ Taller de <strong>Mack y Piene<\/strong>. 1955\/57: Formacio\u0301n Literaria y Crisis Psicolo\u0301gica. 1958: El <strong>Chama\u0301n<\/strong>. 1959: NJP en <strong>Wuppertal<\/strong> \/ \u201cTributo A <strong>John Cage<\/strong>\u201d (1973\/76). 1961 (40 An\u0303os): Profesor de \u201cEscultura Monumental\u201d en <strong>Dusseldorf<\/strong>. JB en <strong>Florian Henckel<\/strong>.<\/p>\n<figure id=\"attachment_171437\" aria-describedby=\"caption-attachment-171437\" style=\"width: 300px\" class=\"wp-caption alignleft\"><a href=\"https:\/\/majadahondamagazin.es\/wp-content\/uploads\/2020\/11\/IMG_5662.jpeg\"><img loading=\"lazy\" decoding=\"async\" class=\"wp-image-171437 size-medium\" src=\"https:\/\/majadahondamagazin.es\/wp-content\/uploads\/2020\/11\/IMG_5662-300x225.jpeg\" alt=\"\" width=\"300\" height=\"225\" \/><\/a><figcaption id=\"caption-attachment-171437\" class=\"wp-caption-text\">Documento Fluxus en la exposici\u00f3n <strong>\u00ab<\/strong>This is not a love song\u00bb<\/figcaption><\/figure>\n<p><span style=\"color: #ff0000;\"><strong>DIA 2: PRIMERA PARTE<\/strong><\/span>. La <strong>Grasa<\/strong> de <strong>Beuys<\/strong>. \u00bfLos Materiales? Lo Relevante es la \u201c<strong>Teori\u0301a de la Accio\u0301n<\/strong> como una <strong>Escultura Viva<\/strong>\u201d. La <strong>Grasa<\/strong> y el <strong>Sombrero<\/strong>. \u201cElemento para superar la <strong>Herida<\/strong>\u201d \/ \u201cAfinidad Secreta\u201d. Relaci\u00f3n entre <strong>Teori\u0301a, Materiales y Biograf\u00eda<\/strong>. El <strong>Sombrero<\/strong> de JB: \u201cMesi\u0301as en Fieltro\u201d (Thomas Paizer). 1961: <strong>Alquimista<\/strong>. 1961: \u201cBarraque D\u2019dull Odde\u201d. 1962: <strong>Fluxus<\/strong>. NJP, Arte <strong>Conceptual<\/strong>: Beuys y <strong>Vostell<\/strong>. 1962: Cofundador de <strong>Fluxus<\/strong> y desavenencias. 1963: Festum Fluxorum Fluxus \/ 1963: <strong>Sinfonia Siberiana y Eurasia<\/strong>\/ Festivales Fluxus (Europa). 1963: NJ <strong>Paik<\/strong> en <strong>Wuppertal<\/strong> con Beuys (G. Parnass). 1964: <strong>Documenta 3<\/strong> de <strong>Kassel<\/strong>. 1964 \u201c<strong>El Jefe<\/strong>\u201d. 1964: <strong>La Manada<\/strong> (El Trineo). 1964 \u201c<strong>Silla con Grasa<\/strong>\u201d. 1964: <strong>Aquisgra\u0301n<\/strong> (Aachen): \u201cKukei, Akopee \u00a1Nein!\u201d. 1964: \u201c<strong>Curriculum<\/strong> de Vida y Obra\u201d. <strong>Agresio\u0301n<\/strong>. <strong>Vostell<\/strong> &amp; Beuys. Acciones. 1964: \u201c<strong>El Silencio de Duchamp esta\u0301 sobrevalorado<\/strong>\u201d. 1965: Galeri\u0301a <strong>Parnass<\/strong>: \u00abY En Nosotros&#8230; Entre Nosotros&#8230; Bajo Tierra\u201d.<\/p>\n<figure id=\"attachment_171439\" aria-describedby=\"caption-attachment-171439\" style=\"width: 300px\" class=\"wp-caption alignleft\"><a href=\"https:\/\/majadahondamagazin.es\/wp-content\/uploads\/2020\/11\/IMG_5667.jpeg\"><img loading=\"lazy\" decoding=\"async\" class=\"wp-image-171439 size-medium\" src=\"https:\/\/majadahondamagazin.es\/wp-content\/uploads\/2020\/11\/IMG_5667-300x225.jpeg\" alt=\"\" width=\"300\" height=\"225\" \/><\/a><figcaption id=\"caption-attachment-171439\" class=\"wp-caption-text\">Obras de Beuys en Madrid que ser\u00e1n estudiadas en Almer\u00eda<\/figcaption><\/figure>\n<p><span style=\"color: #ff0000;\"><strong>DIA 2 SEGUNDA PARTE: <\/strong><span style=\"color: #000000;\">1965<strong>:<\/strong><\/span><\/span> \u201c<strong>Como Explicar un Cuadro a una Liebre Muerta<\/strong>\u201d. 1966: <strong>Manresa<\/strong>. La <strong>Cruz<\/strong>. 1967: Exposici\u00f3n Razonada. 1967: El <strong>Partido de los Estudiantes<\/strong>. Mayo de 1968 en Alemania \/ <strong>Documenta 4<\/strong> Kassel. Fieltro Tl. 1971: Celtic + \u223f\u223f\u223f\u223f <strong>Para Lavar los Pies<\/strong>. 1971: <strong>Despido como Profesor<\/strong>. 1971: <strong>Universidad Libre Internacional<\/strong> (FIU). 1971: El <strong>Arte de la Pol\u00edtica<\/strong>. \u201c<strong>Plan de Energi\u0301a para el Hombre Occidental<\/strong>\u201d. 1972. <strong>Documenta 5<\/strong> (Kassel). <strong>Oficina y Rosa para la Organizacio\u0301n de la Democracia Directa<\/strong>. 1972: Las <strong>Escobas<\/strong> (Plata y Cobre): Barrer la \u201c<strong>Dictadura del Proletariado<\/strong>\u201d. 1972: \u201cComo se puede superar la <strong>Dictadura de los Partidos<\/strong>\u201d. 1972. Roma: \u201cLa <strong>Revolucio\u0301n Somos Nosotros<\/strong>\u201d. 1973: \u201cLa <strong>Democracia es Divertida<\/strong>\u201d. El Boxeo (1972). 1972\/74: Joseph <strong>Beuys en Espan\u0303a<\/strong> \/ Sim\u00f3n <strong>Marchan Fiz<\/strong>. 1973: \u201c<strong>Enterprise<\/strong>&#8230;\u201d \/ (TV) Star Trek. 1973-76: Beuys y el <strong>Videoarte<\/strong>. Art Tapes 22\/Gianni <strong>Melotti<\/strong>. Vitex Agnus <strong>Cactus<\/strong>. \u201cValores <strong>Econo\u0301micos<\/strong>\u201d.<\/p>\n<figure id=\"attachment_171438\" aria-describedby=\"caption-attachment-171438\" style=\"width: 300px\" class=\"wp-caption alignleft\"><a href=\"https:\/\/majadahondamagazin.es\/wp-content\/uploads\/2020\/11\/IMG_5665.jpeg\"><img loading=\"lazy\" decoding=\"async\" class=\"size-medium wp-image-171438\" src=\"https:\/\/majadahondamagazin.es\/wp-content\/uploads\/2020\/11\/IMG_5665-300x225.jpeg\" alt=\"\" width=\"300\" height=\"225\" \/><\/a><figcaption id=\"caption-attachment-171438\" class=\"wp-caption-text\">Fotos de Joseph Beuys y Nam June Paik en la exposici\u00f3n de Madrid<\/figcaption><\/figure>\n<p><span style=\"color: #ff0000;\"><strong>DIA 3: CLAUSURA<\/strong><\/span>: 1974: Beuys In <strong>America<\/strong>: \u201c<strong>Dillinger<\/strong> Aktion\u201d. 1974: I Like Ame\u0301rica&#8230; (<strong>Coyote<\/strong>). Viaje a <strong>Kenia<\/strong> y 2\u00ba Infarto. 1976: <strong>Bienal de Venecia<\/strong>. 1976: Beuys en \u201c<strong>Guadalcanal Requiem<\/strong>\u201c de NJP y Bill Viola. 1977: <strong>Documenta 6<\/strong> (Kassel): \u201c<strong>Discurso<\/strong> de Inauguracio\u0301n\u201d. 1977: Documenta 6 (Kassel): \u201c<strong>Bomba de Miel<\/strong>\u201d. NJ Paik \/ J. Beuys (1987). JB: <strong>Majorca Fantasia<\/strong> (1989). 1994: <strong>Spainish TV Bueys<\/strong>. Peter <strong>Krieger<\/strong> y JB. Exposicio\u0301n JB\/NJP 2016. 1978: <strong>The Hearth<\/strong> I y II (La Lumbre). Beuys (1968-1974): Kunstmuseum Basel. 1979: JB y <strong>Andy Warhol.<\/strong> 1979 Fundador de los \u201c<strong>Verdes<\/strong>\u201d alemanes. El Final de su \u201c<strong>Carrera\u201d Pol\u00edtica Verde<\/strong>\u201d. 1982: Su debut como <strong>cantante<\/strong> \u201cverde\u201d. 1979\/80: Primeras Compras: \u201cMuestra Tu <strong>Herida<\/strong>\u201d. 1981: <strong>Primera Exposici\u00f3n en Espan\u0303a<\/strong>. 1982: <strong>Documenta 7.<\/strong> Los <strong>7.000 Robles<\/strong> de Beuys. 1982: <strong>Dalai Lama<\/strong>. 1984: \u201c<strong>Good Morning Mr. Orwell\u201d<\/strong>. 1986. Premio <strong>Lehmbruck<\/strong>. 1986\/ Joseph Beuys \u201c<strong>Post Mortem<\/strong>\u201d. JB y la <strong>Moda<\/strong> como \u201cObjeto\u201d en el Arte. Ce\u0301lebres <strong>Vandalismos<\/strong> en JB. <strong>Houellebecq<\/strong> y JB: \u201cEl Arte como Piel\u201d.<strong> Bill Viola<\/strong> y Joseph Beuys. 2018\/ Joseph Beuys: <strong>Utop\u00eda<\/strong>.<\/p>\n<figure id=\"attachment_171436\" aria-describedby=\"caption-attachment-171436\" style=\"width: 300px\" class=\"wp-caption aligncenter\"><a href=\"https:\/\/majadahondamagazin.es\/wp-content\/uploads\/2020\/11\/IMG_5666.jpeg\"><img loading=\"lazy\" decoding=\"async\" class=\"wp-image-171436 size-medium\" src=\"https:\/\/majadahondamagazin.es\/wp-content\/uploads\/2020\/11\/IMG_5666-300x225.jpeg\" alt=\"\" width=\"300\" height=\"225\" \/><\/a><figcaption id=\"caption-attachment-171436\" class=\"wp-caption-text\">Vitrina de la secci\u00f3n de Beuys en la exposici\u00f3n de Madrid comisariada por Javier Panera<\/figcaption><\/figure>\n","protected":false},"excerpt":{"rendered":"<p>LIDIA GARCIA. \u00ab1921-2021: Joseph Beuys: Primer Centenario\u00bb es el t\u00edtulo de la secci\u00f3n de videoarte que el Festival Internacional de Cine de Almer\u00eda (FICAL 2020) inaugura este lunes 16 de noviembre (2020) con el taller audiovisual de Federico Utrera (Almer\u00eda, 1963), profesor en la Next ISB de Madrid y especialista en videoarte. El \u00abworkshop\u00bb inteactivo, gratuito y de tres d\u00edas de duraci\u00f3n, ha tenido que reprogramarse a la ma\u00f1ana en lugar de la tarde debido a las medidas de confinamiento en Andaluc\u00eda, pero igualmente emitir\u00e1 45 v\u00eddeos de o sobre Joseph Beuys. Y a\u00fan quedan algunas plazas libres. La muestra de videoarte en Almer\u00eda coincide con la presencia del c\u00e9lebre<\/p>\n","protected":false},"author":1,"featured_media":0,"comment_status":"open","ping_status":"open","sticky":false,"template":"","format":"standard","meta":{"footnotes":""},"categories":[14,32],"tags":[142,477,476,45],"class_list":["post-2344","post","type-post","status-publish","format-standard","hentry","category-blog-de-videoarte","category-videoarte","tag-federico-utrera","tag-festival-internacional-de-cine-de-almeria","tag-joseph-beuys","tag-videoarte-2"],"views":1336,"_links":{"self":[{"href":"https:\/\/editorialhijosdemuleyrubio.com\/index.php?rest_route=\/wp\/v2\/posts\/2344","targetHints":{"allow":["GET"]}}],"collection":[{"href":"https:\/\/editorialhijosdemuleyrubio.com\/index.php?rest_route=\/wp\/v2\/posts"}],"about":[{"href":"https:\/\/editorialhijosdemuleyrubio.com\/index.php?rest_route=\/wp\/v2\/types\/post"}],"author":[{"embeddable":true,"href":"https:\/\/editorialhijosdemuleyrubio.com\/index.php?rest_route=\/wp\/v2\/users\/1"}],"replies":[{"embeddable":true,"href":"https:\/\/editorialhijosdemuleyrubio.com\/index.php?rest_route=%2Fwp%2Fv2%2Fcomments&post=2344"}],"version-history":[{"count":1,"href":"https:\/\/editorialhijosdemuleyrubio.com\/index.php?rest_route=\/wp\/v2\/posts\/2344\/revisions"}],"predecessor-version":[{"id":2345,"href":"https:\/\/editorialhijosdemuleyrubio.com\/index.php?rest_route=\/wp\/v2\/posts\/2344\/revisions\/2345"}],"wp:attachment":[{"href":"https:\/\/editorialhijosdemuleyrubio.com\/index.php?rest_route=%2Fwp%2Fv2%2Fmedia&parent=2344"}],"wp:term":[{"taxonomy":"category","embeddable":true,"href":"https:\/\/editorialhijosdemuleyrubio.com\/index.php?rest_route=%2Fwp%2Fv2%2Fcategories&post=2344"},{"taxonomy":"post_tag","embeddable":true,"href":"https:\/\/editorialhijosdemuleyrubio.com\/index.php?rest_route=%2Fwp%2Fv2%2Ftags&post=2344"}],"curies":[{"name":"wp","href":"https:\/\/api.w.org\/{rel}","templated":true}]}}