{"id":2388,"date":"2021-09-24T07:00:22","date_gmt":"2021-09-24T05:00:22","guid":{"rendered":"https:\/\/editorialhijosdemuleyrubio.com\/?p=2388"},"modified":"2021-09-24T07:00:22","modified_gmt":"2021-09-24T05:00:22","slug":"francisco-gimenez-aleman-escribe-sobre-carlos-perez-siquier-juan-goytisolo-y-federico-utrera","status":"publish","type":"post","link":"https:\/\/editorialhijosdemuleyrubio.com\/?p=2388","title":{"rendered":"Francisco Gim\u00e9nez-Alem\u00e1n escribe sobre Carlos P\u00e9rez Siquier, Juan Goytisolo y Federico Utrera"},"content":{"rendered":"<figure id=\"attachment_186792\" aria-describedby=\"caption-attachment-186792\" style=\"width: 300px\" class=\"wp-caption alignleft\"><img loading=\"lazy\" decoding=\"async\" class=\"wp-image-186792 size-medium\" src=\"https:\/\/majadahondamagazin.es\/wp-content\/uploads\/2021\/09\/66666-300x187.jpg\" alt=\"\" width=\"300\" height=\"187\" \/><figcaption id=\"caption-attachment-186792\" class=\"wp-caption-text\">Francisco Gim\u00e9nez Alem\u00e1n: art\u00edculo sobre Carlos P\u00e9rez Siquier y Juan Goytisolo que menciona los escritos de Federico Utrera sobre el novelista a prop\u00f3sito de la relaci\u00f3n con el fot\u00f3grafo<\/figcaption><\/figure>\n<p>MANU RAMOS. El reciente fallecimiento del m\u00edtico y original fot\u00f3grafo <strong>Carlos P\u00e9rez Siquier<\/strong> (1930-2021) ha originado una oleada de reacciones y necrol\u00f3gicas en el mundo de la cultura en toda Espa\u00f1a. Desde MJD Magazin queremos subrayar dos: el art\u00edculo del periodista y ex director de ABC y Telemadrid, <strong>Francisco Gim\u00e9nez Alem\u00e1n<\/strong>, publicado en <a href=\"https:\/\/www.lavozdealmeria.com\/noticia\/12\/almeria\/222092\/el-lugarico-perez-siquier-y-juan-goytisolo\">\u00abLa Voz de Almer\u00eda<\/a>\u00bb y el obituario personal del escritor y periodista, <strong>Federico Utrera<\/strong> en \u00ab<strong>Diario de Almer\u00eda<\/strong>\u00ab, que ofrecemos a continuaci\u00f3n: <span style=\"color: #ff0000;\">\u00abEl Lugarico: <strong>P\u00e9rez Siquier y Juan Goytisolo<\/strong>. Un acierto unir la letra de Goytisolo a las im\u00e1genes de belleza tomadas por <strong>P\u00e9rez Siquier<\/strong>\u00bb (<strong>Francisco Gim\u00e9nez-Alem\u00e1n<\/strong>, 18 septiembre 2021).<\/span> Dentro de la modestia de su talante, Carlos P\u00e9rez Siquier no quiso decir nunca p\u00fablicamente que el libro \u00abLa Chanca\u00bb de Juan Goytisolo se inspir\u00f3 en su colecci\u00f3n fotogr\u00e1fica que mediados los a\u00f1os cincuenta hizo pacientemente nuestro gran artista de la c\u00e1mara hoy desaparecido. El propio <strong>Goytisolo<\/strong> lo coment\u00f3 en m\u00e1s de una entrevista al revelar el impacto emocional que le produjeron esas im\u00e1genes en blanco y negro, y que a partir de ah\u00ed comenz\u00f3 a escribir la que ser\u00eda una de las grandes obras del realismo literario espa\u00f1ol. A\u00f1os despu\u00e9s la <strong>Junta de Andaluc\u00eda<\/strong> tuvo el acierto de maridar en una sola edici\u00f3n texto y fotos, de suerte que el lector tiene as\u00ed la realidad de <strong>La Chanca<\/strong> narrada con viva crueldad por un excelso escritor e ilustrada por un genial fot\u00f3grafo almeriense.<!--more--><\/p>\n<figure id=\"attachment_186790\" aria-describedby=\"caption-attachment-186790\" style=\"width: 300px\" class=\"wp-caption alignleft\"><img loading=\"lazy\" decoding=\"async\" class=\"wp-image-186790 size-medium\" src=\"https:\/\/majadahondamagazin.es\/wp-content\/uploads\/2021\/09\/111-3-300x238.jpg?_t=1631986533\" alt=\"\" width=\"300\" height=\"238\" \/><figcaption id=\"caption-attachment-186790\" class=\"wp-caption-text\">Fotograf\u00eda de P\u00e9rez Siquier por Guillermo Fuertes<\/figcaption><\/figure>\n<p>De las muchas ocasiones que tuve de conversar con <strong>P\u00e9rez Siquier<\/strong> recuerdo especialmente el buen rato que echamos en el teatro de la Maestranza de Sevilla cuando recibi\u00f3 la medalla de oro de Andaluc\u00eda de manos del presidente <strong>Manuel Chaves<\/strong>, como reconocimiento a su trabajo, a su incansable dedicaci\u00f3n a la fotograf\u00eda y a su acendrada pasi\u00f3n por nuestra tierra, porque si algo llevaba Carlos en el fondo de su alma era un almeriensismo sin fisuras. Una vez le pregunt\u00e9 que c\u00f3mo se ve\u00eda Almer\u00eda por el objetivo, y en lugar de contestarme me cedi\u00f3 la m\u00e1quina y solo me dijo: \u201cMira\u201d. Comprend\u00ed entonces el verso de <strong>Antonio Machado<\/strong>: \u201cEl ojo que te ve no es ojo porque t\u00fa lo veas, es ojo porque te ve\u201d. Es decir, lo que el artista ve a trav\u00e9s de su objetivo no es una foto porque t\u00fa la est\u00e9s viendo, sino que es un plano que te capta a ti. No de otra forma puede entenderse el arte de este gran maestro de la fotograf\u00eda, cuya habilidad consist\u00eda, por ejemplo, en retratar a la ni\u00f1a de <strong>La Chanca<\/strong> en su puerta con esa naturalidad expresiva de la que solo son capaces quienes est\u00e1n tocados por el don de la excelencia. <strong>Carlos<\/strong> era un genio al que pod\u00edas ver con su guayabera paseando o tomando una ca\u00f1a sin d\u00e1rselas de nada que no fuera su sentido de la amistad y de la empat\u00eda.<\/p>\n<figure id=\"attachment_186794\" aria-describedby=\"caption-attachment-186794\" style=\"width: 300px\" class=\"wp-caption alignleft\"><img loading=\"lazy\" decoding=\"async\" class=\"wp-image-186794 size-medium\" src=\"https:\/\/majadahondamagazin.es\/wp-content\/uploads\/2021\/09\/goytisolo-utrera1-570x570-1-300x300.jpg\" alt=\"\" width=\"300\" height=\"300\" \/><figcaption id=\"caption-attachment-186794\" class=\"wp-caption-text\">Federico Utrera y Juan Goytisolo en Tetu\u00e1n (Marruecos) antes de la presentaci\u00f3n del libro \u00abEspa\u00f1a y sus Ejidos\u00bb<\/figcaption><\/figure>\n<p>Algo distinto era al parecer <strong>Juan Goytisolo<\/strong> a quien solo he alcanzado a conocer a trav\u00e9s de los <strong><a href=\"https:\/\/majadahondamagazin.es\/me-encuentro-razonablemente-mal-conversaciones-episodios-y-fotografias-de-juan-goytisolo-y-federico-utrera-77953\">escritos de nuestro paisano Federico Utrera<\/a>.<\/strong> Un tanto distante y como encerrado en su mundo interior descubri\u00f3 el para\u00edso en Almer\u00eda de la que quedar\u00eda prendado de por vida. No se explicaba c\u00f3mo se pod\u00eda hablar de la belleza tel\u00farica sin referirse a los paisajes de estas tierras, como as\u00ed lo comentaba Jos\u00e9 \u00c1ngel Valente llegado, y anclado junto a la Catedral, de la mano del autor de Campos de N\u00edjar. As\u00ed pudimos verlo por \u00faltima vez en la tele cuando los Reyes le entregaron el <strong>Premio Cervantes<\/strong> y supimos que vest\u00eda un traje prestado con cierto desali\u00f1o indumentario. Acaso porque <strong>La Chanca<\/strong>, prohibido por la censura franquista -no se edit\u00f3 hasta 1962 y en Par\u00eds- fue considerado por la intelectualidad org\u00e1nica como libro maldito, o porque pon\u00eda de relieve las verg\u00fcenzas de nuestra ciudad, el caso es que <strong>Goytisolo<\/strong> no disfrut\u00f3 de la popularidad que una obra tan descarnada pod\u00eda haberle reportado. Y, adem\u00e1s, su car\u00e1cter apocado y ciertamente t\u00edmido no le ayudaba en nada. Revisen, si no, las im\u00e1genes del solemne acto al que me refiero en el paraninfo de la <strong>Universidad de Alcal\u00e1 de Henares<\/strong>, 23 de abril de 2014, en las que parece estar deseando que aquello termine cuanto antes, seguramente por su nula simpat\u00eda hacia la Corona y su aversi\u00f3n a la pompa y circunstancia.<\/p>\n<figure id=\"attachment_186803\" aria-describedby=\"caption-attachment-186803\" style=\"width: 300px\" class=\"wp-caption alignleft\"><img loading=\"lazy\" decoding=\"async\" class=\"wp-image-186803 size-medium\" src=\"https:\/\/majadahondamagazin.es\/wp-content\/uploads\/2021\/09\/valente-300x169.jpg\" alt=\"\" width=\"300\" height=\"169\" \/><figcaption id=\"caption-attachment-186803\" class=\"wp-caption-text\">Valente bromea, entre bailes, con su amigo Juan Goytisolo, en una imagen tomada en 1995 en el popular barrio almeriense de La Chanca @Francisco Bonilla<\/figcaption><\/figure>\n<p>Sin embargo, personalidades tan distintas coinciden en la narraci\u00f3n literaria y gr\u00e1fica del drama secular de La Chanca, a la que uno y otro, con la pluma y con la c\u00e1mara, le sacan el m\u00e1ximo partido en un libro que pasa a la historia de Almer\u00eda como exponente de la incuria de los sucesivos gobiernos locales y nacionales que permitieron la pervivencia de tal submundo, reino de la miseria, de la insalubridad y del tracoma. Fue un acierto por parte de la Consejer\u00eda de Obras P\u00fablicas de la Junta, en edici\u00f3n de 2008, unir la letra de <strong>Juan Goytisolo<\/strong> a las im\u00e1genes de rar\u00edsima belleza tomadas por <strong>Carlos P\u00e9rez Siquier<\/strong> a lo largo de horas de caminatas por los vericuetos de <strong>La Chanca<\/strong>, sus cuevas, sus chabolas y sus fachadas multicolores. He recordado estos d\u00edas a <strong>Carlos P\u00e9rez Siquier<\/strong> recibiendo la m\u00e1xima condecoraci\u00f3n andaluza en el Maestranza y la medalla de Bellas Artes entregada por los Reyes con el retraso que impuso la pandemia. Y me ha llenado de leg\u00edtimo orgullo que un almeriense discreto y buena persona, artista genial e innovador de las artes fotogr\u00e1ficas est\u00e9 recibiendo el reconocimiento de toda Espa\u00f1a cuando, a los noventa a\u00f1os, se le ha cerrado para siempre el obturador de su retina-<\/p>\n<figure id=\"attachment_186791\" aria-describedby=\"caption-attachment-186791\" style=\"width: 300px\" class=\"wp-caption alignleft\"><img loading=\"lazy\" decoding=\"async\" class=\"wp-image-186791 size-medium\" src=\"https:\/\/majadahondamagazin.es\/wp-content\/uploads\/2021\/09\/22-3-300x258.jpg\" alt=\"\" width=\"300\" height=\"258\" \/><figcaption id=\"caption-attachment-186791\" class=\"wp-caption-text\">Art\u00edculo de Federico Utrera sobre Carlos P\u00e9rez Siquier en \u00abDiario de Almer\u00eda\u00bb<\/figcaption><\/figure>\n<p><span style=\"color: #ff0000;\"><strong><span style=\"color: #3366ff;\">Carlos P\u00e9rez Siquier, In memoriam (Federico Utrera).<\/span><\/strong><\/span> Recuerdo el d\u00eda en que tuve que defender p\u00fablicamente el criterio de Carlos P\u00e9rez Siquier cuando se quejaba de que una foto suya \u2013precisamente la c\u00e9lebre \u201cni\u00f1a de <strong>La Chanca<\/strong>\u201d- hab\u00eda sido \u201ccortada\u201d por un notable error de edici\u00f3n y record\u00e9 entonces como sus libros estaban en los principales museos, desde el Guggenheim hasta el <strong>Reina Sof\u00eda<\/strong>. Junto a <strong>Catal\u00e1-Roca y Schommer<\/strong> o los algo mas j\u00f3venes <strong>C\u00e9sar Lucas y Ouka Lele,<\/strong> el almeriense <strong>Carlos P\u00e9rez Siquier<\/strong> figura ya como un cl\u00e1sico vivo y as\u00ed lo reconoce la Biblioteca de Fot\u00f3grafos Espa\u00f1oles de la prestigiosa editorial La F\u00e1brica, que le ha dedicado un cuidado monogr\u00e1fico en la colecci\u00f3n Photobolsillo. Olvidemos por un d\u00eda ese refr\u00e1n recopilado por el m\u00e9dico <strong>Jos\u00e9 Antonio Garc\u00eda Ramos<\/strong> en su \u201cRefranerillo almeriense\u201d (Colecci\u00f3n Batarro, 2005) que reza \u201cpueblo peque\u00f1o, infierno grande. <strong>Siquier<\/strong> hizo inmensa la fotograf\u00eda como arte en todo el mundo y eso s\u00f3lo fue posible inmortalizando numerosas veces a un pueblo y a unas tierras generosas, altruistas y abiertas. Ser\u00eda una pena que ese mismo lugar se lo perdiera como emblema de la ciudad y de ah\u00ed este obituario de car\u00e1cter hist\u00f3rico.<\/p>\n<figure id=\"attachment_142674\" aria-describedby=\"caption-attachment-142674\" style=\"width: 300px\" class=\"wp-caption alignleft\"><img loading=\"lazy\" decoding=\"async\" class=\"wp-image-142674 size-medium\" src=\"https:\/\/majadahondamagazin.es\/wp-content\/uploads\/2019\/08\/perceval-picasso-por-pc3a9rez-siquier-300x225.jpg\" alt=\"\" width=\"300\" height=\"225\" \/><figcaption id=\"caption-attachment-142674\" class=\"wp-caption-text\">La fotograf\u00eda (montaje digital dir\u00edamos hoy) de P\u00e9rez Siquier sobre Picasso con Perceval y el autorretrato del pintor en su etapa \u00abrepublicana\u00bb. La periodista Julia S\u00e1ez Angulo escribi\u00f3 sobre este <a href=\"https:\/\/majadahondamagazin.es\/un-nuevo-libro-sobre-el-guernica-rocio-robles-tardio-y-una-sorprendente-cita-de-picasso-con-primo-de-rivera-federico-utrera-142377\">curioso episodio<\/a>.<\/figcaption><\/figure>\n<p><span style=\"color: #3366ff;\"><strong>LA RELACION DE PEREZ SIQUIER CON LOS INDALIANOS.<\/strong><\/span> Cuando desde la m\u00e1s lejana periferia peninsular desembarcaba en Madrid durante los a\u00f1os 50 del pasado siglo, la extra\u00f1a, original, plural y autodidacta forma de pintar de los indalianos, fue desacreditada desde las m\u00e1s altas instancias oficiales del franquismo. Un pintor y director del <strong>Museo del Prado<\/strong> y parte de los aduladores que esculpieron el Valle de los Ca\u00eddos los calificaron como un movimiento pernicioso de \u201clamentables consecuencias\u201d para la juventud que pretend\u00eda con su ejemplo confundir su esp\u00edritu. Su pintura era \u00ababsurda, fea, aberrante, extravagante, una torpe ofensa\u00bb a la est\u00e9tica \u201cy a veces, a la moral\u201d. Sus autores eran \u00ab<strong>revoltosos, analfabetos y locos<\/strong>\u00ab, deb\u00edan caer en manos de \u00ab<strong>psiquiatras y frenop\u00e1ticos<\/strong>\u00ab, y si sal\u00edan indemnes del diagn\u00f3stico m\u00e9dico, tendr\u00edan que ser \u00abexcomulgados y encarcelados\u00bb. Asemejados as\u00ed a los ap\u00f3statas y a los delincuentes, deb\u00edan rendir cuentas y ser sancionados, pues estaban incitando de nuevo a la guerra civil, en una suerte de <strong>venganza y revancha \u201csuburbial<\/strong>\u201d (supongo que por \u00ab<strong>La Chanca\u00bb<\/strong>) de los que la perdieron. La Chanca, el barrio de pescadores y obreros que se convirti\u00f3 en uno de sus emblemas y sirvi\u00f3 a menudo de escenario para estos artistas, se convert\u00eda as\u00ed en anatema antes de que la inmortalizase literariamente <strong>Juan Goytisolo<\/strong> y fotogr\u00e1ficamente <strong>Carlos P\u00e9rez Siquier<\/strong> desde el grupo AFAL. Porque para el establishment cultural de la \u00e9poca, hubo un momento en que los peligros est\u00e9ticos que se cern\u00edan sobre Espa\u00f1a eran tres: \u00abcubistas, surrealistas e indalianos\u00bb. Y entre ellos, subrepticiamente, andaba un joven fot\u00f3grafo que aprend\u00eda en los arrabales del editor y tambi\u00e9n fot\u00f3grafo <strong>Jos\u00e9 Mar\u00eda Artero<\/strong> (Librer\u00eda Cajal), llamado <strong>Carlos P\u00e9rez Siquier<\/strong>. Este fue el ap\u00e9ndice fotogr\u00e1fico de la pintura indaliana, una historia que est\u00e1 en la g\u00e9nesis de la formaci\u00f3n del grupo AFAL.<\/p>\n<figure id=\"attachment_186795\" aria-describedby=\"caption-attachment-186795\" style=\"width: 300px\" class=\"wp-caption alignleft\"><img loading=\"lazy\" decoding=\"async\" class=\"size-medium wp-image-186795\" src=\"https:\/\/majadahondamagazin.es\/wp-content\/uploads\/2021\/09\/3e7067culo3g-1-300x215.jpg\" alt=\"\" width=\"300\" height=\"215\" \/><figcaption id=\"caption-attachment-186795\" class=\"wp-caption-text\">La fotograf\u00eda de P\u00e9rez Siquier en la exposici\u00f3n \u00abOculos\u00bb de la Fundaci\u00f3n Telef\u00f3nica que no le gust\u00f3 al poeta y pol\u00edtico Luis Alberto de Cuenca<\/figcaption><\/figure>\n<p>Por Madrid tambi\u00e9n pas\u00f3 su fotograf\u00eda para la exposici\u00f3n \u00ab<strong>\u00d3culos<\/strong>\u00ab. Y entonces escrib\u00ed que \u00abhay gl\u00fateos para todos los gustos, como se encargaba de se\u00f1alar el pol\u00edtico y poeta, <strong>Luis Alberto de Cuenca<\/strong>, que escrib\u00eda el pr\u00f3logo pidiendo disculpas pues \u00e9l cuando habla de \u00abculos\u00bb lo hac\u00eda \u201c<strong>en femenino y en guapo, para que mi imaginaci\u00f3n no se atrofie con visiones o pensamientos repelentes\u201d<\/strong>. Me pareci\u00f3 una desconsideraci\u00f3n a esos \u00abculos\u00bb que exhib\u00eda P\u00e9rez Siquier y por eso escrib\u00ed que cuando se mira s\u00f3lo a la derecha y de reojo, adem\u00e1s de tort\u00edcolis, se padece miop\u00eda, pues los prejuicios impiden observar obras de arte que, aunque sean en masculino o en feo, hacen vibrar el alma humana mucho m\u00e1s que los tics exclusivamente publicitarios o comerciales. \u00bfComo despreciar la fotograf\u00eda de <strong>Carlos P\u00e9rez Siquier<\/strong> \u2013ya con sala permanente en el <strong>Museo Casa Ib\u00e1\u00f1ez de Olula del R\u00edo-<\/strong>, pionera de la at\u00f3nita mirada hacia lo desinhibido y desprejuiciado, a\u00fan estando en los c\u00e1nones oficiales de la fealdad? \u00bfPor qu\u00e9 huir de la ligera pluma que se desliza por ese voluptuoso \u2013y ciertamente ancho- desfiladero con que Ralph Gibson, pionero de la fotograf\u00eda moderna, nos complace?. La \u00abatrofia\u00bb y el \u00abrepel\u00fas\u00bb no se comprenden si s\u00f3lo se eval\u00faa el g\u00e9nero del modelo en una obra de arte o se analiza bajo los par\u00e1metros m\u00e1s convencionales. S\u00f3lo si es mediocre o est\u00e1 mal hecha, sea \u00e9sta masculina, femenina o andr\u00f3gina, deber\u00eda motivar nuestro rechazo. Y a\u00fan prescindiendo de <strong>Mapplethorpe<\/strong>, para no caer en el elogio f\u00e1cil y reconocido, \u00bfacaso las fotograf\u00edas de <strong>Catany, Fontcuberta, Klein, Messelas<\/strong> y sobre todo la m\u00e1s impactante de <strong>Ritts<\/strong> no son capaces de conmover al m\u00e1s cori\u00e1ceo de sus observadores? Perd\u00e9rselas por prejuicios educacionales es una l\u00e1stima que empobrece m\u00e1s al cr\u00edtico que a su objeto. El poeta <strong>Jaime Gil de Biedma<\/strong>, paradigma para otros muchos vates, tambi\u00e9n se hubiera asombrado. Hoy es el d\u00eda en que entierran en Almer\u00eda a <strong>Carlos P\u00e9rez Siquier<\/strong> y le ruego me excuse por este improvisado obituario personal sobre su ya hoy leyenda art\u00edstica.<\/p>\n","protected":false},"excerpt":{"rendered":"<p>MANU RAMOS. El reciente fallecimiento del m\u00edtico y original fot\u00f3grafo Carlos P\u00e9rez Siquier (1930-2021) ha originado una oleada de reacciones y necrol\u00f3gicas en el mundo de la cultura en toda Espa\u00f1a. Desde MJD Magazin queremos subrayar dos: el art\u00edculo del periodista y ex director de ABC y Telemadrid, Francisco Gim\u00e9nez Alem\u00e1n, publicado en \u00abLa Voz de Almer\u00eda\u00bb y el obituario personal del escritor y periodista, Federico Utrera en \u00abDiario de Almer\u00eda\u00ab, que ofrecemos a continuaci\u00f3n: \u00abEl Lugarico: P\u00e9rez Siquier y Juan Goytisolo. Un acierto unir la letra de Goytisolo a las im\u00e1genes de belleza tomadas por P\u00e9rez Siquier\u00bb (Francisco Gim\u00e9nez-Alem\u00e1n, 18 septiembre 2021). Dentro de la modestia de su talante,<\/p>\n","protected":false},"author":1,"featured_media":0,"comment_status":"open","ping_status":"open","sticky":false,"template":"","format":"standard","meta":{"footnotes":""},"categories":[17,250],"tags":[110,142,484],"class_list":["post-2388","post","type-post","status-publish","format-standard","hentry","category-biblioteca-hispanica-juan-goytisolo","category-fotografia","tag-carlos-perez-siquier","tag-federico-utrera","tag-francisco-gimenez-aleman"],"views":1233,"_links":{"self":[{"href":"https:\/\/editorialhijosdemuleyrubio.com\/index.php?rest_route=\/wp\/v2\/posts\/2388","targetHints":{"allow":["GET"]}}],"collection":[{"href":"https:\/\/editorialhijosdemuleyrubio.com\/index.php?rest_route=\/wp\/v2\/posts"}],"about":[{"href":"https:\/\/editorialhijosdemuleyrubio.com\/index.php?rest_route=\/wp\/v2\/types\/post"}],"author":[{"embeddable":true,"href":"https:\/\/editorialhijosdemuleyrubio.com\/index.php?rest_route=\/wp\/v2\/users\/1"}],"replies":[{"embeddable":true,"href":"https:\/\/editorialhijosdemuleyrubio.com\/index.php?rest_route=%2Fwp%2Fv2%2Fcomments&post=2388"}],"version-history":[{"count":1,"href":"https:\/\/editorialhijosdemuleyrubio.com\/index.php?rest_route=\/wp\/v2\/posts\/2388\/revisions"}],"predecessor-version":[{"id":2389,"href":"https:\/\/editorialhijosdemuleyrubio.com\/index.php?rest_route=\/wp\/v2\/posts\/2388\/revisions\/2389"}],"wp:attachment":[{"href":"https:\/\/editorialhijosdemuleyrubio.com\/index.php?rest_route=%2Fwp%2Fv2%2Fmedia&parent=2388"}],"wp:term":[{"taxonomy":"category","embeddable":true,"href":"https:\/\/editorialhijosdemuleyrubio.com\/index.php?rest_route=%2Fwp%2Fv2%2Fcategories&post=2388"},{"taxonomy":"post_tag","embeddable":true,"href":"https:\/\/editorialhijosdemuleyrubio.com\/index.php?rest_route=%2Fwp%2Fv2%2Ftags&post=2388"}],"curies":[{"name":"wp","href":"https:\/\/api.w.org\/{rel}","templated":true}]}}