{"id":2399,"date":"2021-10-31T11:26:51","date_gmt":"2021-10-31T10:26:51","guid":{"rendered":"https:\/\/editorialhijosdemuleyrubio.com\/?p=2399"},"modified":"2021-10-31T11:26:51","modified_gmt":"2021-10-31T10:26:51","slug":"antonio-puente-los-anos-y-la-muerte-en-umbral-y-el-interesante-pasaje-del-libro-de-federico-utrera-sobre-los-panero-y-valente","status":"publish","type":"post","link":"https:\/\/editorialhijosdemuleyrubio.com\/?p=2399","title":{"rendered":"Antonio Puente: \u00abLos a\u00f1os y la muerte en Umbral y el interesante pasaje del libro de Federico Utrera sobre los Panero y Valente\u00bb"},"content":{"rendered":"<figure id=\"attachment_188759\" aria-describedby=\"caption-attachment-188759\" style=\"width: 300px\" class=\"wp-caption alignleft\"><a href=\"https:\/\/majadahondamagazin.es\/wp-content\/uploads\/2021\/10\/IMG_2435.jpeg\"><img loading=\"lazy\" decoding=\"async\" class=\"wp-image-188759 size-medium\" src=\"https:\/\/majadahondamagazin.es\/wp-content\/uploads\/2021\/10\/IMG_2435-300x225.jpeg\" alt=\"\" width=\"300\" height=\"225\" \/><\/a><figcaption id=\"caption-attachment-188759\" class=\"wp-caption-text\">Antonio Puente y Francisco Jarauta<\/figcaption><\/figure>\n<p>MANU RAMOS. El poeta, periodista y escritor canario <strong>Antonio Puente<\/strong> (Las Palmas, 1961) <strong><a href=\"https:\/\/majadahondamagazin.es\/federico-utrera-escribe-sobre-antonio-puente-y-francisco-jarauta-en-el-diario-es-vaticinios-del-siglo-xxi-en-el-sol-en-el-suelo-188752\">present\u00f3 este lunes 25 de octubre (2021<\/a>)<\/strong> su libro \u00ab<strong>El Sol en el suelo\u00bb<\/strong> (Ed. Amargord) en la librer\u00eda del <strong>Centro de Arte Moderno de Madrid<\/strong> junto al fil\u00f3sofo <strong>Francisco Jarauta<\/strong> (Zaragoza, 1941). Y durante la velada se produjeron varias alusiones a escritores y periodistas relacionados con Majadahonda (Madrid). La primera de ellas hacia <strong>Francisco Umbral<\/strong>, cuando Puente record\u00f3 su c\u00e9lebre frase: \u00ab<strong>todos cumplimos los mismos a\u00f1os que va cumpliendo el siglo\u00bb<\/strong>. Seg\u00fan esta curiosa teor\u00eda, los nacidos en el siglo XX tendr\u00edan ahora 121 a\u00f1os o 21, seg\u00fan se mire, lo que lleva al escritor canario a se\u00f1alar: \u00abel ingenioso pron\u00f3stico nos sit\u00faa hoy en el dilema de si seguir represent\u00e1ndonos como achacosos ancianos sobrecentenarios, hasta superar ya los 120 a\u00f1os de edad, o como, apenas, teenagers o p\u00faberes igualmente desconcertados\u00bb. El libro, de hecho, se subtitula \u00abCuando el milenio era teenager\u00bb, lo que parece recoger la idea de <strong>Umbral<\/strong>.<!--more--><\/p>\n<figure id=\"attachment_188758\" aria-describedby=\"caption-attachment-188758\" style=\"width: 280px\" class=\"wp-caption alignleft\"><a href=\"https:\/\/majadahondamagazin.es\/wp-content\/uploads\/2021\/10\/839ca136-9a84-427c-b57f-01d21452393e.jpg\"><img loading=\"lazy\" decoding=\"async\" class=\"wp-image-188758\" src=\"https:\/\/majadahondamagazin.es\/wp-content\/uploads\/2021\/10\/839ca136-9a84-427c-b57f-01d21452393e-300x225.jpg\" alt=\"\" width=\"280\" height=\"210\" \/><\/a><figcaption id=\"caption-attachment-188758\" class=\"wp-caption-text\">Antonio Puente y Federico Utrera<\/figcaption><\/figure>\n<p>No es la \u00fanica cita del escritor de <strong>Majadahonda<\/strong>: \u00abVerano es eternidad razonable\u00bb, defini\u00f3 en \u00ab<strong>Mortal y Rosa<\/strong>\u00ab, aludiendo a la estaci\u00f3n donde reina el astro rey, emblema de Canarias y de todos los que viven al Sur, y que tambi\u00e9n da t\u00edtulo al libro. De ah\u00ed pasa a una reflexi\u00f3n sobre la muerte: \u00abSoy agua en una cesta, fardo de lluvia que gotea muerte por todas partes\u00bb, reproduce del narrador de \u00ab<strong>Mortal y Rosa<\/strong>\u00ab, a prop\u00f3sito de esa decadencia vital que supone la vejez temporal o la prematura por la muerte de un hijo. La misma que empuja a <strong>Antonio Puente<\/strong> a defender a <strong>Gald\u00f3s<\/strong> de las fauces de <strong>Valle-Incl\u00e1n<\/strong> cuando le bautiz\u00f3 para la posteridad de sus adversarios como \u00abgarbancero\u00bb, lo mismo que hac\u00eda Umbral, curiosamente otro escritor genial y \u00abcostumbrista\u00bb. No hay peor cu\u00f1a que la misma madera.<\/p>\n<figure id=\"attachment_188761\" aria-describedby=\"caption-attachment-188761\" style=\"width: 300px\" class=\"wp-caption alignleft\"><a href=\"https:\/\/majadahondamagazin.es\/wp-content\/uploads\/2021\/10\/IMG_2440.jpeg\"><img loading=\"lazy\" decoding=\"async\" class=\"wp-image-188761 size-medium\" src=\"https:\/\/majadahondamagazin.es\/wp-content\/uploads\/2021\/10\/IMG_2440-300x225.jpeg\" alt=\"\" width=\"300\" height=\"225\" \/><\/a><figcaption id=\"caption-attachment-188761\" class=\"wp-caption-text\">La soci\u00f3loga Lidia Garc\u00eda y Antonio Puente<\/figcaption><\/figure>\n<p>En la presentaci\u00f3n que tuvo lugar en la conocida librer\u00eda de la calle Galileo, situada en el popular barrio de Chamber\u00ed (Madrid), <strong>Antonio Puente<\/strong> agradeci\u00f3 la presencia del periodista <strong>Federico Utrera<\/strong> y de la soci\u00f3loga <strong>Lidia Garc\u00eda<\/strong>, porque en el libro se habla mucho de periodismo y de sociolog\u00eda. De hecho pretende ser un retrato de su tiempo, para lo cual utiliza las herramientas de ambas disciplinas. A <strong>Utrera<\/strong> le record\u00f3 su pasado como periodista del diario \u00abEl Sol\u00bb, pero no el de <strong>Ortega y Gasset<\/strong> (1.914) que lo har\u00eda hoy algo m\u00e1s que nonagenario, sino al editado m\u00e1s recientemente durante los <em>felices noventa<\/em>, aunque dur\u00f3 exactamente 670 d\u00edas, entre junio de 1990 y marzo de 1992. En la presentaci\u00f3n del libro, el autor mencion\u00f3 este diario a prop\u00f3sito de sus entrevistas con escritores de toda suerte y ralea que han jalonado su propia biograf\u00eda, pensamiento y existencia.<\/p>\n<figure id=\"attachment_188762\" aria-describedby=\"caption-attachment-188762\" style=\"width: 300px\" class=\"wp-caption alignleft\"><a href=\"https:\/\/majadahondamagazin.es\/wp-content\/uploads\/2021\/10\/IMG_2436.jpeg\"><img loading=\"lazy\" decoding=\"async\" class=\"wp-image-188762 size-medium\" src=\"https:\/\/majadahondamagazin.es\/wp-content\/uploads\/2021\/10\/IMG_2436-300x225.jpeg\" alt=\"\" width=\"300\" height=\"225\" \/><\/a><figcaption id=\"caption-attachment-188762\" class=\"wp-caption-text\">El periodista, escritor y editor Federico Utrera con el fil\u00f3sofo Francisco Jarauta<\/figcaption><\/figure>\n<p>Y en el interior del volumen aparece de nuevo <strong>Federico Utrera<\/strong> a prop\u00f3sito de su biograf\u00eda<a href=\"https:\/\/www.bubok.es\/libros\/224628\/Vida-y-Obra-Poeticas-de-los-Panero\"> <strong>\u00abDespu\u00e9s de tantos desencantos: Vida y Obra po\u00e9ticas de los Panero\u00bb<\/strong>,<\/a> al que le dedica el cap\u00edtulo \u00abLos <strong>Panero<\/strong>: la extinci\u00f3n de una saga\u00bb. \u00abEn su libro, el periodista <strong>Federico Utrera<\/strong> dedica un interesante pasaje a abordar la controvertida relaci\u00f3n de <strong>Jos\u00e9 Angel Valente<\/strong> (1929-2000) con los Panero. Iniciada de un modo respetuoso, y a\u00fan elogioso, con <strong>Leopoldo<\/strong> padre y con <strong>Juan Luis<\/strong>, acabar\u00eda como el rosario de la aurora a ra\u00edz del \u00ab<strong>caso Leopoldo Mar\u00eda<\/strong>\u00ab. Y describe entonces los pasajes del libro de Utrera en el que los caminos de todos se enfrentan y entreveran en una de las t\u00edpicas y habituales \u00abri\u00f1as de poetas\u00bb, el famoso \u00ab<em>Genum irritabile vatum\u00bb<\/em> que cantaba <strong>Horacio<\/strong> en la antig\u00fcedad y que <strong>Lope de Vega<\/strong>, <strong>Quevedo o G\u00f3ngora<\/strong> y algo menos <strong>Cervantes<\/strong>, lucieron en nuestro Siglo de Oro, a\u00fareo tambi\u00e9n como el sol del interesante libro de <strong>Antonio Puente<\/strong>. <a href=\"https:\/\/www.ivoox.com\/memorable-presentacion-del-filosofo-francisco-jarauta-del-libro-audios-mp3_rf_77307622_1.html\"><span style=\"color: #ff0000;\"><strong>Escuche la presentaci\u00f3n completa del libro pinchando aqu\u00ed el enlace de Radio MJD.<\/strong><\/span><\/a><\/p>\n","protected":false},"excerpt":{"rendered":"<p>MANU RAMOS. El poeta, periodista y escritor canario Antonio Puente (Las Palmas, 1961) present\u00f3 este lunes 25 de octubre (2021) su libro \u00abEl Sol en el suelo\u00bb (Ed. Amargord) en la librer\u00eda del Centro de Arte Moderno de Madrid junto al fil\u00f3sofo Francisco Jarauta (Zaragoza, 1941). Y durante la velada se produjeron varias alusiones a escritores y periodistas relacionados con Majadahonda (Madrid). La primera de ellas hacia Francisco Umbral, cuando Puente record\u00f3 su c\u00e9lebre frase: \u00abtodos cumplimos los mismos a\u00f1os que va cumpliendo el siglo\u00bb. Seg\u00fan esta curiosa teor\u00eda, los nacidos en el siglo XX tendr\u00edan ahora 121 a\u00f1os o 21, seg\u00fan se mire, lo que lleva al escritor canario<\/p>\n","protected":false},"author":1,"featured_media":0,"comment_status":"open","ping_status":"open","sticky":false,"template":"","format":"standard","meta":{"footnotes":""},"categories":[16],"tags":[485,142,436,71],"class_list":["post-2399","post","type-post","status-publish","format-standard","hentry","category-biblioteca-panero","tag-antonio-puente","tag-federico-utrera","tag-francisco-umbral","tag-panero"],"views":1270,"_links":{"self":[{"href":"https:\/\/editorialhijosdemuleyrubio.com\/index.php?rest_route=\/wp\/v2\/posts\/2399","targetHints":{"allow":["GET"]}}],"collection":[{"href":"https:\/\/editorialhijosdemuleyrubio.com\/index.php?rest_route=\/wp\/v2\/posts"}],"about":[{"href":"https:\/\/editorialhijosdemuleyrubio.com\/index.php?rest_route=\/wp\/v2\/types\/post"}],"author":[{"embeddable":true,"href":"https:\/\/editorialhijosdemuleyrubio.com\/index.php?rest_route=\/wp\/v2\/users\/1"}],"replies":[{"embeddable":true,"href":"https:\/\/editorialhijosdemuleyrubio.com\/index.php?rest_route=%2Fwp%2Fv2%2Fcomments&post=2399"}],"version-history":[{"count":1,"href":"https:\/\/editorialhijosdemuleyrubio.com\/index.php?rest_route=\/wp\/v2\/posts\/2399\/revisions"}],"predecessor-version":[{"id":2400,"href":"https:\/\/editorialhijosdemuleyrubio.com\/index.php?rest_route=\/wp\/v2\/posts\/2399\/revisions\/2400"}],"wp:attachment":[{"href":"https:\/\/editorialhijosdemuleyrubio.com\/index.php?rest_route=%2Fwp%2Fv2%2Fmedia&parent=2399"}],"wp:term":[{"taxonomy":"category","embeddable":true,"href":"https:\/\/editorialhijosdemuleyrubio.com\/index.php?rest_route=%2Fwp%2Fv2%2Fcategories&post=2399"},{"taxonomy":"post_tag","embeddable":true,"href":"https:\/\/editorialhijosdemuleyrubio.com\/index.php?rest_route=%2Fwp%2Fv2%2Ftags&post=2399"}],"curies":[{"name":"wp","href":"https:\/\/api.w.org\/{rel}","templated":true}]}}