{"id":2401,"date":"2021-11-03T12:58:56","date_gmt":"2021-11-03T11:58:56","guid":{"rendered":"https:\/\/editorialhijosdemuleyrubio.com\/?p=2401"},"modified":"2021-11-03T12:58:56","modified_gmt":"2021-11-03T11:58:56","slug":"charlotte-moorman-protagoniza-el-taller-de-videoarte-de-federico-utrera-en-el-festival-de-cine-de-almeria-2021","status":"publish","type":"post","link":"https:\/\/editorialhijosdemuleyrubio.com\/?p=2401","title":{"rendered":"Charlotte Moorman protagoniza el taller de videoarte de Federico Utrera en el Festival de Cine de Almer\u00eda 2021"},"content":{"rendered":"<figure id=\"attachment_189123\" aria-describedby=\"caption-attachment-189123\" style=\"width: 300px\" class=\"wp-caption alignleft\"><a href=\"https:\/\/majadahondamagazin.es\/wp-content\/uploads\/2021\/11\/moorman-1971.jpg\"><img loading=\"lazy\" decoding=\"async\" class=\"wp-image-189123 size-medium\" src=\"https:\/\/majadahondamagazin.es\/wp-content\/uploads\/2021\/11\/moorman-1971-300x209.jpg\" alt=\"\" width=\"300\" height=\"209\" \/><\/a><figcaption id=\"caption-attachment-189123\" class=\"wp-caption-text\">Charlotte Moorman: 30\u00ba aniversario de su fallecimiento y taller de videoarte en Almer\u00eda (22 al 24 de noviembre)<\/figcaption><\/figure>\n<p class=\"p2\">MANU RAMOS. \u00ab<strong>Charlotte Moorman (1933-1991): 30\u00ba Aniversario de un Videoarte musical<\/strong>\u201d es el t\u00edtulo del taller audiovisual que el profesor <strong>Federico Utrera<\/strong> celebra del <strong>22 al 24 de noviembre<\/strong> de 2021 en el Sal\u00f3n de actos del edificio en <strong>Plaza Mar\u00edn<\/strong> de la Diputaci\u00f3n de <strong>Almer\u00eda<\/strong>. Con <strong>20 plazas gratuitas para los alumnos y la exhibici\u00f3n de 30 v\u00eddeos durante 3 d\u00edas,<\/strong> el <strong>Festival Internacional de Cine de Almer\u00eda<\/strong> ha previsto la organizaci\u00f3n de este taller de car\u00e1cter interactivo \u00abcon la finalidad de generar \u00e1mbitos para las manifestaciones audiovisuales alternativas y propiciar espacios de encuentro para la reflexi\u00f3n hist\u00f3rica y est\u00e9tica videogr\u00e1fica. En este taller se analizar\u00e1 la vida y obra de la pionera videoartista <strong>Charlotte Moorman<\/strong>, profundizando sobre su controvertida evoluci\u00f3n art\u00edstica como violonchelista y creadora audiovisual y la interrelaci\u00f3n con otros artistas\u00bb, se\u00f1ala la informaci\u00f3n oficial. El 30\u00ba aniversario del fallecimiento de la chelo norteamericana <strong>Charlotte Moorman<\/strong> (1933-1991) se cumple exactamente el 8 de noviembre y desde la secci\u00f3n de videoarte del Festival Internacional de Cine de Almer\u00eda (FICAL 2021) se podr\u00e1 recordar con su tradicional evento videoart\u00edstico, <strong>cuyo taller cumple tambi\u00e9n 10 a\u00f1os<\/strong>. Con esta iniciativa se pone en valor a una pionera que ha sido objeto de homenajes en <strong>EE.UU, Gran Breta\u00f1a, Alemania o Jap\u00f3n<\/strong>, aunque no sin cierta controversia: \u00abYo la considero una gran videoartista. El videoarte no es solo una pantalla de TV o un video, es toda una vida, una nueva forma de vida. La pantalla de televisi\u00f3n en su cuerpo es literalmente la encarnaci\u00f3n del videoarte en vivo\u00bb dec\u00eda el pionero <strong>Nam June Paik<\/strong>. \u00abLa cr\u00edtica sobre <strong>Charlotte Moorman<\/strong> no ha sido generosa. Debemos considerar con una perspectiva diferente la historia de <strong>Charlotte<\/strong>\u00ab, a\u00f1ad\u00eda el videoartista conceptual italiano <strong>Giuseppe Chiari<\/strong>. \u00ab<strong>Moorman<\/strong> ha sido durante mucho tiempo una figura controvertida para las artistas e historiadoras feministas. \u00bfEra simplemente una c\u00f3mplice voluntaria de las fantas\u00edas masculinas? \u00bfO era <strong>Charlotte Moorman<\/strong> un agente empoderado que desplegaba astutamente su cuerpo (a menudo desnudo o semidesnudo) al servicio de sus propios objetivos art\u00edsticos?\u00bb, sugiere <strong>Jacob Proctor<\/strong>, experto y comisario de videoarte de la <strong>Chicago University<\/strong>.<span class=\"Apple-converted-space\">\u00a0<\/span><\/p>\n<p class=\"p2\"><!--more--><\/p>\n<figure id=\"attachment_189122\" aria-describedby=\"caption-attachment-189122\" style=\"width: 300px\" class=\"wp-caption alignleft\"><a href=\"https:\/\/majadahondamagazin.es\/wp-content\/uploads\/2021\/11\/moorman-1976.jpg\"><img loading=\"lazy\" decoding=\"async\" class=\"wp-image-189122 size-medium\" src=\"https:\/\/majadahondamagazin.es\/wp-content\/uploads\/2021\/11\/moorman-1976-300x204.jpg\" alt=\"\" width=\"300\" height=\"204\" \/><\/a><figcaption id=\"caption-attachment-189122\" class=\"wp-caption-text\">El taller exhibe 30 v\u00eddeos de la polifac\u00e9tica videoartista y chelo norteamericana<\/figcaption><\/figure>\n<p class=\"p2\"><span style=\"color: #0000ff;\"><strong>PROGRAMA<\/strong><\/span>:<span style=\"color: #ff0000;\"><strong> Lunes, 22 de noviembre<\/strong> <\/span>11.00h. Inauguraci\u00f3n. Charlotte Moorman \u00bfvideoartista o chelo?: la cr\u00edtica. Paleobibliograf\u00eda sobre Charlotte Moorman. Infancia y adolescencia. Dos encuentros en Nueva York cambian su vida: <strong>Norman Seaman y Yoko Ono<\/strong>. La creadora de los Festivales de Vanguardia de New York durante 15 ediciones. Expulsada de <strong>Fluxus<\/strong> por interpretar el \u00abOriginale\u00bb de <strong>Stockhausen<\/strong>. 13.00 h. <strong>Jim McWilliams<\/strong>, colaborador habitual. La relaci\u00f3n con <strong>John Cage.<\/strong> 24 Horas en la Galerie Parnass de Wuppertal (Alemania) con <strong>J. Beuys, NJ Paik y W. Vostell<\/strong>. La versi\u00f3n de \u201cEl Cisne\u201d de <strong>Saint Saens<\/strong>. El \u201cCut Piece\u201d de <strong>Yoko Ono<\/strong>. El \u00abMorning Glory\u00bb de <strong>Vostell<\/strong>. El \u00abYoko\u00b4s Bag Piece\u00bb de <strong>Paik<\/strong>. La detenci\u00f3n por la \u201cOpera Sextronique\u201d de \u00ab<strong>la Chelo en Topless<\/strong>\u00bb (1967): la careta de <strong>Pau Casals<\/strong>. <span style=\"color: #ff0000;\"><strong>Martes, 23 de noviembre<\/strong><\/span>. 11.00h. En barco hasta Staten Island. \u00abSky Kiss\u00bb de <strong>Otto Piene<\/strong> en EE.UU. y Australia. \u00abTV Bra for Living Sculpture\u00bb de <strong>Paik<\/strong>. Su boda con <strong>Frank Pileggi<\/strong> y \u00abTV Bed\u201d (1971) de Paik. \u00abTV-Cello\u00bb de Paik. <strong>John Lennon<\/strong> en los festivales de Charlotte Moorman. \u201cIce Chelo\u201d, \u00abWater Chelo\u00bb y \u00abChocolate Chelo\u00bb. El \u00abGlobal Groove\u00bb (1973) de <strong>Paik<\/strong>. Moorman Videoartista (1973): \u201cLive Video Performance\u201d. \u00abFlying Cello\u00bb de <strong>Jim McWilliams.<\/strong> 13.00h. Charlotte Moorman en Espa\u00f1a (1975). Charlotte Moorman en Alemania. \u00abGuadalcanal Requiem\u00bb (1979). El c\u00e1ncer de Charlotte Moorman. En el Centro de Estudios Visuales Avanzados (MIT) y en la Fundaci\u00f3n Boston\/Film V\u00eddeo. \u201cGood Morning, Mr. Orwell\u201d (1984). \u00abBomb Cello\u00bb y \u00abJeringa Shadow Chelo\u00bb (1989). \u201cPromise Piece\u201d (1989). Fallecimiento en Nueva York (1991). <span style=\"color: #ff0000;\"><strong>Mi\u00e9rcoles, 24 de noviembre<\/strong><\/span>. 11.00 h. El Archivo de Charlotte Moorman. La pel\u00edcula de <strong>Nam June Paik \/ Howard Weinberg:<\/strong> \u201cTopless cellist\u201d (1995). Charlotte en \u00abThe Net\u00bb de <strong>Lutz Dammbeck<\/strong> (2003). \u00abWe Miss You\u00bb: A Memorial to Charlotte Moorman\u00bb (<strong>Fred Stern<\/strong>, 2009). \u00abCharlotte Groove\u201d por <strong>Theresa Wong<\/strong> (2013). 13.00h. El libro \u201cTopless cellist\u201d: la improbable vida de Charlotte Moorman\u00bb (<strong>Joan Rothfuss<\/strong>, 2014). La <strong>exposici\u00f3n<\/strong> \u201cUna Fiesta de Asombros\u201d (Universidad de Northwestern, Chicago, 2016). <strong>Shoko Tamei<\/strong>: \u00abCharlotte Moorman Hologram\u00bb (2016). <strong>Paik y Moorman<\/strong> en la Tate (2020).<\/p>\n<figure id=\"attachment_189121\" aria-describedby=\"caption-attachment-189121\" style=\"width: 300px\" class=\"wp-caption alignleft\"><a href=\"https:\/\/majadahondamagazin.es\/wp-content\/uploads\/2021\/11\/Captura-de-pantalla-2021-11-02-a-las-17.44.13.png\"><img loading=\"lazy\" decoding=\"async\" class=\"wp-image-189121 size-medium\" src=\"https:\/\/majadahondamagazin.es\/wp-content\/uploads\/2021\/11\/Captura-de-pantalla-2021-11-02-a-las-17.44.13-300x155.png\" alt=\"\" width=\"300\" height=\"155\" \/><\/a><figcaption id=\"caption-attachment-189121\" class=\"wp-caption-text\">Federico Utrera, doctor en Comunicaci\u00f3n Audiovisual y experto en videoarte, celebra la 10\u00aa edici\u00f3n del taller en el Festival de Cine 2021<\/figcaption><\/figure>\n<p>El profesor que imparte esta d\u00e9cima edici\u00f3n es el <strong>Dr. Federico Utrera<\/strong> (Almer\u00eda, 1963), especialista en <strong>Comunicaci\u00f3n Audiovisual<\/strong> en Next Educaci\u00f3n (IBS). Fue premio extraordinario por su tesis doctoral sobre el Mass Media Art y es autor de la primera biograf\u00eda y cat\u00e1logo razonado sobre el videoartista norteamericano <strong>Bill Viola<\/strong>. Ha participado impartiendo talleres o como jurado en diversos festivales internacionales de cine y videoarte: <strong>Las Palmas de Gran Canaria, Medina del Campo<\/strong> (Valladolid), <strong>T\u00e1nger<\/strong> (Marruecos), <strong>Astorga<\/strong> (Le\u00f3n), etc\u2026 y ha sido invitado y acreditado en diferentes exposiciones de videoarte en museos y centros de arte de todo el mundo: <strong>Instituto Cervantes<\/strong> (Nueva York), <strong>Fundaci\u00f3n Strozzi<\/strong> (Florencia), <strong>Grand Palais<\/strong> (Par\u00eds), <strong>Museo Guggenheim<\/strong> (Nueva York y Bilbao), <strong>Museo de Arte abstracto espa\u00f1ol \/ Fundaci\u00f3n Juan March<\/strong> (Cuenca), etc. <strong>Federico Utrera<\/strong> ha reunido su obra critica en \u201c<a href=\"https:\/\/www.bubok.es\/libros\/224633\/CORDEL-DE-EXTRAVIADOS-ARTE\"><strong>Cordel de Extraviados. Literatura y Arte\u201d,<\/strong> <\/a>prologados por el Conservador del Museo del Prado, <strong>Mat\u00edas D\u00edaz Padr\u00f3n<\/strong> y por el Premio Cervantes, <strong>Juan Goytisolo<\/strong>.<\/p>\n<figure id=\"attachment_121882\" aria-describedby=\"caption-attachment-121882\" style=\"width: 300px\" class=\"wp-caption alignleft\"><a href=\"https:\/\/majadahondamagazin.es\/wp-content\/uploads\/2018\/11\/fical3.jpg\"><img loading=\"lazy\" decoding=\"async\" class=\"wp-image-121882 size-medium\" src=\"https:\/\/majadahondamagazin.es\/wp-content\/uploads\/2018\/11\/fical3-300x221.jpg\" alt=\"\" width=\"300\" height=\"221\" \/><\/a><figcaption id=\"caption-attachment-121882\" class=\"wp-caption-text\">El taller audiovisual interactivo se celebra este a\u00f1o en la sede de la Plaza Mar\u00edn<\/figcaption><\/figure>\n<p class=\"p2\"><span style=\"color: #0000ff;\"><strong>INSCRIPCIONES<\/strong><\/span>. Taller dirigido a titulados y estudiantes de Imagen y Sonido, Fotograf\u00eda, Bellas Artes, Filosof\u00eda, Ciencias de la Informaci\u00f3n, Inform\u00e1tica, Historia del Arte, Filolog\u00eda, Humanidades, Antropolog\u00eda, Sociolog\u00eda y Psicolog\u00eda. Profesionales de la ense\u00f1anza. Realizadores audiovisuales. Periodistas. Aficionados a la cultura audiovisual. <span class=\"s1\"><span style=\"color: #0000ff;\"><strong>MATR\u00cdCULA:<\/strong><\/span> Tendr\u00e1 car\u00e1cter gratuito. Se realizar\u00e1 online <\/span><span class=\"s2\">pulsando el bot\u00f3n <span style=\"color: #0000ff;\"><strong>RESERVA<\/strong><\/span> en este\u00a0<a href=\"https:\/\/www.dipalme.org\/Servicios\/cmsdipro\/index.nsf\/fiestas.xsp?p=cultura&amp;documentId=61D4CAA8B79C8F49C125877D003CB5EC\"><span class=\"s3\">enlace<\/span><\/a><\/span>. El n\u00famero m\u00e1ximo de participantes ser\u00e1 de 20, admitidos por riguroso orden de inscripci\u00f3n. Solamente podr\u00e1n asistir al curso las personas que hayan recibido la confirmaci\u00f3n de su inscripci\u00f3n. Y obligatoriamente tendr\u00e1n que llevar mascarilla. En caso de no asistencia al curso, tras haber recibido la confirmaci\u00f3n de la inscripci\u00f3n, se tendr\u00e1 que justificar para poder ser admitido en otros cursos o talleres organizados por el <strong>Departamento de Artes Audiovisuales de la Diputaci\u00f3n de Almer\u00eda<\/strong> durante los a\u00f1os 2021 y 2022. El m\u00e1ximo de alumnos que podr\u00e1n matricularse ser\u00e1 de 20. Fin del plazo de matr\u00edcula: 15 de noviembre de 2021 o hasta que se cubran las plazas. Habr\u00e1 opci\u00f3n de registrarse en una lista de espera. Derechos de la inscripci\u00f3n: Los inscritos tendr\u00e1n derecho a un diploma de asistencia de 9 horas lectivas, que corresponde a la totalidad del curso. Para ello, tendr\u00e1n que acreditar su asistencia mediante un control presencial que se realizar\u00e1 a tal efecto por t\u00e9cnicos del \u00c1rea de Cultura y Cine.<\/p>\n","protected":false},"excerpt":{"rendered":"<p>MANU RAMOS. \u00abCharlotte Moorman (1933-1991): 30\u00ba Aniversario de un Videoarte musical\u201d es el t\u00edtulo del taller audiovisual que el profesor Federico Utrera celebra del 22 al 24 de noviembre de 2021 en el Sal\u00f3n de actos del edificio en Plaza Mar\u00edn de la Diputaci\u00f3n de Almer\u00eda. Con 20 plazas gratuitas para los alumnos y la exhibici\u00f3n de 30 v\u00eddeos durante 3 d\u00edas, el Festival Internacional de Cine de Almer\u00eda ha previsto la organizaci\u00f3n de este taller de car\u00e1cter interactivo \u00abcon la finalidad de generar \u00e1mbitos para las manifestaciones audiovisuales alternativas y propiciar espacios de encuentro para la reflexi\u00f3n hist\u00f3rica y est\u00e9tica videogr\u00e1fica. En este taller se analizar\u00e1 la vida y<\/p>\n","protected":false},"author":1,"featured_media":0,"comment_status":"open","ping_status":"open","sticky":false,"template":"","format":"standard","meta":{"footnotes":""},"categories":[32],"tags":[486,142,477,45],"class_list":["post-2401","post","type-post","status-publish","format-standard","hentry","category-videoarte","tag-charlotte-moorman","tag-federico-utrera","tag-festival-internacional-de-cine-de-almeria","tag-videoarte-2"],"views":1308,"_links":{"self":[{"href":"https:\/\/editorialhijosdemuleyrubio.com\/index.php?rest_route=\/wp\/v2\/posts\/2401","targetHints":{"allow":["GET"]}}],"collection":[{"href":"https:\/\/editorialhijosdemuleyrubio.com\/index.php?rest_route=\/wp\/v2\/posts"}],"about":[{"href":"https:\/\/editorialhijosdemuleyrubio.com\/index.php?rest_route=\/wp\/v2\/types\/post"}],"author":[{"embeddable":true,"href":"https:\/\/editorialhijosdemuleyrubio.com\/index.php?rest_route=\/wp\/v2\/users\/1"}],"replies":[{"embeddable":true,"href":"https:\/\/editorialhijosdemuleyrubio.com\/index.php?rest_route=%2Fwp%2Fv2%2Fcomments&post=2401"}],"version-history":[{"count":1,"href":"https:\/\/editorialhijosdemuleyrubio.com\/index.php?rest_route=\/wp\/v2\/posts\/2401\/revisions"}],"predecessor-version":[{"id":2402,"href":"https:\/\/editorialhijosdemuleyrubio.com\/index.php?rest_route=\/wp\/v2\/posts\/2401\/revisions\/2402"}],"wp:attachment":[{"href":"https:\/\/editorialhijosdemuleyrubio.com\/index.php?rest_route=%2Fwp%2Fv2%2Fmedia&parent=2401"}],"wp:term":[{"taxonomy":"category","embeddable":true,"href":"https:\/\/editorialhijosdemuleyrubio.com\/index.php?rest_route=%2Fwp%2Fv2%2Fcategories&post=2401"},{"taxonomy":"post_tag","embeddable":true,"href":"https:\/\/editorialhijosdemuleyrubio.com\/index.php?rest_route=%2Fwp%2Fv2%2Ftags&post=2401"}],"curies":[{"name":"wp","href":"https:\/\/api.w.org\/{rel}","templated":true}]}}