{"id":2407,"date":"2021-11-24T20:09:10","date_gmt":"2021-11-24T19:09:10","guid":{"rendered":"https:\/\/editorialhijosdemuleyrubio.com\/?p=2407"},"modified":"2021-11-24T20:09:10","modified_gmt":"2021-11-24T19:09:10","slug":"el-taller-de-videoarte-del-profesor-federico-utrera-cumple-10-anos-en-el-festival-de-cine-de-almeria-charlotte-moorman-protagonista","status":"publish","type":"post","link":"https:\/\/editorialhijosdemuleyrubio.com\/?p=2407","title":{"rendered":"El taller de videoarte del profesor Federico Utrera cumple 10 a\u00f1os en el Festival de Cine de Almer\u00eda: Charlotte Moorman, protagonista"},"content":{"rendered":"<figure id=\"attachment_190229\" aria-describedby=\"caption-attachment-190229\" style=\"width: 300px\" class=\"wp-caption alignleft\"><a href=\"https:\/\/majadahondamagazin.es\/wp-content\/uploads\/2021\/11\/add2ceb3-80e8-4479-9c27-67972bed30c0.jpg\"><img loading=\"lazy\" decoding=\"async\" class=\"wp-image-190229 size-medium\" src=\"https:\/\/majadahondamagazin.es\/wp-content\/uploads\/2021\/11\/add2ceb3-80e8-4479-9c27-67972bed30c0-300x225.jpg\" alt=\"\" width=\"300\" height=\"225\" \/><\/a><figcaption id=\"caption-attachment-190229\" class=\"wp-caption-text\">Sesi\u00f3n inaugural del taller de videoarte de Federico Utrera sobre Charlotte Moorman<\/figcaption><\/figure>\n<p class=\"p1\">LIDIA GARCIA. \u00abEl taller de videoarte de FICAL cumple diez a\u00f1os analizando la figura de <strong>Charlotte Moorman<\/strong>\u00ab, titula la nota de prensa<span class=\"Apple-converted-space\">\u00a0 <\/span>del Festival Internacional de Cine de Almer\u00eda, que refleja como el diputado de Cultura y Cine, <strong>Manuel Guzm\u00e1n<\/strong>, y el director de FICAL, <strong>Enrique Iznaola<\/strong>, han asistido a la inauguraci\u00f3n del curso que imparte el profesor Federico Utrera (Almer\u00eda, 1963), residente en Majadahonda (Madrid). \u00abEl Festival Internacional de Cine de Almer\u00eda es tambi\u00e9n una ventana a la formaci\u00f3n continua de aquellas personas que conforman la industria audiovisual de toda la provincia. Por eso, adem\u00e1s de los estrenos, proyecciones y cinta a concurso, tambi\u00e9n hay una amplia programaci\u00f3n de mesas de debate, clases magistrales, cursos y talleres como el m\u00e1s que consolidado de videoarte que se ha inaugurado este lunes 21 de noviembre (2021) cumpliendo su d\u00e9cima edici\u00f3n, impartido como siempre por el profesor y doctor en Comunicaci\u00f3n Audiovisual, <strong>Federico Utrera<\/strong>\u00ab.<!--more--><\/p>\n<p><a href=\"https:\/\/majadahondamagazin.es\/wp-content\/uploads\/2021\/11\/IMG_3172.jpeg\"><img loading=\"lazy\" decoding=\"async\" class=\"wp-image-190233 alignleft\" src=\"https:\/\/majadahondamagazin.es\/wp-content\/uploads\/2021\/11\/IMG_3172-e1637735739710-209x300.jpeg?_t=1637735743\" alt=\"\" width=\"208\" height=\"298\" \/><\/a><\/p>\n<p class=\"p1\">El comunicado a\u00f1ade que \u00abtras sus anteriores monograf\u00edas sobre el <strong>Mass Media Art, Nam June Paik (Corea), Wolf Vostell (Alemania), Yoko Ono (Jap\u00f3n), Bill Viola (EE.UU) o Fernando Arrabal (Espa\u00f1a)<\/strong>, en esta ocasi\u00f3n el foco se centra en la creadora norteamericana Charlotte Moorman. El diputado de Cultura y Cine, <strong>Manuel Guzm\u00e1n<\/strong>, y el director de FICAL, Enrique Iznaola, han asistido a la inauguraci\u00f3n del taller para dar la bienvenida a la veintena de alumnos inscritos. <strong>Guzm\u00e1n<\/strong> ha se\u00f1alado que \u201cel Festival no tendr\u00eda sentido sin la parte formativa, ofrecer a la industria audiovisual almeriense contenidos que les interesan y que les ayude a seguir creciendo y form\u00e1ndose\u201d. En la misma sinton\u00eda, Iznaola ha recordado que \u201ceste taller ya estaba antes de que yo llegara y aqu\u00ed seguir\u00e1 porque todos los a\u00f1os agota todas las plazas gracias a la calidad de un docente como <strong>Federico Utrera<\/strong>\u201d. Tambi\u00e9n ha recordado que en los pr\u00f3ximos d\u00edas tambi\u00e9n se podr\u00e1 abordar aspectos relacionados con el sonido, el gui\u00f3n o la producci\u00f3n de rodajes y series. Por su parte, <strong>Federico Utrera<\/strong> ha agradecido \u201cque se siga apostando por este taller de videoarte, una disciplina que siempre he dicho que es al cine lo que la poes\u00eda a la novela y que todos los a\u00f1os haya tantos alumnos interesados por esa narrativa visual y la imagen es prueba de que se ha cultivado bien y que desde FICAL han tenido una gran sensibilidad con ello\u201d.<\/p>\n<figure id=\"attachment_190232\" aria-describedby=\"caption-attachment-190232\" style=\"width: 300px\" class=\"wp-caption alignleft\"><a href=\"https:\/\/majadahondamagazin.es\/wp-content\/uploads\/2021\/11\/IMG_3171.jpeg\"><img loading=\"lazy\" decoding=\"async\" class=\"wp-image-190232 size-medium\" src=\"https:\/\/majadahondamagazin.es\/wp-content\/uploads\/2021\/11\/IMG_3171-300x236.jpeg\" alt=\"\" width=\"300\" height=\"236\" \/><\/a><figcaption id=\"caption-attachment-190232\" class=\"wp-caption-text\">Rese\u00f1a del taller en <a href=\"https:\/\/www.lavozdealmeria.com\/noticia\/262\/especial-festival-de-cine-de-almeria\/226198\/el-taller-de-videoarte-cumple-10-anos-analizando-la-figura-de-charlotte-moorman\">La Voz de Almer\u00eda<\/a><\/figcaption><\/figure>\n<p class=\"p1\"><strong>Utrera<\/strong> ha recordado que \u201cmuchas de las nuevas t\u00e9cnicas o lenguajes visuales que llegan al cine o a la televisi\u00f3n tienen mucho que ver con tendencias experimentales que se han realizado antes en el videoarte, que tambi\u00e9n tiene mucho que ver con la m\u00fasica\u201d. Sobre la protagonista de este a\u00f1o, <strong>Charlotte Moorman<\/strong>, el profesor del taller ha indicado que \u201cpodr\u00edamos haber hablado de ella antes pero tambi\u00e9n es cierto que llevo varios a\u00f1os investigando sobre su figura. Es una mujer con una historia videoart\u00edstica muy profunda y con una biograf\u00eda que rompe con los moldes del videoarte en particular y del arte en general\u201d. Durante el taller se proyectar\u00e1n 30 de sus trabajos y su \u00fanica pel\u00edcula. <span style=\"color: #ff0000;\"><strong>Sobre Charlotte Moorman:<\/strong><\/span> El 30\u00ba aniversario del fallecimiento de la polifac\u00e9tica videoartista y chelo norteamericana <strong>Charlotte Moorman<\/strong> (1933-1991) desde la secci\u00f3n de videoarte del Festival Internacional de Cine de Almer\u00eda (FICAL 2021) se puede recordar con su tradicional evento videoart\u00edstico, cuyo taller cumple tambi\u00e9n 10 a\u00f1os.<\/p>\n<figure id=\"attachment_190234\" aria-describedby=\"caption-attachment-190234\" style=\"width: 224px\" class=\"wp-caption alignleft\"><a href=\"https:\/\/majadahondamagazin.es\/wp-content\/uploads\/2021\/11\/IMG_3173.jpeg\"><img loading=\"lazy\" decoding=\"async\" class=\"wp-image-190234 size-medium\" src=\"https:\/\/majadahondamagazin.es\/wp-content\/uploads\/2021\/11\/IMG_3173-224x300.jpeg\" alt=\"\" width=\"224\" height=\"300\" \/><\/a><figcaption id=\"caption-attachment-190234\" class=\"wp-caption-text\">Rese\u00f1a en \u00ab<a href=\"https:\/\/www.diariodealmeria.es\/ocio\/videoarte-FICAL-analizando-Charlotte-Moorman_0_1631538382.html\">Diario de Almer\u00eda\u00bb<\/a><\/figcaption><\/figure>\n<p class=\"p1\">Con este taller se recuerda a una pionera que ha sido objeto de homenajes en <strong>Estados Unidos, Gran Breta\u00f1a, Alemania o Jap\u00f3n<\/strong>, aunque no sin cierta controversia: \u201c<strong>Moorman<\/strong> ha sido durante mucho tiempo una figura controvertida para las artistas e historiadoras feministas. \u00bfEra simplemente una c\u00f3mplice voluntaria de las fantas\u00edas masculinas? \u00bfO un agente empoderado que desplegaba astutamente su cuerpo (a menudo desnudo) al servicio de sus propios objetivos art\u00edsticos?\u201d, sugiere <strong>Jacob Proctor<\/strong>, experto y comisario de videoarte de la <strong>Chicago University<\/strong>, concluye la nota. \u00abYo la considero una gran videoartista. El videoarte no es solo una pantalla de TV o un video, es toda una vida, una nueva forma de vida. La pantalla de televisi\u00f3n en su cuerpo es literalmente la encarnaci\u00f3n del videoarte en vivo\u00bb dec\u00eda el pionero <strong>Nam June Paik<\/strong>. \u00abLa cr\u00edtica sobre <strong>Charlotte Moorman<\/strong> no ha sido generosa. Debemos considerar con una perspectiva diferente la historia de <strong>Charlotte<\/strong>\u00ab, a\u00f1ad\u00eda el videoartista conceptual italiano <strong>Giuseppe Chiari<\/strong>.<\/p>\n<p><a href=\"https:\/\/majadahondamagazin.es\/wp-content\/uploads\/2021\/11\/IMG_3175.jpeg\"><img loading=\"lazy\" decoding=\"async\" class=\"alignleft size-medium wp-image-190236\" src=\"https:\/\/majadahondamagazin.es\/wp-content\/uploads\/2021\/11\/IMG_3175-230x300.jpeg\" alt=\"\" width=\"230\" height=\"300\" \/><\/a> <a href=\"https:\/\/majadahondamagazin.es\/wp-content\/uploads\/2021\/11\/IMG_3174.jpeg\"><img loading=\"lazy\" decoding=\"async\" class=\"alignleft size-medium wp-image-190235\" src=\"https:\/\/majadahondamagazin.es\/wp-content\/uploads\/2021\/11\/IMG_3174-266x300.jpeg\" alt=\"\" width=\"266\" height=\"300\" \/><\/a> <a href=\"https:\/\/majadahondamagazin.es\/wp-content\/uploads\/2021\/11\/cf4f3a30-cde0-41af-b7fd-6219143728b1.jpg\"><img loading=\"lazy\" decoding=\"async\" class=\"alignleft size-medium wp-image-190231\" src=\"https:\/\/majadahondamagazin.es\/wp-content\/uploads\/2021\/11\/cf4f3a30-cde0-41af-b7fd-6219143728b1-225x300.jpg\" alt=\"\" width=\"225\" height=\"300\" \/><\/a> <a href=\"https:\/\/majadahondamagazin.es\/wp-content\/uploads\/2021\/11\/c76551a4-471f-4dcc-a031-95e5a6fc42ec.jpg\"><img loading=\"lazy\" decoding=\"async\" class=\"alignleft size-medium wp-image-190230\" src=\"https:\/\/majadahondamagazin.es\/wp-content\/uploads\/2021\/11\/c76551a4-471f-4dcc-a031-95e5a6fc42ec-300x225.jpg\" alt=\"\" width=\"300\" height=\"225\" \/><\/a> <a href=\"https:\/\/majadahondamagazin.es\/wp-content\/uploads\/2021\/11\/aae9f276-cc44-47bb-b2c8-bddad3706f2b.jpg\"><img loading=\"lazy\" decoding=\"async\" class=\"alignleft size-medium wp-image-190228\" src=\"https:\/\/majadahondamagazin.es\/wp-content\/uploads\/2021\/11\/aae9f276-cc44-47bb-b2c8-bddad3706f2b-300x153.jpg\" alt=\"\" width=\"300\" height=\"153\" \/><\/a> <a href=\"https:\/\/majadahondamagazin.es\/wp-content\/uploads\/2021\/11\/87024cdf-fc2b-4b32-b53b-fe4533098037.jpg\"><img loading=\"lazy\" decoding=\"async\" class=\"alignleft size-medium wp-image-190227\" src=\"https:\/\/majadahondamagazin.es\/wp-content\/uploads\/2021\/11\/87024cdf-fc2b-4b32-b53b-fe4533098037-300x225.jpg\" alt=\"\" width=\"300\" height=\"225\" \/><\/a> <a href=\"https:\/\/majadahondamagazin.es\/wp-content\/uploads\/2021\/11\/42df7cb5-8996-486f-af32-524e70915c30.jpg\"><img loading=\"lazy\" decoding=\"async\" class=\"alignleft size-medium wp-image-190225\" src=\"https:\/\/majadahondamagazin.es\/wp-content\/uploads\/2021\/11\/42df7cb5-8996-486f-af32-524e70915c30-225x300.jpg\" alt=\"\" width=\"225\" height=\"300\" \/><\/a><\/p>\n","protected":false},"excerpt":{"rendered":"<p>LIDIA GARCIA. \u00abEl taller de videoarte de FICAL cumple diez a\u00f1os analizando la figura de Charlotte Moorman\u00ab, titula la nota de prensa\u00a0 del Festival Internacional de Cine de Almer\u00eda, que refleja como el diputado de Cultura y Cine, Manuel Guzm\u00e1n, y el director de FICAL, Enrique Iznaola, han asistido a la inauguraci\u00f3n del curso que imparte el profesor Federico Utrera (Almer\u00eda, 1963), residente en Majadahonda (Madrid). \u00abEl Festival Internacional de Cine de Almer\u00eda es tambi\u00e9n una ventana a la formaci\u00f3n continua de aquellas personas que conforman la industria audiovisual de toda la provincia. Por eso, adem\u00e1s de los estrenos, proyecciones y cinta a concurso, tambi\u00e9n hay una amplia programaci\u00f3n de<\/p>\n","protected":false},"author":1,"featured_media":0,"comment_status":"open","ping_status":"open","sticky":false,"template":"","format":"standard","meta":{"footnotes":""},"categories":[32],"tags":[486,142,477,45],"class_list":["post-2407","post","type-post","status-publish","format-standard","hentry","category-videoarte","tag-charlotte-moorman","tag-federico-utrera","tag-festival-internacional-de-cine-de-almeria","tag-videoarte-2"],"views":1215,"_links":{"self":[{"href":"https:\/\/editorialhijosdemuleyrubio.com\/index.php?rest_route=\/wp\/v2\/posts\/2407","targetHints":{"allow":["GET"]}}],"collection":[{"href":"https:\/\/editorialhijosdemuleyrubio.com\/index.php?rest_route=\/wp\/v2\/posts"}],"about":[{"href":"https:\/\/editorialhijosdemuleyrubio.com\/index.php?rest_route=\/wp\/v2\/types\/post"}],"author":[{"embeddable":true,"href":"https:\/\/editorialhijosdemuleyrubio.com\/index.php?rest_route=\/wp\/v2\/users\/1"}],"replies":[{"embeddable":true,"href":"https:\/\/editorialhijosdemuleyrubio.com\/index.php?rest_route=%2Fwp%2Fv2%2Fcomments&post=2407"}],"version-history":[{"count":1,"href":"https:\/\/editorialhijosdemuleyrubio.com\/index.php?rest_route=\/wp\/v2\/posts\/2407\/revisions"}],"predecessor-version":[{"id":2408,"href":"https:\/\/editorialhijosdemuleyrubio.com\/index.php?rest_route=\/wp\/v2\/posts\/2407\/revisions\/2408"}],"wp:attachment":[{"href":"https:\/\/editorialhijosdemuleyrubio.com\/index.php?rest_route=%2Fwp%2Fv2%2Fmedia&parent=2407"}],"wp:term":[{"taxonomy":"category","embeddable":true,"href":"https:\/\/editorialhijosdemuleyrubio.com\/index.php?rest_route=%2Fwp%2Fv2%2Fcategories&post=2407"},{"taxonomy":"post_tag","embeddable":true,"href":"https:\/\/editorialhijosdemuleyrubio.com\/index.php?rest_route=%2Fwp%2Fv2%2Ftags&post=2407"}],"curies":[{"name":"wp","href":"https:\/\/api.w.org\/{rel}","templated":true}]}}